{"id":383698,"date":"2022-03-13T18:00:13","date_gmt":"2022-03-13T17:00:13","guid":{"rendered":"http:\/\/kapitalis.com\/tunisie\/?p=383698"},"modified":"2022-03-13T18:02:53","modified_gmt":"2022-03-13T17:02:53","slug":"tunisie-palmares-du-festival-international-du-film-des-droits-de-lhomme","status":"publish","type":"post","link":"https:\/\/kapitalis.com\/tunisie\/2022\/03\/13\/tunisie-palmares-du-festival-international-du-film-des-droits-de-lhomme\/","title":{"rendered":"Tunisie : Palmar\u00e8s du Festival international du Film des Droits de l&rsquo;Homme"},"content":{"rendered":"\n<div class=\"wp-block-image\"><figure class=\"aligncenter size-full\"><img decoding=\"async\" src=\"http:\/\/kapitalis.com\/tunisie\/wp-content\/uploads\/2022\/03\/Untitled-2-4.jpg\" alt=\"\" class=\"wp-image-383699\"\/><\/figure><\/div>\n\n\n\n<p><em><strong>La 7<sup>e<\/sup> \u00e9dition du Festival international du Film des Droits de l\u2019Homme (Human Screen Festival) s\u2019est cl\u00f4tur\u00e9e hier soir, samedi 12 mars \u00e0 la salle le Rio. Quatre films ont \u00e9t\u00e9 prim\u00e9s cette ann\u00e9e dont le court-m\u00e9trage tunisien \u00ab\u00a0Salwa\u00a0\u00bb d\u2019Ines Ben Othman.<\/strong><\/em><\/p>\n\n\n\n<!--more-->\n\n\n\n<p>Le Human Screen Festival s\u2019est d\u00e9roul\u00e9 du 8 au 12 mars \u00e0 Tunis et dans diff\u00e9rentes r\u00e9gions pays. Une initiative de l\u2019association culturelle Actif qui a choisi de placer la programmation de cette ann\u00e9e sous le th\u00e8me des droits des femmes et des personnes marginalis\u00e9es.<\/p>\n\n\n\n<p>Apr\u00e8s une semaine intense en projections, en d\u00e9bats, en rencontres et en hommages, le festival s\u2019est cl\u00f4tur\u00e9 hier soir avec la c\u00e9r\u00e9monie de remise des prix o\u00f9 quatre films dont un tunisien ont \u00e9t\u00e9 prim\u00e9s.<\/p>\n\n\n\n<h3 class=\"wp-block-heading\">Le palmar\u00e8s&nbsp;:<\/h3>\n\n\n\n<ul class=\"wp-block-list\"><li>Meilleur court-m\u00e9trage documentaire\u00a0: \u00ab\u00a0Letter to Shaheen Bagh\u00a0\u00bb (Grande- Bretagne)\u00a0;<\/li><li>Meilleur long-m\u00e9trage documentaire\u00a0: \u00ab\u00a0Incomplete sentences\u00a0\u00bb (Turquie)\u00a0;<\/li><li>Meilleur court-m\u00e9trage de fiction\u00a0: \u00ab\u00a0Salwa\u00a0\u00bb (Tunisie)\u00a0;<\/li><li>Meilleur long-m\u00e9trage de fiction\u00a0: \u00ab\u00a0Trapped\u00a0\u00bb (Egypte)\u00a0;<\/li><li>Prix Actif\u00a0: \u00ab\u00a0Salwa\u00a0\u00bb d\u2019Ines Ben Othman (Tunisie).<\/li><\/ul>\n\n\n\n<p class=\"has-text-align-right\">F.B<\/p>\n","protected":false},"excerpt":{"rendered":"<p>La 7e \u00e9dition du Festival international du Film des Droits de l\u2019Homme (Human Screen Festival) s\u2019est cl\u00f4tur\u00e9e hier soir, samedi 12 mars \u00e0 la salle le Rio. Quatre films ont \u00e9t\u00e9 prim\u00e9s cette ann\u00e9e dont le court-m\u00e9trage tunisien \u00ab\u00a0Salwa\u00a0\u00bb d\u2019Ines Ben Othman.<\/p>\n","protected":false},"author":26,"featured_media":383699,"comment_status":"open","ping_status":"open","sticky":false,"template":"","format":"standard","meta":{"footnotes":""},"categories":[994,2433],"tags":[76004,97714,97713,97302,62643],"class_list":["post-383698","post","type-post","status-publish","format-standard","has-post-thumbnail","hentry","category-culture","category-tunisie","tag-cinema-engage","tag-festival-du-film-des-droits-de-lhomme","tag-human-screen-festival-2022","tag-ines-ben-othman","tag-tunisie"],"yoast_head":"<!-- This site is optimized with the Yoast SEO plugin v26.6 - https:\/\/yoast.com\/wordpress\/plugins\/seo\/ -->\n<title>Tunisie : Palmar\u00e8s du Festival international du Film des Droits de l&#039;Homme - Kapitalis<\/title>\n<meta name=\"robots\" content=\"index, follow, max-snippet:-1, max-image-preview:large, max-video-preview:-1\" \/>\n<link rel=\"canonical\" href=\"https:\/\/kapitalis.com\/tunisie\/2022\/03\/13\/tunisie-palmares-du-festival-international-du-film-des-droits-de-lhomme\/\" \/>\n<meta property=\"og:locale\" content=\"fr_FR\" \/>\n<meta property=\"og:type\" content=\"article\" \/>\n<meta property=\"og:title\" content=\"Tunisie : Palmar\u00e8s du Festival international du Film des Droits de l&#039;Homme - Kapitalis\" \/>\n<meta property=\"og:description\" content=\"La 7e \u00e9dition du Festival international du Film des Droits de l\u2019Homme (Human Screen Festival) s\u2019est cl\u00f4tur\u00e9e hier soir, samedi 12 mars \u00e0 la salle le Rio. Quatre films ont \u00e9t\u00e9 prim\u00e9s cette ann\u00e9e dont le court-m\u00e9trage tunisien \u00ab\u00a0Salwa\u00a0\u00bb d\u2019Ines Ben Othman.\" \/>\n<meta property=\"og:url\" content=\"https:\/\/kapitalis.com\/tunisie\/2022\/03\/13\/tunisie-palmares-du-festival-international-du-film-des-droits-de-lhomme\/\" \/>\n<meta property=\"og:site_name\" content=\"Kapitalis\" \/>\n<meta property=\"article:publisher\" content=\"https:\/\/www.facebook.com\/KapitalisInfo\/\" \/>\n<meta property=\"article:published_time\" content=\"2022-03-13T17:00:13+00:00\" \/>\n<meta property=\"article:modified_time\" content=\"2022-03-13T17:02:53+00:00\" \/>\n<meta property=\"og:image\" content=\"https:\/\/kapitalis.com\/tunisie\/wp-content\/uploads\/2022\/05\/kapitalis-logo-fb.png\" \/>\n\t<meta property=\"og:image:width\" content=\"1200\" \/>\n\t<meta property=\"og:image:height\" content=\"630\" \/>\n\t<meta property=\"og:image:type\" content=\"image\/png\" \/>\n<meta name=\"author\" content=\"Fawz BenAli\" \/>\n<meta name=\"twitter:card\" content=\"summary_large_image\" \/>\n<meta name=\"twitter:creator\" content=\"@KapitalisInfo\" \/>\n<meta name=\"twitter:site\" content=\"@KapitalisInfo\" \/>\n<meta name=\"twitter:label1\" content=\"\u00c9crit par\" \/>\n\t<meta name=\"twitter:data1\" content=\"Fawz BenAli\" \/>\n\t<meta name=\"twitter:label2\" content=\"Dur\u00e9e de lecture estim\u00e9e\" \/>\n\t<meta name=\"twitter:data2\" content=\"1 minute\" \/>\n<script type=\"application\/ld+json\" class=\"yoast-schema-graph\">{\"@context\":\"https:\/\/schema.org\",\"@graph\":[{\"@type\":\"Article\",\"@id\":\"https:\/\/kapitalis.com\/tunisie\/2022\/03\/13\/tunisie-palmares-du-festival-international-du-film-des-droits-de-lhomme\/#article\",\"isPartOf\":{\"@id\":\"https:\/\/kapitalis.com\/tunisie\/2022\/03\/13\/tunisie-palmares-du-festival-international-du-film-des-droits-de-lhomme\/\"},\"author\":{\"name\":\"Fawz BenAli\",\"@id\":\"https:\/\/kapitalis.com\/tunisie\/#\/schema\/person\/73a5ecc1f6ae540c6ed91342eadca948\"},\"headline\":\"Tunisie : Palmar\u00e8s du Festival international du Film des Droits de l&rsquo;Homme\",\"datePublished\":\"2022-03-13T17:00:13+00:00\",\"dateModified\":\"2022-03-13T17:02:53+00:00\",\"mainEntityOfPage\":{\"@id\":\"https:\/\/kapitalis.com\/tunisie\/2022\/03\/13\/tunisie-palmares-du-festival-international-du-film-des-droits-de-lhomme\/\"},\"wordCount\":197,\"commentCount\":0,\"publisher\":{\"@id\":\"https:\/\/kapitalis.com\/tunisie\/#organization\"},\"image\":{\"@id\":\"https:\/\/kapitalis.com\/tunisie\/2022\/03\/13\/tunisie-palmares-du-festival-international-du-film-des-droits-de-lhomme\/#primaryimage\"},\"thumbnailUrl\":\"\",\"keywords\":[\"cin\u00e9ma engag\u00e9\",\"Festival du Film des Droits de l&#039;Homme\",\"Human Screen Festival 2022\",\"Ines Ben Othman\",\"Tunisie\"],\"articleSection\":[\"CULTURE\",\"Tunisie\"],\"inLanguage\":\"fr-FR\",\"potentialAction\":[{\"@type\":\"CommentAction\",\"name\":\"Comment\",\"target\":[\"https:\/\/kapitalis.com\/tunisie\/2022\/03\/13\/tunisie-palmares-du-festival-international-du-film-des-droits-de-lhomme\/#respond\"]}]},{\"@type\":\"WebPage\",\"@id\":\"https:\/\/kapitalis.com\/tunisie\/2022\/03\/13\/tunisie-palmares-du-festival-international-du-film-des-droits-de-lhomme\/\",\"url\":\"https:\/\/kapitalis.com\/tunisie\/2022\/03\/13\/tunisie-palmares-du-festival-international-du-film-des-droits-de-lhomme\/\",\"name\":\"Tunisie : Palmar\u00e8s du Festival international du Film des Droits de l'Homme - Kapitalis\",\"isPartOf\":{\"@id\":\"https:\/\/kapitalis.com\/tunisie\/#website\"},\"primaryImageOfPage\":{\"@id\":\"https:\/\/kapitalis.com\/tunisie\/2022\/03\/13\/tunisie-palmares-du-festival-international-du-film-des-droits-de-lhomme\/#primaryimage\"},\"image\":{\"@id\":\"https:\/\/kapitalis.com\/tunisie\/2022\/03\/13\/tunisie-palmares-du-festival-international-du-film-des-droits-de-lhomme\/#primaryimage\"},\"thumbnailUrl\":\"\",\"datePublished\":\"2022-03-13T17:00:13+00:00\",\"dateModified\":\"2022-03-13T17:02:53+00:00\",\"breadcrumb\":{\"@id\":\"https:\/\/kapitalis.com\/tunisie\/2022\/03\/13\/tunisie-palmares-du-festival-international-du-film-des-droits-de-lhomme\/#breadcrumb\"},\"inLanguage\":\"fr-FR\",\"potentialAction\":[{\"@type\":\"ReadAction\",\"target\":[\"https:\/\/kapitalis.com\/tunisie\/2022\/03\/13\/tunisie-palmares-du-festival-international-du-film-des-droits-de-lhomme\/\"]}]},{\"@type\":\"ImageObject\",\"inLanguage\":\"fr-FR\",\"@id\":\"https:\/\/kapitalis.com\/tunisie\/2022\/03\/13\/tunisie-palmares-du-festival-international-du-film-des-droits-de-lhomme\/#primaryimage\",\"url\":\"\",\"contentUrl\":\"\"},{\"@type\":\"BreadcrumbList\",\"@id\":\"https:\/\/kapitalis.com\/tunisie\/2022\/03\/13\/tunisie-palmares-du-festival-international-du-film-des-droits-de-lhomme\/#breadcrumb\",\"itemListElement\":[{\"@type\":\"ListItem\",\"position\":1,\"name\":\"Accueil\",\"item\":\"https:\/\/kapitalis.com\/tunisie\/\"},{\"@type\":\"ListItem\",\"position\":2,\"name\":\"Tunisie : Palmar\u00e8s du Festival international du Film des Droits de l&rsquo;Homme\"}]},{\"@type\":\"WebSite\",\"@id\":\"https:\/\/kapitalis.com\/tunisie\/#website\",\"url\":\"https:\/\/kapitalis.com\/tunisie\/\",\"name\":\"Kapitalis\",\"description\":\"L&#039;actualit\u00e9 en Tunisie et dans le monde\",\"publisher\":{\"@id\":\"https:\/\/kapitalis.com\/tunisie\/#organization\"},\"potentialAction\":[{\"@type\":\"SearchAction\",\"target\":{\"@type\":\"EntryPoint\",\"urlTemplate\":\"https:\/\/kapitalis.com\/tunisie\/?s={search_term_string}\"},\"query-input\":{\"@type\":\"PropertyValueSpecification\",\"valueRequired\":true,\"valueName\":\"search_term_string\"}}],\"inLanguage\":\"fr-FR\"},{\"@type\":\"Organization\",\"@id\":\"https:\/\/kapitalis.com\/tunisie\/#organization\",\"name\":\"Kapitalis\",\"url\":\"https:\/\/kapitalis.com\/tunisie\/\",\"logo\":{\"@type\":\"ImageObject\",\"inLanguage\":\"fr-FR\",\"@id\":\"https:\/\/kapitalis.com\/tunisie\/#\/schema\/logo\/image\/\",\"url\":\"https:\/\/kapitalis.com\/tunisie\/wp-content\/uploads\/2022\/05\/Kapitalis-big-size.png\",\"contentUrl\":\"https:\/\/kapitalis.com\/tunisie\/wp-content\/uploads\/2022\/05\/Kapitalis-big-size.png\",\"width\":5000,\"height\":1500,\"caption\":\"Kapitalis\"},\"image\":{\"@id\":\"https:\/\/kapitalis.com\/tunisie\/#\/schema\/logo\/image\/\"},\"sameAs\":[\"https:\/\/www.facebook.com\/KapitalisInfo\/\",\"https:\/\/x.com\/KapitalisInfo\",\"https:\/\/www.youtube.com\/channel\/UC-yDYrHyfFBWWZaOw3FPg9Q\"]},{\"@type\":\"Person\",\"@id\":\"https:\/\/kapitalis.com\/tunisie\/#\/schema\/person\/73a5ecc1f6ae540c6ed91342eadca948\",\"name\":\"Fawz BenAli\",\"url\":\"https:\/\/kapitalis.com\/tunisie\/author\/fawz\/\"}]}<\/script>\n<!-- \/ Yoast SEO plugin. -->","yoast_head_json":{"title":"Tunisie : Palmar\u00e8s du Festival international du Film des Droits de l'Homme - Kapitalis","robots":{"index":"index","follow":"follow","max-snippet":"max-snippet:-1","max-image-preview":"max-image-preview:large","max-video-preview":"max-video-preview:-1"},"canonical":"https:\/\/kapitalis.com\/tunisie\/2022\/03\/13\/tunisie-palmares-du-festival-international-du-film-des-droits-de-lhomme\/","og_locale":"fr_FR","og_type":"article","og_title":"Tunisie : Palmar\u00e8s du Festival international du Film des Droits de l'Homme - Kapitalis","og_description":"La 7e \u00e9dition du Festival international du Film des Droits de l\u2019Homme (Human Screen Festival) s\u2019est cl\u00f4tur\u00e9e hier soir, samedi 12 mars \u00e0 la salle le Rio. Quatre films ont \u00e9t\u00e9 prim\u00e9s cette ann\u00e9e dont le court-m\u00e9trage tunisien \u00ab\u00a0Salwa\u00a0\u00bb d\u2019Ines Ben Othman.","og_url":"https:\/\/kapitalis.com\/tunisie\/2022\/03\/13\/tunisie-palmares-du-festival-international-du-film-des-droits-de-lhomme\/","og_site_name":"Kapitalis","article_publisher":"https:\/\/www.facebook.com\/KapitalisInfo\/","article_published_time":"2022-03-13T17:00:13+00:00","article_modified_time":"2022-03-13T17:02:53+00:00","og_image":[{"width":1200,"height":630,"url":"https:\/\/kapitalis.com\/tunisie\/wp-content\/uploads\/2022\/05\/kapitalis-logo-fb.png","type":"image\/png"}],"author":"Fawz BenAli","twitter_card":"summary_large_image","twitter_creator":"@KapitalisInfo","twitter_site":"@KapitalisInfo","twitter_misc":{"\u00c9crit par":"Fawz BenAli","Dur\u00e9e de lecture estim\u00e9e":"1 minute"},"schema":{"@context":"https:\/\/schema.org","@graph":[{"@type":"Article","@id":"https:\/\/kapitalis.com\/tunisie\/2022\/03\/13\/tunisie-palmares-du-festival-international-du-film-des-droits-de-lhomme\/#article","isPartOf":{"@id":"https:\/\/kapitalis.com\/tunisie\/2022\/03\/13\/tunisie-palmares-du-festival-international-du-film-des-droits-de-lhomme\/"},"author":{"name":"Fawz BenAli","@id":"https:\/\/kapitalis.com\/tunisie\/#\/schema\/person\/73a5ecc1f6ae540c6ed91342eadca948"},"headline":"Tunisie : Palmar\u00e8s du Festival international du Film des Droits de l&rsquo;Homme","datePublished":"2022-03-13T17:00:13+00:00","dateModified":"2022-03-13T17:02:53+00:00","mainEntityOfPage":{"@id":"https:\/\/kapitalis.com\/tunisie\/2022\/03\/13\/tunisie-palmares-du-festival-international-du-film-des-droits-de-lhomme\/"},"wordCount":197,"commentCount":0,"publisher":{"@id":"https:\/\/kapitalis.com\/tunisie\/#organization"},"image":{"@id":"https:\/\/kapitalis.com\/tunisie\/2022\/03\/13\/tunisie-palmares-du-festival-international-du-film-des-droits-de-lhomme\/#primaryimage"},"thumbnailUrl":"","keywords":["cin\u00e9ma engag\u00e9","Festival du Film des Droits de l&#039;Homme","Human Screen Festival 2022","Ines Ben Othman","Tunisie"],"articleSection":["CULTURE","Tunisie"],"inLanguage":"fr-FR","potentialAction":[{"@type":"CommentAction","name":"Comment","target":["https:\/\/kapitalis.com\/tunisie\/2022\/03\/13\/tunisie-palmares-du-festival-international-du-film-des-droits-de-lhomme\/#respond"]}]},{"@type":"WebPage","@id":"https:\/\/kapitalis.com\/tunisie\/2022\/03\/13\/tunisie-palmares-du-festival-international-du-film-des-droits-de-lhomme\/","url":"https:\/\/kapitalis.com\/tunisie\/2022\/03\/13\/tunisie-palmares-du-festival-international-du-film-des-droits-de-lhomme\/","name":"Tunisie : Palmar\u00e8s du Festival international du Film des Droits de l'Homme - Kapitalis","isPartOf":{"@id":"https:\/\/kapitalis.com\/tunisie\/#website"},"primaryImageOfPage":{"@id":"https:\/\/kapitalis.com\/tunisie\/2022\/03\/13\/tunisie-palmares-du-festival-international-du-film-des-droits-de-lhomme\/#primaryimage"},"image":{"@id":"https:\/\/kapitalis.com\/tunisie\/2022\/03\/13\/tunisie-palmares-du-festival-international-du-film-des-droits-de-lhomme\/#primaryimage"},"thumbnailUrl":"","datePublished":"2022-03-13T17:00:13+00:00","dateModified":"2022-03-13T17:02:53+00:00","breadcrumb":{"@id":"https:\/\/kapitalis.com\/tunisie\/2022\/03\/13\/tunisie-palmares-du-festival-international-du-film-des-droits-de-lhomme\/#breadcrumb"},"inLanguage":"fr-FR","potentialAction":[{"@type":"ReadAction","target":["https:\/\/kapitalis.com\/tunisie\/2022\/03\/13\/tunisie-palmares-du-festival-international-du-film-des-droits-de-lhomme\/"]}]},{"@type":"ImageObject","inLanguage":"fr-FR","@id":"https:\/\/kapitalis.com\/tunisie\/2022\/03\/13\/tunisie-palmares-du-festival-international-du-film-des-droits-de-lhomme\/#primaryimage","url":"","contentUrl":""},{"@type":"BreadcrumbList","@id":"https:\/\/kapitalis.com\/tunisie\/2022\/03\/13\/tunisie-palmares-du-festival-international-du-film-des-droits-de-lhomme\/#breadcrumb","itemListElement":[{"@type":"ListItem","position":1,"name":"Accueil","item":"https:\/\/kapitalis.com\/tunisie\/"},{"@type":"ListItem","position":2,"name":"Tunisie : Palmar\u00e8s du Festival international du Film des Droits de l&rsquo;Homme"}]},{"@type":"WebSite","@id":"https:\/\/kapitalis.com\/tunisie\/#website","url":"https:\/\/kapitalis.com\/tunisie\/","name":"Kapitalis","description":"L&#039;actualit\u00e9 en Tunisie et dans le monde","publisher":{"@id":"https:\/\/kapitalis.com\/tunisie\/#organization"},"potentialAction":[{"@type":"SearchAction","target":{"@type":"EntryPoint","urlTemplate":"https:\/\/kapitalis.com\/tunisie\/?s={search_term_string}"},"query-input":{"@type":"PropertyValueSpecification","valueRequired":true,"valueName":"search_term_string"}}],"inLanguage":"fr-FR"},{"@type":"Organization","@id":"https:\/\/kapitalis.com\/tunisie\/#organization","name":"Kapitalis","url":"https:\/\/kapitalis.com\/tunisie\/","logo":{"@type":"ImageObject","inLanguage":"fr-FR","@id":"https:\/\/kapitalis.com\/tunisie\/#\/schema\/logo\/image\/","url":"https:\/\/kapitalis.com\/tunisie\/wp-content\/uploads\/2022\/05\/Kapitalis-big-size.png","contentUrl":"https:\/\/kapitalis.com\/tunisie\/wp-content\/uploads\/2022\/05\/Kapitalis-big-size.png","width":5000,"height":1500,"caption":"Kapitalis"},"image":{"@id":"https:\/\/kapitalis.com\/tunisie\/#\/schema\/logo\/image\/"},"sameAs":["https:\/\/www.facebook.com\/KapitalisInfo\/","https:\/\/x.com\/KapitalisInfo","https:\/\/www.youtube.com\/channel\/UC-yDYrHyfFBWWZaOw3FPg9Q"]},{"@type":"Person","@id":"https:\/\/kapitalis.com\/tunisie\/#\/schema\/person\/73a5ecc1f6ae540c6ed91342eadca948","name":"Fawz BenAli","url":"https:\/\/kapitalis.com\/tunisie\/author\/fawz\/"}]}},"_links":{"self":[{"href":"https:\/\/kapitalis.com\/tunisie\/wp-json\/wp\/v2\/posts\/383698","targetHints":{"allow":["GET"]}}],"collection":[{"href":"https:\/\/kapitalis.com\/tunisie\/wp-json\/wp\/v2\/posts"}],"about":[{"href":"https:\/\/kapitalis.com\/tunisie\/wp-json\/wp\/v2\/types\/post"}],"author":[{"embeddable":true,"href":"https:\/\/kapitalis.com\/tunisie\/wp-json\/wp\/v2\/users\/26"}],"replies":[{"embeddable":true,"href":"https:\/\/kapitalis.com\/tunisie\/wp-json\/wp\/v2\/comments?post=383698"}],"version-history":[{"count":0,"href":"https:\/\/kapitalis.com\/tunisie\/wp-json\/wp\/v2\/posts\/383698\/revisions"}],"wp:featuredmedia":[{"embeddable":true,"href":"https:\/\/kapitalis.com\/tunisie\/wp-json\/wp\/v2\/media\/383699"}],"wp:attachment":[{"href":"https:\/\/kapitalis.com\/tunisie\/wp-json\/wp\/v2\/media?parent=383698"}],"wp:term":[{"taxonomy":"category","embeddable":true,"href":"https:\/\/kapitalis.com\/tunisie\/wp-json\/wp\/v2\/categories?post=383698"},{"taxonomy":"post_tag","embeddable":true,"href":"https:\/\/kapitalis.com\/tunisie\/wp-json\/wp\/v2\/tags?post=383698"}],"curies":[{"name":"wp","href":"https:\/\/api.w.org\/{rel}","templated":true}]}}