{"id":383709,"date":"2022-03-13T22:46:23","date_gmt":"2022-03-13T21:46:23","guid":{"rendered":"http:\/\/kapitalis.com\/tunisie\/?p=383709"},"modified":"2022-03-13T22:50:05","modified_gmt":"2022-03-13T21:50:05","slug":"report-du-vol-tunis-du%cc%88sseldorf-prevu-demain-lundi-14-mars-2022-tunisair","status":"publish","type":"post","link":"https:\/\/kapitalis.com\/tunisie\/2022\/03\/13\/report-du-vol-tunis-du%cc%88sseldorf-prevu-demain-lundi-14-mars-2022-tunisair\/","title":{"rendered":"Report du vol Tunis-Du\u0308sseldorf pr\u00e9vu demain, lundi 14 mars 2022 (Tunisair)"},"content":{"rendered":"\n<div class=\"wp-block-image\"><figure class=\"aligncenter size-full\"><img decoding=\"async\" src=\"http:\/\/kapitalis.com\/tunisie\/wp-content\/uploads\/2022\/03\/Tunis-Du\u0308sseldorf-Tunisair.jpg\" alt=\"\" class=\"wp-image-383711\"\/><\/figure><\/div>\n\n\n\n<p><strong><em>La compagnie a\u00e9rienne nationale Tunisair a annonc\u00e9 que le vol Tunis-Du\u0308sseldorf pr\u00e9vu demain,  a \u00e9t\u00e9 report\u00e9 pour mardi 15 mars 2022. <\/em><\/strong><\/p>\n\n\n\n<!--more-->\n\n\n\n<p>\ud83d\udeeb TUNISAIR vous informe qu\u2019en raison de l&rsquo;appel a\u0300 la gre\u0300ve de personnels de se\u0301curite\u0301 dans l\u2019ae\u0301roport de Du\u0308sseldorf, le vol TU526\/7 \u202aTUN\/DUS\/TUN pre\u0301vu demain le 14 mars 2022 \u202cest reporte\u0301 pour le mardi 15 mars 2022\u202a aux me\u0302mes horaires.\u202c<\/p>\n\n\n\n<p><br>\ud83d\udd38 Pour tout renseignement, TUNISAIR invite ses clients a\u0300 contacter son call center sur les nume\u0301ros suivants :<br>\u25aa\ufe0f A\u0300 partir de Tunis : 81 10 77 77<br>\u25aa\ufe0f A\u0300 partir de l\u2019e\u0301tranger : (+216) 70 103 700 \/ (+216) 70101300<br>Ou par e-mail a\u0300 l\u2019adresse \u27a1\ufe0f callcenter@tunisair.com.tn<br>Bienvenue a\u0300 bord de nos lignes \ud83d\udc95<\/p>\n\n\n\n<p class=\"has-text-align-right\"><strong><em>Communiqu\u00e9<\/em><\/strong><\/p>\n","protected":false},"excerpt":{"rendered":"<p>La compagnie a\u00e9rienne nationale Tunisair a annonc\u00e9 que le vol Tunis-Du\u0308sseldorf pr\u00e9vu demain, a \u00e9t\u00e9 report\u00e9 pour mardi 15 mars 2022.<\/p>\n","protected":false},"author":6,"featured_media":383711,"comment_status":"open","ping_status":"open","sticky":false,"template":"","format":"standard","meta":{"footnotes":""},"categories":[998,2433],"tags":[98110,425,5440,98111,1501,62643],"class_list":["post-383709","post","type-post","status-publish","format-standard","has-post-thumbnail","hentry","category-societe","category-tunisie","tag-dusseldorf","tag-greve","tag-report","tag-tu526","tag-tunisair","tag-tunisie"],"yoast_head":"<!-- This site is optimized with the Yoast SEO plugin v26.6 - https:\/\/yoast.com\/wordpress\/plugins\/seo\/ -->\n<title>Report du vol Tunis-Du\u0308sseldorf pr\u00e9vu demain, lundi 14 mars 2022 (Tunisair) - Kapitalis<\/title>\n<meta name=\"robots\" content=\"index, follow, max-snippet:-1, max-image-preview:large, max-video-preview:-1\" \/>\n<link rel=\"canonical\" href=\"https:\/\/kapitalis.com\/tunisie\/2022\/03\/13\/report-du-vol-tunis-du\u0308sseldorf-prevu-demain-lundi-14-mars-2022-tunisair\/\" \/>\n<meta property=\"og:locale\" content=\"fr_FR\" \/>\n<meta property=\"og:type\" content=\"article\" \/>\n<meta property=\"og:title\" content=\"Report du vol Tunis-Du\u0308sseldorf pr\u00e9vu demain, lundi 14 mars 2022 (Tunisair) - Kapitalis\" \/>\n<meta property=\"og:description\" content=\"La compagnie a\u00e9rienne nationale Tunisair a annonc\u00e9 que le vol Tunis-Du\u0308sseldorf pr\u00e9vu demain, a \u00e9t\u00e9 report\u00e9 pour mardi 15 mars 2022.\" \/>\n<meta property=\"og:url\" content=\"https:\/\/kapitalis.com\/tunisie\/2022\/03\/13\/report-du-vol-tunis-du\u0308sseldorf-prevu-demain-lundi-14-mars-2022-tunisair\/\" \/>\n<meta property=\"og:site_name\" content=\"Kapitalis\" \/>\n<meta property=\"article:publisher\" content=\"https:\/\/www.facebook.com\/KapitalisInfo\/\" \/>\n<meta property=\"article:published_time\" content=\"2022-03-13T21:46:23+00:00\" \/>\n<meta property=\"article:modified_time\" content=\"2022-03-13T21:50:05+00:00\" \/>\n<meta property=\"og:image\" content=\"https:\/\/kapitalis.com\/tunisie\/wp-content\/uploads\/2022\/05\/kapitalis-logo-fb.png\" \/>\n\t<meta property=\"og:image:width\" content=\"1200\" \/>\n\t<meta property=\"og:image:height\" content=\"630\" \/>\n\t<meta property=\"og:image:type\" content=\"image\/png\" \/>\n<meta name=\"author\" content=\"Yusra NY\" \/>\n<meta name=\"twitter:card\" content=\"summary_large_image\" \/>\n<meta name=\"twitter:creator\" content=\"@KapitalisInfo\" \/>\n<meta name=\"twitter:site\" content=\"@KapitalisInfo\" \/>\n<meta name=\"twitter:label1\" content=\"\u00c9crit par\" \/>\n\t<meta name=\"twitter:data1\" content=\"Yusra NY\" \/>\n\t<meta name=\"twitter:label2\" content=\"Dur\u00e9e de lecture estim\u00e9e\" \/>\n\t<meta name=\"twitter:data2\" content=\"1 minute\" \/>\n<script type=\"application\/ld+json\" class=\"yoast-schema-graph\">{\"@context\":\"https:\/\/schema.org\",\"@graph\":[{\"@type\":\"Article\",\"@id\":\"https:\/\/kapitalis.com\/tunisie\/2022\/03\/13\/report-du-vol-tunis-du%cc%88sseldorf-prevu-demain-lundi-14-mars-2022-tunisair\/#article\",\"isPartOf\":{\"@id\":\"https:\/\/kapitalis.com\/tunisie\/2022\/03\/13\/report-du-vol-tunis-du%cc%88sseldorf-prevu-demain-lundi-14-mars-2022-tunisair\/\"},\"author\":{\"name\":\"Yusra NY\",\"@id\":\"https:\/\/kapitalis.com\/tunisie\/#\/schema\/person\/74bbde0154d49d790a92aaeac5bc01d5\"},\"headline\":\"Report du vol Tunis-Du\u0308sseldorf pr\u00e9vu demain, lundi 14 mars 2022 (Tunisair)\",\"datePublished\":\"2022-03-13T21:46:23+00:00\",\"dateModified\":\"2022-03-13T21:50:05+00:00\",\"mainEntityOfPage\":{\"@id\":\"https:\/\/kapitalis.com\/tunisie\/2022\/03\/13\/report-du-vol-tunis-du%cc%88sseldorf-prevu-demain-lundi-14-mars-2022-tunisair\/\"},\"wordCount\":121,\"commentCount\":0,\"publisher\":{\"@id\":\"https:\/\/kapitalis.com\/tunisie\/#organization\"},\"image\":{\"@id\":\"https:\/\/kapitalis.com\/tunisie\/2022\/03\/13\/report-du-vol-tunis-du%cc%88sseldorf-prevu-demain-lundi-14-mars-2022-tunisair\/#primaryimage\"},\"thumbnailUrl\":\"\",\"keywords\":[\"Du\u0308sseldorf\",\"gr\u00e8ve\",\"report\",\"TU526\",\"Tunisair\",\"Tunisie\"],\"articleSection\":[\"SOCIETE\",\"Tunisie\"],\"inLanguage\":\"fr-FR\",\"potentialAction\":[{\"@type\":\"CommentAction\",\"name\":\"Comment\",\"target\":[\"https:\/\/kapitalis.com\/tunisie\/2022\/03\/13\/report-du-vol-tunis-du%cc%88sseldorf-prevu-demain-lundi-14-mars-2022-tunisair\/#respond\"]}]},{\"@type\":\"WebPage\",\"@id\":\"https:\/\/kapitalis.com\/tunisie\/2022\/03\/13\/report-du-vol-tunis-du%cc%88sseldorf-prevu-demain-lundi-14-mars-2022-tunisair\/\",\"url\":\"https:\/\/kapitalis.com\/tunisie\/2022\/03\/13\/report-du-vol-tunis-du%cc%88sseldorf-prevu-demain-lundi-14-mars-2022-tunisair\/\",\"name\":\"Report du vol Tunis-Du\u0308sseldorf pr\u00e9vu demain, lundi 14 mars 2022 (Tunisair) - Kapitalis\",\"isPartOf\":{\"@id\":\"https:\/\/kapitalis.com\/tunisie\/#website\"},\"primaryImageOfPage\":{\"@id\":\"https:\/\/kapitalis.com\/tunisie\/2022\/03\/13\/report-du-vol-tunis-du%cc%88sseldorf-prevu-demain-lundi-14-mars-2022-tunisair\/#primaryimage\"},\"image\":{\"@id\":\"https:\/\/kapitalis.com\/tunisie\/2022\/03\/13\/report-du-vol-tunis-du%cc%88sseldorf-prevu-demain-lundi-14-mars-2022-tunisair\/#primaryimage\"},\"thumbnailUrl\":\"\",\"datePublished\":\"2022-03-13T21:46:23+00:00\",\"dateModified\":\"2022-03-13T21:50:05+00:00\",\"breadcrumb\":{\"@id\":\"https:\/\/kapitalis.com\/tunisie\/2022\/03\/13\/report-du-vol-tunis-du%cc%88sseldorf-prevu-demain-lundi-14-mars-2022-tunisair\/#breadcrumb\"},\"inLanguage\":\"fr-FR\",\"potentialAction\":[{\"@type\":\"ReadAction\",\"target\":[\"https:\/\/kapitalis.com\/tunisie\/2022\/03\/13\/report-du-vol-tunis-du%cc%88sseldorf-prevu-demain-lundi-14-mars-2022-tunisair\/\"]}]},{\"@type\":\"ImageObject\",\"inLanguage\":\"fr-FR\",\"@id\":\"https:\/\/kapitalis.com\/tunisie\/2022\/03\/13\/report-du-vol-tunis-du%cc%88sseldorf-prevu-demain-lundi-14-mars-2022-tunisair\/#primaryimage\",\"url\":\"\",\"contentUrl\":\"\"},{\"@type\":\"BreadcrumbList\",\"@id\":\"https:\/\/kapitalis.com\/tunisie\/2022\/03\/13\/report-du-vol-tunis-du%cc%88sseldorf-prevu-demain-lundi-14-mars-2022-tunisair\/#breadcrumb\",\"itemListElement\":[{\"@type\":\"ListItem\",\"position\":1,\"name\":\"Accueil\",\"item\":\"https:\/\/kapitalis.com\/tunisie\/\"},{\"@type\":\"ListItem\",\"position\":2,\"name\":\"Report du vol Tunis-Du\u0308sseldorf pr\u00e9vu demain, lundi 14 mars 2022 (Tunisair)\"}]},{\"@type\":\"WebSite\",\"@id\":\"https:\/\/kapitalis.com\/tunisie\/#website\",\"url\":\"https:\/\/kapitalis.com\/tunisie\/\",\"name\":\"Kapitalis\",\"description\":\"L&#039;actualit\u00e9 en Tunisie et dans le monde\",\"publisher\":{\"@id\":\"https:\/\/kapitalis.com\/tunisie\/#organization\"},\"potentialAction\":[{\"@type\":\"SearchAction\",\"target\":{\"@type\":\"EntryPoint\",\"urlTemplate\":\"https:\/\/kapitalis.com\/tunisie\/?s={search_term_string}\"},\"query-input\":{\"@type\":\"PropertyValueSpecification\",\"valueRequired\":true,\"valueName\":\"search_term_string\"}}],\"inLanguage\":\"fr-FR\"},{\"@type\":\"Organization\",\"@id\":\"https:\/\/kapitalis.com\/tunisie\/#organization\",\"name\":\"Kapitalis\",\"url\":\"https:\/\/kapitalis.com\/tunisie\/\",\"logo\":{\"@type\":\"ImageObject\",\"inLanguage\":\"fr-FR\",\"@id\":\"https:\/\/kapitalis.com\/tunisie\/#\/schema\/logo\/image\/\",\"url\":\"https:\/\/kapitalis.com\/tunisie\/wp-content\/uploads\/2022\/05\/Kapitalis-big-size.png\",\"contentUrl\":\"https:\/\/kapitalis.com\/tunisie\/wp-content\/uploads\/2022\/05\/Kapitalis-big-size.png\",\"width\":5000,\"height\":1500,\"caption\":\"Kapitalis\"},\"image\":{\"@id\":\"https:\/\/kapitalis.com\/tunisie\/#\/schema\/logo\/image\/\"},\"sameAs\":[\"https:\/\/www.facebook.com\/KapitalisInfo\/\",\"https:\/\/x.com\/KapitalisInfo\",\"https:\/\/www.youtube.com\/channel\/UC-yDYrHyfFBWWZaOw3FPg9Q\"]},{\"@type\":\"Person\",\"@id\":\"https:\/\/kapitalis.com\/tunisie\/#\/schema\/person\/74bbde0154d49d790a92aaeac5bc01d5\",\"name\":\"Yusra NY\",\"url\":\"https:\/\/kapitalis.com\/tunisie\/author\/yuza_adam\/\"}]}<\/script>\n<!-- \/ Yoast SEO plugin. -->","yoast_head_json":{"title":"Report du vol Tunis-Du\u0308sseldorf pr\u00e9vu demain, lundi 14 mars 2022 (Tunisair) - Kapitalis","robots":{"index":"index","follow":"follow","max-snippet":"max-snippet:-1","max-image-preview":"max-image-preview:large","max-video-preview":"max-video-preview:-1"},"canonical":"https:\/\/kapitalis.com\/tunisie\/2022\/03\/13\/report-du-vol-tunis-du\u0308sseldorf-prevu-demain-lundi-14-mars-2022-tunisair\/","og_locale":"fr_FR","og_type":"article","og_title":"Report du vol Tunis-Du\u0308sseldorf pr\u00e9vu demain, lundi 14 mars 2022 (Tunisair) - Kapitalis","og_description":"La compagnie a\u00e9rienne nationale Tunisair a annonc\u00e9 que le vol Tunis-Du\u0308sseldorf pr\u00e9vu demain, a \u00e9t\u00e9 report\u00e9 pour mardi 15 mars 2022.","og_url":"https:\/\/kapitalis.com\/tunisie\/2022\/03\/13\/report-du-vol-tunis-du\u0308sseldorf-prevu-demain-lundi-14-mars-2022-tunisair\/","og_site_name":"Kapitalis","article_publisher":"https:\/\/www.facebook.com\/KapitalisInfo\/","article_published_time":"2022-03-13T21:46:23+00:00","article_modified_time":"2022-03-13T21:50:05+00:00","og_image":[{"width":1200,"height":630,"url":"https:\/\/kapitalis.com\/tunisie\/wp-content\/uploads\/2022\/05\/kapitalis-logo-fb.png","type":"image\/png"}],"author":"Yusra NY","twitter_card":"summary_large_image","twitter_creator":"@KapitalisInfo","twitter_site":"@KapitalisInfo","twitter_misc":{"\u00c9crit par":"Yusra NY","Dur\u00e9e de lecture estim\u00e9e":"1 minute"},"schema":{"@context":"https:\/\/schema.org","@graph":[{"@type":"Article","@id":"https:\/\/kapitalis.com\/tunisie\/2022\/03\/13\/report-du-vol-tunis-du%cc%88sseldorf-prevu-demain-lundi-14-mars-2022-tunisair\/#article","isPartOf":{"@id":"https:\/\/kapitalis.com\/tunisie\/2022\/03\/13\/report-du-vol-tunis-du%cc%88sseldorf-prevu-demain-lundi-14-mars-2022-tunisair\/"},"author":{"name":"Yusra NY","@id":"https:\/\/kapitalis.com\/tunisie\/#\/schema\/person\/74bbde0154d49d790a92aaeac5bc01d5"},"headline":"Report du vol Tunis-Du\u0308sseldorf pr\u00e9vu demain, lundi 14 mars 2022 (Tunisair)","datePublished":"2022-03-13T21:46:23+00:00","dateModified":"2022-03-13T21:50:05+00:00","mainEntityOfPage":{"@id":"https:\/\/kapitalis.com\/tunisie\/2022\/03\/13\/report-du-vol-tunis-du%cc%88sseldorf-prevu-demain-lundi-14-mars-2022-tunisair\/"},"wordCount":121,"commentCount":0,"publisher":{"@id":"https:\/\/kapitalis.com\/tunisie\/#organization"},"image":{"@id":"https:\/\/kapitalis.com\/tunisie\/2022\/03\/13\/report-du-vol-tunis-du%cc%88sseldorf-prevu-demain-lundi-14-mars-2022-tunisair\/#primaryimage"},"thumbnailUrl":"","keywords":["Du\u0308sseldorf","gr\u00e8ve","report","TU526","Tunisair","Tunisie"],"articleSection":["SOCIETE","Tunisie"],"inLanguage":"fr-FR","potentialAction":[{"@type":"CommentAction","name":"Comment","target":["https:\/\/kapitalis.com\/tunisie\/2022\/03\/13\/report-du-vol-tunis-du%cc%88sseldorf-prevu-demain-lundi-14-mars-2022-tunisair\/#respond"]}]},{"@type":"WebPage","@id":"https:\/\/kapitalis.com\/tunisie\/2022\/03\/13\/report-du-vol-tunis-du%cc%88sseldorf-prevu-demain-lundi-14-mars-2022-tunisair\/","url":"https:\/\/kapitalis.com\/tunisie\/2022\/03\/13\/report-du-vol-tunis-du%cc%88sseldorf-prevu-demain-lundi-14-mars-2022-tunisair\/","name":"Report du vol Tunis-Du\u0308sseldorf pr\u00e9vu demain, lundi 14 mars 2022 (Tunisair) - Kapitalis","isPartOf":{"@id":"https:\/\/kapitalis.com\/tunisie\/#website"},"primaryImageOfPage":{"@id":"https:\/\/kapitalis.com\/tunisie\/2022\/03\/13\/report-du-vol-tunis-du%cc%88sseldorf-prevu-demain-lundi-14-mars-2022-tunisair\/#primaryimage"},"image":{"@id":"https:\/\/kapitalis.com\/tunisie\/2022\/03\/13\/report-du-vol-tunis-du%cc%88sseldorf-prevu-demain-lundi-14-mars-2022-tunisair\/#primaryimage"},"thumbnailUrl":"","datePublished":"2022-03-13T21:46:23+00:00","dateModified":"2022-03-13T21:50:05+00:00","breadcrumb":{"@id":"https:\/\/kapitalis.com\/tunisie\/2022\/03\/13\/report-du-vol-tunis-du%cc%88sseldorf-prevu-demain-lundi-14-mars-2022-tunisair\/#breadcrumb"},"inLanguage":"fr-FR","potentialAction":[{"@type":"ReadAction","target":["https:\/\/kapitalis.com\/tunisie\/2022\/03\/13\/report-du-vol-tunis-du%cc%88sseldorf-prevu-demain-lundi-14-mars-2022-tunisair\/"]}]},{"@type":"ImageObject","inLanguage":"fr-FR","@id":"https:\/\/kapitalis.com\/tunisie\/2022\/03\/13\/report-du-vol-tunis-du%cc%88sseldorf-prevu-demain-lundi-14-mars-2022-tunisair\/#primaryimage","url":"","contentUrl":""},{"@type":"BreadcrumbList","@id":"https:\/\/kapitalis.com\/tunisie\/2022\/03\/13\/report-du-vol-tunis-du%cc%88sseldorf-prevu-demain-lundi-14-mars-2022-tunisair\/#breadcrumb","itemListElement":[{"@type":"ListItem","position":1,"name":"Accueil","item":"https:\/\/kapitalis.com\/tunisie\/"},{"@type":"ListItem","position":2,"name":"Report du vol Tunis-Du\u0308sseldorf pr\u00e9vu demain, lundi 14 mars 2022 (Tunisair)"}]},{"@type":"WebSite","@id":"https:\/\/kapitalis.com\/tunisie\/#website","url":"https:\/\/kapitalis.com\/tunisie\/","name":"Kapitalis","description":"L&#039;actualit\u00e9 en Tunisie et dans le monde","publisher":{"@id":"https:\/\/kapitalis.com\/tunisie\/#organization"},"potentialAction":[{"@type":"SearchAction","target":{"@type":"EntryPoint","urlTemplate":"https:\/\/kapitalis.com\/tunisie\/?s={search_term_string}"},"query-input":{"@type":"PropertyValueSpecification","valueRequired":true,"valueName":"search_term_string"}}],"inLanguage":"fr-FR"},{"@type":"Organization","@id":"https:\/\/kapitalis.com\/tunisie\/#organization","name":"Kapitalis","url":"https:\/\/kapitalis.com\/tunisie\/","logo":{"@type":"ImageObject","inLanguage":"fr-FR","@id":"https:\/\/kapitalis.com\/tunisie\/#\/schema\/logo\/image\/","url":"https:\/\/kapitalis.com\/tunisie\/wp-content\/uploads\/2022\/05\/Kapitalis-big-size.png","contentUrl":"https:\/\/kapitalis.com\/tunisie\/wp-content\/uploads\/2022\/05\/Kapitalis-big-size.png","width":5000,"height":1500,"caption":"Kapitalis"},"image":{"@id":"https:\/\/kapitalis.com\/tunisie\/#\/schema\/logo\/image\/"},"sameAs":["https:\/\/www.facebook.com\/KapitalisInfo\/","https:\/\/x.com\/KapitalisInfo","https:\/\/www.youtube.com\/channel\/UC-yDYrHyfFBWWZaOw3FPg9Q"]},{"@type":"Person","@id":"https:\/\/kapitalis.com\/tunisie\/#\/schema\/person\/74bbde0154d49d790a92aaeac5bc01d5","name":"Yusra NY","url":"https:\/\/kapitalis.com\/tunisie\/author\/yuza_adam\/"}]}},"_links":{"self":[{"href":"https:\/\/kapitalis.com\/tunisie\/wp-json\/wp\/v2\/posts\/383709","targetHints":{"allow":["GET"]}}],"collection":[{"href":"https:\/\/kapitalis.com\/tunisie\/wp-json\/wp\/v2\/posts"}],"about":[{"href":"https:\/\/kapitalis.com\/tunisie\/wp-json\/wp\/v2\/types\/post"}],"author":[{"embeddable":true,"href":"https:\/\/kapitalis.com\/tunisie\/wp-json\/wp\/v2\/users\/6"}],"replies":[{"embeddable":true,"href":"https:\/\/kapitalis.com\/tunisie\/wp-json\/wp\/v2\/comments?post=383709"}],"version-history":[{"count":0,"href":"https:\/\/kapitalis.com\/tunisie\/wp-json\/wp\/v2\/posts\/383709\/revisions"}],"wp:featuredmedia":[{"embeddable":true,"href":"https:\/\/kapitalis.com\/tunisie\/wp-json\/wp\/v2\/media\/383711"}],"wp:attachment":[{"href":"https:\/\/kapitalis.com\/tunisie\/wp-json\/wp\/v2\/media?parent=383709"}],"wp:term":[{"taxonomy":"category","embeddable":true,"href":"https:\/\/kapitalis.com\/tunisie\/wp-json\/wp\/v2\/categories?post=383709"},{"taxonomy":"post_tag","embeddable":true,"href":"https:\/\/kapitalis.com\/tunisie\/wp-json\/wp\/v2\/tags?post=383709"}],"curies":[{"name":"wp","href":"https:\/\/api.w.org\/{rel}","templated":true}]}}