{"id":383974,"date":"2022-03-15T18:06:57","date_gmt":"2022-03-15T17:06:57","guid":{"rendered":"http:\/\/kapitalis.com\/tunisie\/?p=383974"},"modified":"2022-03-15T18:20:57","modified_gmt":"2022-03-15T17:20:57","slug":"tunisie-initialement-prevue-les-18-et-19-mars-la-greve-dans-le-secteur-des-carburants-reportee","status":"publish","type":"post","link":"https:\/\/kapitalis.com\/tunisie\/2022\/03\/15\/tunisie-initialement-prevue-les-18-et-19-mars-la-greve-dans-le-secteur-des-carburants-reportee\/","title":{"rendered":"Tunisie : Initialement pr\u00e9vue les 18 et 19 mars, la gr\u00e8ve dans le secteur des carburants report\u00e9e"},"content":{"rendered":"\n<div class=\"wp-block-image\"><figure class=\"aligncenter size-full\"><img decoding=\"async\" src=\"http:\/\/kapitalis.com\/tunisie\/wp-content\/uploads\/2022\/03\/transport-carburant.jpg\" alt=\"\" class=\"wp-image-383975\"\/><\/figure><\/div>\n\n\n\n<p><strong><em>La F\u00e9d\u00e9ration g\u00e9n\u00e9rale du p\u00e9trole et des produits chimiques, a d\u00e9cid\u00e9 de reporter la gr\u00e8ve dans le secteur des carburants, initialement pr\u00e9vue les 18 et 19 mars 2022.<\/em><\/strong><\/p>\n\n\n\n<!--more-->\n\n\n\n<p>C&rsquo;est ce qu&rsquo;a indiqu\u00e9 Mohamed Borni Khmila secr\u00e9taire g\u00e9n\u00e9ral de ladite F\u00e9d\u00e9ration, relevant de l\u2019Union g\u00e9n\u00e9rale tunisienne du travail (UGTT), en pr\u00e9cisant sans une d\u00e9claration \u00e0 l&rsquo;agence Tap ce mardi 15 mars, que la gr\u00e8ve a \u00e9t\u00e9 report\u00e9 pour les 15 et 16 avril prochains.<\/p>\n\n\n\n<p>Une r\u00e9union se tiendra prochainement entre une d\u00e9l\u00e9gation gouvernementale et des repr\u00e9sentant de la centrale syndicale ainsi que l\u2019Union tunisienne de l\u2019industrie, du commerce et de l\u2019artisanat (Utica), et ce dans le but de rapprocher les points de vue entre toutes les parties intervenantes, a-t-il ajout\u00e9.<\/p>\n\n\n\n<p>La m\u00eame source a rappel\u00e9 que la gr\u00e8ve pr\u00e9vue concerne 4 entreprises distribuant du carburant dans le secteur priv\u00e9, en vue de revendiquer une augmentation des salaires, demand\u00e9e depuis 2021, et faisant l&rsquo;objet d&rsquo;un accord sign\u00e9 entre l\u2019UGTT et l\u2019UTICA le 1er janvier 2022 porte sur les ann\u00e9es 2022, 2023 et 2024 sans tenir compte de l\u2019ann\u00e9e 2021, affirme encore M.Khmila.<\/p>\n\n\n\n<p class=\"has-text-align-right\"><strong>Y. N.<\/strong><\/p>\n","protected":false},"excerpt":{"rendered":"<p>La F\u00e9d\u00e9ration g\u00e9n\u00e9rale du p\u00e9trole et des produits chimiques, a d\u00e9cid\u00e9 de reporter la gr\u00e8ve dans le secteur des carburants, initialement pr\u00e9vue les 18 et 19 mars 2022.<\/p>\n","protected":false},"author":6,"featured_media":383975,"comment_status":"open","ping_status":"open","sticky":false,"template":"","format":"standard","meta":{"footnotes":""},"categories":[998,2433],"tags":[98173,5440,98172,62643,936,940],"class_list":["post-383974","post","type-post","status-publish","format-standard","has-post-thumbnail","hentry","category-societe","category-tunisie","tag-augmentation-salaires","tag-report","tag-secteur-des-carburants","tag-tunisie","tag-ugtt","tag-utica"],"yoast_head":"<!-- This site is optimized with the Yoast SEO plugin v26.6 - https:\/\/yoast.com\/wordpress\/plugins\/seo\/ -->\n<title>Tunisie : Initialement pr\u00e9vue les 18 et 19 mars, la gr\u00e8ve dans le secteur des carburants report\u00e9e - Kapitalis<\/title>\n<meta name=\"robots\" content=\"index, follow, max-snippet:-1, max-image-preview:large, max-video-preview:-1\" \/>\n<link rel=\"canonical\" href=\"https:\/\/kapitalis.com\/tunisie\/2022\/03\/15\/tunisie-initialement-prevue-les-18-et-19-mars-la-greve-dans-le-secteur-des-carburants-reportee\/\" \/>\n<meta property=\"og:locale\" content=\"fr_FR\" \/>\n<meta property=\"og:type\" content=\"article\" \/>\n<meta property=\"og:title\" content=\"Tunisie : Initialement pr\u00e9vue les 18 et 19 mars, la gr\u00e8ve dans le secteur des carburants report\u00e9e - Kapitalis\" \/>\n<meta property=\"og:description\" content=\"La F\u00e9d\u00e9ration g\u00e9n\u00e9rale du p\u00e9trole et des produits chimiques, a d\u00e9cid\u00e9 de reporter la gr\u00e8ve dans le secteur des carburants, initialement pr\u00e9vue les 18 et 19 mars 2022.\" \/>\n<meta property=\"og:url\" content=\"https:\/\/kapitalis.com\/tunisie\/2022\/03\/15\/tunisie-initialement-prevue-les-18-et-19-mars-la-greve-dans-le-secteur-des-carburants-reportee\/\" \/>\n<meta property=\"og:site_name\" content=\"Kapitalis\" \/>\n<meta property=\"article:publisher\" content=\"https:\/\/www.facebook.com\/KapitalisInfo\/\" \/>\n<meta property=\"article:published_time\" content=\"2022-03-15T17:06:57+00:00\" \/>\n<meta property=\"article:modified_time\" content=\"2022-03-15T17:20:57+00:00\" \/>\n<meta property=\"og:image\" content=\"https:\/\/kapitalis.com\/tunisie\/wp-content\/uploads\/2022\/05\/kapitalis-logo-fb.png\" \/>\n\t<meta property=\"og:image:width\" content=\"1200\" \/>\n\t<meta property=\"og:image:height\" content=\"630\" \/>\n\t<meta property=\"og:image:type\" content=\"image\/png\" \/>\n<meta name=\"author\" content=\"Yusra NY\" \/>\n<meta name=\"twitter:card\" content=\"summary_large_image\" \/>\n<meta name=\"twitter:creator\" content=\"@KapitalisInfo\" \/>\n<meta name=\"twitter:site\" content=\"@KapitalisInfo\" \/>\n<meta name=\"twitter:label1\" content=\"\u00c9crit par\" \/>\n\t<meta name=\"twitter:data1\" content=\"Yusra NY\" \/>\n\t<meta name=\"twitter:label2\" content=\"Dur\u00e9e de lecture estim\u00e9e\" \/>\n\t<meta name=\"twitter:data2\" content=\"1 minute\" \/>\n<script type=\"application\/ld+json\" class=\"yoast-schema-graph\">{\"@context\":\"https:\/\/schema.org\",\"@graph\":[{\"@type\":\"Article\",\"@id\":\"https:\/\/kapitalis.com\/tunisie\/2022\/03\/15\/tunisie-initialement-prevue-les-18-et-19-mars-la-greve-dans-le-secteur-des-carburants-reportee\/#article\",\"isPartOf\":{\"@id\":\"https:\/\/kapitalis.com\/tunisie\/2022\/03\/15\/tunisie-initialement-prevue-les-18-et-19-mars-la-greve-dans-le-secteur-des-carburants-reportee\/\"},\"author\":{\"name\":\"Yusra NY\",\"@id\":\"https:\/\/kapitalis.com\/tunisie\/#\/schema\/person\/74bbde0154d49d790a92aaeac5bc01d5\"},\"headline\":\"Tunisie : Initialement pr\u00e9vue les 18 et 19 mars, la gr\u00e8ve dans le secteur des carburants report\u00e9e\",\"datePublished\":\"2022-03-15T17:06:57+00:00\",\"dateModified\":\"2022-03-15T17:20:57+00:00\",\"mainEntityOfPage\":{\"@id\":\"https:\/\/kapitalis.com\/tunisie\/2022\/03\/15\/tunisie-initialement-prevue-les-18-et-19-mars-la-greve-dans-le-secteur-des-carburants-reportee\/\"},\"wordCount\":221,\"commentCount\":1,\"publisher\":{\"@id\":\"https:\/\/kapitalis.com\/tunisie\/#organization\"},\"image\":{\"@id\":\"https:\/\/kapitalis.com\/tunisie\/2022\/03\/15\/tunisie-initialement-prevue-les-18-et-19-mars-la-greve-dans-le-secteur-des-carburants-reportee\/#primaryimage\"},\"thumbnailUrl\":\"\",\"keywords\":[\"augmentation salaires\",\"report\",\"secteur des carburants\",\"Tunisie\",\"UGTT\",\"Utica\"],\"articleSection\":[\"SOCIETE\",\"Tunisie\"],\"inLanguage\":\"fr-FR\",\"potentialAction\":[{\"@type\":\"CommentAction\",\"name\":\"Comment\",\"target\":[\"https:\/\/kapitalis.com\/tunisie\/2022\/03\/15\/tunisie-initialement-prevue-les-18-et-19-mars-la-greve-dans-le-secteur-des-carburants-reportee\/#respond\"]}]},{\"@type\":\"WebPage\",\"@id\":\"https:\/\/kapitalis.com\/tunisie\/2022\/03\/15\/tunisie-initialement-prevue-les-18-et-19-mars-la-greve-dans-le-secteur-des-carburants-reportee\/\",\"url\":\"https:\/\/kapitalis.com\/tunisie\/2022\/03\/15\/tunisie-initialement-prevue-les-18-et-19-mars-la-greve-dans-le-secteur-des-carburants-reportee\/\",\"name\":\"Tunisie : Initialement pr\u00e9vue les 18 et 19 mars, la gr\u00e8ve dans le secteur des carburants report\u00e9e - Kapitalis\",\"isPartOf\":{\"@id\":\"https:\/\/kapitalis.com\/tunisie\/#website\"},\"primaryImageOfPage\":{\"@id\":\"https:\/\/kapitalis.com\/tunisie\/2022\/03\/15\/tunisie-initialement-prevue-les-18-et-19-mars-la-greve-dans-le-secteur-des-carburants-reportee\/#primaryimage\"},\"image\":{\"@id\":\"https:\/\/kapitalis.com\/tunisie\/2022\/03\/15\/tunisie-initialement-prevue-les-18-et-19-mars-la-greve-dans-le-secteur-des-carburants-reportee\/#primaryimage\"},\"thumbnailUrl\":\"\",\"datePublished\":\"2022-03-15T17:06:57+00:00\",\"dateModified\":\"2022-03-15T17:20:57+00:00\",\"breadcrumb\":{\"@id\":\"https:\/\/kapitalis.com\/tunisie\/2022\/03\/15\/tunisie-initialement-prevue-les-18-et-19-mars-la-greve-dans-le-secteur-des-carburants-reportee\/#breadcrumb\"},\"inLanguage\":\"fr-FR\",\"potentialAction\":[{\"@type\":\"ReadAction\",\"target\":[\"https:\/\/kapitalis.com\/tunisie\/2022\/03\/15\/tunisie-initialement-prevue-les-18-et-19-mars-la-greve-dans-le-secteur-des-carburants-reportee\/\"]}]},{\"@type\":\"ImageObject\",\"inLanguage\":\"fr-FR\",\"@id\":\"https:\/\/kapitalis.com\/tunisie\/2022\/03\/15\/tunisie-initialement-prevue-les-18-et-19-mars-la-greve-dans-le-secteur-des-carburants-reportee\/#primaryimage\",\"url\":\"\",\"contentUrl\":\"\"},{\"@type\":\"BreadcrumbList\",\"@id\":\"https:\/\/kapitalis.com\/tunisie\/2022\/03\/15\/tunisie-initialement-prevue-les-18-et-19-mars-la-greve-dans-le-secteur-des-carburants-reportee\/#breadcrumb\",\"itemListElement\":[{\"@type\":\"ListItem\",\"position\":1,\"name\":\"Accueil\",\"item\":\"https:\/\/kapitalis.com\/tunisie\/\"},{\"@type\":\"ListItem\",\"position\":2,\"name\":\"Tunisie : Initialement pr\u00e9vue les 18 et 19 mars, la gr\u00e8ve dans le secteur des carburants report\u00e9e\"}]},{\"@type\":\"WebSite\",\"@id\":\"https:\/\/kapitalis.com\/tunisie\/#website\",\"url\":\"https:\/\/kapitalis.com\/tunisie\/\",\"name\":\"Kapitalis\",\"description\":\"L&#039;actualit\u00e9 en Tunisie et dans le monde\",\"publisher\":{\"@id\":\"https:\/\/kapitalis.com\/tunisie\/#organization\"},\"potentialAction\":[{\"@type\":\"SearchAction\",\"target\":{\"@type\":\"EntryPoint\",\"urlTemplate\":\"https:\/\/kapitalis.com\/tunisie\/?s={search_term_string}\"},\"query-input\":{\"@type\":\"PropertyValueSpecification\",\"valueRequired\":true,\"valueName\":\"search_term_string\"}}],\"inLanguage\":\"fr-FR\"},{\"@type\":\"Organization\",\"@id\":\"https:\/\/kapitalis.com\/tunisie\/#organization\",\"name\":\"Kapitalis\",\"url\":\"https:\/\/kapitalis.com\/tunisie\/\",\"logo\":{\"@type\":\"ImageObject\",\"inLanguage\":\"fr-FR\",\"@id\":\"https:\/\/kapitalis.com\/tunisie\/#\/schema\/logo\/image\/\",\"url\":\"https:\/\/kapitalis.com\/tunisie\/wp-content\/uploads\/2022\/05\/Kapitalis-big-size.png\",\"contentUrl\":\"https:\/\/kapitalis.com\/tunisie\/wp-content\/uploads\/2022\/05\/Kapitalis-big-size.png\",\"width\":5000,\"height\":1500,\"caption\":\"Kapitalis\"},\"image\":{\"@id\":\"https:\/\/kapitalis.com\/tunisie\/#\/schema\/logo\/image\/\"},\"sameAs\":[\"https:\/\/www.facebook.com\/KapitalisInfo\/\",\"https:\/\/x.com\/KapitalisInfo\",\"https:\/\/www.youtube.com\/channel\/UC-yDYrHyfFBWWZaOw3FPg9Q\"]},{\"@type\":\"Person\",\"@id\":\"https:\/\/kapitalis.com\/tunisie\/#\/schema\/person\/74bbde0154d49d790a92aaeac5bc01d5\",\"name\":\"Yusra NY\",\"url\":\"https:\/\/kapitalis.com\/tunisie\/author\/yuza_adam\/\"}]}<\/script>\n<!-- \/ Yoast SEO plugin. -->","yoast_head_json":{"title":"Tunisie : Initialement pr\u00e9vue les 18 et 19 mars, la gr\u00e8ve dans le secteur des carburants report\u00e9e - Kapitalis","robots":{"index":"index","follow":"follow","max-snippet":"max-snippet:-1","max-image-preview":"max-image-preview:large","max-video-preview":"max-video-preview:-1"},"canonical":"https:\/\/kapitalis.com\/tunisie\/2022\/03\/15\/tunisie-initialement-prevue-les-18-et-19-mars-la-greve-dans-le-secteur-des-carburants-reportee\/","og_locale":"fr_FR","og_type":"article","og_title":"Tunisie : Initialement pr\u00e9vue les 18 et 19 mars, la gr\u00e8ve dans le secteur des carburants report\u00e9e - Kapitalis","og_description":"La F\u00e9d\u00e9ration g\u00e9n\u00e9rale du p\u00e9trole et des produits chimiques, a d\u00e9cid\u00e9 de reporter la gr\u00e8ve dans le secteur des carburants, initialement pr\u00e9vue les 18 et 19 mars 2022.","og_url":"https:\/\/kapitalis.com\/tunisie\/2022\/03\/15\/tunisie-initialement-prevue-les-18-et-19-mars-la-greve-dans-le-secteur-des-carburants-reportee\/","og_site_name":"Kapitalis","article_publisher":"https:\/\/www.facebook.com\/KapitalisInfo\/","article_published_time":"2022-03-15T17:06:57+00:00","article_modified_time":"2022-03-15T17:20:57+00:00","og_image":[{"width":1200,"height":630,"url":"https:\/\/kapitalis.com\/tunisie\/wp-content\/uploads\/2022\/05\/kapitalis-logo-fb.png","type":"image\/png"}],"author":"Yusra NY","twitter_card":"summary_large_image","twitter_creator":"@KapitalisInfo","twitter_site":"@KapitalisInfo","twitter_misc":{"\u00c9crit par":"Yusra NY","Dur\u00e9e de lecture estim\u00e9e":"1 minute"},"schema":{"@context":"https:\/\/schema.org","@graph":[{"@type":"Article","@id":"https:\/\/kapitalis.com\/tunisie\/2022\/03\/15\/tunisie-initialement-prevue-les-18-et-19-mars-la-greve-dans-le-secteur-des-carburants-reportee\/#article","isPartOf":{"@id":"https:\/\/kapitalis.com\/tunisie\/2022\/03\/15\/tunisie-initialement-prevue-les-18-et-19-mars-la-greve-dans-le-secteur-des-carburants-reportee\/"},"author":{"name":"Yusra NY","@id":"https:\/\/kapitalis.com\/tunisie\/#\/schema\/person\/74bbde0154d49d790a92aaeac5bc01d5"},"headline":"Tunisie : Initialement pr\u00e9vue les 18 et 19 mars, la gr\u00e8ve dans le secteur des carburants report\u00e9e","datePublished":"2022-03-15T17:06:57+00:00","dateModified":"2022-03-15T17:20:57+00:00","mainEntityOfPage":{"@id":"https:\/\/kapitalis.com\/tunisie\/2022\/03\/15\/tunisie-initialement-prevue-les-18-et-19-mars-la-greve-dans-le-secteur-des-carburants-reportee\/"},"wordCount":221,"commentCount":1,"publisher":{"@id":"https:\/\/kapitalis.com\/tunisie\/#organization"},"image":{"@id":"https:\/\/kapitalis.com\/tunisie\/2022\/03\/15\/tunisie-initialement-prevue-les-18-et-19-mars-la-greve-dans-le-secteur-des-carburants-reportee\/#primaryimage"},"thumbnailUrl":"","keywords":["augmentation salaires","report","secteur des carburants","Tunisie","UGTT","Utica"],"articleSection":["SOCIETE","Tunisie"],"inLanguage":"fr-FR","potentialAction":[{"@type":"CommentAction","name":"Comment","target":["https:\/\/kapitalis.com\/tunisie\/2022\/03\/15\/tunisie-initialement-prevue-les-18-et-19-mars-la-greve-dans-le-secteur-des-carburants-reportee\/#respond"]}]},{"@type":"WebPage","@id":"https:\/\/kapitalis.com\/tunisie\/2022\/03\/15\/tunisie-initialement-prevue-les-18-et-19-mars-la-greve-dans-le-secteur-des-carburants-reportee\/","url":"https:\/\/kapitalis.com\/tunisie\/2022\/03\/15\/tunisie-initialement-prevue-les-18-et-19-mars-la-greve-dans-le-secteur-des-carburants-reportee\/","name":"Tunisie : Initialement pr\u00e9vue les 18 et 19 mars, la gr\u00e8ve dans le secteur des carburants report\u00e9e - Kapitalis","isPartOf":{"@id":"https:\/\/kapitalis.com\/tunisie\/#website"},"primaryImageOfPage":{"@id":"https:\/\/kapitalis.com\/tunisie\/2022\/03\/15\/tunisie-initialement-prevue-les-18-et-19-mars-la-greve-dans-le-secteur-des-carburants-reportee\/#primaryimage"},"image":{"@id":"https:\/\/kapitalis.com\/tunisie\/2022\/03\/15\/tunisie-initialement-prevue-les-18-et-19-mars-la-greve-dans-le-secteur-des-carburants-reportee\/#primaryimage"},"thumbnailUrl":"","datePublished":"2022-03-15T17:06:57+00:00","dateModified":"2022-03-15T17:20:57+00:00","breadcrumb":{"@id":"https:\/\/kapitalis.com\/tunisie\/2022\/03\/15\/tunisie-initialement-prevue-les-18-et-19-mars-la-greve-dans-le-secteur-des-carburants-reportee\/#breadcrumb"},"inLanguage":"fr-FR","potentialAction":[{"@type":"ReadAction","target":["https:\/\/kapitalis.com\/tunisie\/2022\/03\/15\/tunisie-initialement-prevue-les-18-et-19-mars-la-greve-dans-le-secteur-des-carburants-reportee\/"]}]},{"@type":"ImageObject","inLanguage":"fr-FR","@id":"https:\/\/kapitalis.com\/tunisie\/2022\/03\/15\/tunisie-initialement-prevue-les-18-et-19-mars-la-greve-dans-le-secteur-des-carburants-reportee\/#primaryimage","url":"","contentUrl":""},{"@type":"BreadcrumbList","@id":"https:\/\/kapitalis.com\/tunisie\/2022\/03\/15\/tunisie-initialement-prevue-les-18-et-19-mars-la-greve-dans-le-secteur-des-carburants-reportee\/#breadcrumb","itemListElement":[{"@type":"ListItem","position":1,"name":"Accueil","item":"https:\/\/kapitalis.com\/tunisie\/"},{"@type":"ListItem","position":2,"name":"Tunisie : Initialement pr\u00e9vue les 18 et 19 mars, la gr\u00e8ve dans le secteur des carburants report\u00e9e"}]},{"@type":"WebSite","@id":"https:\/\/kapitalis.com\/tunisie\/#website","url":"https:\/\/kapitalis.com\/tunisie\/","name":"Kapitalis","description":"L&#039;actualit\u00e9 en Tunisie et dans le monde","publisher":{"@id":"https:\/\/kapitalis.com\/tunisie\/#organization"},"potentialAction":[{"@type":"SearchAction","target":{"@type":"EntryPoint","urlTemplate":"https:\/\/kapitalis.com\/tunisie\/?s={search_term_string}"},"query-input":{"@type":"PropertyValueSpecification","valueRequired":true,"valueName":"search_term_string"}}],"inLanguage":"fr-FR"},{"@type":"Organization","@id":"https:\/\/kapitalis.com\/tunisie\/#organization","name":"Kapitalis","url":"https:\/\/kapitalis.com\/tunisie\/","logo":{"@type":"ImageObject","inLanguage":"fr-FR","@id":"https:\/\/kapitalis.com\/tunisie\/#\/schema\/logo\/image\/","url":"https:\/\/kapitalis.com\/tunisie\/wp-content\/uploads\/2022\/05\/Kapitalis-big-size.png","contentUrl":"https:\/\/kapitalis.com\/tunisie\/wp-content\/uploads\/2022\/05\/Kapitalis-big-size.png","width":5000,"height":1500,"caption":"Kapitalis"},"image":{"@id":"https:\/\/kapitalis.com\/tunisie\/#\/schema\/logo\/image\/"},"sameAs":["https:\/\/www.facebook.com\/KapitalisInfo\/","https:\/\/x.com\/KapitalisInfo","https:\/\/www.youtube.com\/channel\/UC-yDYrHyfFBWWZaOw3FPg9Q"]},{"@type":"Person","@id":"https:\/\/kapitalis.com\/tunisie\/#\/schema\/person\/74bbde0154d49d790a92aaeac5bc01d5","name":"Yusra NY","url":"https:\/\/kapitalis.com\/tunisie\/author\/yuza_adam\/"}]}},"_links":{"self":[{"href":"https:\/\/kapitalis.com\/tunisie\/wp-json\/wp\/v2\/posts\/383974","targetHints":{"allow":["GET"]}}],"collection":[{"href":"https:\/\/kapitalis.com\/tunisie\/wp-json\/wp\/v2\/posts"}],"about":[{"href":"https:\/\/kapitalis.com\/tunisie\/wp-json\/wp\/v2\/types\/post"}],"author":[{"embeddable":true,"href":"https:\/\/kapitalis.com\/tunisie\/wp-json\/wp\/v2\/users\/6"}],"replies":[{"embeddable":true,"href":"https:\/\/kapitalis.com\/tunisie\/wp-json\/wp\/v2\/comments?post=383974"}],"version-history":[{"count":0,"href":"https:\/\/kapitalis.com\/tunisie\/wp-json\/wp\/v2\/posts\/383974\/revisions"}],"wp:featuredmedia":[{"embeddable":true,"href":"https:\/\/kapitalis.com\/tunisie\/wp-json\/wp\/v2\/media\/383975"}],"wp:attachment":[{"href":"https:\/\/kapitalis.com\/tunisie\/wp-json\/wp\/v2\/media?parent=383974"}],"wp:term":[{"taxonomy":"category","embeddable":true,"href":"https:\/\/kapitalis.com\/tunisie\/wp-json\/wp\/v2\/categories?post=383974"},{"taxonomy":"post_tag","embeddable":true,"href":"https:\/\/kapitalis.com\/tunisie\/wp-json\/wp\/v2\/tags?post=383974"}],"curies":[{"name":"wp","href":"https:\/\/api.w.org\/{rel}","templated":true}]}}