{"id":384066,"date":"2022-03-16T11:48:33","date_gmt":"2022-03-16T10:48:33","guid":{"rendered":"http:\/\/kapitalis.com\/tunisie\/?p=384066"},"modified":"2022-03-16T11:50:25","modified_gmt":"2022-03-16T10:50:25","slug":"cinema-notre-dame-brule-en-avant-premiere-a-tunis","status":"publish","type":"post","link":"https:\/\/kapitalis.com\/tunisie\/2022\/03\/16\/cinema-notre-dame-brule-en-avant-premiere-a-tunis\/","title":{"rendered":"Cin\u00e9ma : \u00ab Notre-Dame br\u00fble \u00bb en avant-premi\u00e8re \u00e0 Tunis"},"content":{"rendered":"\n<div class=\"wp-block-image\"><figure class=\"aligncenter size-full\"><img decoding=\"async\" src=\"http:\/\/kapitalis.com\/tunisie\/wp-content\/uploads\/2022\/03\/Untitled-4-3.jpg\" alt=\"\" class=\"wp-image-384071\"\/><\/figure><\/div>\n\n\n\n<p><strong><em>Le film franco-italien \u00ab\u00a0Notre-Dame br\u00fble\u00a0\u00bb de Jean-Jacques Annaud sera projet\u00e9 en avant-premi\u00e8re\u00a0 tunisienne aujourd\u2019hui, mercredi 16 mars, \u00e0 l\u2019Institut Fran\u00e7ais de Tunisie (IFT). Le film revient sur l\u2019incendie de Notre-Dame de Paris survenu en avril 2019.<\/em><\/strong><\/p>\n\n\n\n<!--more-->\n\n\n\n<p>Trois ans apr\u00e8s le terrible incendie ayant touch\u00e9 la cath\u00e9drale Notre-Dame de Paris (avril 2019), le r\u00e9alisateur et producteur fran\u00e7ais Jean-Jacques Annaud sort le premier film de fiction sur ce sinistre ayant caus\u00e9 entre-autres l\u2019effondrement de la fl\u00e8che.<\/p>\n\n\n\n<p>Le film sort aujourd\u2019hui en France et le public tunisien aura \u00e9galement la chance de d\u00e9couvrir le film en avant-premi\u00e8re ce soir \u00e0 l\u2019IFT.<\/p>\n\n\n\n<p>Le film revient donc sur l\u2019incendie du 15 avril 2019 mais aussi sur le courage de tous ceux qui ont tout fait pour sauver l\u2019\u00e9difice, et sur la grande \u00e9motion que l\u2019incendie a entrain\u00e9e aussi bien en France que dans le monde.<\/p>\n\n\n\n<p>Le casting r\u00e9unit entre-autres Samuel Labarthe, Jean-Paul Bordes, Mikha\u00ebl Chirinian &#8230;<\/p>\n\n\n\n<p class=\"has-text-align-right\"><strong>F.B<\/strong><\/p>\n","protected":false},"excerpt":{"rendered":"<p>Le film franco-italien \u00ab\u00a0Notre-Dame br\u00fble\u00a0\u00bb de Jean-Jacques Annaud sera projet\u00e9 en avant-premi\u00e8re\u00a0 tunisienne aujourd\u2019hui, mercredi 16 mars, \u00e0 l\u2019Institut Fran\u00e7ais de Tunisie (IFT). Le film revient sur l\u2019incendie de Notre-Dame de Paris survenu en avril 2019.<\/p>\n","protected":false},"author":26,"featured_media":384071,"comment_status":"open","ping_status":"open","sticky":false,"template":"","format":"standard","meta":{"footnotes":""},"categories":[994,2433],"tags":[98193,462,98194,62643],"class_list":["post-384066","post","type-post","status-publish","format-standard","has-post-thumbnail","hentry","category-culture","category-tunisie","tag-film-notre-dame-brule","tag-ift","tag-notre-dame-de-paris","tag-tunisie"],"yoast_head":"<!-- This site is optimized with the Yoast SEO plugin v26.6 - https:\/\/yoast.com\/wordpress\/plugins\/seo\/ -->\n<title>Cin\u00e9ma : \u00ab Notre-Dame br\u00fble \u00bb en avant-premi\u00e8re \u00e0 Tunis - Kapitalis<\/title>\n<meta name=\"robots\" content=\"index, follow, max-snippet:-1, max-image-preview:large, max-video-preview:-1\" \/>\n<link rel=\"canonical\" href=\"https:\/\/kapitalis.com\/tunisie\/2022\/03\/16\/cinema-notre-dame-brule-en-avant-premiere-a-tunis\/\" \/>\n<meta property=\"og:locale\" content=\"fr_FR\" \/>\n<meta property=\"og:type\" content=\"article\" \/>\n<meta property=\"og:title\" content=\"Cin\u00e9ma : \u00ab Notre-Dame br\u00fble \u00bb en avant-premi\u00e8re \u00e0 Tunis - Kapitalis\" \/>\n<meta property=\"og:description\" content=\"Le film franco-italien \u00ab\u00a0Notre-Dame br\u00fble\u00a0\u00bb de Jean-Jacques Annaud sera projet\u00e9 en avant-premi\u00e8re\u00a0 tunisienne aujourd\u2019hui, mercredi 16 mars, \u00e0 l\u2019Institut Fran\u00e7ais de Tunisie (IFT). Le film revient sur l\u2019incendie de Notre-Dame de Paris survenu en avril 2019.\" \/>\n<meta property=\"og:url\" content=\"https:\/\/kapitalis.com\/tunisie\/2022\/03\/16\/cinema-notre-dame-brule-en-avant-premiere-a-tunis\/\" \/>\n<meta property=\"og:site_name\" content=\"Kapitalis\" \/>\n<meta property=\"article:publisher\" content=\"https:\/\/www.facebook.com\/KapitalisInfo\/\" \/>\n<meta property=\"article:published_time\" content=\"2022-03-16T10:48:33+00:00\" \/>\n<meta property=\"article:modified_time\" content=\"2022-03-16T10:50:25+00:00\" \/>\n<meta property=\"og:image\" content=\"https:\/\/kapitalis.com\/tunisie\/wp-content\/uploads\/2022\/05\/kapitalis-logo-fb.png\" \/>\n\t<meta property=\"og:image:width\" content=\"1200\" \/>\n\t<meta property=\"og:image:height\" content=\"630\" \/>\n\t<meta property=\"og:image:type\" content=\"image\/png\" \/>\n<meta name=\"author\" content=\"Fawz BenAli\" \/>\n<meta name=\"twitter:card\" content=\"summary_large_image\" \/>\n<meta name=\"twitter:creator\" content=\"@KapitalisInfo\" \/>\n<meta name=\"twitter:site\" content=\"@KapitalisInfo\" \/>\n<meta name=\"twitter:label1\" content=\"\u00c9crit par\" \/>\n\t<meta name=\"twitter:data1\" content=\"Fawz BenAli\" \/>\n\t<meta name=\"twitter:label2\" content=\"Dur\u00e9e de lecture estim\u00e9e\" \/>\n\t<meta name=\"twitter:data2\" content=\"1 minute\" \/>\n<script type=\"application\/ld+json\" class=\"yoast-schema-graph\">{\"@context\":\"https:\/\/schema.org\",\"@graph\":[{\"@type\":\"Article\",\"@id\":\"https:\/\/kapitalis.com\/tunisie\/2022\/03\/16\/cinema-notre-dame-brule-en-avant-premiere-a-tunis\/#article\",\"isPartOf\":{\"@id\":\"https:\/\/kapitalis.com\/tunisie\/2022\/03\/16\/cinema-notre-dame-brule-en-avant-premiere-a-tunis\/\"},\"author\":{\"name\":\"Fawz BenAli\",\"@id\":\"https:\/\/kapitalis.com\/tunisie\/#\/schema\/person\/73a5ecc1f6ae540c6ed91342eadca948\"},\"headline\":\"Cin\u00e9ma : \u00ab Notre-Dame br\u00fble \u00bb en avant-premi\u00e8re \u00e0 Tunis\",\"datePublished\":\"2022-03-16T10:48:33+00:00\",\"dateModified\":\"2022-03-16T10:50:25+00:00\",\"mainEntityOfPage\":{\"@id\":\"https:\/\/kapitalis.com\/tunisie\/2022\/03\/16\/cinema-notre-dame-brule-en-avant-premiere-a-tunis\/\"},\"wordCount\":176,\"commentCount\":0,\"publisher\":{\"@id\":\"https:\/\/kapitalis.com\/tunisie\/#organization\"},\"image\":{\"@id\":\"https:\/\/kapitalis.com\/tunisie\/2022\/03\/16\/cinema-notre-dame-brule-en-avant-premiere-a-tunis\/#primaryimage\"},\"thumbnailUrl\":\"\",\"keywords\":[\"film Notre-Dame br\u00fble\",\"IFT\",\"Notre-Dame de Paris\",\"Tunisie\"],\"articleSection\":[\"CULTURE\",\"Tunisie\"],\"inLanguage\":\"fr-FR\",\"potentialAction\":[{\"@type\":\"CommentAction\",\"name\":\"Comment\",\"target\":[\"https:\/\/kapitalis.com\/tunisie\/2022\/03\/16\/cinema-notre-dame-brule-en-avant-premiere-a-tunis\/#respond\"]}]},{\"@type\":\"WebPage\",\"@id\":\"https:\/\/kapitalis.com\/tunisie\/2022\/03\/16\/cinema-notre-dame-brule-en-avant-premiere-a-tunis\/\",\"url\":\"https:\/\/kapitalis.com\/tunisie\/2022\/03\/16\/cinema-notre-dame-brule-en-avant-premiere-a-tunis\/\",\"name\":\"Cin\u00e9ma : \u00ab Notre-Dame br\u00fble \u00bb en avant-premi\u00e8re \u00e0 Tunis - Kapitalis\",\"isPartOf\":{\"@id\":\"https:\/\/kapitalis.com\/tunisie\/#website\"},\"primaryImageOfPage\":{\"@id\":\"https:\/\/kapitalis.com\/tunisie\/2022\/03\/16\/cinema-notre-dame-brule-en-avant-premiere-a-tunis\/#primaryimage\"},\"image\":{\"@id\":\"https:\/\/kapitalis.com\/tunisie\/2022\/03\/16\/cinema-notre-dame-brule-en-avant-premiere-a-tunis\/#primaryimage\"},\"thumbnailUrl\":\"\",\"datePublished\":\"2022-03-16T10:48:33+00:00\",\"dateModified\":\"2022-03-16T10:50:25+00:00\",\"breadcrumb\":{\"@id\":\"https:\/\/kapitalis.com\/tunisie\/2022\/03\/16\/cinema-notre-dame-brule-en-avant-premiere-a-tunis\/#breadcrumb\"},\"inLanguage\":\"fr-FR\",\"potentialAction\":[{\"@type\":\"ReadAction\",\"target\":[\"https:\/\/kapitalis.com\/tunisie\/2022\/03\/16\/cinema-notre-dame-brule-en-avant-premiere-a-tunis\/\"]}]},{\"@type\":\"ImageObject\",\"inLanguage\":\"fr-FR\",\"@id\":\"https:\/\/kapitalis.com\/tunisie\/2022\/03\/16\/cinema-notre-dame-brule-en-avant-premiere-a-tunis\/#primaryimage\",\"url\":\"\",\"contentUrl\":\"\"},{\"@type\":\"BreadcrumbList\",\"@id\":\"https:\/\/kapitalis.com\/tunisie\/2022\/03\/16\/cinema-notre-dame-brule-en-avant-premiere-a-tunis\/#breadcrumb\",\"itemListElement\":[{\"@type\":\"ListItem\",\"position\":1,\"name\":\"Accueil\",\"item\":\"https:\/\/kapitalis.com\/tunisie\/\"},{\"@type\":\"ListItem\",\"position\":2,\"name\":\"Cin\u00e9ma : \u00ab Notre-Dame br\u00fble \u00bb en avant-premi\u00e8re \u00e0 Tunis\"}]},{\"@type\":\"WebSite\",\"@id\":\"https:\/\/kapitalis.com\/tunisie\/#website\",\"url\":\"https:\/\/kapitalis.com\/tunisie\/\",\"name\":\"Kapitalis\",\"description\":\"L&#039;actualit\u00e9 en Tunisie et dans le monde\",\"publisher\":{\"@id\":\"https:\/\/kapitalis.com\/tunisie\/#organization\"},\"potentialAction\":[{\"@type\":\"SearchAction\",\"target\":{\"@type\":\"EntryPoint\",\"urlTemplate\":\"https:\/\/kapitalis.com\/tunisie\/?s={search_term_string}\"},\"query-input\":{\"@type\":\"PropertyValueSpecification\",\"valueRequired\":true,\"valueName\":\"search_term_string\"}}],\"inLanguage\":\"fr-FR\"},{\"@type\":\"Organization\",\"@id\":\"https:\/\/kapitalis.com\/tunisie\/#organization\",\"name\":\"Kapitalis\",\"url\":\"https:\/\/kapitalis.com\/tunisie\/\",\"logo\":{\"@type\":\"ImageObject\",\"inLanguage\":\"fr-FR\",\"@id\":\"https:\/\/kapitalis.com\/tunisie\/#\/schema\/logo\/image\/\",\"url\":\"https:\/\/kapitalis.com\/tunisie\/wp-content\/uploads\/2022\/05\/Kapitalis-big-size.png\",\"contentUrl\":\"https:\/\/kapitalis.com\/tunisie\/wp-content\/uploads\/2022\/05\/Kapitalis-big-size.png\",\"width\":5000,\"height\":1500,\"caption\":\"Kapitalis\"},\"image\":{\"@id\":\"https:\/\/kapitalis.com\/tunisie\/#\/schema\/logo\/image\/\"},\"sameAs\":[\"https:\/\/www.facebook.com\/KapitalisInfo\/\",\"https:\/\/x.com\/KapitalisInfo\",\"https:\/\/www.youtube.com\/channel\/UC-yDYrHyfFBWWZaOw3FPg9Q\"]},{\"@type\":\"Person\",\"@id\":\"https:\/\/kapitalis.com\/tunisie\/#\/schema\/person\/73a5ecc1f6ae540c6ed91342eadca948\",\"name\":\"Fawz BenAli\",\"url\":\"https:\/\/kapitalis.com\/tunisie\/author\/fawz\/\"}]}<\/script>\n<!-- \/ Yoast SEO plugin. -->","yoast_head_json":{"title":"Cin\u00e9ma : \u00ab Notre-Dame br\u00fble \u00bb en avant-premi\u00e8re \u00e0 Tunis - Kapitalis","robots":{"index":"index","follow":"follow","max-snippet":"max-snippet:-1","max-image-preview":"max-image-preview:large","max-video-preview":"max-video-preview:-1"},"canonical":"https:\/\/kapitalis.com\/tunisie\/2022\/03\/16\/cinema-notre-dame-brule-en-avant-premiere-a-tunis\/","og_locale":"fr_FR","og_type":"article","og_title":"Cin\u00e9ma : \u00ab Notre-Dame br\u00fble \u00bb en avant-premi\u00e8re \u00e0 Tunis - Kapitalis","og_description":"Le film franco-italien \u00ab\u00a0Notre-Dame br\u00fble\u00a0\u00bb de Jean-Jacques Annaud sera projet\u00e9 en avant-premi\u00e8re\u00a0 tunisienne aujourd\u2019hui, mercredi 16 mars, \u00e0 l\u2019Institut Fran\u00e7ais de Tunisie (IFT). Le film revient sur l\u2019incendie de Notre-Dame de Paris survenu en avril 2019.","og_url":"https:\/\/kapitalis.com\/tunisie\/2022\/03\/16\/cinema-notre-dame-brule-en-avant-premiere-a-tunis\/","og_site_name":"Kapitalis","article_publisher":"https:\/\/www.facebook.com\/KapitalisInfo\/","article_published_time":"2022-03-16T10:48:33+00:00","article_modified_time":"2022-03-16T10:50:25+00:00","og_image":[{"width":1200,"height":630,"url":"https:\/\/kapitalis.com\/tunisie\/wp-content\/uploads\/2022\/05\/kapitalis-logo-fb.png","type":"image\/png"}],"author":"Fawz BenAli","twitter_card":"summary_large_image","twitter_creator":"@KapitalisInfo","twitter_site":"@KapitalisInfo","twitter_misc":{"\u00c9crit par":"Fawz BenAli","Dur\u00e9e de lecture estim\u00e9e":"1 minute"},"schema":{"@context":"https:\/\/schema.org","@graph":[{"@type":"Article","@id":"https:\/\/kapitalis.com\/tunisie\/2022\/03\/16\/cinema-notre-dame-brule-en-avant-premiere-a-tunis\/#article","isPartOf":{"@id":"https:\/\/kapitalis.com\/tunisie\/2022\/03\/16\/cinema-notre-dame-brule-en-avant-premiere-a-tunis\/"},"author":{"name":"Fawz BenAli","@id":"https:\/\/kapitalis.com\/tunisie\/#\/schema\/person\/73a5ecc1f6ae540c6ed91342eadca948"},"headline":"Cin\u00e9ma : \u00ab Notre-Dame br\u00fble \u00bb en avant-premi\u00e8re \u00e0 Tunis","datePublished":"2022-03-16T10:48:33+00:00","dateModified":"2022-03-16T10:50:25+00:00","mainEntityOfPage":{"@id":"https:\/\/kapitalis.com\/tunisie\/2022\/03\/16\/cinema-notre-dame-brule-en-avant-premiere-a-tunis\/"},"wordCount":176,"commentCount":0,"publisher":{"@id":"https:\/\/kapitalis.com\/tunisie\/#organization"},"image":{"@id":"https:\/\/kapitalis.com\/tunisie\/2022\/03\/16\/cinema-notre-dame-brule-en-avant-premiere-a-tunis\/#primaryimage"},"thumbnailUrl":"","keywords":["film Notre-Dame br\u00fble","IFT","Notre-Dame de Paris","Tunisie"],"articleSection":["CULTURE","Tunisie"],"inLanguage":"fr-FR","potentialAction":[{"@type":"CommentAction","name":"Comment","target":["https:\/\/kapitalis.com\/tunisie\/2022\/03\/16\/cinema-notre-dame-brule-en-avant-premiere-a-tunis\/#respond"]}]},{"@type":"WebPage","@id":"https:\/\/kapitalis.com\/tunisie\/2022\/03\/16\/cinema-notre-dame-brule-en-avant-premiere-a-tunis\/","url":"https:\/\/kapitalis.com\/tunisie\/2022\/03\/16\/cinema-notre-dame-brule-en-avant-premiere-a-tunis\/","name":"Cin\u00e9ma : \u00ab Notre-Dame br\u00fble \u00bb en avant-premi\u00e8re \u00e0 Tunis - Kapitalis","isPartOf":{"@id":"https:\/\/kapitalis.com\/tunisie\/#website"},"primaryImageOfPage":{"@id":"https:\/\/kapitalis.com\/tunisie\/2022\/03\/16\/cinema-notre-dame-brule-en-avant-premiere-a-tunis\/#primaryimage"},"image":{"@id":"https:\/\/kapitalis.com\/tunisie\/2022\/03\/16\/cinema-notre-dame-brule-en-avant-premiere-a-tunis\/#primaryimage"},"thumbnailUrl":"","datePublished":"2022-03-16T10:48:33+00:00","dateModified":"2022-03-16T10:50:25+00:00","breadcrumb":{"@id":"https:\/\/kapitalis.com\/tunisie\/2022\/03\/16\/cinema-notre-dame-brule-en-avant-premiere-a-tunis\/#breadcrumb"},"inLanguage":"fr-FR","potentialAction":[{"@type":"ReadAction","target":["https:\/\/kapitalis.com\/tunisie\/2022\/03\/16\/cinema-notre-dame-brule-en-avant-premiere-a-tunis\/"]}]},{"@type":"ImageObject","inLanguage":"fr-FR","@id":"https:\/\/kapitalis.com\/tunisie\/2022\/03\/16\/cinema-notre-dame-brule-en-avant-premiere-a-tunis\/#primaryimage","url":"","contentUrl":""},{"@type":"BreadcrumbList","@id":"https:\/\/kapitalis.com\/tunisie\/2022\/03\/16\/cinema-notre-dame-brule-en-avant-premiere-a-tunis\/#breadcrumb","itemListElement":[{"@type":"ListItem","position":1,"name":"Accueil","item":"https:\/\/kapitalis.com\/tunisie\/"},{"@type":"ListItem","position":2,"name":"Cin\u00e9ma : \u00ab Notre-Dame br\u00fble \u00bb en avant-premi\u00e8re \u00e0 Tunis"}]},{"@type":"WebSite","@id":"https:\/\/kapitalis.com\/tunisie\/#website","url":"https:\/\/kapitalis.com\/tunisie\/","name":"Kapitalis","description":"L&#039;actualit\u00e9 en Tunisie et dans le monde","publisher":{"@id":"https:\/\/kapitalis.com\/tunisie\/#organization"},"potentialAction":[{"@type":"SearchAction","target":{"@type":"EntryPoint","urlTemplate":"https:\/\/kapitalis.com\/tunisie\/?s={search_term_string}"},"query-input":{"@type":"PropertyValueSpecification","valueRequired":true,"valueName":"search_term_string"}}],"inLanguage":"fr-FR"},{"@type":"Organization","@id":"https:\/\/kapitalis.com\/tunisie\/#organization","name":"Kapitalis","url":"https:\/\/kapitalis.com\/tunisie\/","logo":{"@type":"ImageObject","inLanguage":"fr-FR","@id":"https:\/\/kapitalis.com\/tunisie\/#\/schema\/logo\/image\/","url":"https:\/\/kapitalis.com\/tunisie\/wp-content\/uploads\/2022\/05\/Kapitalis-big-size.png","contentUrl":"https:\/\/kapitalis.com\/tunisie\/wp-content\/uploads\/2022\/05\/Kapitalis-big-size.png","width":5000,"height":1500,"caption":"Kapitalis"},"image":{"@id":"https:\/\/kapitalis.com\/tunisie\/#\/schema\/logo\/image\/"},"sameAs":["https:\/\/www.facebook.com\/KapitalisInfo\/","https:\/\/x.com\/KapitalisInfo","https:\/\/www.youtube.com\/channel\/UC-yDYrHyfFBWWZaOw3FPg9Q"]},{"@type":"Person","@id":"https:\/\/kapitalis.com\/tunisie\/#\/schema\/person\/73a5ecc1f6ae540c6ed91342eadca948","name":"Fawz BenAli","url":"https:\/\/kapitalis.com\/tunisie\/author\/fawz\/"}]}},"_links":{"self":[{"href":"https:\/\/kapitalis.com\/tunisie\/wp-json\/wp\/v2\/posts\/384066","targetHints":{"allow":["GET"]}}],"collection":[{"href":"https:\/\/kapitalis.com\/tunisie\/wp-json\/wp\/v2\/posts"}],"about":[{"href":"https:\/\/kapitalis.com\/tunisie\/wp-json\/wp\/v2\/types\/post"}],"author":[{"embeddable":true,"href":"https:\/\/kapitalis.com\/tunisie\/wp-json\/wp\/v2\/users\/26"}],"replies":[{"embeddable":true,"href":"https:\/\/kapitalis.com\/tunisie\/wp-json\/wp\/v2\/comments?post=384066"}],"version-history":[{"count":0,"href":"https:\/\/kapitalis.com\/tunisie\/wp-json\/wp\/v2\/posts\/384066\/revisions"}],"wp:featuredmedia":[{"embeddable":true,"href":"https:\/\/kapitalis.com\/tunisie\/wp-json\/wp\/v2\/media\/384071"}],"wp:attachment":[{"href":"https:\/\/kapitalis.com\/tunisie\/wp-json\/wp\/v2\/media?parent=384066"}],"wp:term":[{"taxonomy":"category","embeddable":true,"href":"https:\/\/kapitalis.com\/tunisie\/wp-json\/wp\/v2\/categories?post=384066"},{"taxonomy":"post_tag","embeddable":true,"href":"https:\/\/kapitalis.com\/tunisie\/wp-json\/wp\/v2\/tags?post=384066"}],"curies":[{"name":"wp","href":"https:\/\/api.w.org\/{rel}","templated":true}]}}