{"id":384209,"date":"2022-03-17T11:10:48","date_gmt":"2022-03-17T10:10:48","guid":{"rendered":"http:\/\/kapitalis.com\/tunisie\/?p=384209"},"modified":"2022-03-17T11:13:07","modified_gmt":"2022-03-17T10:13:07","slug":"football-le-tunisien-mohamed-drager-elu-joueur-du-mois-au-fc-lucerne","status":"publish","type":"post","link":"https:\/\/kapitalis.com\/tunisie\/2022\/03\/17\/football-le-tunisien-mohamed-drager-elu-joueur-du-mois-au-fc-lucerne\/","title":{"rendered":"Football : Le Tunisien Mohamed Dr\u00e4ger \u00e9lu joueur du mois au FC Lucerne"},"content":{"rendered":"\n<div class=\"wp-block-image\"><figure class=\"aligncenter size-full\"><img decoding=\"async\" src=\"http:\/\/kapitalis.com\/tunisie\/wp-content\/uploads\/2022\/02\/mohamed-drager-fc-luzerne.jpg\" alt=\"\" class=\"wp-image-379354\"\/><\/figure><\/div>\n\n\n\n<p><em><strong>Arriv\u00e9 l&rsquo;hiver dernier au championnat de Suisse de football, l&rsquo;arri\u00e8re lat\u00e9ral droit tunisien, Mohamed Dr\u00e4ger, brille d\u00e9j\u00e0. Au mois de f\u00e9vrier 2022, soit le premier qu&rsquo;il a disput\u00e9 int\u00e9gralement avec sa nouvelle \u00e9quipe, le FC Lucerne, il a \u00e9t\u00e9 \u00e9lu par les supporters du club comme le meilleur joueur.<\/strong><\/em><\/p>\n\n\n\n<!--more-->\n\n\n\n<p>Au cours du mois de f\u00e9vrier, l&rsquo;ancien joueur du Nottingham Forrest (2e division anglaise) a disput\u00e9 5 rencontres, marquant 2 buts et offrant 2 passes d\u00e9cisives. Des statistiques offensives excellentes, surtout au vu de son poste assez recul\u00e9 sur le terrain.<\/p>\n\n\n\n<p>Le FC Lucerne, gr\u00e2ce notamment \u00e0 l&rsquo;apport ind\u00e9niable de Dr\u00e4ger n&rsquo;est plus lanterne rouge (poste qu&rsquo;il occupait \u00e0 l&rsquo;arriv\u00e9e du Tunisien) et devrait pouvoir disputer les barrages pour se maintenir, puisqu&rsquo;il est d\u00e9sormais \u00e0 9 points de la derni\u00e8re place (occup\u00e9e d\u00e9sormais par le FC Lausanne) synonyme de rel\u00e9gation directe.<\/p>\n\n\n\n<p>A 25 ans, Dr\u00e4ger est en train de relancer sa carri\u00e8re de la plus belle des mani\u00e8res, lui qui est consid\u00e9r\u00e9 comme une valeur sure au sein de l&rsquo;\u00e9quipe nationale tunisienne, malgr\u00e9 sa CAN en demi-teinte, principalement pour des raisons physiques (retour d&rsquo;une grave blessure et contamination par la Covid-19 en d\u00e9but de comp\u00e9tition). <\/p>\n\n\n\n<p class=\"has-text-align-right\"><strong>C. B. Y.<\/strong><\/p>\n\n\n\n<p class=\"has-text-align-left\">http:\/\/kapitalis.com\/tunisie\/2022\/02\/02\/football-le-tunisien-mohamed-drager-rejoint-le-fc-luzern\/<strong> <\/strong><\/p>\n","protected":false},"excerpt":{"rendered":"<p>Arriv\u00e9 l&rsquo;hiver dernier au championnat de Suisse de football, l&rsquo;arri\u00e8re lat\u00e9ral droit tunisien, Mohamed Dr\u00e4ger, brille d\u00e9j\u00e0. Au mois de f\u00e9vrier 2022, soit le premier qu&rsquo;il a disput\u00e9 int\u00e9gralement avec sa nouvelle \u00e9quipe, le FC Lucerne, il a \u00e9t\u00e9 \u00e9lu par les supporters du club comme le meilleur joueur.<\/p>\n","protected":false},"author":24,"featured_media":0,"comment_status":"open","ping_status":"open","sticky":false,"template":"","format":"standard","meta":{"footnotes":""},"categories":[999,2433],"tags":[98221,87992,98222],"class_list":["post-384209","post","type-post","status-publish","format-standard","hentry","category-sport","category-tunisie","tag-fc-lucerne","tag-mohamed-drager","tag-nottingham-forrest"],"yoast_head":"<!-- This site is optimized with the Yoast SEO plugin v26.6 - https:\/\/yoast.com\/wordpress\/plugins\/seo\/ -->\n<title>Football : Le Tunisien Mohamed Dr\u00e4ger \u00e9lu joueur du mois au FC Lucerne - Kapitalis<\/title>\n<meta name=\"robots\" content=\"index, follow, max-snippet:-1, max-image-preview:large, max-video-preview:-1\" \/>\n<link rel=\"canonical\" href=\"https:\/\/kapitalis.com\/tunisie\/2022\/03\/17\/football-le-tunisien-mohamed-drager-elu-joueur-du-mois-au-fc-lucerne\/\" \/>\n<meta property=\"og:locale\" content=\"fr_FR\" \/>\n<meta property=\"og:type\" content=\"article\" \/>\n<meta property=\"og:title\" content=\"Football : Le Tunisien Mohamed Dr\u00e4ger \u00e9lu joueur du mois au FC Lucerne - Kapitalis\" \/>\n<meta property=\"og:description\" content=\"Arriv\u00e9 l&rsquo;hiver dernier au championnat de Suisse de football, l&rsquo;arri\u00e8re lat\u00e9ral droit tunisien, Mohamed Dr\u00e4ger, brille d\u00e9j\u00e0. Au mois de f\u00e9vrier 2022, soit le premier qu&rsquo;il a disput\u00e9 int\u00e9gralement avec sa nouvelle \u00e9quipe, le FC Lucerne, il a \u00e9t\u00e9 \u00e9lu par les supporters du club comme le meilleur joueur.\" \/>\n<meta property=\"og:url\" content=\"https:\/\/kapitalis.com\/tunisie\/2022\/03\/17\/football-le-tunisien-mohamed-drager-elu-joueur-du-mois-au-fc-lucerne\/\" \/>\n<meta property=\"og:site_name\" content=\"Kapitalis\" \/>\n<meta property=\"article:publisher\" content=\"https:\/\/www.facebook.com\/KapitalisInfo\/\" \/>\n<meta property=\"article:published_time\" content=\"2022-03-17T10:10:48+00:00\" \/>\n<meta property=\"article:modified_time\" content=\"2022-03-17T10:13:07+00:00\" \/>\n<meta property=\"og:image\" content=\"http:\/\/kapitalis.com\/tunisie\/wp-content\/uploads\/2022\/02\/mohamed-drager-fc-luzerne.jpg\" \/>\n<meta name=\"author\" content=\"Cherif Benyounes\" \/>\n<meta name=\"twitter:card\" content=\"summary_large_image\" \/>\n<meta name=\"twitter:creator\" content=\"@KapitalisInfo\" \/>\n<meta name=\"twitter:site\" content=\"@KapitalisInfo\" \/>\n<meta name=\"twitter:label1\" content=\"\u00c9crit par\" \/>\n\t<meta name=\"twitter:data1\" content=\"Cherif Benyounes\" \/>\n\t<meta name=\"twitter:label2\" content=\"Dur\u00e9e de lecture estim\u00e9e\" \/>\n\t<meta name=\"twitter:data2\" content=\"1 minute\" \/>\n<script type=\"application\/ld+json\" class=\"yoast-schema-graph\">{\"@context\":\"https:\/\/schema.org\",\"@graph\":[{\"@type\":\"Article\",\"@id\":\"https:\/\/kapitalis.com\/tunisie\/2022\/03\/17\/football-le-tunisien-mohamed-drager-elu-joueur-du-mois-au-fc-lucerne\/#article\",\"isPartOf\":{\"@id\":\"https:\/\/kapitalis.com\/tunisie\/2022\/03\/17\/football-le-tunisien-mohamed-drager-elu-joueur-du-mois-au-fc-lucerne\/\"},\"author\":{\"name\":\"Cherif Benyounes\",\"@id\":\"https:\/\/kapitalis.com\/tunisie\/#\/schema\/person\/b35b8d631961131107263178aeb8019e\"},\"headline\":\"Football : Le Tunisien Mohamed Dr\u00e4ger \u00e9lu joueur du mois au FC Lucerne\",\"datePublished\":\"2022-03-17T10:10:48+00:00\",\"dateModified\":\"2022-03-17T10:13:07+00:00\",\"mainEntityOfPage\":{\"@id\":\"https:\/\/kapitalis.com\/tunisie\/2022\/03\/17\/football-le-tunisien-mohamed-drager-elu-joueur-du-mois-au-fc-lucerne\/\"},\"wordCount\":230,\"commentCount\":0,\"publisher\":{\"@id\":\"https:\/\/kapitalis.com\/tunisie\/#organization\"},\"image\":{\"@id\":\"https:\/\/kapitalis.com\/tunisie\/2022\/03\/17\/football-le-tunisien-mohamed-drager-elu-joueur-du-mois-au-fc-lucerne\/#primaryimage\"},\"thumbnailUrl\":\"http:\/\/kapitalis.com\/tunisie\/wp-content\/uploads\/2022\/02\/mohamed-drager-fc-luzerne.jpg\",\"keywords\":[\"FC Lucerne\",\"Mohamed Dr\u00e4ger\",\"Nottingham Forrest\"],\"articleSection\":[\"SPORT\",\"Tunisie\"],\"inLanguage\":\"fr-FR\",\"potentialAction\":[{\"@type\":\"CommentAction\",\"name\":\"Comment\",\"target\":[\"https:\/\/kapitalis.com\/tunisie\/2022\/03\/17\/football-le-tunisien-mohamed-drager-elu-joueur-du-mois-au-fc-lucerne\/#respond\"]}]},{\"@type\":\"WebPage\",\"@id\":\"https:\/\/kapitalis.com\/tunisie\/2022\/03\/17\/football-le-tunisien-mohamed-drager-elu-joueur-du-mois-au-fc-lucerne\/\",\"url\":\"https:\/\/kapitalis.com\/tunisie\/2022\/03\/17\/football-le-tunisien-mohamed-drager-elu-joueur-du-mois-au-fc-lucerne\/\",\"name\":\"Football : Le Tunisien Mohamed Dr\u00e4ger \u00e9lu joueur du mois au FC Lucerne - Kapitalis\",\"isPartOf\":{\"@id\":\"https:\/\/kapitalis.com\/tunisie\/#website\"},\"primaryImageOfPage\":{\"@id\":\"https:\/\/kapitalis.com\/tunisie\/2022\/03\/17\/football-le-tunisien-mohamed-drager-elu-joueur-du-mois-au-fc-lucerne\/#primaryimage\"},\"image\":{\"@id\":\"https:\/\/kapitalis.com\/tunisie\/2022\/03\/17\/football-le-tunisien-mohamed-drager-elu-joueur-du-mois-au-fc-lucerne\/#primaryimage\"},\"thumbnailUrl\":\"http:\/\/kapitalis.com\/tunisie\/wp-content\/uploads\/2022\/02\/mohamed-drager-fc-luzerne.jpg\",\"datePublished\":\"2022-03-17T10:10:48+00:00\",\"dateModified\":\"2022-03-17T10:13:07+00:00\",\"breadcrumb\":{\"@id\":\"https:\/\/kapitalis.com\/tunisie\/2022\/03\/17\/football-le-tunisien-mohamed-drager-elu-joueur-du-mois-au-fc-lucerne\/#breadcrumb\"},\"inLanguage\":\"fr-FR\",\"potentialAction\":[{\"@type\":\"ReadAction\",\"target\":[\"https:\/\/kapitalis.com\/tunisie\/2022\/03\/17\/football-le-tunisien-mohamed-drager-elu-joueur-du-mois-au-fc-lucerne\/\"]}]},{\"@type\":\"ImageObject\",\"inLanguage\":\"fr-FR\",\"@id\":\"https:\/\/kapitalis.com\/tunisie\/2022\/03\/17\/football-le-tunisien-mohamed-drager-elu-joueur-du-mois-au-fc-lucerne\/#primaryimage\",\"url\":\"\",\"contentUrl\":\"\"},{\"@type\":\"BreadcrumbList\",\"@id\":\"https:\/\/kapitalis.com\/tunisie\/2022\/03\/17\/football-le-tunisien-mohamed-drager-elu-joueur-du-mois-au-fc-lucerne\/#breadcrumb\",\"itemListElement\":[{\"@type\":\"ListItem\",\"position\":1,\"name\":\"Accueil\",\"item\":\"https:\/\/kapitalis.com\/tunisie\/\"},{\"@type\":\"ListItem\",\"position\":2,\"name\":\"Football : Le Tunisien Mohamed Dr\u00e4ger \u00e9lu joueur du mois au FC Lucerne\"}]},{\"@type\":\"WebSite\",\"@id\":\"https:\/\/kapitalis.com\/tunisie\/#website\",\"url\":\"https:\/\/kapitalis.com\/tunisie\/\",\"name\":\"Kapitalis\",\"description\":\"L&#039;actualit\u00e9 en Tunisie et dans le monde\",\"publisher\":{\"@id\":\"https:\/\/kapitalis.com\/tunisie\/#organization\"},\"potentialAction\":[{\"@type\":\"SearchAction\",\"target\":{\"@type\":\"EntryPoint\",\"urlTemplate\":\"https:\/\/kapitalis.com\/tunisie\/?s={search_term_string}\"},\"query-input\":{\"@type\":\"PropertyValueSpecification\",\"valueRequired\":true,\"valueName\":\"search_term_string\"}}],\"inLanguage\":\"fr-FR\"},{\"@type\":\"Organization\",\"@id\":\"https:\/\/kapitalis.com\/tunisie\/#organization\",\"name\":\"Kapitalis\",\"url\":\"https:\/\/kapitalis.com\/tunisie\/\",\"logo\":{\"@type\":\"ImageObject\",\"inLanguage\":\"fr-FR\",\"@id\":\"https:\/\/kapitalis.com\/tunisie\/#\/schema\/logo\/image\/\",\"url\":\"https:\/\/kapitalis.com\/tunisie\/wp-content\/uploads\/2022\/05\/Kapitalis-big-size.png\",\"contentUrl\":\"https:\/\/kapitalis.com\/tunisie\/wp-content\/uploads\/2022\/05\/Kapitalis-big-size.png\",\"width\":5000,\"height\":1500,\"caption\":\"Kapitalis\"},\"image\":{\"@id\":\"https:\/\/kapitalis.com\/tunisie\/#\/schema\/logo\/image\/\"},\"sameAs\":[\"https:\/\/www.facebook.com\/KapitalisInfo\/\",\"https:\/\/x.com\/KapitalisInfo\",\"https:\/\/www.youtube.com\/channel\/UC-yDYrHyfFBWWZaOw3FPg9Q\"]},{\"@type\":\"Person\",\"@id\":\"https:\/\/kapitalis.com\/tunisie\/#\/schema\/person\/b35b8d631961131107263178aeb8019e\",\"name\":\"Cherif Benyounes\",\"url\":\"https:\/\/kapitalis.com\/tunisie\/author\/cherif\/\"}]}<\/script>\n<!-- \/ Yoast SEO plugin. -->","yoast_head_json":{"title":"Football : Le Tunisien Mohamed Dr\u00e4ger \u00e9lu joueur du mois au FC Lucerne - Kapitalis","robots":{"index":"index","follow":"follow","max-snippet":"max-snippet:-1","max-image-preview":"max-image-preview:large","max-video-preview":"max-video-preview:-1"},"canonical":"https:\/\/kapitalis.com\/tunisie\/2022\/03\/17\/football-le-tunisien-mohamed-drager-elu-joueur-du-mois-au-fc-lucerne\/","og_locale":"fr_FR","og_type":"article","og_title":"Football : Le Tunisien Mohamed Dr\u00e4ger \u00e9lu joueur du mois au FC Lucerne - Kapitalis","og_description":"Arriv\u00e9 l&rsquo;hiver dernier au championnat de Suisse de football, l&rsquo;arri\u00e8re lat\u00e9ral droit tunisien, Mohamed Dr\u00e4ger, brille d\u00e9j\u00e0. Au mois de f\u00e9vrier 2022, soit le premier qu&rsquo;il a disput\u00e9 int\u00e9gralement avec sa nouvelle \u00e9quipe, le FC Lucerne, il a \u00e9t\u00e9 \u00e9lu par les supporters du club comme le meilleur joueur.","og_url":"https:\/\/kapitalis.com\/tunisie\/2022\/03\/17\/football-le-tunisien-mohamed-drager-elu-joueur-du-mois-au-fc-lucerne\/","og_site_name":"Kapitalis","article_publisher":"https:\/\/www.facebook.com\/KapitalisInfo\/","article_published_time":"2022-03-17T10:10:48+00:00","article_modified_time":"2022-03-17T10:13:07+00:00","og_image":[{"url":"http:\/\/kapitalis.com\/tunisie\/wp-content\/uploads\/2022\/02\/mohamed-drager-fc-luzerne.jpg","type":"","width":"","height":""}],"author":"Cherif Benyounes","twitter_card":"summary_large_image","twitter_creator":"@KapitalisInfo","twitter_site":"@KapitalisInfo","twitter_misc":{"\u00c9crit par":"Cherif Benyounes","Dur\u00e9e de lecture estim\u00e9e":"1 minute"},"schema":{"@context":"https:\/\/schema.org","@graph":[{"@type":"Article","@id":"https:\/\/kapitalis.com\/tunisie\/2022\/03\/17\/football-le-tunisien-mohamed-drager-elu-joueur-du-mois-au-fc-lucerne\/#article","isPartOf":{"@id":"https:\/\/kapitalis.com\/tunisie\/2022\/03\/17\/football-le-tunisien-mohamed-drager-elu-joueur-du-mois-au-fc-lucerne\/"},"author":{"name":"Cherif Benyounes","@id":"https:\/\/kapitalis.com\/tunisie\/#\/schema\/person\/b35b8d631961131107263178aeb8019e"},"headline":"Football : Le Tunisien Mohamed Dr\u00e4ger \u00e9lu joueur du mois au FC Lucerne","datePublished":"2022-03-17T10:10:48+00:00","dateModified":"2022-03-17T10:13:07+00:00","mainEntityOfPage":{"@id":"https:\/\/kapitalis.com\/tunisie\/2022\/03\/17\/football-le-tunisien-mohamed-drager-elu-joueur-du-mois-au-fc-lucerne\/"},"wordCount":230,"commentCount":0,"publisher":{"@id":"https:\/\/kapitalis.com\/tunisie\/#organization"},"image":{"@id":"https:\/\/kapitalis.com\/tunisie\/2022\/03\/17\/football-le-tunisien-mohamed-drager-elu-joueur-du-mois-au-fc-lucerne\/#primaryimage"},"thumbnailUrl":"http:\/\/kapitalis.com\/tunisie\/wp-content\/uploads\/2022\/02\/mohamed-drager-fc-luzerne.jpg","keywords":["FC Lucerne","Mohamed Dr\u00e4ger","Nottingham Forrest"],"articleSection":["SPORT","Tunisie"],"inLanguage":"fr-FR","potentialAction":[{"@type":"CommentAction","name":"Comment","target":["https:\/\/kapitalis.com\/tunisie\/2022\/03\/17\/football-le-tunisien-mohamed-drager-elu-joueur-du-mois-au-fc-lucerne\/#respond"]}]},{"@type":"WebPage","@id":"https:\/\/kapitalis.com\/tunisie\/2022\/03\/17\/football-le-tunisien-mohamed-drager-elu-joueur-du-mois-au-fc-lucerne\/","url":"https:\/\/kapitalis.com\/tunisie\/2022\/03\/17\/football-le-tunisien-mohamed-drager-elu-joueur-du-mois-au-fc-lucerne\/","name":"Football : Le Tunisien Mohamed Dr\u00e4ger \u00e9lu joueur du mois au FC Lucerne - Kapitalis","isPartOf":{"@id":"https:\/\/kapitalis.com\/tunisie\/#website"},"primaryImageOfPage":{"@id":"https:\/\/kapitalis.com\/tunisie\/2022\/03\/17\/football-le-tunisien-mohamed-drager-elu-joueur-du-mois-au-fc-lucerne\/#primaryimage"},"image":{"@id":"https:\/\/kapitalis.com\/tunisie\/2022\/03\/17\/football-le-tunisien-mohamed-drager-elu-joueur-du-mois-au-fc-lucerne\/#primaryimage"},"thumbnailUrl":"http:\/\/kapitalis.com\/tunisie\/wp-content\/uploads\/2022\/02\/mohamed-drager-fc-luzerne.jpg","datePublished":"2022-03-17T10:10:48+00:00","dateModified":"2022-03-17T10:13:07+00:00","breadcrumb":{"@id":"https:\/\/kapitalis.com\/tunisie\/2022\/03\/17\/football-le-tunisien-mohamed-drager-elu-joueur-du-mois-au-fc-lucerne\/#breadcrumb"},"inLanguage":"fr-FR","potentialAction":[{"@type":"ReadAction","target":["https:\/\/kapitalis.com\/tunisie\/2022\/03\/17\/football-le-tunisien-mohamed-drager-elu-joueur-du-mois-au-fc-lucerne\/"]}]},{"@type":"ImageObject","inLanguage":"fr-FR","@id":"https:\/\/kapitalis.com\/tunisie\/2022\/03\/17\/football-le-tunisien-mohamed-drager-elu-joueur-du-mois-au-fc-lucerne\/#primaryimage","url":"","contentUrl":""},{"@type":"BreadcrumbList","@id":"https:\/\/kapitalis.com\/tunisie\/2022\/03\/17\/football-le-tunisien-mohamed-drager-elu-joueur-du-mois-au-fc-lucerne\/#breadcrumb","itemListElement":[{"@type":"ListItem","position":1,"name":"Accueil","item":"https:\/\/kapitalis.com\/tunisie\/"},{"@type":"ListItem","position":2,"name":"Football : Le Tunisien Mohamed Dr\u00e4ger \u00e9lu joueur du mois au FC Lucerne"}]},{"@type":"WebSite","@id":"https:\/\/kapitalis.com\/tunisie\/#website","url":"https:\/\/kapitalis.com\/tunisie\/","name":"Kapitalis","description":"L&#039;actualit\u00e9 en Tunisie et dans le monde","publisher":{"@id":"https:\/\/kapitalis.com\/tunisie\/#organization"},"potentialAction":[{"@type":"SearchAction","target":{"@type":"EntryPoint","urlTemplate":"https:\/\/kapitalis.com\/tunisie\/?s={search_term_string}"},"query-input":{"@type":"PropertyValueSpecification","valueRequired":true,"valueName":"search_term_string"}}],"inLanguage":"fr-FR"},{"@type":"Organization","@id":"https:\/\/kapitalis.com\/tunisie\/#organization","name":"Kapitalis","url":"https:\/\/kapitalis.com\/tunisie\/","logo":{"@type":"ImageObject","inLanguage":"fr-FR","@id":"https:\/\/kapitalis.com\/tunisie\/#\/schema\/logo\/image\/","url":"https:\/\/kapitalis.com\/tunisie\/wp-content\/uploads\/2022\/05\/Kapitalis-big-size.png","contentUrl":"https:\/\/kapitalis.com\/tunisie\/wp-content\/uploads\/2022\/05\/Kapitalis-big-size.png","width":5000,"height":1500,"caption":"Kapitalis"},"image":{"@id":"https:\/\/kapitalis.com\/tunisie\/#\/schema\/logo\/image\/"},"sameAs":["https:\/\/www.facebook.com\/KapitalisInfo\/","https:\/\/x.com\/KapitalisInfo","https:\/\/www.youtube.com\/channel\/UC-yDYrHyfFBWWZaOw3FPg9Q"]},{"@type":"Person","@id":"https:\/\/kapitalis.com\/tunisie\/#\/schema\/person\/b35b8d631961131107263178aeb8019e","name":"Cherif Benyounes","url":"https:\/\/kapitalis.com\/tunisie\/author\/cherif\/"}]}},"_links":{"self":[{"href":"https:\/\/kapitalis.com\/tunisie\/wp-json\/wp\/v2\/posts\/384209","targetHints":{"allow":["GET"]}}],"collection":[{"href":"https:\/\/kapitalis.com\/tunisie\/wp-json\/wp\/v2\/posts"}],"about":[{"href":"https:\/\/kapitalis.com\/tunisie\/wp-json\/wp\/v2\/types\/post"}],"author":[{"embeddable":true,"href":"https:\/\/kapitalis.com\/tunisie\/wp-json\/wp\/v2\/users\/24"}],"replies":[{"embeddable":true,"href":"https:\/\/kapitalis.com\/tunisie\/wp-json\/wp\/v2\/comments?post=384209"}],"version-history":[{"count":0,"href":"https:\/\/kapitalis.com\/tunisie\/wp-json\/wp\/v2\/posts\/384209\/revisions"}],"wp:attachment":[{"href":"https:\/\/kapitalis.com\/tunisie\/wp-json\/wp\/v2\/media?parent=384209"}],"wp:term":[{"taxonomy":"category","embeddable":true,"href":"https:\/\/kapitalis.com\/tunisie\/wp-json\/wp\/v2\/categories?post=384209"},{"taxonomy":"post_tag","embeddable":true,"href":"https:\/\/kapitalis.com\/tunisie\/wp-json\/wp\/v2\/tags?post=384209"}],"curies":[{"name":"wp","href":"https:\/\/api.w.org\/{rel}","templated":true}]}}