{"id":384227,"date":"2022-03-17T11:30:30","date_gmt":"2022-03-17T10:30:30","guid":{"rendered":"http:\/\/kapitalis.com\/tunisie\/?p=384227"},"modified":"2022-03-17T11:35:13","modified_gmt":"2022-03-17T10:35:13","slug":"selon-la-banque-mondiale-la-famine-pourrait-frapper-a-la-porte-de-la-tunisie","status":"publish","type":"post","link":"https:\/\/kapitalis.com\/tunisie\/2022\/03\/17\/selon-la-banque-mondiale-la-famine-pourrait-frapper-a-la-porte-de-la-tunisie\/","title":{"rendered":"Selon la Banque mondiale, la famine pourrait frapper \u00e0 la porte\u2026 de la Tunisie"},"content":{"rendered":"\n<div class=\"wp-block-image\"><figure class=\"aligncenter size-full\"><img decoding=\"async\" src=\"http:\/\/kapitalis.com\/tunisie\/wp-content\/uploads\/2018\/04\/Cereales.jpg\" alt=\"\" class=\"wp-image-149383\"\/><figcaption><em>Les c\u00e9r\u00e9ales vont bient\u00f4t manquer en Tunisie et beaucoup d&rsquo;autres pays mal gouvern\u00e9s.<\/em> <\/figcaption><\/figure><\/div>\n\n\n\n<p><strong><em>La Banque mondiale (BM) s\u2019est jointe au concert des institutions internationales \u2013le FMI et l\u2019Onu, par exemple\u2013 qui ont tir\u00e9 la sonnette d\u2019alarme sur la s\u00e9rieuse menace de famine qui plane sur le sort des damn\u00e9s de la Terre. La BM\u2026 mentionne la Tunisie parmi les pays menac\u00e9s. Eh oui, apr\u00e8s 66 ans d\u2019ind\u00e9pendance, notre pays n\u2019assure pas sa souverainet\u00e9 alimentaire&nbsp;! La honte&nbsp;! L\u2019horreur&nbsp;!<\/em><\/strong><\/p>\n\n\n\n<!--more-->\n\n\n\n<p> Hier, mercredi 16 mars 2022, la BM a publi\u00e9 un document, produit par une \u00e9quipe de sp\u00e9cialistes de l\u2019organisation de Bretton Woods qui ont analys\u00e9 les retomb\u00e9es imm\u00e9diates de la guerre russo-ukrainienne sur les \u00e9conomies mondiales.<\/p>\n\n\n\n<p>Nous le savions d\u00e9j\u00e0 \u2013et depuis fort longtemps, d\u2019ailleurs&nbsp;!\u2013 mais, comme \u00e0 chaque fois qu\u2019on nous le rappelle, la pilule est difficile \u00e0 avaler. Que nous ne puissions plus manger \u00e0 notre faim, cela nous reste en travers de la gorge.<\/p>\n\n\n\n<p>Selon le document de la BM, le groupe de pays qui sera affect\u00e9 par une s\u00e9rieuse p\u00e9nurie de bl\u00e9 et par l\u2019\u00e9puisement de ses r\u00e9serves de cette denr\u00e9e vitale, du fait du conflit arm\u00e9 entre la Russie et l\u2019Ukraine, on trouve la Tunisie, l\u2019Alg\u00e9rie, la Libye, Djibouti, le Liban, la Gambie, la Moldavie et le Pakistan. Ces pays affam\u00e9s de demain importent, selon la BM, plus 40% de leurs besoins en bl\u00e9 d\u2019Ukraine.<\/p>\n\n\n\n<p><em>Tounes El-Khadhra<\/em> (Verte Tunisie), pourquoi es-tu tomb\u00e9e si bas&nbsp;? Ceux qui t\u2019ont trahie en paieront le prix cher.<\/p>\n\n\n\n<p class=\"has-text-align-right\"><strong>Marwan Chahla<\/strong><\/p>\n\n\n\n<h4 class=\"wp-block-heading\"><em>Article li\u00e9\u00a0:<\/em><\/h4>\n\n\n\n<p><blockquote class=\"wp-embedded-content\" data-secret=\"zGMCHHU9lQ\"><a href=\"https:\/\/kapitalis.com\/tunisie\/2022\/03\/16\/menaces-de-famine-dans-le-monde-la-tunisie-regarde-ailleurs\/\">Menaces de famine dans le monde, la Tunisie regarde ailleurs !<\/a><\/blockquote><iframe loading=\"lazy\" class=\"wp-embedded-content\" sandbox=\"allow-scripts\" security=\"restricted\" style=\"position: absolute; clip: rect(1px, 1px, 1px, 1px);\" title=\"\u00ab\u00a0Menaces de famine dans le monde, la Tunisie regarde ailleurs !\u00a0\u00bb &#8212; Kapitalis\" src=\"https:\/\/kapitalis.com\/tunisie\/2022\/03\/16\/menaces-de-famine-dans-le-monde-la-tunisie-regarde-ailleurs\/embed\/#?secret=5c7uJEQ5Tx#?secret=zGMCHHU9lQ\" data-secret=\"zGMCHHU9lQ\" width=\"600\" height=\"338\" frameborder=\"0\" marginwidth=\"0\" marginheight=\"0\" scrolling=\"no\"><\/iframe><\/p>\n","protected":false},"excerpt":{"rendered":"<p>La Banque mondiale (BM) s\u2019est jointe au concert des institutions internationales \u2013le FMI et l\u2019Onu, par exemple\u2013 qui ont tir\u00e9 la sonnette d\u2019alarme sur la s\u00e9rieuse menace de famine qui plane sur le sort des damn\u00e9s de la Terre. La BM\u2026 mentionne la Tunisie parmi les pays menac\u00e9s. Eh oui, apr\u00e8s 66 ans d\u2019ind\u00e9pendance, notre&#8230;<\/p>\n","protected":false},"author":8,"featured_media":0,"comment_status":"open","ping_status":"open","sticky":false,"template":"","format":"standard","meta":{"footnotes":""},"categories":[995,2433],"tags":[130,1204,78232,796,62643,6842],"class_list":["post-384227","post","type-post","status-publish","format-standard","hentry","category-economie","category-tunisie","tag-banque-mondiale","tag-ble","tag-famine","tag-russie","tag-tunisie","tag-ukraine"],"yoast_head":"<!-- This site is optimized with the Yoast SEO plugin v26.6 - https:\/\/yoast.com\/wordpress\/plugins\/seo\/ -->\n<title>Selon la Banque mondiale, la famine pourrait frapper \u00e0 la porte\u2026 de la Tunisie - Kapitalis<\/title>\n<meta name=\"robots\" content=\"index, follow, max-snippet:-1, max-image-preview:large, max-video-preview:-1\" \/>\n<link rel=\"canonical\" href=\"https:\/\/kapitalis.com\/tunisie\/2022\/03\/17\/selon-la-banque-mondiale-la-famine-pourrait-frapper-a-la-porte-de-la-tunisie\/\" \/>\n<meta property=\"og:locale\" content=\"fr_FR\" \/>\n<meta property=\"og:type\" content=\"article\" \/>\n<meta property=\"og:title\" content=\"Selon la Banque mondiale, la famine pourrait frapper \u00e0 la porte\u2026 de la Tunisie - Kapitalis\" \/>\n<meta property=\"og:description\" content=\"La Banque mondiale (BM) s\u2019est jointe au concert des institutions internationales \u2013le FMI et l\u2019Onu, par exemple\u2013 qui ont tir\u00e9 la sonnette d\u2019alarme sur la s\u00e9rieuse menace de famine qui plane sur le sort des damn\u00e9s de la Terre. La BM\u2026 mentionne la Tunisie parmi les pays menac\u00e9s. Eh oui, apr\u00e8s 66 ans d\u2019ind\u00e9pendance, notre...\" \/>\n<meta property=\"og:url\" content=\"https:\/\/kapitalis.com\/tunisie\/2022\/03\/17\/selon-la-banque-mondiale-la-famine-pourrait-frapper-a-la-porte-de-la-tunisie\/\" \/>\n<meta property=\"og:site_name\" content=\"Kapitalis\" \/>\n<meta property=\"article:publisher\" content=\"https:\/\/www.facebook.com\/KapitalisInfo\/\" \/>\n<meta property=\"article:published_time\" content=\"2022-03-17T10:30:30+00:00\" \/>\n<meta property=\"article:modified_time\" content=\"2022-03-17T10:35:13+00:00\" \/>\n<meta property=\"og:image\" content=\"http:\/\/kapitalis.com\/tunisie\/wp-content\/uploads\/2018\/04\/Cereales.jpg\" \/>\n<meta name=\"author\" content=\"webmaster kapitalis\" \/>\n<meta name=\"twitter:card\" content=\"summary_large_image\" \/>\n<meta name=\"twitter:creator\" content=\"@KapitalisInfo\" \/>\n<meta name=\"twitter:site\" content=\"@KapitalisInfo\" \/>\n<meta name=\"twitter:label1\" content=\"\u00c9crit par\" \/>\n\t<meta name=\"twitter:data1\" content=\"webmaster kapitalis\" \/>\n\t<meta name=\"twitter:label2\" content=\"Dur\u00e9e de lecture estim\u00e9e\" \/>\n\t<meta name=\"twitter:data2\" content=\"1 minute\" \/>\n<script type=\"application\/ld+json\" class=\"yoast-schema-graph\">{\"@context\":\"https:\/\/schema.org\",\"@graph\":[{\"@type\":\"Article\",\"@id\":\"https:\/\/kapitalis.com\/tunisie\/2022\/03\/17\/selon-la-banque-mondiale-la-famine-pourrait-frapper-a-la-porte-de-la-tunisie\/#article\",\"isPartOf\":{\"@id\":\"https:\/\/kapitalis.com\/tunisie\/2022\/03\/17\/selon-la-banque-mondiale-la-famine-pourrait-frapper-a-la-porte-de-la-tunisie\/\"},\"author\":{\"name\":\"webmaster kapitalis\",\"@id\":\"https:\/\/kapitalis.com\/tunisie\/#\/schema\/person\/d71f33a9ca44f7bad4698210b480c8e9\"},\"headline\":\"Selon la Banque mondiale, la famine pourrait frapper \u00e0 la porte\u2026 de la Tunisie\",\"datePublished\":\"2022-03-17T10:30:30+00:00\",\"dateModified\":\"2022-03-17T10:35:13+00:00\",\"mainEntityOfPage\":{\"@id\":\"https:\/\/kapitalis.com\/tunisie\/2022\/03\/17\/selon-la-banque-mondiale-la-famine-pourrait-frapper-a-la-porte-de-la-tunisie\/\"},\"wordCount\":299,\"commentCount\":3,\"publisher\":{\"@id\":\"https:\/\/kapitalis.com\/tunisie\/#organization\"},\"image\":{\"@id\":\"https:\/\/kapitalis.com\/tunisie\/2022\/03\/17\/selon-la-banque-mondiale-la-famine-pourrait-frapper-a-la-porte-de-la-tunisie\/#primaryimage\"},\"thumbnailUrl\":\"http:\/\/kapitalis.com\/tunisie\/wp-content\/uploads\/2018\/04\/Cereales.jpg\",\"keywords\":[\"Banque Mondiale\",\"bl\u00e9\",\"famine\",\"Russie\",\"Tunisie\",\"Ukraine\"],\"articleSection\":[\"ECONOMIE\",\"Tunisie\"],\"inLanguage\":\"fr-FR\",\"potentialAction\":[{\"@type\":\"CommentAction\",\"name\":\"Comment\",\"target\":[\"https:\/\/kapitalis.com\/tunisie\/2022\/03\/17\/selon-la-banque-mondiale-la-famine-pourrait-frapper-a-la-porte-de-la-tunisie\/#respond\"]}]},{\"@type\":\"WebPage\",\"@id\":\"https:\/\/kapitalis.com\/tunisie\/2022\/03\/17\/selon-la-banque-mondiale-la-famine-pourrait-frapper-a-la-porte-de-la-tunisie\/\",\"url\":\"https:\/\/kapitalis.com\/tunisie\/2022\/03\/17\/selon-la-banque-mondiale-la-famine-pourrait-frapper-a-la-porte-de-la-tunisie\/\",\"name\":\"Selon la Banque mondiale, la famine pourrait frapper \u00e0 la porte\u2026 de la Tunisie - Kapitalis\",\"isPartOf\":{\"@id\":\"https:\/\/kapitalis.com\/tunisie\/#website\"},\"primaryImageOfPage\":{\"@id\":\"https:\/\/kapitalis.com\/tunisie\/2022\/03\/17\/selon-la-banque-mondiale-la-famine-pourrait-frapper-a-la-porte-de-la-tunisie\/#primaryimage\"},\"image\":{\"@id\":\"https:\/\/kapitalis.com\/tunisie\/2022\/03\/17\/selon-la-banque-mondiale-la-famine-pourrait-frapper-a-la-porte-de-la-tunisie\/#primaryimage\"},\"thumbnailUrl\":\"http:\/\/kapitalis.com\/tunisie\/wp-content\/uploads\/2018\/04\/Cereales.jpg\",\"datePublished\":\"2022-03-17T10:30:30+00:00\",\"dateModified\":\"2022-03-17T10:35:13+00:00\",\"breadcrumb\":{\"@id\":\"https:\/\/kapitalis.com\/tunisie\/2022\/03\/17\/selon-la-banque-mondiale-la-famine-pourrait-frapper-a-la-porte-de-la-tunisie\/#breadcrumb\"},\"inLanguage\":\"fr-FR\",\"potentialAction\":[{\"@type\":\"ReadAction\",\"target\":[\"https:\/\/kapitalis.com\/tunisie\/2022\/03\/17\/selon-la-banque-mondiale-la-famine-pourrait-frapper-a-la-porte-de-la-tunisie\/\"]}]},{\"@type\":\"ImageObject\",\"inLanguage\":\"fr-FR\",\"@id\":\"https:\/\/kapitalis.com\/tunisie\/2022\/03\/17\/selon-la-banque-mondiale-la-famine-pourrait-frapper-a-la-porte-de-la-tunisie\/#primaryimage\",\"url\":\"http:\/\/kapitalis.com\/tunisie\/wp-content\/uploads\/2018\/04\/Cereales.jpg\",\"contentUrl\":\"http:\/\/kapitalis.com\/tunisie\/wp-content\/uploads\/2018\/04\/Cereales.jpg\"},{\"@type\":\"BreadcrumbList\",\"@id\":\"https:\/\/kapitalis.com\/tunisie\/2022\/03\/17\/selon-la-banque-mondiale-la-famine-pourrait-frapper-a-la-porte-de-la-tunisie\/#breadcrumb\",\"itemListElement\":[{\"@type\":\"ListItem\",\"position\":1,\"name\":\"Accueil\",\"item\":\"https:\/\/kapitalis.com\/tunisie\/\"},{\"@type\":\"ListItem\",\"position\":2,\"name\":\"Selon la Banque mondiale, la famine pourrait frapper \u00e0 la porte\u2026 de la Tunisie\"}]},{\"@type\":\"WebSite\",\"@id\":\"https:\/\/kapitalis.com\/tunisie\/#website\",\"url\":\"https:\/\/kapitalis.com\/tunisie\/\",\"name\":\"Kapitalis\",\"description\":\"L&#039;actualit\u00e9 en Tunisie et dans le monde\",\"publisher\":{\"@id\":\"https:\/\/kapitalis.com\/tunisie\/#organization\"},\"potentialAction\":[{\"@type\":\"SearchAction\",\"target\":{\"@type\":\"EntryPoint\",\"urlTemplate\":\"https:\/\/kapitalis.com\/tunisie\/?s={search_term_string}\"},\"query-input\":{\"@type\":\"PropertyValueSpecification\",\"valueRequired\":true,\"valueName\":\"search_term_string\"}}],\"inLanguage\":\"fr-FR\"},{\"@type\":\"Organization\",\"@id\":\"https:\/\/kapitalis.com\/tunisie\/#organization\",\"name\":\"Kapitalis\",\"url\":\"https:\/\/kapitalis.com\/tunisie\/\",\"logo\":{\"@type\":\"ImageObject\",\"inLanguage\":\"fr-FR\",\"@id\":\"https:\/\/kapitalis.com\/tunisie\/#\/schema\/logo\/image\/\",\"url\":\"https:\/\/kapitalis.com\/tunisie\/wp-content\/uploads\/2022\/05\/Kapitalis-big-size.png\",\"contentUrl\":\"https:\/\/kapitalis.com\/tunisie\/wp-content\/uploads\/2022\/05\/Kapitalis-big-size.png\",\"width\":5000,\"height\":1500,\"caption\":\"Kapitalis\"},\"image\":{\"@id\":\"https:\/\/kapitalis.com\/tunisie\/#\/schema\/logo\/image\/\"},\"sameAs\":[\"https:\/\/www.facebook.com\/KapitalisInfo\/\",\"https:\/\/x.com\/KapitalisInfo\",\"https:\/\/www.youtube.com\/channel\/UC-yDYrHyfFBWWZaOw3FPg9Q\"]},{\"@type\":\"Person\",\"@id\":\"https:\/\/kapitalis.com\/tunisie\/#\/schema\/person\/d71f33a9ca44f7bad4698210b480c8e9\",\"name\":\"webmaster kapitalis\",\"url\":\"https:\/\/kapitalis.com\/tunisie\/author\/webmaster-kapitalis\/\"}]}<\/script>\n<!-- \/ Yoast SEO plugin. -->","yoast_head_json":{"title":"Selon la Banque mondiale, la famine pourrait frapper \u00e0 la porte\u2026 de la Tunisie - Kapitalis","robots":{"index":"index","follow":"follow","max-snippet":"max-snippet:-1","max-image-preview":"max-image-preview:large","max-video-preview":"max-video-preview:-1"},"canonical":"https:\/\/kapitalis.com\/tunisie\/2022\/03\/17\/selon-la-banque-mondiale-la-famine-pourrait-frapper-a-la-porte-de-la-tunisie\/","og_locale":"fr_FR","og_type":"article","og_title":"Selon la Banque mondiale, la famine pourrait frapper \u00e0 la porte\u2026 de la Tunisie - Kapitalis","og_description":"La Banque mondiale (BM) s\u2019est jointe au concert des institutions internationales \u2013le FMI et l\u2019Onu, par exemple\u2013 qui ont tir\u00e9 la sonnette d\u2019alarme sur la s\u00e9rieuse menace de famine qui plane sur le sort des damn\u00e9s de la Terre. La BM\u2026 mentionne la Tunisie parmi les pays menac\u00e9s. Eh oui, apr\u00e8s 66 ans d\u2019ind\u00e9pendance, notre...","og_url":"https:\/\/kapitalis.com\/tunisie\/2022\/03\/17\/selon-la-banque-mondiale-la-famine-pourrait-frapper-a-la-porte-de-la-tunisie\/","og_site_name":"Kapitalis","article_publisher":"https:\/\/www.facebook.com\/KapitalisInfo\/","article_published_time":"2022-03-17T10:30:30+00:00","article_modified_time":"2022-03-17T10:35:13+00:00","og_image":[{"url":"http:\/\/kapitalis.com\/tunisie\/wp-content\/uploads\/2018\/04\/Cereales.jpg","type":"","width":"","height":""}],"author":"webmaster kapitalis","twitter_card":"summary_large_image","twitter_creator":"@KapitalisInfo","twitter_site":"@KapitalisInfo","twitter_misc":{"\u00c9crit par":"webmaster kapitalis","Dur\u00e9e de lecture estim\u00e9e":"1 minute"},"schema":{"@context":"https:\/\/schema.org","@graph":[{"@type":"Article","@id":"https:\/\/kapitalis.com\/tunisie\/2022\/03\/17\/selon-la-banque-mondiale-la-famine-pourrait-frapper-a-la-porte-de-la-tunisie\/#article","isPartOf":{"@id":"https:\/\/kapitalis.com\/tunisie\/2022\/03\/17\/selon-la-banque-mondiale-la-famine-pourrait-frapper-a-la-porte-de-la-tunisie\/"},"author":{"name":"webmaster kapitalis","@id":"https:\/\/kapitalis.com\/tunisie\/#\/schema\/person\/d71f33a9ca44f7bad4698210b480c8e9"},"headline":"Selon la Banque mondiale, la famine pourrait frapper \u00e0 la porte\u2026 de la Tunisie","datePublished":"2022-03-17T10:30:30+00:00","dateModified":"2022-03-17T10:35:13+00:00","mainEntityOfPage":{"@id":"https:\/\/kapitalis.com\/tunisie\/2022\/03\/17\/selon-la-banque-mondiale-la-famine-pourrait-frapper-a-la-porte-de-la-tunisie\/"},"wordCount":299,"commentCount":3,"publisher":{"@id":"https:\/\/kapitalis.com\/tunisie\/#organization"},"image":{"@id":"https:\/\/kapitalis.com\/tunisie\/2022\/03\/17\/selon-la-banque-mondiale-la-famine-pourrait-frapper-a-la-porte-de-la-tunisie\/#primaryimage"},"thumbnailUrl":"http:\/\/kapitalis.com\/tunisie\/wp-content\/uploads\/2018\/04\/Cereales.jpg","keywords":["Banque Mondiale","bl\u00e9","famine","Russie","Tunisie","Ukraine"],"articleSection":["ECONOMIE","Tunisie"],"inLanguage":"fr-FR","potentialAction":[{"@type":"CommentAction","name":"Comment","target":["https:\/\/kapitalis.com\/tunisie\/2022\/03\/17\/selon-la-banque-mondiale-la-famine-pourrait-frapper-a-la-porte-de-la-tunisie\/#respond"]}]},{"@type":"WebPage","@id":"https:\/\/kapitalis.com\/tunisie\/2022\/03\/17\/selon-la-banque-mondiale-la-famine-pourrait-frapper-a-la-porte-de-la-tunisie\/","url":"https:\/\/kapitalis.com\/tunisie\/2022\/03\/17\/selon-la-banque-mondiale-la-famine-pourrait-frapper-a-la-porte-de-la-tunisie\/","name":"Selon la Banque mondiale, la famine pourrait frapper \u00e0 la porte\u2026 de la Tunisie - Kapitalis","isPartOf":{"@id":"https:\/\/kapitalis.com\/tunisie\/#website"},"primaryImageOfPage":{"@id":"https:\/\/kapitalis.com\/tunisie\/2022\/03\/17\/selon-la-banque-mondiale-la-famine-pourrait-frapper-a-la-porte-de-la-tunisie\/#primaryimage"},"image":{"@id":"https:\/\/kapitalis.com\/tunisie\/2022\/03\/17\/selon-la-banque-mondiale-la-famine-pourrait-frapper-a-la-porte-de-la-tunisie\/#primaryimage"},"thumbnailUrl":"http:\/\/kapitalis.com\/tunisie\/wp-content\/uploads\/2018\/04\/Cereales.jpg","datePublished":"2022-03-17T10:30:30+00:00","dateModified":"2022-03-17T10:35:13+00:00","breadcrumb":{"@id":"https:\/\/kapitalis.com\/tunisie\/2022\/03\/17\/selon-la-banque-mondiale-la-famine-pourrait-frapper-a-la-porte-de-la-tunisie\/#breadcrumb"},"inLanguage":"fr-FR","potentialAction":[{"@type":"ReadAction","target":["https:\/\/kapitalis.com\/tunisie\/2022\/03\/17\/selon-la-banque-mondiale-la-famine-pourrait-frapper-a-la-porte-de-la-tunisie\/"]}]},{"@type":"ImageObject","inLanguage":"fr-FR","@id":"https:\/\/kapitalis.com\/tunisie\/2022\/03\/17\/selon-la-banque-mondiale-la-famine-pourrait-frapper-a-la-porte-de-la-tunisie\/#primaryimage","url":"http:\/\/kapitalis.com\/tunisie\/wp-content\/uploads\/2018\/04\/Cereales.jpg","contentUrl":"http:\/\/kapitalis.com\/tunisie\/wp-content\/uploads\/2018\/04\/Cereales.jpg"},{"@type":"BreadcrumbList","@id":"https:\/\/kapitalis.com\/tunisie\/2022\/03\/17\/selon-la-banque-mondiale-la-famine-pourrait-frapper-a-la-porte-de-la-tunisie\/#breadcrumb","itemListElement":[{"@type":"ListItem","position":1,"name":"Accueil","item":"https:\/\/kapitalis.com\/tunisie\/"},{"@type":"ListItem","position":2,"name":"Selon la Banque mondiale, la famine pourrait frapper \u00e0 la porte\u2026 de la Tunisie"}]},{"@type":"WebSite","@id":"https:\/\/kapitalis.com\/tunisie\/#website","url":"https:\/\/kapitalis.com\/tunisie\/","name":"Kapitalis","description":"L&#039;actualit\u00e9 en Tunisie et dans le monde","publisher":{"@id":"https:\/\/kapitalis.com\/tunisie\/#organization"},"potentialAction":[{"@type":"SearchAction","target":{"@type":"EntryPoint","urlTemplate":"https:\/\/kapitalis.com\/tunisie\/?s={search_term_string}"},"query-input":{"@type":"PropertyValueSpecification","valueRequired":true,"valueName":"search_term_string"}}],"inLanguage":"fr-FR"},{"@type":"Organization","@id":"https:\/\/kapitalis.com\/tunisie\/#organization","name":"Kapitalis","url":"https:\/\/kapitalis.com\/tunisie\/","logo":{"@type":"ImageObject","inLanguage":"fr-FR","@id":"https:\/\/kapitalis.com\/tunisie\/#\/schema\/logo\/image\/","url":"https:\/\/kapitalis.com\/tunisie\/wp-content\/uploads\/2022\/05\/Kapitalis-big-size.png","contentUrl":"https:\/\/kapitalis.com\/tunisie\/wp-content\/uploads\/2022\/05\/Kapitalis-big-size.png","width":5000,"height":1500,"caption":"Kapitalis"},"image":{"@id":"https:\/\/kapitalis.com\/tunisie\/#\/schema\/logo\/image\/"},"sameAs":["https:\/\/www.facebook.com\/KapitalisInfo\/","https:\/\/x.com\/KapitalisInfo","https:\/\/www.youtube.com\/channel\/UC-yDYrHyfFBWWZaOw3FPg9Q"]},{"@type":"Person","@id":"https:\/\/kapitalis.com\/tunisie\/#\/schema\/person\/d71f33a9ca44f7bad4698210b480c8e9","name":"webmaster kapitalis","url":"https:\/\/kapitalis.com\/tunisie\/author\/webmaster-kapitalis\/"}]}},"_links":{"self":[{"href":"https:\/\/kapitalis.com\/tunisie\/wp-json\/wp\/v2\/posts\/384227","targetHints":{"allow":["GET"]}}],"collection":[{"href":"https:\/\/kapitalis.com\/tunisie\/wp-json\/wp\/v2\/posts"}],"about":[{"href":"https:\/\/kapitalis.com\/tunisie\/wp-json\/wp\/v2\/types\/post"}],"author":[{"embeddable":true,"href":"https:\/\/kapitalis.com\/tunisie\/wp-json\/wp\/v2\/users\/8"}],"replies":[{"embeddable":true,"href":"https:\/\/kapitalis.com\/tunisie\/wp-json\/wp\/v2\/comments?post=384227"}],"version-history":[{"count":0,"href":"https:\/\/kapitalis.com\/tunisie\/wp-json\/wp\/v2\/posts\/384227\/revisions"}],"wp:attachment":[{"href":"https:\/\/kapitalis.com\/tunisie\/wp-json\/wp\/v2\/media?parent=384227"}],"wp:term":[{"taxonomy":"category","embeddable":true,"href":"https:\/\/kapitalis.com\/tunisie\/wp-json\/wp\/v2\/categories?post=384227"},{"taxonomy":"post_tag","embeddable":true,"href":"https:\/\/kapitalis.com\/tunisie\/wp-json\/wp\/v2\/tags?post=384227"}],"curies":[{"name":"wp","href":"https:\/\/api.w.org\/{rel}","templated":true}]}}