{"id":384247,"date":"2022-03-17T12:44:29","date_gmt":"2022-03-17T11:44:29","guid":{"rendered":"http:\/\/kapitalis.com\/tunisie\/?p=384247"},"modified":"2022-03-17T12:48:58","modified_gmt":"2022-03-17T11:48:58","slug":"tunis-mobilisation-contre-la-disparition-de-la-zaouia-sidi-ali-lasmar","status":"publish","type":"post","link":"https:\/\/kapitalis.com\/tunisie\/2022\/03\/17\/tunis-mobilisation-contre-la-disparition-de-la-zaouia-sidi-ali-lasmar\/","title":{"rendered":"Tunis : Mobilisation contre la disparition de la Zaouia Sidi Ali Lasmar"},"content":{"rendered":"\n<div class=\"wp-block-image\"><figure class=\"aligncenter size-full\"><img decoding=\"async\" src=\"http:\/\/kapitalis.com\/tunisie\/wp-content\/uploads\/2022\/03\/Zaouia-Sidi-Ali-Lasmar.jpg\" alt=\"\" class=\"wp-image-384248\"\/><\/figure><\/div>\n\n\n\n<p><strong><em>Une conf\u00e9rence de mobilisation contre la disparition de la Zaouia Sidi Ali Lasmar, dernier lieu sacr\u00e9 d\u00e9di\u00e9 au stambali (musique populaire soufie afro-arabe) dans la m\u00e9dina de Tunis, se tiendra le 23 mars 2022, au si\u00e8ge de ladite zaouia \u00e0 Bab Jdid, dans la m\u00e9dina de Tunis.<\/em><\/strong><\/p>\n\n\n\n<!--more-->\n\n\n\n<p>La Zaouia Sidi Ali Lasmar est un sanctuaire qui accueille le tombeau du saint du m\u00eame nom. Il repr\u00e9sente le dernier lieu de la capitale d\u00e9di\u00e9 \u00e0 la communaut\u00e9 du stambali, un h\u00e9ritage spirituel de la communaut\u00e9 noire de Tunisie. Il est \u00e9galement le si\u00e8ge de l\u2019Association pour la culture du stambali Sidi Ali Lasmar qui valorise et d\u00e9fend cette tradition sur le point de dispara\u00eetre.<\/p>\n\n\n\n<h2 class=\"wp-block-heading\">Pont entre le Maghreb et l\u2019Afrique<\/h2>\n\n\n\n<p>Le stambali est un art qui entrem\u00eale musiques, danses et chants traditionnels. Un rituel qui constitue un pont entre l\u2019identit\u00e9 maghr\u00e9bine et l\u2019identit\u00e9 africaine h\u00e9rit\u00e9e des descendants d\u2019esclaves, retra\u00e7ant l\u2019histoire de cette minorit\u00e9 et s\u2019inscrivant depuis de nombreuses g\u00e9n\u00e9rations dans le paysage culturel tunisien. Cette tradition spirituelle et artistique participe notamment \u00e0 faire de la Tunisie une terre de tol\u00e9rance et de m\u00e9lange des cultures, de par la richesse et la singularit\u00e9 de son histoire.<\/p>\n\n\n\n<p>Avec la disparition des derniers initi\u00e9s, l\u2019association a pour mission de prot\u00e9ger leur m\u00e9moire et de laisser une trace de leur savoir aux futures g\u00e9n\u00e9rations. Par ses actions, l\u2019association participe \u00e0 la vivacit\u00e9 de la m\u00e9dina en organisant de nombreuses manifestations culturelles aupr\u00e8s d\u2019un large public et des amoureux de cette musique.<\/p>\n\n\n\n<p>Sidi Ali Lasmar est le dernier lieu sacr\u00e9 dans la m\u00e9dina qui valorise cet art ancestral aupr\u00e8s d\u2019un public bien pr\u00e9sent.<\/p>\n\n\n\n<h2 class=\"wp-block-heading\">Le stambali est menac\u00e9 de dispara\u00eetre<\/h2>\n\n\n\n<p>Alors que plusieurs acteurs de l\u2019action culturelle et de la pr\u00e9servation du patrimoine tunisien r\u00e9habilitent la m\u00e9dina de Tunis, aujourd\u2019hui, le stambali est menac\u00e9 de dispara\u00eetre car ce sanctuaire est mis en vente par son propri\u00e9taire; celui-ci en avait b\u00e9n\u00e9fici\u00e9 apr\u00e8s avoir \u00e9t\u00e9 c\u00e9d\u00e9 par l\u2019\u00c9tat dans les ann\u00e9es 70. Avec la disparition de ce lieu dynamique et f\u00e9d\u00e9rateur, c\u2019est avant tout une part de l\u2019identit\u00e9 de cette minorit\u00e9 et de l\u2019histoire de la m\u00e9dina qui risque de mourir mais aussi un espace culturel d\u00e9di\u00e9 et actif au coeur de la m\u00e9dina de Tunis.<\/p>\n\n\n\n<p>L\u2019association se mobilise pour alerter les institutions et l\u2019opinion publique afin de sensibiliser le plus grand nombre sur sa prochaine disparition si aucune action concr\u00e8te n\u2019est men\u00e9e. Elle demande la protection de ce lieu comme patrimoine mat\u00e9riel inscrit en plein c\u0153ur de la vieille ville de Tunis mais \u00e9galement comme patrimoine immat\u00e9riel qui raconte l\u2019histoire et l\u2019h\u00e9ritage de ces communaut\u00e9s ancr\u00e9s dans la culture et les traditions tunisiennes contemporaines.<\/p>\n","protected":false},"excerpt":{"rendered":"<p>Une conf\u00e9rence de mobilisation contre la disparition de la Zaouia Sidi Ali Lasmar, dernier lieu sacr\u00e9 d\u00e9di\u00e9 au stambali (musique populaire soufie afro-arabe) dans la m\u00e9dina de Tunis, se tiendra le 23 mars 2022, au si\u00e8ge de ladite zaouia \u00e0 Bab Jdid, dans la m\u00e9dina de Tunis.<\/p>\n","protected":false},"author":8,"featured_media":384248,"comment_status":"open","ping_status":"open","sticky":false,"template":"","format":"standard","meta":{"footnotes":""},"categories":[994,2433],"tags":[8866,98229,62643,98228],"class_list":["post-384247","post","type-post","status-publish","format-standard","has-post-thumbnail","hentry","category-culture","category-tunisie","tag-medina-de-tunis","tag-stambali","tag-tunisie","tag-zaouia-sidi-ali-lasmar"],"yoast_head":"<!-- This site is optimized with the Yoast SEO plugin v26.6 - https:\/\/yoast.com\/wordpress\/plugins\/seo\/ -->\n<title>Tunis : Mobilisation contre la disparition de la Zaouia Sidi Ali Lasmar - Kapitalis<\/title>\n<meta name=\"robots\" content=\"index, follow, max-snippet:-1, max-image-preview:large, max-video-preview:-1\" \/>\n<link rel=\"canonical\" href=\"https:\/\/kapitalis.com\/tunisie\/2022\/03\/17\/tunis-mobilisation-contre-la-disparition-de-la-zaouia-sidi-ali-lasmar\/\" \/>\n<meta property=\"og:locale\" content=\"fr_FR\" \/>\n<meta property=\"og:type\" content=\"article\" \/>\n<meta property=\"og:title\" content=\"Tunis : Mobilisation contre la disparition de la Zaouia Sidi Ali Lasmar - Kapitalis\" \/>\n<meta property=\"og:description\" content=\"Une conf\u00e9rence de mobilisation contre la disparition de la Zaouia Sidi Ali Lasmar, dernier lieu sacr\u00e9 d\u00e9di\u00e9 au stambali (musique populaire soufie afro-arabe) dans la m\u00e9dina de Tunis, se tiendra le 23 mars 2022, au si\u00e8ge de ladite zaouia \u00e0 Bab Jdid, dans la m\u00e9dina de Tunis.\" \/>\n<meta property=\"og:url\" content=\"https:\/\/kapitalis.com\/tunisie\/2022\/03\/17\/tunis-mobilisation-contre-la-disparition-de-la-zaouia-sidi-ali-lasmar\/\" \/>\n<meta property=\"og:site_name\" content=\"Kapitalis\" \/>\n<meta property=\"article:publisher\" content=\"https:\/\/www.facebook.com\/KapitalisInfo\/\" \/>\n<meta property=\"article:published_time\" content=\"2022-03-17T11:44:29+00:00\" \/>\n<meta property=\"article:modified_time\" content=\"2022-03-17T11:48:58+00:00\" \/>\n<meta property=\"og:image\" content=\"https:\/\/kapitalis.com\/tunisie\/wp-content\/uploads\/2022\/05\/kapitalis-logo-fb.png\" \/>\n\t<meta property=\"og:image:width\" content=\"1200\" \/>\n\t<meta property=\"og:image:height\" content=\"630\" \/>\n\t<meta property=\"og:image:type\" content=\"image\/png\" \/>\n<meta name=\"author\" content=\"webmaster kapitalis\" \/>\n<meta name=\"twitter:card\" content=\"summary_large_image\" \/>\n<meta name=\"twitter:creator\" content=\"@KapitalisInfo\" \/>\n<meta name=\"twitter:site\" content=\"@KapitalisInfo\" \/>\n<meta name=\"twitter:label1\" content=\"\u00c9crit par\" \/>\n\t<meta name=\"twitter:data1\" content=\"webmaster kapitalis\" \/>\n\t<meta name=\"twitter:label2\" content=\"Dur\u00e9e de lecture estim\u00e9e\" \/>\n\t<meta name=\"twitter:data2\" content=\"3 minutes\" \/>\n<script type=\"application\/ld+json\" class=\"yoast-schema-graph\">{\"@context\":\"https:\/\/schema.org\",\"@graph\":[{\"@type\":\"Article\",\"@id\":\"https:\/\/kapitalis.com\/tunisie\/2022\/03\/17\/tunis-mobilisation-contre-la-disparition-de-la-zaouia-sidi-ali-lasmar\/#article\",\"isPartOf\":{\"@id\":\"https:\/\/kapitalis.com\/tunisie\/2022\/03\/17\/tunis-mobilisation-contre-la-disparition-de-la-zaouia-sidi-ali-lasmar\/\"},\"author\":{\"name\":\"webmaster kapitalis\",\"@id\":\"https:\/\/kapitalis.com\/tunisie\/#\/schema\/person\/d71f33a9ca44f7bad4698210b480c8e9\"},\"headline\":\"Tunis : Mobilisation contre la disparition de la Zaouia Sidi Ali Lasmar\",\"datePublished\":\"2022-03-17T11:44:29+00:00\",\"dateModified\":\"2022-03-17T11:48:58+00:00\",\"mainEntityOfPage\":{\"@id\":\"https:\/\/kapitalis.com\/tunisie\/2022\/03\/17\/tunis-mobilisation-contre-la-disparition-de-la-zaouia-sidi-ali-lasmar\/\"},\"wordCount\":517,\"commentCount\":0,\"publisher\":{\"@id\":\"https:\/\/kapitalis.com\/tunisie\/#organization\"},\"image\":{\"@id\":\"https:\/\/kapitalis.com\/tunisie\/2022\/03\/17\/tunis-mobilisation-contre-la-disparition-de-la-zaouia-sidi-ali-lasmar\/#primaryimage\"},\"thumbnailUrl\":\"\",\"keywords\":[\"m\u00e9dina de Tunis\",\"stambali\",\"Tunisie\",\"Zaouia Sidi Ali Lasmar\"],\"articleSection\":[\"CULTURE\",\"Tunisie\"],\"inLanguage\":\"fr-FR\",\"potentialAction\":[{\"@type\":\"CommentAction\",\"name\":\"Comment\",\"target\":[\"https:\/\/kapitalis.com\/tunisie\/2022\/03\/17\/tunis-mobilisation-contre-la-disparition-de-la-zaouia-sidi-ali-lasmar\/#respond\"]}]},{\"@type\":\"WebPage\",\"@id\":\"https:\/\/kapitalis.com\/tunisie\/2022\/03\/17\/tunis-mobilisation-contre-la-disparition-de-la-zaouia-sidi-ali-lasmar\/\",\"url\":\"https:\/\/kapitalis.com\/tunisie\/2022\/03\/17\/tunis-mobilisation-contre-la-disparition-de-la-zaouia-sidi-ali-lasmar\/\",\"name\":\"Tunis : Mobilisation contre la disparition de la Zaouia Sidi Ali Lasmar - Kapitalis\",\"isPartOf\":{\"@id\":\"https:\/\/kapitalis.com\/tunisie\/#website\"},\"primaryImageOfPage\":{\"@id\":\"https:\/\/kapitalis.com\/tunisie\/2022\/03\/17\/tunis-mobilisation-contre-la-disparition-de-la-zaouia-sidi-ali-lasmar\/#primaryimage\"},\"image\":{\"@id\":\"https:\/\/kapitalis.com\/tunisie\/2022\/03\/17\/tunis-mobilisation-contre-la-disparition-de-la-zaouia-sidi-ali-lasmar\/#primaryimage\"},\"thumbnailUrl\":\"\",\"datePublished\":\"2022-03-17T11:44:29+00:00\",\"dateModified\":\"2022-03-17T11:48:58+00:00\",\"breadcrumb\":{\"@id\":\"https:\/\/kapitalis.com\/tunisie\/2022\/03\/17\/tunis-mobilisation-contre-la-disparition-de-la-zaouia-sidi-ali-lasmar\/#breadcrumb\"},\"inLanguage\":\"fr-FR\",\"potentialAction\":[{\"@type\":\"ReadAction\",\"target\":[\"https:\/\/kapitalis.com\/tunisie\/2022\/03\/17\/tunis-mobilisation-contre-la-disparition-de-la-zaouia-sidi-ali-lasmar\/\"]}]},{\"@type\":\"ImageObject\",\"inLanguage\":\"fr-FR\",\"@id\":\"https:\/\/kapitalis.com\/tunisie\/2022\/03\/17\/tunis-mobilisation-contre-la-disparition-de-la-zaouia-sidi-ali-lasmar\/#primaryimage\",\"url\":\"\",\"contentUrl\":\"\"},{\"@type\":\"BreadcrumbList\",\"@id\":\"https:\/\/kapitalis.com\/tunisie\/2022\/03\/17\/tunis-mobilisation-contre-la-disparition-de-la-zaouia-sidi-ali-lasmar\/#breadcrumb\",\"itemListElement\":[{\"@type\":\"ListItem\",\"position\":1,\"name\":\"Accueil\",\"item\":\"https:\/\/kapitalis.com\/tunisie\/\"},{\"@type\":\"ListItem\",\"position\":2,\"name\":\"Tunis : Mobilisation contre la disparition de la Zaouia Sidi Ali Lasmar\"}]},{\"@type\":\"WebSite\",\"@id\":\"https:\/\/kapitalis.com\/tunisie\/#website\",\"url\":\"https:\/\/kapitalis.com\/tunisie\/\",\"name\":\"Kapitalis\",\"description\":\"L&#039;actualit\u00e9 en Tunisie et dans le monde\",\"publisher\":{\"@id\":\"https:\/\/kapitalis.com\/tunisie\/#organization\"},\"potentialAction\":[{\"@type\":\"SearchAction\",\"target\":{\"@type\":\"EntryPoint\",\"urlTemplate\":\"https:\/\/kapitalis.com\/tunisie\/?s={search_term_string}\"},\"query-input\":{\"@type\":\"PropertyValueSpecification\",\"valueRequired\":true,\"valueName\":\"search_term_string\"}}],\"inLanguage\":\"fr-FR\"},{\"@type\":\"Organization\",\"@id\":\"https:\/\/kapitalis.com\/tunisie\/#organization\",\"name\":\"Kapitalis\",\"url\":\"https:\/\/kapitalis.com\/tunisie\/\",\"logo\":{\"@type\":\"ImageObject\",\"inLanguage\":\"fr-FR\",\"@id\":\"https:\/\/kapitalis.com\/tunisie\/#\/schema\/logo\/image\/\",\"url\":\"https:\/\/kapitalis.com\/tunisie\/wp-content\/uploads\/2022\/05\/Kapitalis-big-size.png\",\"contentUrl\":\"https:\/\/kapitalis.com\/tunisie\/wp-content\/uploads\/2022\/05\/Kapitalis-big-size.png\",\"width\":5000,\"height\":1500,\"caption\":\"Kapitalis\"},\"image\":{\"@id\":\"https:\/\/kapitalis.com\/tunisie\/#\/schema\/logo\/image\/\"},\"sameAs\":[\"https:\/\/www.facebook.com\/KapitalisInfo\/\",\"https:\/\/x.com\/KapitalisInfo\",\"https:\/\/www.youtube.com\/channel\/UC-yDYrHyfFBWWZaOw3FPg9Q\"]},{\"@type\":\"Person\",\"@id\":\"https:\/\/kapitalis.com\/tunisie\/#\/schema\/person\/d71f33a9ca44f7bad4698210b480c8e9\",\"name\":\"webmaster kapitalis\",\"url\":\"https:\/\/kapitalis.com\/tunisie\/author\/webmaster-kapitalis\/\"}]}<\/script>\n<!-- \/ Yoast SEO plugin. -->","yoast_head_json":{"title":"Tunis : Mobilisation contre la disparition de la Zaouia Sidi Ali Lasmar - Kapitalis","robots":{"index":"index","follow":"follow","max-snippet":"max-snippet:-1","max-image-preview":"max-image-preview:large","max-video-preview":"max-video-preview:-1"},"canonical":"https:\/\/kapitalis.com\/tunisie\/2022\/03\/17\/tunis-mobilisation-contre-la-disparition-de-la-zaouia-sidi-ali-lasmar\/","og_locale":"fr_FR","og_type":"article","og_title":"Tunis : Mobilisation contre la disparition de la Zaouia Sidi Ali Lasmar - Kapitalis","og_description":"Une conf\u00e9rence de mobilisation contre la disparition de la Zaouia Sidi Ali Lasmar, dernier lieu sacr\u00e9 d\u00e9di\u00e9 au stambali (musique populaire soufie afro-arabe) dans la m\u00e9dina de Tunis, se tiendra le 23 mars 2022, au si\u00e8ge de ladite zaouia \u00e0 Bab Jdid, dans la m\u00e9dina de Tunis.","og_url":"https:\/\/kapitalis.com\/tunisie\/2022\/03\/17\/tunis-mobilisation-contre-la-disparition-de-la-zaouia-sidi-ali-lasmar\/","og_site_name":"Kapitalis","article_publisher":"https:\/\/www.facebook.com\/KapitalisInfo\/","article_published_time":"2022-03-17T11:44:29+00:00","article_modified_time":"2022-03-17T11:48:58+00:00","og_image":[{"width":1200,"height":630,"url":"https:\/\/kapitalis.com\/tunisie\/wp-content\/uploads\/2022\/05\/kapitalis-logo-fb.png","type":"image\/png"}],"author":"webmaster kapitalis","twitter_card":"summary_large_image","twitter_creator":"@KapitalisInfo","twitter_site":"@KapitalisInfo","twitter_misc":{"\u00c9crit par":"webmaster kapitalis","Dur\u00e9e de lecture estim\u00e9e":"3 minutes"},"schema":{"@context":"https:\/\/schema.org","@graph":[{"@type":"Article","@id":"https:\/\/kapitalis.com\/tunisie\/2022\/03\/17\/tunis-mobilisation-contre-la-disparition-de-la-zaouia-sidi-ali-lasmar\/#article","isPartOf":{"@id":"https:\/\/kapitalis.com\/tunisie\/2022\/03\/17\/tunis-mobilisation-contre-la-disparition-de-la-zaouia-sidi-ali-lasmar\/"},"author":{"name":"webmaster kapitalis","@id":"https:\/\/kapitalis.com\/tunisie\/#\/schema\/person\/d71f33a9ca44f7bad4698210b480c8e9"},"headline":"Tunis : Mobilisation contre la disparition de la Zaouia Sidi Ali Lasmar","datePublished":"2022-03-17T11:44:29+00:00","dateModified":"2022-03-17T11:48:58+00:00","mainEntityOfPage":{"@id":"https:\/\/kapitalis.com\/tunisie\/2022\/03\/17\/tunis-mobilisation-contre-la-disparition-de-la-zaouia-sidi-ali-lasmar\/"},"wordCount":517,"commentCount":0,"publisher":{"@id":"https:\/\/kapitalis.com\/tunisie\/#organization"},"image":{"@id":"https:\/\/kapitalis.com\/tunisie\/2022\/03\/17\/tunis-mobilisation-contre-la-disparition-de-la-zaouia-sidi-ali-lasmar\/#primaryimage"},"thumbnailUrl":"","keywords":["m\u00e9dina de Tunis","stambali","Tunisie","Zaouia Sidi Ali Lasmar"],"articleSection":["CULTURE","Tunisie"],"inLanguage":"fr-FR","potentialAction":[{"@type":"CommentAction","name":"Comment","target":["https:\/\/kapitalis.com\/tunisie\/2022\/03\/17\/tunis-mobilisation-contre-la-disparition-de-la-zaouia-sidi-ali-lasmar\/#respond"]}]},{"@type":"WebPage","@id":"https:\/\/kapitalis.com\/tunisie\/2022\/03\/17\/tunis-mobilisation-contre-la-disparition-de-la-zaouia-sidi-ali-lasmar\/","url":"https:\/\/kapitalis.com\/tunisie\/2022\/03\/17\/tunis-mobilisation-contre-la-disparition-de-la-zaouia-sidi-ali-lasmar\/","name":"Tunis : Mobilisation contre la disparition de la Zaouia Sidi Ali Lasmar - Kapitalis","isPartOf":{"@id":"https:\/\/kapitalis.com\/tunisie\/#website"},"primaryImageOfPage":{"@id":"https:\/\/kapitalis.com\/tunisie\/2022\/03\/17\/tunis-mobilisation-contre-la-disparition-de-la-zaouia-sidi-ali-lasmar\/#primaryimage"},"image":{"@id":"https:\/\/kapitalis.com\/tunisie\/2022\/03\/17\/tunis-mobilisation-contre-la-disparition-de-la-zaouia-sidi-ali-lasmar\/#primaryimage"},"thumbnailUrl":"","datePublished":"2022-03-17T11:44:29+00:00","dateModified":"2022-03-17T11:48:58+00:00","breadcrumb":{"@id":"https:\/\/kapitalis.com\/tunisie\/2022\/03\/17\/tunis-mobilisation-contre-la-disparition-de-la-zaouia-sidi-ali-lasmar\/#breadcrumb"},"inLanguage":"fr-FR","potentialAction":[{"@type":"ReadAction","target":["https:\/\/kapitalis.com\/tunisie\/2022\/03\/17\/tunis-mobilisation-contre-la-disparition-de-la-zaouia-sidi-ali-lasmar\/"]}]},{"@type":"ImageObject","inLanguage":"fr-FR","@id":"https:\/\/kapitalis.com\/tunisie\/2022\/03\/17\/tunis-mobilisation-contre-la-disparition-de-la-zaouia-sidi-ali-lasmar\/#primaryimage","url":"","contentUrl":""},{"@type":"BreadcrumbList","@id":"https:\/\/kapitalis.com\/tunisie\/2022\/03\/17\/tunis-mobilisation-contre-la-disparition-de-la-zaouia-sidi-ali-lasmar\/#breadcrumb","itemListElement":[{"@type":"ListItem","position":1,"name":"Accueil","item":"https:\/\/kapitalis.com\/tunisie\/"},{"@type":"ListItem","position":2,"name":"Tunis : Mobilisation contre la disparition de la Zaouia Sidi Ali Lasmar"}]},{"@type":"WebSite","@id":"https:\/\/kapitalis.com\/tunisie\/#website","url":"https:\/\/kapitalis.com\/tunisie\/","name":"Kapitalis","description":"L&#039;actualit\u00e9 en Tunisie et dans le monde","publisher":{"@id":"https:\/\/kapitalis.com\/tunisie\/#organization"},"potentialAction":[{"@type":"SearchAction","target":{"@type":"EntryPoint","urlTemplate":"https:\/\/kapitalis.com\/tunisie\/?s={search_term_string}"},"query-input":{"@type":"PropertyValueSpecification","valueRequired":true,"valueName":"search_term_string"}}],"inLanguage":"fr-FR"},{"@type":"Organization","@id":"https:\/\/kapitalis.com\/tunisie\/#organization","name":"Kapitalis","url":"https:\/\/kapitalis.com\/tunisie\/","logo":{"@type":"ImageObject","inLanguage":"fr-FR","@id":"https:\/\/kapitalis.com\/tunisie\/#\/schema\/logo\/image\/","url":"https:\/\/kapitalis.com\/tunisie\/wp-content\/uploads\/2022\/05\/Kapitalis-big-size.png","contentUrl":"https:\/\/kapitalis.com\/tunisie\/wp-content\/uploads\/2022\/05\/Kapitalis-big-size.png","width":5000,"height":1500,"caption":"Kapitalis"},"image":{"@id":"https:\/\/kapitalis.com\/tunisie\/#\/schema\/logo\/image\/"},"sameAs":["https:\/\/www.facebook.com\/KapitalisInfo\/","https:\/\/x.com\/KapitalisInfo","https:\/\/www.youtube.com\/channel\/UC-yDYrHyfFBWWZaOw3FPg9Q"]},{"@type":"Person","@id":"https:\/\/kapitalis.com\/tunisie\/#\/schema\/person\/d71f33a9ca44f7bad4698210b480c8e9","name":"webmaster kapitalis","url":"https:\/\/kapitalis.com\/tunisie\/author\/webmaster-kapitalis\/"}]}},"_links":{"self":[{"href":"https:\/\/kapitalis.com\/tunisie\/wp-json\/wp\/v2\/posts\/384247","targetHints":{"allow":["GET"]}}],"collection":[{"href":"https:\/\/kapitalis.com\/tunisie\/wp-json\/wp\/v2\/posts"}],"about":[{"href":"https:\/\/kapitalis.com\/tunisie\/wp-json\/wp\/v2\/types\/post"}],"author":[{"embeddable":true,"href":"https:\/\/kapitalis.com\/tunisie\/wp-json\/wp\/v2\/users\/8"}],"replies":[{"embeddable":true,"href":"https:\/\/kapitalis.com\/tunisie\/wp-json\/wp\/v2\/comments?post=384247"}],"version-history":[{"count":0,"href":"https:\/\/kapitalis.com\/tunisie\/wp-json\/wp\/v2\/posts\/384247\/revisions"}],"wp:featuredmedia":[{"embeddable":true,"href":"https:\/\/kapitalis.com\/tunisie\/wp-json\/wp\/v2\/media\/384248"}],"wp:attachment":[{"href":"https:\/\/kapitalis.com\/tunisie\/wp-json\/wp\/v2\/media?parent=384247"}],"wp:term":[{"taxonomy":"category","embeddable":true,"href":"https:\/\/kapitalis.com\/tunisie\/wp-json\/wp\/v2\/categories?post=384247"},{"taxonomy":"post_tag","embeddable":true,"href":"https:\/\/kapitalis.com\/tunisie\/wp-json\/wp\/v2\/tags?post=384247"}],"curies":[{"name":"wp","href":"https:\/\/api.w.org\/{rel}","templated":true}]}}