{"id":384285,"date":"2022-03-17T15:33:21","date_gmt":"2022-03-17T14:33:21","guid":{"rendered":"http:\/\/kapitalis.com\/tunisie\/?p=384285"},"modified":"2022-05-20T21:59:41","modified_gmt":"2022-05-20T19:59:41","slug":"participation-active-de-tunisie-telecom-dans-les-travaux-de-lassemblee-mondiale-de-normalisation-des-telecommunications-geneve-2022","status":"publish","type":"post","link":"https:\/\/kapitalis.com\/tunisie\/2022\/03\/17\/participation-active-de-tunisie-telecom-dans-les-travaux-de-lassemblee-mondiale-de-normalisation-des-telecommunications-geneve-2022\/","title":{"rendered":"Participation active de Tunisie T\u00e9l\u00e9com dans les travaux de l\u2019Assembl\u00e9e mondiale de normalisation des t\u00e9l\u00e9communications, Gen\u00e8ve 2022"},"content":{"rendered":"\n<div class=\"wp-block-image\"><figure class=\"aligncenter size-full\"><img decoding=\"async\" src=\"http:\/\/kapitalis.com\/tunisie\/wp-content\/uploads\/2022\/03\/WISE-Event.jpg\" alt=\"\" class=\"wp-image-384286\"\/><\/figure><\/div>\n\n\n\n<p><em><strong>Le secteur des T\u00e9l\u00e9communications de l\u2019Union Internationale des T\u00e9l\u00e9communications (UIT-T) a jou\u00e9, pendant des d\u00e9cennies, un r\u00f4le moteur en aidant \u00e0 combler l&rsquo;\u00e9cart de normalisation entre les pays d\u00e9velopp\u00e9s et les pays en d\u00e9veloppement, en \u00e9largissant et en facilitant la coop\u00e9ration internationale entre les organismes de normalisation mondiaux et r\u00e9gionaux et en \u00e9laborant des normes internationales interop\u00e9rables et non discriminatoires.<\/strong><\/em><\/p>\n\n\n\n<!--more-->\n\n\n\n<p>Ces normes apportent des avantages significatifs \u00e0 la fois \u00e0 l\u2019industrie et aux consommateurs tout en garantissant la qualit\u00e9, la s\u00e9curit\u00e9 et l\u2019efficacit\u00e9 des nouvelles technologies, en stimulant l\u2019innovation et \u200b\u200b\u200ben assurant \u200bdes \u00e9conomies\u200b \u200bd\u2019\u00e9chelle.<\/p>\n\n\n\n<p>Dans ce cadre, l\u2019UIT-T a organis\u00e9 l\u2019Assembl\u00e9e Mondiale de Normalisation des T\u00e9l\u00e9communications AMNT-20 et ce, du 1er au 9 Mars 2022 \u00e0 Gen\u00e8ve, Suisse. Cette Assembl\u00e9e, qui se tient normalement tous les quatre ans, et dont la derni\u00e8re \u00e9dition a eu lieu \u00e0 Hammamet en 2016, est un \u00e9v\u00e8nement d\u2019importance capitale dans le secteur des t\u00e9l\u00e9communications vu qu\u2019il d\u00e9finit les activit\u00e9s et les strat\u00e9gies de normalisation de l&rsquo;UIT pour les ann\u00e9es suivantes et veille \u00e0 ce que les normes de l&rsquo;UIT r\u00e9pondent aux nouveaux besoins industriels et soci\u00e9taux. L\u2019AMNT-20 a \u00e9t\u00e9 pr\u00e9c\u00e9d\u00e9e&nbsp;du 4\u00e8me Colloque mondial sur la normalisation, le 28 f\u00e9vrier 2022, et qui avait pour th\u00e8me <em>\u00ab&nbsp;International standards to enable the digital transformation and achieve the sustainable development goals (SDGs)\u00bb<\/em>.<\/p>\n\n\n\n<p>Tunisie T\u00e9l\u00e9com a particip\u00e9 \u00e0 l&rsquo;AMNT-20 conform\u00e9ment \u00e0 sa volont\u00e9 de contribuer \u00e0 l&rsquo;\u00e9laboration des normes, d&rsquo;\u00e9changer des points de vue et de se tenir inform\u00e9e de la politique g\u00e9n\u00e9rale de l&rsquo;UIT-T et des derni\u00e8res innovations et normes li\u00e9es au domaine des TICs, tout en supportant l\u2019effort important que joue la Tunisie dans ce domaine.<\/p>\n\n\n\n<p>La participation de Tunisie T\u00e9l\u00e9com a \u00e9t\u00e9 tr\u00e8s active \u00e0 l\u2019AMNT-20 \u00e0 travers sa Directrice Centrale de l\u2019Innovation et de la Strat\u00e9gie et la Responsable de la Transformation Digitale, Dr. Rim Belhassine-Cherif, en tant que membre de la d\u00e9l\u00e9gation Tunisienne. Durant cet \u00e9v\u00e8nement, Dr. Belhassine a assur\u00e9 le r\u00f4le de coordinatrice, repr\u00e9sentante des Administrations des Etats Arabes, sur quatre r\u00e9solutions de l\u2019AMNT et a pr\u00e9sid\u00e9 un groupe ad-hoc pour la discussion et l\u2019amendement de la r\u00e9solution relative aux syst\u00e8mes IMT <em>(International Mobile Telecommunications)<\/em> y compris les IMT-2020 <em>and beyond<\/em>.<\/p>\n\n\n\n<p>Dr. Rim a aussi expos\u00e9 le rapport d\u2019activit\u00e9 de la Commission d&rsquo;\u00e9tudes 13 de l&rsquo;UIT-T (CE13&nbsp;: R\u00e9seaux futurs, en particulier les IMT-2020, l&rsquo;informatique en nuage et les infrastructures de r\u00e9seau de confiance) \u00e0 l\u2019AMNT en tant que vice-pr\u00e9sidente de cette Commission, vice-pr\u00e9sidente de son groupe r\u00e9gional pour l\u2019Afrique et vice-pr\u00e9sidente de son groupe de travail 3 sur \u00ab&nbsp;<em>Network Evolution, Trust and Quantum Enhanced Networking&nbsp;<\/em>\u00bb.<\/p>\n\n\n\n<p>De plus, et vu que Dr. Belhassine occupe actuellement le poste de pr\u00e9sidente du Groupe d&rsquo;experts sur la place des femmes dans le domaine de la normalisation (WISE), elle a \u00e9t\u00e9 d\u00e9sign\u00e9e le ma\u00eetre de c\u00e9r\u00e9monie de la manifestation de ce groupe, qui a eu lieu le 8 Mars et a aussi mod\u00e9r\u00e9 le panel de discussions sur le th\u00e8me <em>\u00ab&nbsp;Why Gender Matters in Setting Standards&nbsp;\u00bb<\/em>. Cette manifestation, qui a connu un tr\u00e8s grand succ\u00e8s, a \u00e9t\u00e9 organis\u00e9e par l\u2019UIT \u00e0 l\u2019occasion de la journ\u00e9e mondiale de la femme, et a \u00e9t\u00e9 couronn\u00e9e par une c\u00e9r\u00e9monie de reconnaissance aux six femmes les plus influentes au monde dont la contribution aux travaux de normalisation de l\u2019UIT a \u00e9t\u00e9 exceptionnelle, et Dr. Belhassine-Cherif a obtenu ce prix de reconnaissance pour la cat\u00e9gorie \u00ab&nbsp;Impact&nbsp;\u00bb, vu les efforts exceptionnels qu\u2019elle est en train de jouer \u00e0 l\u2019\u00e9chelle internationale. Cet \u00e9v\u00e8nement a \u00e9t\u00e9 aussi une occasion pour continuer \u00e0 promouvoir l&rsquo;\u00e9galit\u00e9 des genres dans le secteur de la normalisation et \u00e0 d\u00e9fendre les femmes dans des r\u00f4les de leadership dans l&rsquo;industrie des TIC et de la normalisation tout en mettant l\u2019accent sur l\u2019importance de la participation des femmes aux activit\u00e9s de normalisation et les d\u00e9fis rencontr\u00e9s et en fournissant des recommandations \u00e0 ce propos.<\/p>\n\n\n\n<p><strong><em>Source : <\/em><\/strong>Communiqu\u00e9.<\/p>\n","protected":false},"excerpt":{"rendered":"<p>Le secteur des T\u00e9l\u00e9communications de l\u2019Union Internationale des T\u00e9l\u00e9communications (UIT-T) a jou\u00e9, pendant des d\u00e9cennies, un r\u00f4le moteur en aidant \u00e0 combler l&rsquo;\u00e9cart de normalisation entre les pays d\u00e9velopp\u00e9s et les pays en d\u00e9veloppement, en \u00e9largissant et en facilitant la coop\u00e9ration internationale entre les organismes de normalisation mondiaux et r\u00e9gionaux et en \u00e9laborant des normes&#8230;<\/p>\n","protected":false},"author":24,"featured_media":875179,"comment_status":"open","ping_status":"open","sticky":false,"template":"","format":"standard","meta":{"footnotes":""},"categories":[995,2433],"tags":[98233,84528],"class_list":["post-384285","post","type-post","status-publish","format-standard","has-post-thumbnail","hentry","category-economie","category-tunisie","tag-rim-belhassine","tag-tunisie-telecom-2"],"yoast_head":"<!-- This site is optimized with the Yoast SEO plugin v26.6 - https:\/\/yoast.com\/wordpress\/plugins\/seo\/ -->\n<title>Participation active de Tunisie T\u00e9l\u00e9com dans les travaux de l\u2019Assembl\u00e9e mondiale de normalisation des t\u00e9l\u00e9communications, Gen\u00e8ve 2022 - Kapitalis<\/title>\n<meta name=\"robots\" content=\"index, follow, max-snippet:-1, max-image-preview:large, max-video-preview:-1\" \/>\n<link rel=\"canonical\" href=\"https:\/\/kapitalis.com\/tunisie\/2022\/03\/17\/participation-active-de-tunisie-telecom-dans-les-travaux-de-lassemblee-mondiale-de-normalisation-des-telecommunications-geneve-2022\/\" \/>\n<meta property=\"og:locale\" content=\"fr_FR\" \/>\n<meta property=\"og:type\" content=\"article\" \/>\n<meta property=\"og:title\" content=\"Participation active de Tunisie T\u00e9l\u00e9com dans les travaux de l\u2019Assembl\u00e9e mondiale de normalisation des t\u00e9l\u00e9communications, Gen\u00e8ve 2022 - Kapitalis\" \/>\n<meta property=\"og:description\" content=\"Le secteur des T\u00e9l\u00e9communications de l\u2019Union Internationale des T\u00e9l\u00e9communications (UIT-T) a jou\u00e9, pendant des d\u00e9cennies, un r\u00f4le moteur en aidant \u00e0 combler l&rsquo;\u00e9cart de normalisation entre les pays d\u00e9velopp\u00e9s et les pays en d\u00e9veloppement, en \u00e9largissant et en facilitant la coop\u00e9ration internationale entre les organismes de normalisation mondiaux et r\u00e9gionaux et en \u00e9laborant des normes...\" \/>\n<meta property=\"og:url\" content=\"https:\/\/kapitalis.com\/tunisie\/2022\/03\/17\/participation-active-de-tunisie-telecom-dans-les-travaux-de-lassemblee-mondiale-de-normalisation-des-telecommunications-geneve-2022\/\" \/>\n<meta property=\"og:site_name\" content=\"Kapitalis\" \/>\n<meta property=\"article:publisher\" content=\"https:\/\/www.facebook.com\/KapitalisInfo\/\" \/>\n<meta property=\"article:published_time\" content=\"2022-03-17T14:33:21+00:00\" \/>\n<meta property=\"article:modified_time\" content=\"2022-05-20T19:59:41+00:00\" \/>\n<meta property=\"og:image\" content=\"https:\/\/kapitalis.com\/tunisie\/wp-content\/uploads\/2022\/03\/WISE-Event-1.jpg\" \/>\n\t<meta property=\"og:image:width\" content=\"626\" \/>\n\t<meta property=\"og:image:height\" content=\"380\" \/>\n\t<meta property=\"og:image:type\" content=\"image\/jpeg\" \/>\n<meta name=\"author\" content=\"Cherif Benyounes\" \/>\n<meta name=\"twitter:card\" content=\"summary_large_image\" \/>\n<meta name=\"twitter:creator\" content=\"@KapitalisInfo\" \/>\n<meta name=\"twitter:site\" content=\"@KapitalisInfo\" \/>\n<meta name=\"twitter:label1\" content=\"\u00c9crit par\" \/>\n\t<meta name=\"twitter:data1\" content=\"Cherif Benyounes\" \/>\n\t<meta name=\"twitter:label2\" content=\"Dur\u00e9e de lecture estim\u00e9e\" \/>\n\t<meta name=\"twitter:data2\" content=\"4 minutes\" \/>\n<script type=\"application\/ld+json\" class=\"yoast-schema-graph\">{\"@context\":\"https:\/\/schema.org\",\"@graph\":[{\"@type\":\"Article\",\"@id\":\"https:\/\/kapitalis.com\/tunisie\/2022\/03\/17\/participation-active-de-tunisie-telecom-dans-les-travaux-de-lassemblee-mondiale-de-normalisation-des-telecommunications-geneve-2022\/#article\",\"isPartOf\":{\"@id\":\"https:\/\/kapitalis.com\/tunisie\/2022\/03\/17\/participation-active-de-tunisie-telecom-dans-les-travaux-de-lassemblee-mondiale-de-normalisation-des-telecommunications-geneve-2022\/\"},\"author\":{\"name\":\"Cherif Benyounes\",\"@id\":\"https:\/\/kapitalis.com\/tunisie\/#\/schema\/person\/b35b8d631961131107263178aeb8019e\"},\"headline\":\"Participation active de Tunisie T\u00e9l\u00e9com dans les travaux de l\u2019Assembl\u00e9e mondiale de normalisation des t\u00e9l\u00e9communications, Gen\u00e8ve 2022\",\"datePublished\":\"2022-03-17T14:33:21+00:00\",\"dateModified\":\"2022-05-20T19:59:41+00:00\",\"mainEntityOfPage\":{\"@id\":\"https:\/\/kapitalis.com\/tunisie\/2022\/03\/17\/participation-active-de-tunisie-telecom-dans-les-travaux-de-lassemblee-mondiale-de-normalisation-des-telecommunications-geneve-2022\/\"},\"wordCount\":755,\"commentCount\":0,\"publisher\":{\"@id\":\"https:\/\/kapitalis.com\/tunisie\/#organization\"},\"image\":{\"@id\":\"https:\/\/kapitalis.com\/tunisie\/2022\/03\/17\/participation-active-de-tunisie-telecom-dans-les-travaux-de-lassemblee-mondiale-de-normalisation-des-telecommunications-geneve-2022\/#primaryimage\"},\"thumbnailUrl\":\"https:\/\/kapitalis.com\/tunisie\/wp-content\/uploads\/2022\/03\/WISE-Event-1.jpg\",\"keywords\":[\"Rim Belhassine\",\"Tunisie t\u00e9l\u00e9com\"],\"articleSection\":[\"ECONOMIE\",\"Tunisie\"],\"inLanguage\":\"fr-FR\",\"potentialAction\":[{\"@type\":\"CommentAction\",\"name\":\"Comment\",\"target\":[\"https:\/\/kapitalis.com\/tunisie\/2022\/03\/17\/participation-active-de-tunisie-telecom-dans-les-travaux-de-lassemblee-mondiale-de-normalisation-des-telecommunications-geneve-2022\/#respond\"]}]},{\"@type\":\"WebPage\",\"@id\":\"https:\/\/kapitalis.com\/tunisie\/2022\/03\/17\/participation-active-de-tunisie-telecom-dans-les-travaux-de-lassemblee-mondiale-de-normalisation-des-telecommunications-geneve-2022\/\",\"url\":\"https:\/\/kapitalis.com\/tunisie\/2022\/03\/17\/participation-active-de-tunisie-telecom-dans-les-travaux-de-lassemblee-mondiale-de-normalisation-des-telecommunications-geneve-2022\/\",\"name\":\"Participation active de Tunisie T\u00e9l\u00e9com dans les travaux de l\u2019Assembl\u00e9e mondiale de normalisation des t\u00e9l\u00e9communications, Gen\u00e8ve 2022 - Kapitalis\",\"isPartOf\":{\"@id\":\"https:\/\/kapitalis.com\/tunisie\/#website\"},\"primaryImageOfPage\":{\"@id\":\"https:\/\/kapitalis.com\/tunisie\/2022\/03\/17\/participation-active-de-tunisie-telecom-dans-les-travaux-de-lassemblee-mondiale-de-normalisation-des-telecommunications-geneve-2022\/#primaryimage\"},\"image\":{\"@id\":\"https:\/\/kapitalis.com\/tunisie\/2022\/03\/17\/participation-active-de-tunisie-telecom-dans-les-travaux-de-lassemblee-mondiale-de-normalisation-des-telecommunications-geneve-2022\/#primaryimage\"},\"thumbnailUrl\":\"https:\/\/kapitalis.com\/tunisie\/wp-content\/uploads\/2022\/03\/WISE-Event-1.jpg\",\"datePublished\":\"2022-03-17T14:33:21+00:00\",\"dateModified\":\"2022-05-20T19:59:41+00:00\",\"breadcrumb\":{\"@id\":\"https:\/\/kapitalis.com\/tunisie\/2022\/03\/17\/participation-active-de-tunisie-telecom-dans-les-travaux-de-lassemblee-mondiale-de-normalisation-des-telecommunications-geneve-2022\/#breadcrumb\"},\"inLanguage\":\"fr-FR\",\"potentialAction\":[{\"@type\":\"ReadAction\",\"target\":[\"https:\/\/kapitalis.com\/tunisie\/2022\/03\/17\/participation-active-de-tunisie-telecom-dans-les-travaux-de-lassemblee-mondiale-de-normalisation-des-telecommunications-geneve-2022\/\"]}]},{\"@type\":\"ImageObject\",\"inLanguage\":\"fr-FR\",\"@id\":\"https:\/\/kapitalis.com\/tunisie\/2022\/03\/17\/participation-active-de-tunisie-telecom-dans-les-travaux-de-lassemblee-mondiale-de-normalisation-des-telecommunications-geneve-2022\/#primaryimage\",\"url\":\"https:\/\/kapitalis.com\/tunisie\/wp-content\/uploads\/2022\/03\/WISE-Event-1.jpg\",\"contentUrl\":\"https:\/\/kapitalis.com\/tunisie\/wp-content\/uploads\/2022\/03\/WISE-Event-1.jpg\",\"width\":626,\"height\":380},{\"@type\":\"BreadcrumbList\",\"@id\":\"https:\/\/kapitalis.com\/tunisie\/2022\/03\/17\/participation-active-de-tunisie-telecom-dans-les-travaux-de-lassemblee-mondiale-de-normalisation-des-telecommunications-geneve-2022\/#breadcrumb\",\"itemListElement\":[{\"@type\":\"ListItem\",\"position\":1,\"name\":\"Accueil\",\"item\":\"https:\/\/kapitalis.com\/tunisie\/\"},{\"@type\":\"ListItem\",\"position\":2,\"name\":\"Participation active de Tunisie T\u00e9l\u00e9com dans les travaux de l\u2019Assembl\u00e9e mondiale de normalisation des t\u00e9l\u00e9communications, Gen\u00e8ve 2022\"}]},{\"@type\":\"WebSite\",\"@id\":\"https:\/\/kapitalis.com\/tunisie\/#website\",\"url\":\"https:\/\/kapitalis.com\/tunisie\/\",\"name\":\"Kapitalis\",\"description\":\"L&#039;actualit\u00e9 en Tunisie et dans le monde\",\"publisher\":{\"@id\":\"https:\/\/kapitalis.com\/tunisie\/#organization\"},\"potentialAction\":[{\"@type\":\"SearchAction\",\"target\":{\"@type\":\"EntryPoint\",\"urlTemplate\":\"https:\/\/kapitalis.com\/tunisie\/?s={search_term_string}\"},\"query-input\":{\"@type\":\"PropertyValueSpecification\",\"valueRequired\":true,\"valueName\":\"search_term_string\"}}],\"inLanguage\":\"fr-FR\"},{\"@type\":\"Organization\",\"@id\":\"https:\/\/kapitalis.com\/tunisie\/#organization\",\"name\":\"Kapitalis\",\"url\":\"https:\/\/kapitalis.com\/tunisie\/\",\"logo\":{\"@type\":\"ImageObject\",\"inLanguage\":\"fr-FR\",\"@id\":\"https:\/\/kapitalis.com\/tunisie\/#\/schema\/logo\/image\/\",\"url\":\"https:\/\/kapitalis.com\/tunisie\/wp-content\/uploads\/2022\/05\/Kapitalis-big-size.png\",\"contentUrl\":\"https:\/\/kapitalis.com\/tunisie\/wp-content\/uploads\/2022\/05\/Kapitalis-big-size.png\",\"width\":5000,\"height\":1500,\"caption\":\"Kapitalis\"},\"image\":{\"@id\":\"https:\/\/kapitalis.com\/tunisie\/#\/schema\/logo\/image\/\"},\"sameAs\":[\"https:\/\/www.facebook.com\/KapitalisInfo\/\",\"https:\/\/x.com\/KapitalisInfo\",\"https:\/\/www.youtube.com\/channel\/UC-yDYrHyfFBWWZaOw3FPg9Q\"]},{\"@type\":\"Person\",\"@id\":\"https:\/\/kapitalis.com\/tunisie\/#\/schema\/person\/b35b8d631961131107263178aeb8019e\",\"name\":\"Cherif Benyounes\",\"url\":\"https:\/\/kapitalis.com\/tunisie\/author\/cherif\/\"}]}<\/script>\n<!-- \/ Yoast SEO plugin. -->","yoast_head_json":{"title":"Participation active de Tunisie T\u00e9l\u00e9com dans les travaux de l\u2019Assembl\u00e9e mondiale de normalisation des t\u00e9l\u00e9communications, Gen\u00e8ve 2022 - Kapitalis","robots":{"index":"index","follow":"follow","max-snippet":"max-snippet:-1","max-image-preview":"max-image-preview:large","max-video-preview":"max-video-preview:-1"},"canonical":"https:\/\/kapitalis.com\/tunisie\/2022\/03\/17\/participation-active-de-tunisie-telecom-dans-les-travaux-de-lassemblee-mondiale-de-normalisation-des-telecommunications-geneve-2022\/","og_locale":"fr_FR","og_type":"article","og_title":"Participation active de Tunisie T\u00e9l\u00e9com dans les travaux de l\u2019Assembl\u00e9e mondiale de normalisation des t\u00e9l\u00e9communications, Gen\u00e8ve 2022 - Kapitalis","og_description":"Le secteur des T\u00e9l\u00e9communications de l\u2019Union Internationale des T\u00e9l\u00e9communications (UIT-T) a jou\u00e9, pendant des d\u00e9cennies, un r\u00f4le moteur en aidant \u00e0 combler l&rsquo;\u00e9cart de normalisation entre les pays d\u00e9velopp\u00e9s et les pays en d\u00e9veloppement, en \u00e9largissant et en facilitant la coop\u00e9ration internationale entre les organismes de normalisation mondiaux et r\u00e9gionaux et en \u00e9laborant des normes...","og_url":"https:\/\/kapitalis.com\/tunisie\/2022\/03\/17\/participation-active-de-tunisie-telecom-dans-les-travaux-de-lassemblee-mondiale-de-normalisation-des-telecommunications-geneve-2022\/","og_site_name":"Kapitalis","article_publisher":"https:\/\/www.facebook.com\/KapitalisInfo\/","article_published_time":"2022-03-17T14:33:21+00:00","article_modified_time":"2022-05-20T19:59:41+00:00","og_image":[{"width":626,"height":380,"url":"https:\/\/kapitalis.com\/tunisie\/wp-content\/uploads\/2022\/03\/WISE-Event-1.jpg","type":"image\/jpeg"}],"author":"Cherif Benyounes","twitter_card":"summary_large_image","twitter_creator":"@KapitalisInfo","twitter_site":"@KapitalisInfo","twitter_misc":{"\u00c9crit par":"Cherif Benyounes","Dur\u00e9e de lecture estim\u00e9e":"4 minutes"},"schema":{"@context":"https:\/\/schema.org","@graph":[{"@type":"Article","@id":"https:\/\/kapitalis.com\/tunisie\/2022\/03\/17\/participation-active-de-tunisie-telecom-dans-les-travaux-de-lassemblee-mondiale-de-normalisation-des-telecommunications-geneve-2022\/#article","isPartOf":{"@id":"https:\/\/kapitalis.com\/tunisie\/2022\/03\/17\/participation-active-de-tunisie-telecom-dans-les-travaux-de-lassemblee-mondiale-de-normalisation-des-telecommunications-geneve-2022\/"},"author":{"name":"Cherif Benyounes","@id":"https:\/\/kapitalis.com\/tunisie\/#\/schema\/person\/b35b8d631961131107263178aeb8019e"},"headline":"Participation active de Tunisie T\u00e9l\u00e9com dans les travaux de l\u2019Assembl\u00e9e mondiale de normalisation des t\u00e9l\u00e9communications, Gen\u00e8ve 2022","datePublished":"2022-03-17T14:33:21+00:00","dateModified":"2022-05-20T19:59:41+00:00","mainEntityOfPage":{"@id":"https:\/\/kapitalis.com\/tunisie\/2022\/03\/17\/participation-active-de-tunisie-telecom-dans-les-travaux-de-lassemblee-mondiale-de-normalisation-des-telecommunications-geneve-2022\/"},"wordCount":755,"commentCount":0,"publisher":{"@id":"https:\/\/kapitalis.com\/tunisie\/#organization"},"image":{"@id":"https:\/\/kapitalis.com\/tunisie\/2022\/03\/17\/participation-active-de-tunisie-telecom-dans-les-travaux-de-lassemblee-mondiale-de-normalisation-des-telecommunications-geneve-2022\/#primaryimage"},"thumbnailUrl":"https:\/\/kapitalis.com\/tunisie\/wp-content\/uploads\/2022\/03\/WISE-Event-1.jpg","keywords":["Rim Belhassine","Tunisie t\u00e9l\u00e9com"],"articleSection":["ECONOMIE","Tunisie"],"inLanguage":"fr-FR","potentialAction":[{"@type":"CommentAction","name":"Comment","target":["https:\/\/kapitalis.com\/tunisie\/2022\/03\/17\/participation-active-de-tunisie-telecom-dans-les-travaux-de-lassemblee-mondiale-de-normalisation-des-telecommunications-geneve-2022\/#respond"]}]},{"@type":"WebPage","@id":"https:\/\/kapitalis.com\/tunisie\/2022\/03\/17\/participation-active-de-tunisie-telecom-dans-les-travaux-de-lassemblee-mondiale-de-normalisation-des-telecommunications-geneve-2022\/","url":"https:\/\/kapitalis.com\/tunisie\/2022\/03\/17\/participation-active-de-tunisie-telecom-dans-les-travaux-de-lassemblee-mondiale-de-normalisation-des-telecommunications-geneve-2022\/","name":"Participation active de Tunisie T\u00e9l\u00e9com dans les travaux de l\u2019Assembl\u00e9e mondiale de normalisation des t\u00e9l\u00e9communications, Gen\u00e8ve 2022 - Kapitalis","isPartOf":{"@id":"https:\/\/kapitalis.com\/tunisie\/#website"},"primaryImageOfPage":{"@id":"https:\/\/kapitalis.com\/tunisie\/2022\/03\/17\/participation-active-de-tunisie-telecom-dans-les-travaux-de-lassemblee-mondiale-de-normalisation-des-telecommunications-geneve-2022\/#primaryimage"},"image":{"@id":"https:\/\/kapitalis.com\/tunisie\/2022\/03\/17\/participation-active-de-tunisie-telecom-dans-les-travaux-de-lassemblee-mondiale-de-normalisation-des-telecommunications-geneve-2022\/#primaryimage"},"thumbnailUrl":"https:\/\/kapitalis.com\/tunisie\/wp-content\/uploads\/2022\/03\/WISE-Event-1.jpg","datePublished":"2022-03-17T14:33:21+00:00","dateModified":"2022-05-20T19:59:41+00:00","breadcrumb":{"@id":"https:\/\/kapitalis.com\/tunisie\/2022\/03\/17\/participation-active-de-tunisie-telecom-dans-les-travaux-de-lassemblee-mondiale-de-normalisation-des-telecommunications-geneve-2022\/#breadcrumb"},"inLanguage":"fr-FR","potentialAction":[{"@type":"ReadAction","target":["https:\/\/kapitalis.com\/tunisie\/2022\/03\/17\/participation-active-de-tunisie-telecom-dans-les-travaux-de-lassemblee-mondiale-de-normalisation-des-telecommunications-geneve-2022\/"]}]},{"@type":"ImageObject","inLanguage":"fr-FR","@id":"https:\/\/kapitalis.com\/tunisie\/2022\/03\/17\/participation-active-de-tunisie-telecom-dans-les-travaux-de-lassemblee-mondiale-de-normalisation-des-telecommunications-geneve-2022\/#primaryimage","url":"https:\/\/kapitalis.com\/tunisie\/wp-content\/uploads\/2022\/03\/WISE-Event-1.jpg","contentUrl":"https:\/\/kapitalis.com\/tunisie\/wp-content\/uploads\/2022\/03\/WISE-Event-1.jpg","width":626,"height":380},{"@type":"BreadcrumbList","@id":"https:\/\/kapitalis.com\/tunisie\/2022\/03\/17\/participation-active-de-tunisie-telecom-dans-les-travaux-de-lassemblee-mondiale-de-normalisation-des-telecommunications-geneve-2022\/#breadcrumb","itemListElement":[{"@type":"ListItem","position":1,"name":"Accueil","item":"https:\/\/kapitalis.com\/tunisie\/"},{"@type":"ListItem","position":2,"name":"Participation active de Tunisie T\u00e9l\u00e9com dans les travaux de l\u2019Assembl\u00e9e mondiale de normalisation des t\u00e9l\u00e9communications, Gen\u00e8ve 2022"}]},{"@type":"WebSite","@id":"https:\/\/kapitalis.com\/tunisie\/#website","url":"https:\/\/kapitalis.com\/tunisie\/","name":"Kapitalis","description":"L&#039;actualit\u00e9 en Tunisie et dans le monde","publisher":{"@id":"https:\/\/kapitalis.com\/tunisie\/#organization"},"potentialAction":[{"@type":"SearchAction","target":{"@type":"EntryPoint","urlTemplate":"https:\/\/kapitalis.com\/tunisie\/?s={search_term_string}"},"query-input":{"@type":"PropertyValueSpecification","valueRequired":true,"valueName":"search_term_string"}}],"inLanguage":"fr-FR"},{"@type":"Organization","@id":"https:\/\/kapitalis.com\/tunisie\/#organization","name":"Kapitalis","url":"https:\/\/kapitalis.com\/tunisie\/","logo":{"@type":"ImageObject","inLanguage":"fr-FR","@id":"https:\/\/kapitalis.com\/tunisie\/#\/schema\/logo\/image\/","url":"https:\/\/kapitalis.com\/tunisie\/wp-content\/uploads\/2022\/05\/Kapitalis-big-size.png","contentUrl":"https:\/\/kapitalis.com\/tunisie\/wp-content\/uploads\/2022\/05\/Kapitalis-big-size.png","width":5000,"height":1500,"caption":"Kapitalis"},"image":{"@id":"https:\/\/kapitalis.com\/tunisie\/#\/schema\/logo\/image\/"},"sameAs":["https:\/\/www.facebook.com\/KapitalisInfo\/","https:\/\/x.com\/KapitalisInfo","https:\/\/www.youtube.com\/channel\/UC-yDYrHyfFBWWZaOw3FPg9Q"]},{"@type":"Person","@id":"https:\/\/kapitalis.com\/tunisie\/#\/schema\/person\/b35b8d631961131107263178aeb8019e","name":"Cherif Benyounes","url":"https:\/\/kapitalis.com\/tunisie\/author\/cherif\/"}]}},"_links":{"self":[{"href":"https:\/\/kapitalis.com\/tunisie\/wp-json\/wp\/v2\/posts\/384285","targetHints":{"allow":["GET"]}}],"collection":[{"href":"https:\/\/kapitalis.com\/tunisie\/wp-json\/wp\/v2\/posts"}],"about":[{"href":"https:\/\/kapitalis.com\/tunisie\/wp-json\/wp\/v2\/types\/post"}],"author":[{"embeddable":true,"href":"https:\/\/kapitalis.com\/tunisie\/wp-json\/wp\/v2\/users\/24"}],"replies":[{"embeddable":true,"href":"https:\/\/kapitalis.com\/tunisie\/wp-json\/wp\/v2\/comments?post=384285"}],"version-history":[{"count":0,"href":"https:\/\/kapitalis.com\/tunisie\/wp-json\/wp\/v2\/posts\/384285\/revisions"}],"wp:featuredmedia":[{"embeddable":true,"href":"https:\/\/kapitalis.com\/tunisie\/wp-json\/wp\/v2\/media\/875179"}],"wp:attachment":[{"href":"https:\/\/kapitalis.com\/tunisie\/wp-json\/wp\/v2\/media?parent=384285"}],"wp:term":[{"taxonomy":"category","embeddable":true,"href":"https:\/\/kapitalis.com\/tunisie\/wp-json\/wp\/v2\/categories?post=384285"},{"taxonomy":"post_tag","embeddable":true,"href":"https:\/\/kapitalis.com\/tunisie\/wp-json\/wp\/v2\/tags?post=384285"}],"curies":[{"name":"wp","href":"https:\/\/api.w.org\/{rel}","templated":true}]}}