{"id":384402,"date":"2022-03-18T12:57:25","date_gmt":"2022-03-18T11:57:25","guid":{"rendered":"http:\/\/kapitalis.com\/tunisie\/?p=384402"},"modified":"2022-03-18T13:05:36","modified_gmt":"2022-03-18T12:05:36","slug":"tunisie-latgf-deplore-la-non-application-du-regime-de-lauto-entrepreneur","status":"publish","type":"post","link":"https:\/\/kapitalis.com\/tunisie\/2022\/03\/18\/tunisie-latgf-deplore-la-non-application-du-regime-de-lauto-entrepreneur\/","title":{"rendered":"Tunisie : L\u2019ATGF d\u00e9plore la non application du r\u00e9gime de l\u2019auto-entrepreneur"},"content":{"rendered":"\n<div class=\"wp-block-image\"><figure class=\"aligncenter size-full\"><img decoding=\"async\" src=\"http:\/\/kapitalis.com\/tunisie\/wp-content\/uploads\/2022\/03\/ATGF.jpg\" alt=\"\" class=\"wp-image-384403\"\/><\/figure><\/div>\n\n\n\n<p><strong><em>L&rsquo;ATGF a publi\u00e9 le communiqu\u00e9 suivant sur la non-application du d\u00e9cret n\u00b033 de l\u2019ann\u00e9e 2020 relatif au r\u00e9gime de l\u2019auto-entrepreneur, o\u00f9 elle appelle les autorit\u00e9s \u00e0 promulguer les textes d\u2019application relatifs \u00e0 ce r\u00e9gime et de mettre en place un dispositif proc\u00e9dural simplifi\u00e9 pour y adh\u00e9rer.<\/em><\/strong><\/p>\n\n\n\n<!--more-->\n\n\n\n<p>Dans le cadre de son activit\u00e9 de suivi et d\u2019\u00e9valuation des dispositions fiscales, l\u2019Association tunisienne pour la gouvernance fiscale (ATGF) rel\u00e8ve la non-application du d\u00e9cret 2020-33 relatif au r\u00e9gime de l\u2019auto-entrepreneur en tant que r\u00e9gime fiscal simplifi\u00e9 destin\u00e9 aux projets individuels.<\/p>\n\n\n\n<p>L\u2019ATGF attire l\u2019attention que la non-application dudit d\u00e9cret est la cons\u00e9quence de la non-promulgation par la pr\u00e9sidence du gouvernement et du minist\u00e8re des Finances des textes d\u2019application pr\u00e9vus par les articles 2 et 3 du d\u00e9cret 2020-33 et qui concernent essentiellement :la liste des activit\u00e9s dans les secteurs \u00e9num\u00e9r\u00e9s par le premier paragraphe de l\u2019article 2 du d\u00e9cret;<\/p>\n\n\n\n<p>la mise en place de la plateforme \u00e9lectronique et des modalit\u00e9s de son organisation et de sa gestion telles que pr\u00e9vues par l\u2019article 3 du d\u00e9cret.\u00a0<\/p>\n\n\n\n<p>L\u2019ATGF insiste sur l\u2019importance du r\u00e9gime de l\u2019auto-entrepreneur pour les raisons suivantes :<\/p>\n\n\n\n<p>&#8211;\u00a0sa capacit\u00e9 \u00e0 permettre aux jeunes exer\u00e7ant des activit\u00e9s industrielles, agricoles, artisanales, de service, free-lance et qui ne sont pas li\u00e9s par des contrats de travail de r\u00e9gulariser leurs situations fiscales et d\u2019avoir une couverture sociale;<\/p>\n\n\n\n<p>&#8211;\u00a0sa capacit\u00e9 \u00e0 \u00e9viter \u00e0 beaucoup d\u2019entreprises du secteur des m\u00e9dias et du journalisme et aux entreprises \u00e9conomiques parmi celles qui font appel occasionnellement \u00e0 des services fournis par des individus sp\u00e9cialistes, le risque fiscal et celui de la l\u00e9gislation sociale qui en d\u00e9coule;<\/p>\n\n\n\n<p>&#8211; son importance accrue pour les journalistes ind\u00e9pendants et les personnes qui exercent dans les secteurs des m\u00e9dias, de l\u2019art, de l\u2019audiovisuel, du th\u00e9\u00e2tre, ainsi que celui des correspondants des m\u00e9dias \u00e9trangers et leurs repr\u00e9sentants, dans la mesure o\u00f9 il leur permet d\u2019avoir un statut l\u00e9gal leur permettant d\u2019aspirer \u00e0 leurs droits fondamentaux;<\/p>\n\n\n\n<p>&#8211; sa capacit\u00e9 \u00e0 inclure dans l\u2019\u00e9conomie r\u00e9gul\u00e9 les personnes exer\u00e7ant dans le secteur informel du fait de sa simplicit\u00e9 et des garanties qu\u2019il offre.<\/p>\n\n\n\n<p>A cet effet, l\u2019ATGF invite la pr\u00e9sidence du gouvernement et le minist\u00e8re des Finances \u00e0 :\u00a0 <\/p>\n\n\n\n<p>&#8211; promulguer les textes d\u2019application relatifs au r\u00e9gime de l\u2019auto-entrepreneur et de mettre en place un dispositif proc\u00e9dural simplifi\u00e9 pour l\u2019adh\u00e9sion \u00e0 ce r\u00e9gime;<\/p>\n\n\n\n<p>&#8211; ajouter le r\u00e9gime de l\u2019auto-entrepreneur au code de l\u2019imp\u00f4t sur le revenu des personnes physiques et de l\u2019imp\u00f4t sur les soci\u00e9t\u00e9s en tant que r\u00e9gime fiscal l\u00e9gal.\u00a0<\/p>\n","protected":false},"excerpt":{"rendered":"<p>L&rsquo;ATGF a publi\u00e9 le communiqu\u00e9 suivant sur la non-application du d\u00e9cret n\u00b033 de l\u2019ann\u00e9e 2020 relatif au r\u00e9gime de l\u2019auto-entrepreneur, o\u00f9 elle appelle les autorit\u00e9s \u00e0 promulguer les textes d\u2019application relatifs \u00e0 ce r\u00e9gime et de mettre en place un dispositif proc\u00e9dural simplifi\u00e9 pour y adh\u00e9rer.<\/p>\n","protected":false},"author":8,"featured_media":384403,"comment_status":"open","ping_status":"open","sticky":false,"template":"","format":"standard","meta":{"footnotes":""},"categories":[995,2433],"tags":[98253,98254,98256,98255,62643],"class_list":["post-384402","post","type-post","status-publish","format-standard","has-post-thumbnail","hentry","category-economie","category-tunisie","tag-association-tunisienne-pour-la-gouvernance-fiscale","tag-atgf","tag-decret-2020-33","tag-regime-de-lauto-entrepreneur","tag-tunisie"],"yoast_head":"<!-- This site is optimized with the Yoast SEO plugin v26.6 - https:\/\/yoast.com\/wordpress\/plugins\/seo\/ -->\n<title>Tunisie : L\u2019ATGF d\u00e9plore la non application du r\u00e9gime de l\u2019auto-entrepreneur - Kapitalis<\/title>\n<meta name=\"robots\" content=\"index, follow, max-snippet:-1, max-image-preview:large, max-video-preview:-1\" \/>\n<link rel=\"canonical\" href=\"https:\/\/kapitalis.com\/tunisie\/2022\/03\/18\/tunisie-latgf-deplore-la-non-application-du-regime-de-lauto-entrepreneur\/\" \/>\n<meta property=\"og:locale\" content=\"fr_FR\" \/>\n<meta property=\"og:type\" content=\"article\" \/>\n<meta property=\"og:title\" content=\"Tunisie : L\u2019ATGF d\u00e9plore la non application du r\u00e9gime de l\u2019auto-entrepreneur - Kapitalis\" \/>\n<meta property=\"og:description\" content=\"L&rsquo;ATGF a publi\u00e9 le communiqu\u00e9 suivant sur la non-application du d\u00e9cret n\u00b033 de l\u2019ann\u00e9e 2020 relatif au r\u00e9gime de l\u2019auto-entrepreneur, o\u00f9 elle appelle les autorit\u00e9s \u00e0 promulguer les textes d\u2019application relatifs \u00e0 ce r\u00e9gime et de mettre en place un dispositif proc\u00e9dural simplifi\u00e9 pour y adh\u00e9rer.\" \/>\n<meta property=\"og:url\" content=\"https:\/\/kapitalis.com\/tunisie\/2022\/03\/18\/tunisie-latgf-deplore-la-non-application-du-regime-de-lauto-entrepreneur\/\" \/>\n<meta property=\"og:site_name\" content=\"Kapitalis\" \/>\n<meta property=\"article:publisher\" content=\"https:\/\/www.facebook.com\/KapitalisInfo\/\" \/>\n<meta property=\"article:published_time\" content=\"2022-03-18T11:57:25+00:00\" \/>\n<meta property=\"article:modified_time\" content=\"2022-03-18T12:05:36+00:00\" \/>\n<meta property=\"og:image\" content=\"https:\/\/kapitalis.com\/tunisie\/wp-content\/uploads\/2022\/05\/kapitalis-logo-fb.png\" \/>\n\t<meta property=\"og:image:width\" content=\"1200\" \/>\n\t<meta property=\"og:image:height\" content=\"630\" \/>\n\t<meta property=\"og:image:type\" content=\"image\/png\" \/>\n<meta name=\"author\" content=\"webmaster kapitalis\" \/>\n<meta name=\"twitter:card\" content=\"summary_large_image\" \/>\n<meta name=\"twitter:creator\" content=\"@KapitalisInfo\" \/>\n<meta name=\"twitter:site\" content=\"@KapitalisInfo\" \/>\n<meta name=\"twitter:label1\" content=\"\u00c9crit par\" \/>\n\t<meta name=\"twitter:data1\" content=\"webmaster kapitalis\" \/>\n\t<meta name=\"twitter:label2\" content=\"Dur\u00e9e de lecture estim\u00e9e\" \/>\n\t<meta name=\"twitter:data2\" content=\"2 minutes\" \/>\n<script type=\"application\/ld+json\" class=\"yoast-schema-graph\">{\"@context\":\"https:\/\/schema.org\",\"@graph\":[{\"@type\":\"Article\",\"@id\":\"https:\/\/kapitalis.com\/tunisie\/2022\/03\/18\/tunisie-latgf-deplore-la-non-application-du-regime-de-lauto-entrepreneur\/#article\",\"isPartOf\":{\"@id\":\"https:\/\/kapitalis.com\/tunisie\/2022\/03\/18\/tunisie-latgf-deplore-la-non-application-du-regime-de-lauto-entrepreneur\/\"},\"author\":{\"name\":\"webmaster kapitalis\",\"@id\":\"https:\/\/kapitalis.com\/tunisie\/#\/schema\/person\/d71f33a9ca44f7bad4698210b480c8e9\"},\"headline\":\"Tunisie : L\u2019ATGF d\u00e9plore la non application du r\u00e9gime de l\u2019auto-entrepreneur\",\"datePublished\":\"2022-03-18T11:57:25+00:00\",\"dateModified\":\"2022-03-18T12:05:36+00:00\",\"mainEntityOfPage\":{\"@id\":\"https:\/\/kapitalis.com\/tunisie\/2022\/03\/18\/tunisie-latgf-deplore-la-non-application-du-regime-de-lauto-entrepreneur\/\"},\"wordCount\":492,\"commentCount\":1,\"publisher\":{\"@id\":\"https:\/\/kapitalis.com\/tunisie\/#organization\"},\"image\":{\"@id\":\"https:\/\/kapitalis.com\/tunisie\/2022\/03\/18\/tunisie-latgf-deplore-la-non-application-du-regime-de-lauto-entrepreneur\/#primaryimage\"},\"thumbnailUrl\":\"\",\"keywords\":[\"Association tunisienne pour la gouvernance fiscale\",\"ATGF\",\"d\u00e9cret 2020-33\",\"r\u00e9gime de l\u2019auto-entrepreneur\",\"Tunisie\"],\"articleSection\":[\"ECONOMIE\",\"Tunisie\"],\"inLanguage\":\"fr-FR\",\"potentialAction\":[{\"@type\":\"CommentAction\",\"name\":\"Comment\",\"target\":[\"https:\/\/kapitalis.com\/tunisie\/2022\/03\/18\/tunisie-latgf-deplore-la-non-application-du-regime-de-lauto-entrepreneur\/#respond\"]}]},{\"@type\":\"WebPage\",\"@id\":\"https:\/\/kapitalis.com\/tunisie\/2022\/03\/18\/tunisie-latgf-deplore-la-non-application-du-regime-de-lauto-entrepreneur\/\",\"url\":\"https:\/\/kapitalis.com\/tunisie\/2022\/03\/18\/tunisie-latgf-deplore-la-non-application-du-regime-de-lauto-entrepreneur\/\",\"name\":\"Tunisie : L\u2019ATGF d\u00e9plore la non application du r\u00e9gime de l\u2019auto-entrepreneur - Kapitalis\",\"isPartOf\":{\"@id\":\"https:\/\/kapitalis.com\/tunisie\/#website\"},\"primaryImageOfPage\":{\"@id\":\"https:\/\/kapitalis.com\/tunisie\/2022\/03\/18\/tunisie-latgf-deplore-la-non-application-du-regime-de-lauto-entrepreneur\/#primaryimage\"},\"image\":{\"@id\":\"https:\/\/kapitalis.com\/tunisie\/2022\/03\/18\/tunisie-latgf-deplore-la-non-application-du-regime-de-lauto-entrepreneur\/#primaryimage\"},\"thumbnailUrl\":\"\",\"datePublished\":\"2022-03-18T11:57:25+00:00\",\"dateModified\":\"2022-03-18T12:05:36+00:00\",\"breadcrumb\":{\"@id\":\"https:\/\/kapitalis.com\/tunisie\/2022\/03\/18\/tunisie-latgf-deplore-la-non-application-du-regime-de-lauto-entrepreneur\/#breadcrumb\"},\"inLanguage\":\"fr-FR\",\"potentialAction\":[{\"@type\":\"ReadAction\",\"target\":[\"https:\/\/kapitalis.com\/tunisie\/2022\/03\/18\/tunisie-latgf-deplore-la-non-application-du-regime-de-lauto-entrepreneur\/\"]}]},{\"@type\":\"ImageObject\",\"inLanguage\":\"fr-FR\",\"@id\":\"https:\/\/kapitalis.com\/tunisie\/2022\/03\/18\/tunisie-latgf-deplore-la-non-application-du-regime-de-lauto-entrepreneur\/#primaryimage\",\"url\":\"\",\"contentUrl\":\"\"},{\"@type\":\"BreadcrumbList\",\"@id\":\"https:\/\/kapitalis.com\/tunisie\/2022\/03\/18\/tunisie-latgf-deplore-la-non-application-du-regime-de-lauto-entrepreneur\/#breadcrumb\",\"itemListElement\":[{\"@type\":\"ListItem\",\"position\":1,\"name\":\"Accueil\",\"item\":\"https:\/\/kapitalis.com\/tunisie\/\"},{\"@type\":\"ListItem\",\"position\":2,\"name\":\"Tunisie : L\u2019ATGF d\u00e9plore la non application du r\u00e9gime de l\u2019auto-entrepreneur\"}]},{\"@type\":\"WebSite\",\"@id\":\"https:\/\/kapitalis.com\/tunisie\/#website\",\"url\":\"https:\/\/kapitalis.com\/tunisie\/\",\"name\":\"Kapitalis\",\"description\":\"L&#039;actualit\u00e9 en Tunisie et dans le monde\",\"publisher\":{\"@id\":\"https:\/\/kapitalis.com\/tunisie\/#organization\"},\"potentialAction\":[{\"@type\":\"SearchAction\",\"target\":{\"@type\":\"EntryPoint\",\"urlTemplate\":\"https:\/\/kapitalis.com\/tunisie\/?s={search_term_string}\"},\"query-input\":{\"@type\":\"PropertyValueSpecification\",\"valueRequired\":true,\"valueName\":\"search_term_string\"}}],\"inLanguage\":\"fr-FR\"},{\"@type\":\"Organization\",\"@id\":\"https:\/\/kapitalis.com\/tunisie\/#organization\",\"name\":\"Kapitalis\",\"url\":\"https:\/\/kapitalis.com\/tunisie\/\",\"logo\":{\"@type\":\"ImageObject\",\"inLanguage\":\"fr-FR\",\"@id\":\"https:\/\/kapitalis.com\/tunisie\/#\/schema\/logo\/image\/\",\"url\":\"https:\/\/kapitalis.com\/tunisie\/wp-content\/uploads\/2022\/05\/Kapitalis-big-size.png\",\"contentUrl\":\"https:\/\/kapitalis.com\/tunisie\/wp-content\/uploads\/2022\/05\/Kapitalis-big-size.png\",\"width\":5000,\"height\":1500,\"caption\":\"Kapitalis\"},\"image\":{\"@id\":\"https:\/\/kapitalis.com\/tunisie\/#\/schema\/logo\/image\/\"},\"sameAs\":[\"https:\/\/www.facebook.com\/KapitalisInfo\/\",\"https:\/\/x.com\/KapitalisInfo\",\"https:\/\/www.youtube.com\/channel\/UC-yDYrHyfFBWWZaOw3FPg9Q\"]},{\"@type\":\"Person\",\"@id\":\"https:\/\/kapitalis.com\/tunisie\/#\/schema\/person\/d71f33a9ca44f7bad4698210b480c8e9\",\"name\":\"webmaster kapitalis\",\"url\":\"https:\/\/kapitalis.com\/tunisie\/author\/webmaster-kapitalis\/\"}]}<\/script>\n<!-- \/ Yoast SEO plugin. -->","yoast_head_json":{"title":"Tunisie : L\u2019ATGF d\u00e9plore la non application du r\u00e9gime de l\u2019auto-entrepreneur - Kapitalis","robots":{"index":"index","follow":"follow","max-snippet":"max-snippet:-1","max-image-preview":"max-image-preview:large","max-video-preview":"max-video-preview:-1"},"canonical":"https:\/\/kapitalis.com\/tunisie\/2022\/03\/18\/tunisie-latgf-deplore-la-non-application-du-regime-de-lauto-entrepreneur\/","og_locale":"fr_FR","og_type":"article","og_title":"Tunisie : L\u2019ATGF d\u00e9plore la non application du r\u00e9gime de l\u2019auto-entrepreneur - Kapitalis","og_description":"L&rsquo;ATGF a publi\u00e9 le communiqu\u00e9 suivant sur la non-application du d\u00e9cret n\u00b033 de l\u2019ann\u00e9e 2020 relatif au r\u00e9gime de l\u2019auto-entrepreneur, o\u00f9 elle appelle les autorit\u00e9s \u00e0 promulguer les textes d\u2019application relatifs \u00e0 ce r\u00e9gime et de mettre en place un dispositif proc\u00e9dural simplifi\u00e9 pour y adh\u00e9rer.","og_url":"https:\/\/kapitalis.com\/tunisie\/2022\/03\/18\/tunisie-latgf-deplore-la-non-application-du-regime-de-lauto-entrepreneur\/","og_site_name":"Kapitalis","article_publisher":"https:\/\/www.facebook.com\/KapitalisInfo\/","article_published_time":"2022-03-18T11:57:25+00:00","article_modified_time":"2022-03-18T12:05:36+00:00","og_image":[{"width":1200,"height":630,"url":"https:\/\/kapitalis.com\/tunisie\/wp-content\/uploads\/2022\/05\/kapitalis-logo-fb.png","type":"image\/png"}],"author":"webmaster kapitalis","twitter_card":"summary_large_image","twitter_creator":"@KapitalisInfo","twitter_site":"@KapitalisInfo","twitter_misc":{"\u00c9crit par":"webmaster kapitalis","Dur\u00e9e de lecture estim\u00e9e":"2 minutes"},"schema":{"@context":"https:\/\/schema.org","@graph":[{"@type":"Article","@id":"https:\/\/kapitalis.com\/tunisie\/2022\/03\/18\/tunisie-latgf-deplore-la-non-application-du-regime-de-lauto-entrepreneur\/#article","isPartOf":{"@id":"https:\/\/kapitalis.com\/tunisie\/2022\/03\/18\/tunisie-latgf-deplore-la-non-application-du-regime-de-lauto-entrepreneur\/"},"author":{"name":"webmaster kapitalis","@id":"https:\/\/kapitalis.com\/tunisie\/#\/schema\/person\/d71f33a9ca44f7bad4698210b480c8e9"},"headline":"Tunisie : L\u2019ATGF d\u00e9plore la non application du r\u00e9gime de l\u2019auto-entrepreneur","datePublished":"2022-03-18T11:57:25+00:00","dateModified":"2022-03-18T12:05:36+00:00","mainEntityOfPage":{"@id":"https:\/\/kapitalis.com\/tunisie\/2022\/03\/18\/tunisie-latgf-deplore-la-non-application-du-regime-de-lauto-entrepreneur\/"},"wordCount":492,"commentCount":1,"publisher":{"@id":"https:\/\/kapitalis.com\/tunisie\/#organization"},"image":{"@id":"https:\/\/kapitalis.com\/tunisie\/2022\/03\/18\/tunisie-latgf-deplore-la-non-application-du-regime-de-lauto-entrepreneur\/#primaryimage"},"thumbnailUrl":"","keywords":["Association tunisienne pour la gouvernance fiscale","ATGF","d\u00e9cret 2020-33","r\u00e9gime de l\u2019auto-entrepreneur","Tunisie"],"articleSection":["ECONOMIE","Tunisie"],"inLanguage":"fr-FR","potentialAction":[{"@type":"CommentAction","name":"Comment","target":["https:\/\/kapitalis.com\/tunisie\/2022\/03\/18\/tunisie-latgf-deplore-la-non-application-du-regime-de-lauto-entrepreneur\/#respond"]}]},{"@type":"WebPage","@id":"https:\/\/kapitalis.com\/tunisie\/2022\/03\/18\/tunisie-latgf-deplore-la-non-application-du-regime-de-lauto-entrepreneur\/","url":"https:\/\/kapitalis.com\/tunisie\/2022\/03\/18\/tunisie-latgf-deplore-la-non-application-du-regime-de-lauto-entrepreneur\/","name":"Tunisie : L\u2019ATGF d\u00e9plore la non application du r\u00e9gime de l\u2019auto-entrepreneur - Kapitalis","isPartOf":{"@id":"https:\/\/kapitalis.com\/tunisie\/#website"},"primaryImageOfPage":{"@id":"https:\/\/kapitalis.com\/tunisie\/2022\/03\/18\/tunisie-latgf-deplore-la-non-application-du-regime-de-lauto-entrepreneur\/#primaryimage"},"image":{"@id":"https:\/\/kapitalis.com\/tunisie\/2022\/03\/18\/tunisie-latgf-deplore-la-non-application-du-regime-de-lauto-entrepreneur\/#primaryimage"},"thumbnailUrl":"","datePublished":"2022-03-18T11:57:25+00:00","dateModified":"2022-03-18T12:05:36+00:00","breadcrumb":{"@id":"https:\/\/kapitalis.com\/tunisie\/2022\/03\/18\/tunisie-latgf-deplore-la-non-application-du-regime-de-lauto-entrepreneur\/#breadcrumb"},"inLanguage":"fr-FR","potentialAction":[{"@type":"ReadAction","target":["https:\/\/kapitalis.com\/tunisie\/2022\/03\/18\/tunisie-latgf-deplore-la-non-application-du-regime-de-lauto-entrepreneur\/"]}]},{"@type":"ImageObject","inLanguage":"fr-FR","@id":"https:\/\/kapitalis.com\/tunisie\/2022\/03\/18\/tunisie-latgf-deplore-la-non-application-du-regime-de-lauto-entrepreneur\/#primaryimage","url":"","contentUrl":""},{"@type":"BreadcrumbList","@id":"https:\/\/kapitalis.com\/tunisie\/2022\/03\/18\/tunisie-latgf-deplore-la-non-application-du-regime-de-lauto-entrepreneur\/#breadcrumb","itemListElement":[{"@type":"ListItem","position":1,"name":"Accueil","item":"https:\/\/kapitalis.com\/tunisie\/"},{"@type":"ListItem","position":2,"name":"Tunisie : L\u2019ATGF d\u00e9plore la non application du r\u00e9gime de l\u2019auto-entrepreneur"}]},{"@type":"WebSite","@id":"https:\/\/kapitalis.com\/tunisie\/#website","url":"https:\/\/kapitalis.com\/tunisie\/","name":"Kapitalis","description":"L&#039;actualit\u00e9 en Tunisie et dans le monde","publisher":{"@id":"https:\/\/kapitalis.com\/tunisie\/#organization"},"potentialAction":[{"@type":"SearchAction","target":{"@type":"EntryPoint","urlTemplate":"https:\/\/kapitalis.com\/tunisie\/?s={search_term_string}"},"query-input":{"@type":"PropertyValueSpecification","valueRequired":true,"valueName":"search_term_string"}}],"inLanguage":"fr-FR"},{"@type":"Organization","@id":"https:\/\/kapitalis.com\/tunisie\/#organization","name":"Kapitalis","url":"https:\/\/kapitalis.com\/tunisie\/","logo":{"@type":"ImageObject","inLanguage":"fr-FR","@id":"https:\/\/kapitalis.com\/tunisie\/#\/schema\/logo\/image\/","url":"https:\/\/kapitalis.com\/tunisie\/wp-content\/uploads\/2022\/05\/Kapitalis-big-size.png","contentUrl":"https:\/\/kapitalis.com\/tunisie\/wp-content\/uploads\/2022\/05\/Kapitalis-big-size.png","width":5000,"height":1500,"caption":"Kapitalis"},"image":{"@id":"https:\/\/kapitalis.com\/tunisie\/#\/schema\/logo\/image\/"},"sameAs":["https:\/\/www.facebook.com\/KapitalisInfo\/","https:\/\/x.com\/KapitalisInfo","https:\/\/www.youtube.com\/channel\/UC-yDYrHyfFBWWZaOw3FPg9Q"]},{"@type":"Person","@id":"https:\/\/kapitalis.com\/tunisie\/#\/schema\/person\/d71f33a9ca44f7bad4698210b480c8e9","name":"webmaster kapitalis","url":"https:\/\/kapitalis.com\/tunisie\/author\/webmaster-kapitalis\/"}]}},"_links":{"self":[{"href":"https:\/\/kapitalis.com\/tunisie\/wp-json\/wp\/v2\/posts\/384402","targetHints":{"allow":["GET"]}}],"collection":[{"href":"https:\/\/kapitalis.com\/tunisie\/wp-json\/wp\/v2\/posts"}],"about":[{"href":"https:\/\/kapitalis.com\/tunisie\/wp-json\/wp\/v2\/types\/post"}],"author":[{"embeddable":true,"href":"https:\/\/kapitalis.com\/tunisie\/wp-json\/wp\/v2\/users\/8"}],"replies":[{"embeddable":true,"href":"https:\/\/kapitalis.com\/tunisie\/wp-json\/wp\/v2\/comments?post=384402"}],"version-history":[{"count":0,"href":"https:\/\/kapitalis.com\/tunisie\/wp-json\/wp\/v2\/posts\/384402\/revisions"}],"wp:featuredmedia":[{"embeddable":true,"href":"https:\/\/kapitalis.com\/tunisie\/wp-json\/wp\/v2\/media\/384403"}],"wp:attachment":[{"href":"https:\/\/kapitalis.com\/tunisie\/wp-json\/wp\/v2\/media?parent=384402"}],"wp:term":[{"taxonomy":"category","embeddable":true,"href":"https:\/\/kapitalis.com\/tunisie\/wp-json\/wp\/v2\/categories?post=384402"},{"taxonomy":"post_tag","embeddable":true,"href":"https:\/\/kapitalis.com\/tunisie\/wp-json\/wp\/v2\/tags?post=384402"}],"curies":[{"name":"wp","href":"https:\/\/api.w.org\/{rel}","templated":true}]}}