{"id":384548,"date":"2022-03-20T08:03:49","date_gmt":"2022-03-20T07:03:49","guid":{"rendered":"http:\/\/kapitalis.com\/tunisie\/?p=384548"},"modified":"2022-03-20T12:01:18","modified_gmt":"2022-03-20T11:01:18","slug":"histoire-en-mars-1954-bourguiba-est-exile-dans-lile-de-groix","status":"publish","type":"post","link":"https:\/\/kapitalis.com\/tunisie\/2022\/03\/20\/histoire-en-mars-1954-bourguiba-est-exile-dans-lile-de-groix\/","title":{"rendered":"Histoire : En mars 1954, Bourguiba est exil\u00e9 dans l&rsquo;\u00eele de Groix"},"content":{"rendered":"\n<div class=\"wp-block-image\"><figure class=\"aligncenter size-full\"><img decoding=\"async\" src=\"http:\/\/kapitalis.com\/tunisie\/wp-content\/uploads\/2022\/03\/Bourguiba-a-Groix.jpg\" alt=\"\" class=\"wp-image-384549\"\/><figcaption><em>Dans cette photo de l\u2019Agence France Presse, Bourguiba, durant cet exil forc\u00e9 dans le bourg de Groix, bavarde paisiblement avec deux \u00eeliennes en coiffe.<\/em><\/figcaption><\/figure><\/div>\n\n\n\n<p><strong><em>La Tunisie c\u00e9l\u00e8bre aujourd&rsquo;hui, dimanche 20 mars 2022, la f\u00eate de l&rsquo;ind\u00e9pendance obtenue en 1956, l&rsquo;occasion de rendre un \u00e9ni\u00e8me hommage \u00e0 l&rsquo;un des artisans de ce tournant dans l&rsquo;histoire moderne du pays, le fondateur et dirigeant du N\u00e9o-Destour et premier pr\u00e9sident de la r\u00e9publique tunisienne, Habib Bourguiba, qui, peu de temps avant son retour triomphal au pays, le 1er juin 1955, \u00e9tait en exil dans l&rsquo;\u00eele de Groix.<\/em><\/strong><\/p>\n\n\n\n<!--more-->\n\n\n\n<p>Nous reproduisons \u00e0 cette occasion des \u00e9l\u00e9ments sur son court s\u00e9jour dans cette \u00eele, qui se trouve dans le golfe du Morbihan, au large de la c\u00f4te sud de la Bretagne, au nord-ouest de la France o\u00f9 l&rsquo;homme tr\u00e8s surveille a d\u00e9barqu\u00e9 en mars 1954. Il n&rsquo;y restera que cinq mois mais mais son passage est rest\u00e9 inscrit dans l\u2019histoire de l\u2019\u00eele. Le journal r\u00e9gional <em>Ouest-France<\/em> en rend compte dans un <a href=\"https:\/\/www.ouest-france.fr\/bretagne\/vannes-56000\/en-1954-bourguiba-futur-president-tunisien-etait-en-exil-force-groix-629330\" target=\"_blank\" rel=\"noreferrer noopener\">article publi\u00e9 en 2011<\/a>. <\/p>\n\n\n\n<div class=\"wp-block-image\"><figure class=\"aligncenter size-full is-resized\"><img decoding=\"async\" src=\"http:\/\/kapitalis.com\/tunisie\/wp-content\/uploads\/2022\/03\/Bourguiba-Maison-Ile-de-Grois.jpg\" alt=\"\" class=\"wp-image-384552\" width=\"500\"\/><figcaption><em>A gauche: Bourguiba se prom\u00e8ne au port de Groix avec son fils Habib Bourguiba Jr et Mohamed Masmoudi, ses futurs ministres des Affaires \u00e9trang\u00e8res \/ A droite : La Maison o\u00f9 le Combattant Supr\u00eame a s\u00e9journ\u00e9 dans l&rsquo;\u00eele.<\/em>  <\/figcaption><\/figure><\/div>\n\n\n\n<p>Le po\u00e8te Tahar Bekri, qui a s\u00e9journ\u00e9 plusieurs fois en Bretagne, nous a fait parvenir un \u00e9change \u00e9pistolaire qu&rsquo;il a eu avec l&rsquo;adjoint-d\u00e9l\u00e9gu\u00e9 au maire de Groix, Claude Guiader. <em>\u00abMe retrouvant dans la ville du Pouldu, en Bretagne du sud, j\u2019aper\u00e7ois de loin, en face, l\u2019\u00eele de Groix o\u00f9 Bourguiba fut en r\u00e9sidence surveill\u00e9e&nbsp;en 1954. J\u2019ai \u00e9crit au Maire, demandant quelques pr\u00e9cisions. J\u2019ai re\u00e7u ce courrier de l\u2019adjoint au maire et son t\u00e9moignage, accompagn\u00e9 de documents dont je vous fais part, pour le bien de l\u2019Histoire de notre pays\u00bb<\/em>, \u00e9crit le po\u00e8te. Lettre que nous reproduisons ci-dessous. Pour l&rsquo;Histoire&#8230; <\/p>\n\n\n\n<div class=\"wp-block-image\"><figure class=\"aligncenter size-full\"><img decoding=\"async\" src=\"http:\/\/kapitalis.com\/tunisie\/wp-content\/uploads\/2022\/03\/Lettre-du-Maire-de-Grois-Bourguiba.jpg\" alt=\"\" class=\"wp-image-384550\"\/><\/figure><\/div>\n","protected":false},"excerpt":{"rendered":"<p>La Tunisie c\u00e9l\u00e8bre aujourd&rsquo;hui, dimanche 20 mars 2022, la f\u00eate de l&rsquo;ind\u00e9pendance obtenue en 1956, l&rsquo;occasion de rendre un \u00e9ni\u00e8me hommage \u00e0 l&rsquo;un des artisans de ce tournant dans l&rsquo;histoire moderne du pays, le fondateur et dirigeant du N\u00e9o-Destour et premier pr\u00e9sident de la r\u00e9publique tunisienne, Habib Bourguiba, qui, peu de temps avant son retour&#8230;<\/p>\n","protected":false},"author":8,"featured_media":384549,"comment_status":"open","ping_status":"open","sticky":false,"template":"","format":"standard","meta":{"footnotes":""},"categories":[997,2433],"tags":[98279,2358,89889,98278,93448,656,21267,62643],"class_list":["post-384548","post","type-post","status-publish","format-standard","has-post-thumbnail","hentry","category-politique","category-tunisie","tag-claude-guiader","tag-habib-bourguiba","tag-habib-bourguiba-jr","tag-ile-de-groix","tag-mohamed-masmoudi","tag-neo-destour","tag-tahar-bekri","tag-tunisie"],"yoast_head":"<!-- This site is optimized with the Yoast SEO plugin v26.6 - https:\/\/yoast.com\/wordpress\/plugins\/seo\/ -->\n<title>Histoire : En mars 1954, Bourguiba est exil\u00e9 dans l&#039;\u00eele de Groix - Kapitalis<\/title>\n<meta name=\"robots\" content=\"index, follow, max-snippet:-1, max-image-preview:large, max-video-preview:-1\" \/>\n<link rel=\"canonical\" href=\"https:\/\/kapitalis.com\/tunisie\/2022\/03\/20\/histoire-en-mars-1954-bourguiba-est-exile-dans-lile-de-groix\/\" \/>\n<meta property=\"og:locale\" content=\"fr_FR\" \/>\n<meta property=\"og:type\" content=\"article\" \/>\n<meta property=\"og:title\" content=\"Histoire : En mars 1954, Bourguiba est exil\u00e9 dans l&#039;\u00eele de Groix - Kapitalis\" \/>\n<meta property=\"og:description\" content=\"La Tunisie c\u00e9l\u00e8bre aujourd&rsquo;hui, dimanche 20 mars 2022, la f\u00eate de l&rsquo;ind\u00e9pendance obtenue en 1956, l&rsquo;occasion de rendre un \u00e9ni\u00e8me hommage \u00e0 l&rsquo;un des artisans de ce tournant dans l&rsquo;histoire moderne du pays, le fondateur et dirigeant du N\u00e9o-Destour et premier pr\u00e9sident de la r\u00e9publique tunisienne, Habib Bourguiba, qui, peu de temps avant son retour...\" \/>\n<meta property=\"og:url\" content=\"https:\/\/kapitalis.com\/tunisie\/2022\/03\/20\/histoire-en-mars-1954-bourguiba-est-exile-dans-lile-de-groix\/\" \/>\n<meta property=\"og:site_name\" content=\"Kapitalis\" \/>\n<meta property=\"article:publisher\" content=\"https:\/\/www.facebook.com\/KapitalisInfo\/\" \/>\n<meta property=\"article:published_time\" content=\"2022-03-20T07:03:49+00:00\" \/>\n<meta property=\"article:modified_time\" content=\"2022-03-20T11:01:18+00:00\" \/>\n<meta property=\"og:image\" content=\"https:\/\/kapitalis.com\/tunisie\/wp-content\/uploads\/2022\/05\/kapitalis-logo-fb.png\" \/>\n\t<meta property=\"og:image:width\" content=\"1200\" \/>\n\t<meta property=\"og:image:height\" content=\"630\" \/>\n\t<meta property=\"og:image:type\" content=\"image\/png\" \/>\n<meta name=\"author\" content=\"webmaster kapitalis\" \/>\n<meta name=\"twitter:card\" content=\"summary_large_image\" \/>\n<meta name=\"twitter:creator\" content=\"@KapitalisInfo\" \/>\n<meta name=\"twitter:site\" content=\"@KapitalisInfo\" \/>\n<meta name=\"twitter:label1\" content=\"\u00c9crit par\" \/>\n\t<meta name=\"twitter:data1\" content=\"webmaster kapitalis\" \/>\n\t<meta name=\"twitter:label2\" content=\"Dur\u00e9e de lecture estim\u00e9e\" \/>\n\t<meta name=\"twitter:data2\" content=\"2 minutes\" \/>\n<script type=\"application\/ld+json\" class=\"yoast-schema-graph\">{\"@context\":\"https:\/\/schema.org\",\"@graph\":[{\"@type\":\"Article\",\"@id\":\"https:\/\/kapitalis.com\/tunisie\/2022\/03\/20\/histoire-en-mars-1954-bourguiba-est-exile-dans-lile-de-groix\/#article\",\"isPartOf\":{\"@id\":\"https:\/\/kapitalis.com\/tunisie\/2022\/03\/20\/histoire-en-mars-1954-bourguiba-est-exile-dans-lile-de-groix\/\"},\"author\":{\"name\":\"webmaster kapitalis\",\"@id\":\"https:\/\/kapitalis.com\/tunisie\/#\/schema\/person\/d71f33a9ca44f7bad4698210b480c8e9\"},\"headline\":\"Histoire : En mars 1954, Bourguiba est exil\u00e9 dans l&rsquo;\u00eele de Groix\",\"datePublished\":\"2022-03-20T07:03:49+00:00\",\"dateModified\":\"2022-03-20T11:01:18+00:00\",\"mainEntityOfPage\":{\"@id\":\"https:\/\/kapitalis.com\/tunisie\/2022\/03\/20\/histoire-en-mars-1954-bourguiba-est-exile-dans-lile-de-groix\/\"},\"wordCount\":347,\"commentCount\":1,\"publisher\":{\"@id\":\"https:\/\/kapitalis.com\/tunisie\/#organization\"},\"image\":{\"@id\":\"https:\/\/kapitalis.com\/tunisie\/2022\/03\/20\/histoire-en-mars-1954-bourguiba-est-exile-dans-lile-de-groix\/#primaryimage\"},\"thumbnailUrl\":\"\",\"keywords\":[\"Claude Guiader\",\"Habib Bourguiba\",\"Habib Bourguiba Jr.\",\"\u00eele de Groix\",\"Mohamed Masmoudi\",\"N\u00e9o-Destour\",\"Tahar Bekri\",\"Tunisie\"],\"articleSection\":[\"POLITIQUE\",\"Tunisie\"],\"inLanguage\":\"fr-FR\",\"potentialAction\":[{\"@type\":\"CommentAction\",\"name\":\"Comment\",\"target\":[\"https:\/\/kapitalis.com\/tunisie\/2022\/03\/20\/histoire-en-mars-1954-bourguiba-est-exile-dans-lile-de-groix\/#respond\"]}]},{\"@type\":\"WebPage\",\"@id\":\"https:\/\/kapitalis.com\/tunisie\/2022\/03\/20\/histoire-en-mars-1954-bourguiba-est-exile-dans-lile-de-groix\/\",\"url\":\"https:\/\/kapitalis.com\/tunisie\/2022\/03\/20\/histoire-en-mars-1954-bourguiba-est-exile-dans-lile-de-groix\/\",\"name\":\"Histoire : En mars 1954, Bourguiba est exil\u00e9 dans l'\u00eele de Groix - Kapitalis\",\"isPartOf\":{\"@id\":\"https:\/\/kapitalis.com\/tunisie\/#website\"},\"primaryImageOfPage\":{\"@id\":\"https:\/\/kapitalis.com\/tunisie\/2022\/03\/20\/histoire-en-mars-1954-bourguiba-est-exile-dans-lile-de-groix\/#primaryimage\"},\"image\":{\"@id\":\"https:\/\/kapitalis.com\/tunisie\/2022\/03\/20\/histoire-en-mars-1954-bourguiba-est-exile-dans-lile-de-groix\/#primaryimage\"},\"thumbnailUrl\":\"\",\"datePublished\":\"2022-03-20T07:03:49+00:00\",\"dateModified\":\"2022-03-20T11:01:18+00:00\",\"breadcrumb\":{\"@id\":\"https:\/\/kapitalis.com\/tunisie\/2022\/03\/20\/histoire-en-mars-1954-bourguiba-est-exile-dans-lile-de-groix\/#breadcrumb\"},\"inLanguage\":\"fr-FR\",\"potentialAction\":[{\"@type\":\"ReadAction\",\"target\":[\"https:\/\/kapitalis.com\/tunisie\/2022\/03\/20\/histoire-en-mars-1954-bourguiba-est-exile-dans-lile-de-groix\/\"]}]},{\"@type\":\"ImageObject\",\"inLanguage\":\"fr-FR\",\"@id\":\"https:\/\/kapitalis.com\/tunisie\/2022\/03\/20\/histoire-en-mars-1954-bourguiba-est-exile-dans-lile-de-groix\/#primaryimage\",\"url\":\"\",\"contentUrl\":\"\"},{\"@type\":\"BreadcrumbList\",\"@id\":\"https:\/\/kapitalis.com\/tunisie\/2022\/03\/20\/histoire-en-mars-1954-bourguiba-est-exile-dans-lile-de-groix\/#breadcrumb\",\"itemListElement\":[{\"@type\":\"ListItem\",\"position\":1,\"name\":\"Accueil\",\"item\":\"https:\/\/kapitalis.com\/tunisie\/\"},{\"@type\":\"ListItem\",\"position\":2,\"name\":\"Histoire : En mars 1954, Bourguiba est exil\u00e9 dans l&rsquo;\u00eele de Groix\"}]},{\"@type\":\"WebSite\",\"@id\":\"https:\/\/kapitalis.com\/tunisie\/#website\",\"url\":\"https:\/\/kapitalis.com\/tunisie\/\",\"name\":\"Kapitalis\",\"description\":\"L&#039;actualit\u00e9 en Tunisie et dans le monde\",\"publisher\":{\"@id\":\"https:\/\/kapitalis.com\/tunisie\/#organization\"},\"potentialAction\":[{\"@type\":\"SearchAction\",\"target\":{\"@type\":\"EntryPoint\",\"urlTemplate\":\"https:\/\/kapitalis.com\/tunisie\/?s={search_term_string}\"},\"query-input\":{\"@type\":\"PropertyValueSpecification\",\"valueRequired\":true,\"valueName\":\"search_term_string\"}}],\"inLanguage\":\"fr-FR\"},{\"@type\":\"Organization\",\"@id\":\"https:\/\/kapitalis.com\/tunisie\/#organization\",\"name\":\"Kapitalis\",\"url\":\"https:\/\/kapitalis.com\/tunisie\/\",\"logo\":{\"@type\":\"ImageObject\",\"inLanguage\":\"fr-FR\",\"@id\":\"https:\/\/kapitalis.com\/tunisie\/#\/schema\/logo\/image\/\",\"url\":\"https:\/\/kapitalis.com\/tunisie\/wp-content\/uploads\/2022\/05\/Kapitalis-big-size.png\",\"contentUrl\":\"https:\/\/kapitalis.com\/tunisie\/wp-content\/uploads\/2022\/05\/Kapitalis-big-size.png\",\"width\":5000,\"height\":1500,\"caption\":\"Kapitalis\"},\"image\":{\"@id\":\"https:\/\/kapitalis.com\/tunisie\/#\/schema\/logo\/image\/\"},\"sameAs\":[\"https:\/\/www.facebook.com\/KapitalisInfo\/\",\"https:\/\/x.com\/KapitalisInfo\",\"https:\/\/www.youtube.com\/channel\/UC-yDYrHyfFBWWZaOw3FPg9Q\"]},{\"@type\":\"Person\",\"@id\":\"https:\/\/kapitalis.com\/tunisie\/#\/schema\/person\/d71f33a9ca44f7bad4698210b480c8e9\",\"name\":\"webmaster kapitalis\",\"url\":\"https:\/\/kapitalis.com\/tunisie\/author\/webmaster-kapitalis\/\"}]}<\/script>\n<!-- \/ Yoast SEO plugin. -->","yoast_head_json":{"title":"Histoire : En mars 1954, Bourguiba est exil\u00e9 dans l'\u00eele de Groix - Kapitalis","robots":{"index":"index","follow":"follow","max-snippet":"max-snippet:-1","max-image-preview":"max-image-preview:large","max-video-preview":"max-video-preview:-1"},"canonical":"https:\/\/kapitalis.com\/tunisie\/2022\/03\/20\/histoire-en-mars-1954-bourguiba-est-exile-dans-lile-de-groix\/","og_locale":"fr_FR","og_type":"article","og_title":"Histoire : En mars 1954, Bourguiba est exil\u00e9 dans l'\u00eele de Groix - Kapitalis","og_description":"La Tunisie c\u00e9l\u00e8bre aujourd&rsquo;hui, dimanche 20 mars 2022, la f\u00eate de l&rsquo;ind\u00e9pendance obtenue en 1956, l&rsquo;occasion de rendre un \u00e9ni\u00e8me hommage \u00e0 l&rsquo;un des artisans de ce tournant dans l&rsquo;histoire moderne du pays, le fondateur et dirigeant du N\u00e9o-Destour et premier pr\u00e9sident de la r\u00e9publique tunisienne, Habib Bourguiba, qui, peu de temps avant son retour...","og_url":"https:\/\/kapitalis.com\/tunisie\/2022\/03\/20\/histoire-en-mars-1954-bourguiba-est-exile-dans-lile-de-groix\/","og_site_name":"Kapitalis","article_publisher":"https:\/\/www.facebook.com\/KapitalisInfo\/","article_published_time":"2022-03-20T07:03:49+00:00","article_modified_time":"2022-03-20T11:01:18+00:00","og_image":[{"width":1200,"height":630,"url":"https:\/\/kapitalis.com\/tunisie\/wp-content\/uploads\/2022\/05\/kapitalis-logo-fb.png","type":"image\/png"}],"author":"webmaster kapitalis","twitter_card":"summary_large_image","twitter_creator":"@KapitalisInfo","twitter_site":"@KapitalisInfo","twitter_misc":{"\u00c9crit par":"webmaster kapitalis","Dur\u00e9e de lecture estim\u00e9e":"2 minutes"},"schema":{"@context":"https:\/\/schema.org","@graph":[{"@type":"Article","@id":"https:\/\/kapitalis.com\/tunisie\/2022\/03\/20\/histoire-en-mars-1954-bourguiba-est-exile-dans-lile-de-groix\/#article","isPartOf":{"@id":"https:\/\/kapitalis.com\/tunisie\/2022\/03\/20\/histoire-en-mars-1954-bourguiba-est-exile-dans-lile-de-groix\/"},"author":{"name":"webmaster kapitalis","@id":"https:\/\/kapitalis.com\/tunisie\/#\/schema\/person\/d71f33a9ca44f7bad4698210b480c8e9"},"headline":"Histoire : En mars 1954, Bourguiba est exil\u00e9 dans l&rsquo;\u00eele de Groix","datePublished":"2022-03-20T07:03:49+00:00","dateModified":"2022-03-20T11:01:18+00:00","mainEntityOfPage":{"@id":"https:\/\/kapitalis.com\/tunisie\/2022\/03\/20\/histoire-en-mars-1954-bourguiba-est-exile-dans-lile-de-groix\/"},"wordCount":347,"commentCount":1,"publisher":{"@id":"https:\/\/kapitalis.com\/tunisie\/#organization"},"image":{"@id":"https:\/\/kapitalis.com\/tunisie\/2022\/03\/20\/histoire-en-mars-1954-bourguiba-est-exile-dans-lile-de-groix\/#primaryimage"},"thumbnailUrl":"","keywords":["Claude Guiader","Habib Bourguiba","Habib Bourguiba Jr.","\u00eele de Groix","Mohamed Masmoudi","N\u00e9o-Destour","Tahar Bekri","Tunisie"],"articleSection":["POLITIQUE","Tunisie"],"inLanguage":"fr-FR","potentialAction":[{"@type":"CommentAction","name":"Comment","target":["https:\/\/kapitalis.com\/tunisie\/2022\/03\/20\/histoire-en-mars-1954-bourguiba-est-exile-dans-lile-de-groix\/#respond"]}]},{"@type":"WebPage","@id":"https:\/\/kapitalis.com\/tunisie\/2022\/03\/20\/histoire-en-mars-1954-bourguiba-est-exile-dans-lile-de-groix\/","url":"https:\/\/kapitalis.com\/tunisie\/2022\/03\/20\/histoire-en-mars-1954-bourguiba-est-exile-dans-lile-de-groix\/","name":"Histoire : En mars 1954, Bourguiba est exil\u00e9 dans l'\u00eele de Groix - Kapitalis","isPartOf":{"@id":"https:\/\/kapitalis.com\/tunisie\/#website"},"primaryImageOfPage":{"@id":"https:\/\/kapitalis.com\/tunisie\/2022\/03\/20\/histoire-en-mars-1954-bourguiba-est-exile-dans-lile-de-groix\/#primaryimage"},"image":{"@id":"https:\/\/kapitalis.com\/tunisie\/2022\/03\/20\/histoire-en-mars-1954-bourguiba-est-exile-dans-lile-de-groix\/#primaryimage"},"thumbnailUrl":"","datePublished":"2022-03-20T07:03:49+00:00","dateModified":"2022-03-20T11:01:18+00:00","breadcrumb":{"@id":"https:\/\/kapitalis.com\/tunisie\/2022\/03\/20\/histoire-en-mars-1954-bourguiba-est-exile-dans-lile-de-groix\/#breadcrumb"},"inLanguage":"fr-FR","potentialAction":[{"@type":"ReadAction","target":["https:\/\/kapitalis.com\/tunisie\/2022\/03\/20\/histoire-en-mars-1954-bourguiba-est-exile-dans-lile-de-groix\/"]}]},{"@type":"ImageObject","inLanguage":"fr-FR","@id":"https:\/\/kapitalis.com\/tunisie\/2022\/03\/20\/histoire-en-mars-1954-bourguiba-est-exile-dans-lile-de-groix\/#primaryimage","url":"","contentUrl":""},{"@type":"BreadcrumbList","@id":"https:\/\/kapitalis.com\/tunisie\/2022\/03\/20\/histoire-en-mars-1954-bourguiba-est-exile-dans-lile-de-groix\/#breadcrumb","itemListElement":[{"@type":"ListItem","position":1,"name":"Accueil","item":"https:\/\/kapitalis.com\/tunisie\/"},{"@type":"ListItem","position":2,"name":"Histoire : En mars 1954, Bourguiba est exil\u00e9 dans l&rsquo;\u00eele de Groix"}]},{"@type":"WebSite","@id":"https:\/\/kapitalis.com\/tunisie\/#website","url":"https:\/\/kapitalis.com\/tunisie\/","name":"Kapitalis","description":"L&#039;actualit\u00e9 en Tunisie et dans le monde","publisher":{"@id":"https:\/\/kapitalis.com\/tunisie\/#organization"},"potentialAction":[{"@type":"SearchAction","target":{"@type":"EntryPoint","urlTemplate":"https:\/\/kapitalis.com\/tunisie\/?s={search_term_string}"},"query-input":{"@type":"PropertyValueSpecification","valueRequired":true,"valueName":"search_term_string"}}],"inLanguage":"fr-FR"},{"@type":"Organization","@id":"https:\/\/kapitalis.com\/tunisie\/#organization","name":"Kapitalis","url":"https:\/\/kapitalis.com\/tunisie\/","logo":{"@type":"ImageObject","inLanguage":"fr-FR","@id":"https:\/\/kapitalis.com\/tunisie\/#\/schema\/logo\/image\/","url":"https:\/\/kapitalis.com\/tunisie\/wp-content\/uploads\/2022\/05\/Kapitalis-big-size.png","contentUrl":"https:\/\/kapitalis.com\/tunisie\/wp-content\/uploads\/2022\/05\/Kapitalis-big-size.png","width":5000,"height":1500,"caption":"Kapitalis"},"image":{"@id":"https:\/\/kapitalis.com\/tunisie\/#\/schema\/logo\/image\/"},"sameAs":["https:\/\/www.facebook.com\/KapitalisInfo\/","https:\/\/x.com\/KapitalisInfo","https:\/\/www.youtube.com\/channel\/UC-yDYrHyfFBWWZaOw3FPg9Q"]},{"@type":"Person","@id":"https:\/\/kapitalis.com\/tunisie\/#\/schema\/person\/d71f33a9ca44f7bad4698210b480c8e9","name":"webmaster kapitalis","url":"https:\/\/kapitalis.com\/tunisie\/author\/webmaster-kapitalis\/"}]}},"_links":{"self":[{"href":"https:\/\/kapitalis.com\/tunisie\/wp-json\/wp\/v2\/posts\/384548","targetHints":{"allow":["GET"]}}],"collection":[{"href":"https:\/\/kapitalis.com\/tunisie\/wp-json\/wp\/v2\/posts"}],"about":[{"href":"https:\/\/kapitalis.com\/tunisie\/wp-json\/wp\/v2\/types\/post"}],"author":[{"embeddable":true,"href":"https:\/\/kapitalis.com\/tunisie\/wp-json\/wp\/v2\/users\/8"}],"replies":[{"embeddable":true,"href":"https:\/\/kapitalis.com\/tunisie\/wp-json\/wp\/v2\/comments?post=384548"}],"version-history":[{"count":0,"href":"https:\/\/kapitalis.com\/tunisie\/wp-json\/wp\/v2\/posts\/384548\/revisions"}],"wp:featuredmedia":[{"embeddable":true,"href":"https:\/\/kapitalis.com\/tunisie\/wp-json\/wp\/v2\/media\/384549"}],"wp:attachment":[{"href":"https:\/\/kapitalis.com\/tunisie\/wp-json\/wp\/v2\/media?parent=384548"}],"wp:term":[{"taxonomy":"category","embeddable":true,"href":"https:\/\/kapitalis.com\/tunisie\/wp-json\/wp\/v2\/categories?post=384548"},{"taxonomy":"post_tag","embeddable":true,"href":"https:\/\/kapitalis.com\/tunisie\/wp-json\/wp\/v2\/tags?post=384548"}],"curies":[{"name":"wp","href":"https:\/\/api.w.org\/{rel}","templated":true}]}}