{"id":38485,"date":"2016-02-06T21:58:58","date_gmt":"2016-02-06T20:58:58","guid":{"rendered":"http:\/\/kapitalis.com\/tunisie\/?p=38485"},"modified":"2016-02-06T21:58:58","modified_gmt":"2016-02-06T20:58:58","slug":"la-tunisie-ne-recourra-pas-aux-armes-contre-la-libye","status":"publish","type":"post","link":"https:\/\/kapitalis.com\/tunisie\/2016\/02\/06\/la-tunisie-ne-recourra-pas-aux-armes-contre-la-libye\/","title":{"rendered":"La Tunisie ne recourra pas aux armes contre la Libye"},"content":{"rendered":"<p><img loading=\"lazy\" decoding=\"async\" class=\"aligncenter size-full wp-image-38486\" src=\"http:\/\/kapitalis.com\/tunisie\/wp-content\/uploads\/2016\/02\/fronti\u00e8re-10.jpg\" alt=\"fronti\u00e8re 10\" width=\"626\" height=\"380\" \/><\/p>\n<p style=\"text-align: center;\"><em>Un syst\u00e8me de surveillance \u00e9lectronique \u00e0 la fronti\u00e8re tuniso-libyenne.<\/em><\/p>\n<p style=\"text-align: left;\"><em><strong>La Tunisie ne recourra pas aux armes contre la Libye et n\u2019y entreprendra aucune intervention militaire, car elle croit aux moyens pacifiques pour r\u00e9soudre les conflits.<\/strong><\/em><\/p>\n<p style=\"text-align: left;\"><!--more--><\/p>\n<p>C\u2019est ce qu\u2019a r\u00e9affirm\u00e9, aujourd&rsquo;hui, samedi 6 f\u00e9vrier 2016, le ministre tunisien de la D\u00e9fense, Farhat Horchani, dans une d\u00e9claration \u00e0 Radio Tataouine, en marge d\u2019une visite d\u2019inspection \u00e0 la zone militaire tampon \u00e0 la fronti\u00e8re tuniso-libyenne.<\/p>\n<p>M. Horchani a tenu aussi \u00e0 pr\u00e9ciser que la Tunisie ne fournira aucune aide militaire dans le cadre de la coalition internationale contre le mouvement terroriste de l&rsquo;Etat islamique (Da\u00each), tout en n&rsquo;\u00e9cartant pas des sc\u00e9narios d\u2019intervention militaire internationale en Libye.<\/p>\n<p>Le ministre de la D\u00e9fense a mis l\u2019accent, par ailleurs, sur la d\u00e9termination de notre pays \u00e0 prot\u00e9ger ses fronti\u00e8res et son territoire contre le terrorisme et la contrebande, tout en veillant \u00e0 maintenir de bonnes relations avec le voisin libyen.<\/p>\n<p>La Tunisie est capable de faire face \u00e0 toute menace et \u00e0 d\u00e9fendre ses fronti\u00e8res, a t-il assur\u00e9, et de conclure en appelant les puissances occidentales \u00e0 une \u00e9troite coordination avec les pays du voisinage, la Tunisie en premier lieu, en cas d\u2019intervention militaire en Libye, afin d\u2019\u00e9viter les \u00e9ventuelles infiltrations de terroristes dans notre pays lors de probables afflux de citoyens libyens et d\u2019\u00e9trangers r\u00e9sidant dans les r\u00e9gions frontali\u00e8res avec la Tunisie.<\/p>\n<p style=\"text-align: right;\"><strong>N. H.<\/strong><\/p>\n","protected":false},"excerpt":{"rendered":"<p>Un syst\u00e8me de surveillance \u00e9lectronique \u00e0 la fronti\u00e8re tuniso-libyenne. La Tunisie ne recourra pas aux armes contre la Libye et n\u2019y entreprendra aucune intervention militaire, car elle croit aux moyens pacifiques pour r\u00e9soudre les conflits.<\/p>\n","protected":false},"author":12,"featured_media":38486,"comment_status":"open","ping_status":"open","sticky":false,"template":"","format":"standard","meta":{"footnotes":""},"categories":[997,2433],"tags":[81,8977,233,9485,4632],"class_list":["post-38485","post","type-post","status-publish","format-standard","has-post-thumbnail","hentry","category-politique","category-tunisie","tag-armes","tag-conflit","tag-contrebande","tag-intervention","tag-militaire"],"yoast_head":"<!-- This site is optimized with the Yoast SEO plugin v26.6 - https:\/\/yoast.com\/wordpress\/plugins\/seo\/ -->\n<title>La Tunisie ne recourra pas aux armes contre la Libye - Kapitalis<\/title>\n<meta name=\"robots\" content=\"index, follow, max-snippet:-1, max-image-preview:large, max-video-preview:-1\" \/>\n<link rel=\"canonical\" href=\"https:\/\/kapitalis.com\/tunisie\/2016\/02\/06\/la-tunisie-ne-recourra-pas-aux-armes-contre-la-libye\/\" \/>\n<meta property=\"og:locale\" content=\"fr_FR\" \/>\n<meta property=\"og:type\" content=\"article\" \/>\n<meta property=\"og:title\" content=\"La Tunisie ne recourra pas aux armes contre la Libye - Kapitalis\" \/>\n<meta property=\"og:description\" content=\"Un syst\u00e8me de surveillance \u00e9lectronique \u00e0 la fronti\u00e8re tuniso-libyenne. La Tunisie ne recourra pas aux armes contre la Libye et n\u2019y entreprendra aucune intervention militaire, car elle croit aux moyens pacifiques pour r\u00e9soudre les conflits.\" \/>\n<meta property=\"og:url\" content=\"https:\/\/kapitalis.com\/tunisie\/2016\/02\/06\/la-tunisie-ne-recourra-pas-aux-armes-contre-la-libye\/\" \/>\n<meta property=\"og:site_name\" content=\"Kapitalis\" \/>\n<meta property=\"article:publisher\" content=\"https:\/\/www.facebook.com\/KapitalisInfo\/\" \/>\n<meta property=\"article:published_time\" content=\"2016-02-06T20:58:58+00:00\" \/>\n<meta property=\"og:image\" content=\"https:\/\/kapitalis.com\/tunisie\/wp-content\/uploads\/2022\/05\/kapitalis-logo-fb.png\" \/>\n\t<meta property=\"og:image:width\" content=\"1200\" \/>\n\t<meta property=\"og:image:height\" content=\"630\" \/>\n\t<meta property=\"og:image:type\" content=\"image\/png\" \/>\n<meta name=\"author\" content=\"Noureddine Hlaoui\" \/>\n<meta name=\"twitter:card\" content=\"summary_large_image\" \/>\n<meta name=\"twitter:creator\" content=\"@KapitalisInfo\" \/>\n<meta name=\"twitter:site\" content=\"@KapitalisInfo\" \/>\n<meta name=\"twitter:label1\" content=\"\u00c9crit par\" \/>\n\t<meta name=\"twitter:data1\" content=\"Noureddine Hlaoui\" \/>\n\t<meta name=\"twitter:label2\" content=\"Dur\u00e9e de lecture estim\u00e9e\" \/>\n\t<meta name=\"twitter:data2\" content=\"1 minute\" \/>\n<script type=\"application\/ld+json\" class=\"yoast-schema-graph\">{\"@context\":\"https:\/\/schema.org\",\"@graph\":[{\"@type\":\"Article\",\"@id\":\"https:\/\/kapitalis.com\/tunisie\/2016\/02\/06\/la-tunisie-ne-recourra-pas-aux-armes-contre-la-libye\/#article\",\"isPartOf\":{\"@id\":\"https:\/\/kapitalis.com\/tunisie\/2016\/02\/06\/la-tunisie-ne-recourra-pas-aux-armes-contre-la-libye\/\"},\"author\":{\"name\":\"Noureddine Hlaoui\",\"@id\":\"https:\/\/kapitalis.com\/tunisie\/#\/schema\/person\/e49e6dd6ed3f0512aef25da8b3483abf\"},\"headline\":\"La Tunisie ne recourra pas aux armes contre la Libye\",\"datePublished\":\"2016-02-06T20:58:58+00:00\",\"mainEntityOfPage\":{\"@id\":\"https:\/\/kapitalis.com\/tunisie\/2016\/02\/06\/la-tunisie-ne-recourra-pas-aux-armes-contre-la-libye\/\"},\"wordCount\":258,\"commentCount\":6,\"publisher\":{\"@id\":\"https:\/\/kapitalis.com\/tunisie\/#organization\"},\"image\":{\"@id\":\"https:\/\/kapitalis.com\/tunisie\/2016\/02\/06\/la-tunisie-ne-recourra-pas-aux-armes-contre-la-libye\/#primaryimage\"},\"thumbnailUrl\":\"\",\"keywords\":[\"armes\",\"conflit\",\"contrebande\",\"intervention\",\"militaire\"],\"articleSection\":[\"POLITIQUE\",\"Tunisie\"],\"inLanguage\":\"fr-FR\",\"potentialAction\":[{\"@type\":\"CommentAction\",\"name\":\"Comment\",\"target\":[\"https:\/\/kapitalis.com\/tunisie\/2016\/02\/06\/la-tunisie-ne-recourra-pas-aux-armes-contre-la-libye\/#respond\"]}]},{\"@type\":\"WebPage\",\"@id\":\"https:\/\/kapitalis.com\/tunisie\/2016\/02\/06\/la-tunisie-ne-recourra-pas-aux-armes-contre-la-libye\/\",\"url\":\"https:\/\/kapitalis.com\/tunisie\/2016\/02\/06\/la-tunisie-ne-recourra-pas-aux-armes-contre-la-libye\/\",\"name\":\"La Tunisie ne recourra pas aux armes contre la Libye - Kapitalis\",\"isPartOf\":{\"@id\":\"https:\/\/kapitalis.com\/tunisie\/#website\"},\"primaryImageOfPage\":{\"@id\":\"https:\/\/kapitalis.com\/tunisie\/2016\/02\/06\/la-tunisie-ne-recourra-pas-aux-armes-contre-la-libye\/#primaryimage\"},\"image\":{\"@id\":\"https:\/\/kapitalis.com\/tunisie\/2016\/02\/06\/la-tunisie-ne-recourra-pas-aux-armes-contre-la-libye\/#primaryimage\"},\"thumbnailUrl\":\"\",\"datePublished\":\"2016-02-06T20:58:58+00:00\",\"breadcrumb\":{\"@id\":\"https:\/\/kapitalis.com\/tunisie\/2016\/02\/06\/la-tunisie-ne-recourra-pas-aux-armes-contre-la-libye\/#breadcrumb\"},\"inLanguage\":\"fr-FR\",\"potentialAction\":[{\"@type\":\"ReadAction\",\"target\":[\"https:\/\/kapitalis.com\/tunisie\/2016\/02\/06\/la-tunisie-ne-recourra-pas-aux-armes-contre-la-libye\/\"]}]},{\"@type\":\"ImageObject\",\"inLanguage\":\"fr-FR\",\"@id\":\"https:\/\/kapitalis.com\/tunisie\/2016\/02\/06\/la-tunisie-ne-recourra-pas-aux-armes-contre-la-libye\/#primaryimage\",\"url\":\"\",\"contentUrl\":\"\"},{\"@type\":\"BreadcrumbList\",\"@id\":\"https:\/\/kapitalis.com\/tunisie\/2016\/02\/06\/la-tunisie-ne-recourra-pas-aux-armes-contre-la-libye\/#breadcrumb\",\"itemListElement\":[{\"@type\":\"ListItem\",\"position\":1,\"name\":\"Accueil\",\"item\":\"https:\/\/kapitalis.com\/tunisie\/\"},{\"@type\":\"ListItem\",\"position\":2,\"name\":\"La Tunisie ne recourra pas aux armes contre la Libye\"}]},{\"@type\":\"WebSite\",\"@id\":\"https:\/\/kapitalis.com\/tunisie\/#website\",\"url\":\"https:\/\/kapitalis.com\/tunisie\/\",\"name\":\"Kapitalis\",\"description\":\"L&#039;actualit\u00e9 en Tunisie et dans le monde\",\"publisher\":{\"@id\":\"https:\/\/kapitalis.com\/tunisie\/#organization\"},\"potentialAction\":[{\"@type\":\"SearchAction\",\"target\":{\"@type\":\"EntryPoint\",\"urlTemplate\":\"https:\/\/kapitalis.com\/tunisie\/?s={search_term_string}\"},\"query-input\":{\"@type\":\"PropertyValueSpecification\",\"valueRequired\":true,\"valueName\":\"search_term_string\"}}],\"inLanguage\":\"fr-FR\"},{\"@type\":\"Organization\",\"@id\":\"https:\/\/kapitalis.com\/tunisie\/#organization\",\"name\":\"Kapitalis\",\"url\":\"https:\/\/kapitalis.com\/tunisie\/\",\"logo\":{\"@type\":\"ImageObject\",\"inLanguage\":\"fr-FR\",\"@id\":\"https:\/\/kapitalis.com\/tunisie\/#\/schema\/logo\/image\/\",\"url\":\"https:\/\/kapitalis.com\/tunisie\/wp-content\/uploads\/2022\/05\/Kapitalis-big-size.png\",\"contentUrl\":\"https:\/\/kapitalis.com\/tunisie\/wp-content\/uploads\/2022\/05\/Kapitalis-big-size.png\",\"width\":5000,\"height\":1500,\"caption\":\"Kapitalis\"},\"image\":{\"@id\":\"https:\/\/kapitalis.com\/tunisie\/#\/schema\/logo\/image\/\"},\"sameAs\":[\"https:\/\/www.facebook.com\/KapitalisInfo\/\",\"https:\/\/x.com\/KapitalisInfo\",\"https:\/\/www.youtube.com\/channel\/UC-yDYrHyfFBWWZaOw3FPg9Q\"]},{\"@type\":\"Person\",\"@id\":\"https:\/\/kapitalis.com\/tunisie\/#\/schema\/person\/e49e6dd6ed3f0512aef25da8b3483abf\",\"name\":\"Noureddine Hlaoui\",\"url\":\"https:\/\/kapitalis.com\/tunisie\/author\/noureddine-hlaoui\/\"}]}<\/script>\n<!-- \/ Yoast SEO plugin. -->","yoast_head_json":{"title":"La Tunisie ne recourra pas aux armes contre la Libye - Kapitalis","robots":{"index":"index","follow":"follow","max-snippet":"max-snippet:-1","max-image-preview":"max-image-preview:large","max-video-preview":"max-video-preview:-1"},"canonical":"https:\/\/kapitalis.com\/tunisie\/2016\/02\/06\/la-tunisie-ne-recourra-pas-aux-armes-contre-la-libye\/","og_locale":"fr_FR","og_type":"article","og_title":"La Tunisie ne recourra pas aux armes contre la Libye - Kapitalis","og_description":"Un syst\u00e8me de surveillance \u00e9lectronique \u00e0 la fronti\u00e8re tuniso-libyenne. La Tunisie ne recourra pas aux armes contre la Libye et n\u2019y entreprendra aucune intervention militaire, car elle croit aux moyens pacifiques pour r\u00e9soudre les conflits.","og_url":"https:\/\/kapitalis.com\/tunisie\/2016\/02\/06\/la-tunisie-ne-recourra-pas-aux-armes-contre-la-libye\/","og_site_name":"Kapitalis","article_publisher":"https:\/\/www.facebook.com\/KapitalisInfo\/","article_published_time":"2016-02-06T20:58:58+00:00","og_image":[{"width":1200,"height":630,"url":"https:\/\/kapitalis.com\/tunisie\/wp-content\/uploads\/2022\/05\/kapitalis-logo-fb.png","type":"image\/png"}],"author":"Noureddine Hlaoui","twitter_card":"summary_large_image","twitter_creator":"@KapitalisInfo","twitter_site":"@KapitalisInfo","twitter_misc":{"\u00c9crit par":"Noureddine Hlaoui","Dur\u00e9e de lecture estim\u00e9e":"1 minute"},"schema":{"@context":"https:\/\/schema.org","@graph":[{"@type":"Article","@id":"https:\/\/kapitalis.com\/tunisie\/2016\/02\/06\/la-tunisie-ne-recourra-pas-aux-armes-contre-la-libye\/#article","isPartOf":{"@id":"https:\/\/kapitalis.com\/tunisie\/2016\/02\/06\/la-tunisie-ne-recourra-pas-aux-armes-contre-la-libye\/"},"author":{"name":"Noureddine Hlaoui","@id":"https:\/\/kapitalis.com\/tunisie\/#\/schema\/person\/e49e6dd6ed3f0512aef25da8b3483abf"},"headline":"La Tunisie ne recourra pas aux armes contre la Libye","datePublished":"2016-02-06T20:58:58+00:00","mainEntityOfPage":{"@id":"https:\/\/kapitalis.com\/tunisie\/2016\/02\/06\/la-tunisie-ne-recourra-pas-aux-armes-contre-la-libye\/"},"wordCount":258,"commentCount":6,"publisher":{"@id":"https:\/\/kapitalis.com\/tunisie\/#organization"},"image":{"@id":"https:\/\/kapitalis.com\/tunisie\/2016\/02\/06\/la-tunisie-ne-recourra-pas-aux-armes-contre-la-libye\/#primaryimage"},"thumbnailUrl":"","keywords":["armes","conflit","contrebande","intervention","militaire"],"articleSection":["POLITIQUE","Tunisie"],"inLanguage":"fr-FR","potentialAction":[{"@type":"CommentAction","name":"Comment","target":["https:\/\/kapitalis.com\/tunisie\/2016\/02\/06\/la-tunisie-ne-recourra-pas-aux-armes-contre-la-libye\/#respond"]}]},{"@type":"WebPage","@id":"https:\/\/kapitalis.com\/tunisie\/2016\/02\/06\/la-tunisie-ne-recourra-pas-aux-armes-contre-la-libye\/","url":"https:\/\/kapitalis.com\/tunisie\/2016\/02\/06\/la-tunisie-ne-recourra-pas-aux-armes-contre-la-libye\/","name":"La Tunisie ne recourra pas aux armes contre la Libye - Kapitalis","isPartOf":{"@id":"https:\/\/kapitalis.com\/tunisie\/#website"},"primaryImageOfPage":{"@id":"https:\/\/kapitalis.com\/tunisie\/2016\/02\/06\/la-tunisie-ne-recourra-pas-aux-armes-contre-la-libye\/#primaryimage"},"image":{"@id":"https:\/\/kapitalis.com\/tunisie\/2016\/02\/06\/la-tunisie-ne-recourra-pas-aux-armes-contre-la-libye\/#primaryimage"},"thumbnailUrl":"","datePublished":"2016-02-06T20:58:58+00:00","breadcrumb":{"@id":"https:\/\/kapitalis.com\/tunisie\/2016\/02\/06\/la-tunisie-ne-recourra-pas-aux-armes-contre-la-libye\/#breadcrumb"},"inLanguage":"fr-FR","potentialAction":[{"@type":"ReadAction","target":["https:\/\/kapitalis.com\/tunisie\/2016\/02\/06\/la-tunisie-ne-recourra-pas-aux-armes-contre-la-libye\/"]}]},{"@type":"ImageObject","inLanguage":"fr-FR","@id":"https:\/\/kapitalis.com\/tunisie\/2016\/02\/06\/la-tunisie-ne-recourra-pas-aux-armes-contre-la-libye\/#primaryimage","url":"","contentUrl":""},{"@type":"BreadcrumbList","@id":"https:\/\/kapitalis.com\/tunisie\/2016\/02\/06\/la-tunisie-ne-recourra-pas-aux-armes-contre-la-libye\/#breadcrumb","itemListElement":[{"@type":"ListItem","position":1,"name":"Accueil","item":"https:\/\/kapitalis.com\/tunisie\/"},{"@type":"ListItem","position":2,"name":"La Tunisie ne recourra pas aux armes contre la Libye"}]},{"@type":"WebSite","@id":"https:\/\/kapitalis.com\/tunisie\/#website","url":"https:\/\/kapitalis.com\/tunisie\/","name":"Kapitalis","description":"L&#039;actualit\u00e9 en Tunisie et dans le monde","publisher":{"@id":"https:\/\/kapitalis.com\/tunisie\/#organization"},"potentialAction":[{"@type":"SearchAction","target":{"@type":"EntryPoint","urlTemplate":"https:\/\/kapitalis.com\/tunisie\/?s={search_term_string}"},"query-input":{"@type":"PropertyValueSpecification","valueRequired":true,"valueName":"search_term_string"}}],"inLanguage":"fr-FR"},{"@type":"Organization","@id":"https:\/\/kapitalis.com\/tunisie\/#organization","name":"Kapitalis","url":"https:\/\/kapitalis.com\/tunisie\/","logo":{"@type":"ImageObject","inLanguage":"fr-FR","@id":"https:\/\/kapitalis.com\/tunisie\/#\/schema\/logo\/image\/","url":"https:\/\/kapitalis.com\/tunisie\/wp-content\/uploads\/2022\/05\/Kapitalis-big-size.png","contentUrl":"https:\/\/kapitalis.com\/tunisie\/wp-content\/uploads\/2022\/05\/Kapitalis-big-size.png","width":5000,"height":1500,"caption":"Kapitalis"},"image":{"@id":"https:\/\/kapitalis.com\/tunisie\/#\/schema\/logo\/image\/"},"sameAs":["https:\/\/www.facebook.com\/KapitalisInfo\/","https:\/\/x.com\/KapitalisInfo","https:\/\/www.youtube.com\/channel\/UC-yDYrHyfFBWWZaOw3FPg9Q"]},{"@type":"Person","@id":"https:\/\/kapitalis.com\/tunisie\/#\/schema\/person\/e49e6dd6ed3f0512aef25da8b3483abf","name":"Noureddine Hlaoui","url":"https:\/\/kapitalis.com\/tunisie\/author\/noureddine-hlaoui\/"}]}},"_links":{"self":[{"href":"https:\/\/kapitalis.com\/tunisie\/wp-json\/wp\/v2\/posts\/38485","targetHints":{"allow":["GET"]}}],"collection":[{"href":"https:\/\/kapitalis.com\/tunisie\/wp-json\/wp\/v2\/posts"}],"about":[{"href":"https:\/\/kapitalis.com\/tunisie\/wp-json\/wp\/v2\/types\/post"}],"author":[{"embeddable":true,"href":"https:\/\/kapitalis.com\/tunisie\/wp-json\/wp\/v2\/users\/12"}],"replies":[{"embeddable":true,"href":"https:\/\/kapitalis.com\/tunisie\/wp-json\/wp\/v2\/comments?post=38485"}],"version-history":[{"count":0,"href":"https:\/\/kapitalis.com\/tunisie\/wp-json\/wp\/v2\/posts\/38485\/revisions"}],"wp:featuredmedia":[{"embeddable":true,"href":"https:\/\/kapitalis.com\/tunisie\/wp-json\/wp\/v2\/media\/38486"}],"wp:attachment":[{"href":"https:\/\/kapitalis.com\/tunisie\/wp-json\/wp\/v2\/media?parent=38485"}],"wp:term":[{"taxonomy":"category","embeddable":true,"href":"https:\/\/kapitalis.com\/tunisie\/wp-json\/wp\/v2\/categories?post=38485"},{"taxonomy":"post_tag","embeddable":true,"href":"https:\/\/kapitalis.com\/tunisie\/wp-json\/wp\/v2\/tags?post=38485"}],"curies":[{"name":"wp","href":"https:\/\/api.w.org\/{rel}","templated":true}]}}