{"id":385,"date":"2015-05-15T13:09:42","date_gmt":"2015-05-15T12:09:42","guid":{"rendered":"http:\/\/www.kapitalis.com\/tunisie\/?p=385"},"modified":"2015-05-15T13:09:42","modified_gmt":"2015-05-15T12:09:42","slug":"transport-une-greve-sauvage-paralyse-le-trafic-des-train-a-la-gare-de-tunis","status":"publish","type":"post","link":"https:\/\/kapitalis.com\/tunisie\/2015\/05\/15\/transport-une-greve-sauvage-paralyse-le-trafic-des-train-a-la-gare-de-tunis\/","title":{"rendered":"Transport: Une gr\u00e8ve sauvage paralyse le trafic des train \u00e0 la gare de Tunis"},"content":{"rendered":"<p><a href=\"http:\/\/kapitalis.net\/wordpress\/wp-content\/uploads\/2015\/05\/Gare-de-tunis.jpg\"><img loading=\"lazy\" decoding=\"async\" class=\"aligncenter size-full wp-image-386\" src=\"http:\/\/kapitalis.net\/wordpress\/wp-content\/uploads\/2015\/05\/Gare-de-tunis.jpg\" alt=\"Gare-de-tunis\" width=\"626\" height=\"380\" \/><\/a><\/p>\n<p><em><strong>La gr\u00e8ve anarchique des conducteurs de trains des grandes lignes et de la banlieue sud de Tunis, d\u00e9clench\u00e9e hier, se poursuit aujourd\u2019hui.<\/strong><\/em><\/p>\n<p>Selon <a href=\"http:\/\/www.shemsfm.net\/fr\/actualite\/gare-de-barcelone-le-trafic-n-a-pas-encore-repris-109987\" target=\"_blank\">ShemsFM<\/a>, citant Mohamed Sa\u00efdi, secr\u00e9taire g\u00e9n\u00e9ral de la F\u00e9d\u00e9ration des chemins de fer, relevant de l\u2019Union g\u00e9n\u00e9rale tunisienne de travail (UGTT), la gare de Tunis est toujours ferm\u00e9e, ce vendredi 15 mai 2015. \u00ab<em>Je n\u2019ai encore aucune id\u00e9e sur l\u2019heure de la reprise du trafic\u00bb<\/em>, a-t-il indiqu\u00e9.<\/p>\n<p>De son c\u00f4t\u00e9, l\u2019UGTT a condamn\u00e9, hier, la suspension du trafic ferroviaire sans avis pr\u00e9alable ou d\u00e9cision \u00e9manant de ses structures, ajoutant que des mesures disciplinaires seront prises \u00e0 l\u2019encontre des instigateurs du mouvement, qui a paralys\u00e9 le trafic des trains dans le pays.<\/p>\n<p><em>\u00abLes syndicalistes qui ont pris la d\u00e9cision de suspendre le trafic des trains sans concertation ou coordination avec l\u2019UGTT verront leur adh\u00e9sion \u00e0 la centrale syndicale gel\u00e9e. Les agents de la SNCFT doivent reprendre imm\u00e9diatement leur travail\u00bb<\/em>, a d\u00e9clar\u00e9 Noureddine Taboubi, secr\u00e9taire g\u00e9n\u00e9ral adjoint de l&rsquo;UGTT, hier soir, au t\u00e9l\u00e9-journal de la cha\u00eene Watania 1.<em> \u00abLa centrale syndicale ne reconnait que les gr\u00e8ves programm\u00e9es par ses structures\u00bb<\/em>, a-t-il ajout\u00e9. Il n\u2019a malheureusement pas \u00e9t\u00e9 \u00e9cout\u00e9.<\/p>\n<p>Les dizaines de milliers d\u2019usagers, qui utilisent le train pour aller au travail ou rentrer chez eux, sont tr\u00e8s emport\u00e9s contre les auteurs de cette gr\u00e8ve sauvage.<\/p>\n<p>Ils accusent certains dirigeants politiques de manipuler les agents de la SNCFT et de les inciter \u00e0 suspendre le trafic ferroviaire pour attiser la col\u00e8re des gens et paralyser davantage l\u2019\u00e9conomie nationale.<\/p>\n<p style=\"text-align: right;\"><strong>Z. A.<\/strong><\/p>\n","protected":false},"excerpt":{"rendered":"<p>La gr\u00e8ve anarchique des conducteurs de trains des grandes lignes et de la banlieue sud de Tunis, d\u00e9clench\u00e9e hier, se poursuit aujourd\u2019hui. Selon ShemsFM, citant Mohamed Sa\u00efdi, secr\u00e9taire g\u00e9n\u00e9ral de la F\u00e9d\u00e9ration des chemins de fer, relevant de l\u2019Union g\u00e9n\u00e9rale tunisienne de travail (UGTT), la gare de Tunis est toujours ferm\u00e9e, ce vendredi 15 mai&#8230;<\/p>\n","protected":false},"author":1,"featured_media":0,"comment_status":"open","ping_status":"open","sticky":false,"template":"","format":"standard","meta":{"footnotes":""},"categories":[998],"tags":[837],"class_list":["post-385","post","type-post","status-publish","format-standard","hentry","category-societe","tag-sncft"],"yoast_head":"<!-- This site is optimized with the Yoast SEO plugin v26.6 - https:\/\/yoast.com\/wordpress\/plugins\/seo\/ -->\n<title>Transport: Une gr\u00e8ve sauvage paralyse le trafic des train \u00e0 la gare de Tunis - Kapitalis<\/title>\n<meta name=\"robots\" content=\"index, follow, max-snippet:-1, max-image-preview:large, max-video-preview:-1\" \/>\n<link rel=\"canonical\" href=\"https:\/\/kapitalis.com\/tunisie\/2015\/05\/15\/transport-une-greve-sauvage-paralyse-le-trafic-des-train-a-la-gare-de-tunis\/\" \/>\n<meta property=\"og:locale\" content=\"fr_FR\" \/>\n<meta property=\"og:type\" content=\"article\" \/>\n<meta property=\"og:title\" content=\"Transport: Une gr\u00e8ve sauvage paralyse le trafic des train \u00e0 la gare de Tunis - Kapitalis\" \/>\n<meta property=\"og:description\" content=\"La gr\u00e8ve anarchique des conducteurs de trains des grandes lignes et de la banlieue sud de Tunis, d\u00e9clench\u00e9e hier, se poursuit aujourd\u2019hui. Selon ShemsFM, citant Mohamed Sa\u00efdi, secr\u00e9taire g\u00e9n\u00e9ral de la F\u00e9d\u00e9ration des chemins de fer, relevant de l\u2019Union g\u00e9n\u00e9rale tunisienne de travail (UGTT), la gare de Tunis est toujours ferm\u00e9e, ce vendredi 15 mai...\" \/>\n<meta property=\"og:url\" content=\"https:\/\/kapitalis.com\/tunisie\/2015\/05\/15\/transport-une-greve-sauvage-paralyse-le-trafic-des-train-a-la-gare-de-tunis\/\" \/>\n<meta property=\"og:site_name\" content=\"Kapitalis\" \/>\n<meta property=\"article:publisher\" content=\"https:\/\/www.facebook.com\/KapitalisInfo\/\" \/>\n<meta property=\"article:published_time\" content=\"2015-05-15T12:09:42+00:00\" \/>\n<meta property=\"og:image\" content=\"http:\/\/kapitalis.net\/wordpress\/wp-content\/uploads\/2015\/05\/Gare-de-tunis.jpg\" \/>\n<meta name=\"author\" content=\"mounir\" \/>\n<meta name=\"twitter:card\" content=\"summary_large_image\" \/>\n<meta name=\"twitter:creator\" content=\"@KapitalisInfo\" \/>\n<meta name=\"twitter:site\" content=\"@KapitalisInfo\" \/>\n<meta name=\"twitter:label1\" content=\"\u00c9crit par\" \/>\n\t<meta name=\"twitter:data1\" content=\"mounir\" \/>\n\t<meta name=\"twitter:label2\" content=\"Dur\u00e9e de lecture estim\u00e9e\" \/>\n\t<meta name=\"twitter:data2\" content=\"1 minute\" \/>\n<script type=\"application\/ld+json\" class=\"yoast-schema-graph\">{\"@context\":\"https:\/\/schema.org\",\"@graph\":[{\"@type\":\"Article\",\"@id\":\"https:\/\/kapitalis.com\/tunisie\/2015\/05\/15\/transport-une-greve-sauvage-paralyse-le-trafic-des-train-a-la-gare-de-tunis\/#article\",\"isPartOf\":{\"@id\":\"https:\/\/kapitalis.com\/tunisie\/2015\/05\/15\/transport-une-greve-sauvage-paralyse-le-trafic-des-train-a-la-gare-de-tunis\/\"},\"author\":{\"name\":\"mounir\",\"@id\":\"https:\/\/kapitalis.com\/tunisie\/#\/schema\/person\/aa55121cdc1c0fa4794a24cff31f746f\"},\"headline\":\"Transport: Une gr\u00e8ve sauvage paralyse le trafic des train \u00e0 la gare de Tunis\",\"datePublished\":\"2015-05-15T12:09:42+00:00\",\"mainEntityOfPage\":{\"@id\":\"https:\/\/kapitalis.com\/tunisie\/2015\/05\/15\/transport-une-greve-sauvage-paralyse-le-trafic-des-train-a-la-gare-de-tunis\/\"},\"wordCount\":301,\"commentCount\":0,\"publisher\":{\"@id\":\"https:\/\/kapitalis.com\/tunisie\/#organization\"},\"image\":{\"@id\":\"https:\/\/kapitalis.com\/tunisie\/2015\/05\/15\/transport-une-greve-sauvage-paralyse-le-trafic-des-train-a-la-gare-de-tunis\/#primaryimage\"},\"thumbnailUrl\":\"http:\/\/kapitalis.net\/wordpress\/wp-content\/uploads\/2015\/05\/Gare-de-tunis.jpg\",\"keywords\":[\"SNCFT\"],\"articleSection\":[\"SOCIETE\"],\"inLanguage\":\"fr-FR\",\"potentialAction\":[{\"@type\":\"CommentAction\",\"name\":\"Comment\",\"target\":[\"https:\/\/kapitalis.com\/tunisie\/2015\/05\/15\/transport-une-greve-sauvage-paralyse-le-trafic-des-train-a-la-gare-de-tunis\/#respond\"]}]},{\"@type\":\"WebPage\",\"@id\":\"https:\/\/kapitalis.com\/tunisie\/2015\/05\/15\/transport-une-greve-sauvage-paralyse-le-trafic-des-train-a-la-gare-de-tunis\/\",\"url\":\"https:\/\/kapitalis.com\/tunisie\/2015\/05\/15\/transport-une-greve-sauvage-paralyse-le-trafic-des-train-a-la-gare-de-tunis\/\",\"name\":\"Transport: Une gr\u00e8ve sauvage paralyse le trafic des train \u00e0 la gare de Tunis - Kapitalis\",\"isPartOf\":{\"@id\":\"https:\/\/kapitalis.com\/tunisie\/#website\"},\"primaryImageOfPage\":{\"@id\":\"https:\/\/kapitalis.com\/tunisie\/2015\/05\/15\/transport-une-greve-sauvage-paralyse-le-trafic-des-train-a-la-gare-de-tunis\/#primaryimage\"},\"image\":{\"@id\":\"https:\/\/kapitalis.com\/tunisie\/2015\/05\/15\/transport-une-greve-sauvage-paralyse-le-trafic-des-train-a-la-gare-de-tunis\/#primaryimage\"},\"thumbnailUrl\":\"http:\/\/kapitalis.net\/wordpress\/wp-content\/uploads\/2015\/05\/Gare-de-tunis.jpg\",\"datePublished\":\"2015-05-15T12:09:42+00:00\",\"breadcrumb\":{\"@id\":\"https:\/\/kapitalis.com\/tunisie\/2015\/05\/15\/transport-une-greve-sauvage-paralyse-le-trafic-des-train-a-la-gare-de-tunis\/#breadcrumb\"},\"inLanguage\":\"fr-FR\",\"potentialAction\":[{\"@type\":\"ReadAction\",\"target\":[\"https:\/\/kapitalis.com\/tunisie\/2015\/05\/15\/transport-une-greve-sauvage-paralyse-le-trafic-des-train-a-la-gare-de-tunis\/\"]}]},{\"@type\":\"ImageObject\",\"inLanguage\":\"fr-FR\",\"@id\":\"https:\/\/kapitalis.com\/tunisie\/2015\/05\/15\/transport-une-greve-sauvage-paralyse-le-trafic-des-train-a-la-gare-de-tunis\/#primaryimage\",\"url\":\"http:\/\/kapitalis.net\/wordpress\/wp-content\/uploads\/2015\/05\/Gare-de-tunis.jpg\",\"contentUrl\":\"http:\/\/kapitalis.net\/wordpress\/wp-content\/uploads\/2015\/05\/Gare-de-tunis.jpg\"},{\"@type\":\"BreadcrumbList\",\"@id\":\"https:\/\/kapitalis.com\/tunisie\/2015\/05\/15\/transport-une-greve-sauvage-paralyse-le-trafic-des-train-a-la-gare-de-tunis\/#breadcrumb\",\"itemListElement\":[{\"@type\":\"ListItem\",\"position\":1,\"name\":\"Accueil\",\"item\":\"https:\/\/kapitalis.com\/tunisie\/\"},{\"@type\":\"ListItem\",\"position\":2,\"name\":\"Transport: Une gr\u00e8ve sauvage paralyse le trafic des train \u00e0 la gare de Tunis\"}]},{\"@type\":\"WebSite\",\"@id\":\"https:\/\/kapitalis.com\/tunisie\/#website\",\"url\":\"https:\/\/kapitalis.com\/tunisie\/\",\"name\":\"Kapitalis\",\"description\":\"L&#039;actualit\u00e9 en Tunisie et dans le monde\",\"publisher\":{\"@id\":\"https:\/\/kapitalis.com\/tunisie\/#organization\"},\"potentialAction\":[{\"@type\":\"SearchAction\",\"target\":{\"@type\":\"EntryPoint\",\"urlTemplate\":\"https:\/\/kapitalis.com\/tunisie\/?s={search_term_string}\"},\"query-input\":{\"@type\":\"PropertyValueSpecification\",\"valueRequired\":true,\"valueName\":\"search_term_string\"}}],\"inLanguage\":\"fr-FR\"},{\"@type\":\"Organization\",\"@id\":\"https:\/\/kapitalis.com\/tunisie\/#organization\",\"name\":\"Kapitalis\",\"url\":\"https:\/\/kapitalis.com\/tunisie\/\",\"logo\":{\"@type\":\"ImageObject\",\"inLanguage\":\"fr-FR\",\"@id\":\"https:\/\/kapitalis.com\/tunisie\/#\/schema\/logo\/image\/\",\"url\":\"https:\/\/kapitalis.com\/tunisie\/wp-content\/uploads\/2022\/05\/Kapitalis-big-size.png\",\"contentUrl\":\"https:\/\/kapitalis.com\/tunisie\/wp-content\/uploads\/2022\/05\/Kapitalis-big-size.png\",\"width\":5000,\"height\":1500,\"caption\":\"Kapitalis\"},\"image\":{\"@id\":\"https:\/\/kapitalis.com\/tunisie\/#\/schema\/logo\/image\/\"},\"sameAs\":[\"https:\/\/www.facebook.com\/KapitalisInfo\/\",\"https:\/\/x.com\/KapitalisInfo\",\"https:\/\/www.youtube.com\/channel\/UC-yDYrHyfFBWWZaOw3FPg9Q\"]},{\"@type\":\"Person\",\"@id\":\"https:\/\/kapitalis.com\/tunisie\/#\/schema\/person\/aa55121cdc1c0fa4794a24cff31f746f\",\"name\":\"mounir\",\"sameAs\":[\"https:\/\/kapitalis.com\/tunisie\"],\"url\":\"https:\/\/kapitalis.com\/tunisie\/author\/mounir\/\"}]}<\/script>\n<!-- \/ Yoast SEO plugin. -->","yoast_head_json":{"title":"Transport: Une gr\u00e8ve sauvage paralyse le trafic des train \u00e0 la gare de Tunis - Kapitalis","robots":{"index":"index","follow":"follow","max-snippet":"max-snippet:-1","max-image-preview":"max-image-preview:large","max-video-preview":"max-video-preview:-1"},"canonical":"https:\/\/kapitalis.com\/tunisie\/2015\/05\/15\/transport-une-greve-sauvage-paralyse-le-trafic-des-train-a-la-gare-de-tunis\/","og_locale":"fr_FR","og_type":"article","og_title":"Transport: Une gr\u00e8ve sauvage paralyse le trafic des train \u00e0 la gare de Tunis - Kapitalis","og_description":"La gr\u00e8ve anarchique des conducteurs de trains des grandes lignes et de la banlieue sud de Tunis, d\u00e9clench\u00e9e hier, se poursuit aujourd\u2019hui. Selon ShemsFM, citant Mohamed Sa\u00efdi, secr\u00e9taire g\u00e9n\u00e9ral de la F\u00e9d\u00e9ration des chemins de fer, relevant de l\u2019Union g\u00e9n\u00e9rale tunisienne de travail (UGTT), la gare de Tunis est toujours ferm\u00e9e, ce vendredi 15 mai...","og_url":"https:\/\/kapitalis.com\/tunisie\/2015\/05\/15\/transport-une-greve-sauvage-paralyse-le-trafic-des-train-a-la-gare-de-tunis\/","og_site_name":"Kapitalis","article_publisher":"https:\/\/www.facebook.com\/KapitalisInfo\/","article_published_time":"2015-05-15T12:09:42+00:00","og_image":[{"url":"http:\/\/kapitalis.net\/wordpress\/wp-content\/uploads\/2015\/05\/Gare-de-tunis.jpg","type":"","width":"","height":""}],"author":"mounir","twitter_card":"summary_large_image","twitter_creator":"@KapitalisInfo","twitter_site":"@KapitalisInfo","twitter_misc":{"\u00c9crit par":"mounir","Dur\u00e9e de lecture estim\u00e9e":"1 minute"},"schema":{"@context":"https:\/\/schema.org","@graph":[{"@type":"Article","@id":"https:\/\/kapitalis.com\/tunisie\/2015\/05\/15\/transport-une-greve-sauvage-paralyse-le-trafic-des-train-a-la-gare-de-tunis\/#article","isPartOf":{"@id":"https:\/\/kapitalis.com\/tunisie\/2015\/05\/15\/transport-une-greve-sauvage-paralyse-le-trafic-des-train-a-la-gare-de-tunis\/"},"author":{"name":"mounir","@id":"https:\/\/kapitalis.com\/tunisie\/#\/schema\/person\/aa55121cdc1c0fa4794a24cff31f746f"},"headline":"Transport: Une gr\u00e8ve sauvage paralyse le trafic des train \u00e0 la gare de Tunis","datePublished":"2015-05-15T12:09:42+00:00","mainEntityOfPage":{"@id":"https:\/\/kapitalis.com\/tunisie\/2015\/05\/15\/transport-une-greve-sauvage-paralyse-le-trafic-des-train-a-la-gare-de-tunis\/"},"wordCount":301,"commentCount":0,"publisher":{"@id":"https:\/\/kapitalis.com\/tunisie\/#organization"},"image":{"@id":"https:\/\/kapitalis.com\/tunisie\/2015\/05\/15\/transport-une-greve-sauvage-paralyse-le-trafic-des-train-a-la-gare-de-tunis\/#primaryimage"},"thumbnailUrl":"http:\/\/kapitalis.net\/wordpress\/wp-content\/uploads\/2015\/05\/Gare-de-tunis.jpg","keywords":["SNCFT"],"articleSection":["SOCIETE"],"inLanguage":"fr-FR","potentialAction":[{"@type":"CommentAction","name":"Comment","target":["https:\/\/kapitalis.com\/tunisie\/2015\/05\/15\/transport-une-greve-sauvage-paralyse-le-trafic-des-train-a-la-gare-de-tunis\/#respond"]}]},{"@type":"WebPage","@id":"https:\/\/kapitalis.com\/tunisie\/2015\/05\/15\/transport-une-greve-sauvage-paralyse-le-trafic-des-train-a-la-gare-de-tunis\/","url":"https:\/\/kapitalis.com\/tunisie\/2015\/05\/15\/transport-une-greve-sauvage-paralyse-le-trafic-des-train-a-la-gare-de-tunis\/","name":"Transport: Une gr\u00e8ve sauvage paralyse le trafic des train \u00e0 la gare de Tunis - Kapitalis","isPartOf":{"@id":"https:\/\/kapitalis.com\/tunisie\/#website"},"primaryImageOfPage":{"@id":"https:\/\/kapitalis.com\/tunisie\/2015\/05\/15\/transport-une-greve-sauvage-paralyse-le-trafic-des-train-a-la-gare-de-tunis\/#primaryimage"},"image":{"@id":"https:\/\/kapitalis.com\/tunisie\/2015\/05\/15\/transport-une-greve-sauvage-paralyse-le-trafic-des-train-a-la-gare-de-tunis\/#primaryimage"},"thumbnailUrl":"http:\/\/kapitalis.net\/wordpress\/wp-content\/uploads\/2015\/05\/Gare-de-tunis.jpg","datePublished":"2015-05-15T12:09:42+00:00","breadcrumb":{"@id":"https:\/\/kapitalis.com\/tunisie\/2015\/05\/15\/transport-une-greve-sauvage-paralyse-le-trafic-des-train-a-la-gare-de-tunis\/#breadcrumb"},"inLanguage":"fr-FR","potentialAction":[{"@type":"ReadAction","target":["https:\/\/kapitalis.com\/tunisie\/2015\/05\/15\/transport-une-greve-sauvage-paralyse-le-trafic-des-train-a-la-gare-de-tunis\/"]}]},{"@type":"ImageObject","inLanguage":"fr-FR","@id":"https:\/\/kapitalis.com\/tunisie\/2015\/05\/15\/transport-une-greve-sauvage-paralyse-le-trafic-des-train-a-la-gare-de-tunis\/#primaryimage","url":"http:\/\/kapitalis.net\/wordpress\/wp-content\/uploads\/2015\/05\/Gare-de-tunis.jpg","contentUrl":"http:\/\/kapitalis.net\/wordpress\/wp-content\/uploads\/2015\/05\/Gare-de-tunis.jpg"},{"@type":"BreadcrumbList","@id":"https:\/\/kapitalis.com\/tunisie\/2015\/05\/15\/transport-une-greve-sauvage-paralyse-le-trafic-des-train-a-la-gare-de-tunis\/#breadcrumb","itemListElement":[{"@type":"ListItem","position":1,"name":"Accueil","item":"https:\/\/kapitalis.com\/tunisie\/"},{"@type":"ListItem","position":2,"name":"Transport: Une gr\u00e8ve sauvage paralyse le trafic des train \u00e0 la gare de Tunis"}]},{"@type":"WebSite","@id":"https:\/\/kapitalis.com\/tunisie\/#website","url":"https:\/\/kapitalis.com\/tunisie\/","name":"Kapitalis","description":"L&#039;actualit\u00e9 en Tunisie et dans le monde","publisher":{"@id":"https:\/\/kapitalis.com\/tunisie\/#organization"},"potentialAction":[{"@type":"SearchAction","target":{"@type":"EntryPoint","urlTemplate":"https:\/\/kapitalis.com\/tunisie\/?s={search_term_string}"},"query-input":{"@type":"PropertyValueSpecification","valueRequired":true,"valueName":"search_term_string"}}],"inLanguage":"fr-FR"},{"@type":"Organization","@id":"https:\/\/kapitalis.com\/tunisie\/#organization","name":"Kapitalis","url":"https:\/\/kapitalis.com\/tunisie\/","logo":{"@type":"ImageObject","inLanguage":"fr-FR","@id":"https:\/\/kapitalis.com\/tunisie\/#\/schema\/logo\/image\/","url":"https:\/\/kapitalis.com\/tunisie\/wp-content\/uploads\/2022\/05\/Kapitalis-big-size.png","contentUrl":"https:\/\/kapitalis.com\/tunisie\/wp-content\/uploads\/2022\/05\/Kapitalis-big-size.png","width":5000,"height":1500,"caption":"Kapitalis"},"image":{"@id":"https:\/\/kapitalis.com\/tunisie\/#\/schema\/logo\/image\/"},"sameAs":["https:\/\/www.facebook.com\/KapitalisInfo\/","https:\/\/x.com\/KapitalisInfo","https:\/\/www.youtube.com\/channel\/UC-yDYrHyfFBWWZaOw3FPg9Q"]},{"@type":"Person","@id":"https:\/\/kapitalis.com\/tunisie\/#\/schema\/person\/aa55121cdc1c0fa4794a24cff31f746f","name":"mounir","sameAs":["https:\/\/kapitalis.com\/tunisie"],"url":"https:\/\/kapitalis.com\/tunisie\/author\/mounir\/"}]}},"_links":{"self":[{"href":"https:\/\/kapitalis.com\/tunisie\/wp-json\/wp\/v2\/posts\/385","targetHints":{"allow":["GET"]}}],"collection":[{"href":"https:\/\/kapitalis.com\/tunisie\/wp-json\/wp\/v2\/posts"}],"about":[{"href":"https:\/\/kapitalis.com\/tunisie\/wp-json\/wp\/v2\/types\/post"}],"author":[{"embeddable":true,"href":"https:\/\/kapitalis.com\/tunisie\/wp-json\/wp\/v2\/users\/1"}],"replies":[{"embeddable":true,"href":"https:\/\/kapitalis.com\/tunisie\/wp-json\/wp\/v2\/comments?post=385"}],"version-history":[{"count":0,"href":"https:\/\/kapitalis.com\/tunisie\/wp-json\/wp\/v2\/posts\/385\/revisions"}],"wp:attachment":[{"href":"https:\/\/kapitalis.com\/tunisie\/wp-json\/wp\/v2\/media?parent=385"}],"wp:term":[{"taxonomy":"category","embeddable":true,"href":"https:\/\/kapitalis.com\/tunisie\/wp-json\/wp\/v2\/categories?post=385"},{"taxonomy":"post_tag","embeddable":true,"href":"https:\/\/kapitalis.com\/tunisie\/wp-json\/wp\/v2\/tags?post=385"}],"curies":[{"name":"wp","href":"https:\/\/api.w.org\/{rel}","templated":true}]}}