{"id":385027,"date":"2022-03-23T14:41:05","date_gmt":"2022-03-23T13:41:05","guid":{"rendered":"http:\/\/kapitalis.com\/tunisie\/?p=385027"},"modified":"2022-03-23T14:44:06","modified_gmt":"2022-03-23T13:44:06","slug":"tunisie-mali-vers-la-gratuite-du-transport-pour-les-supporters-de-lequipe-nationale","status":"publish","type":"post","link":"https:\/\/kapitalis.com\/tunisie\/2022\/03\/23\/tunisie-mali-vers-la-gratuite-du-transport-pour-les-supporters-de-lequipe-nationale\/","title":{"rendered":"Tunisie &#8211; Mali : Vers la gratuit\u00e9 du transport pour les supporters de l&rsquo;\u00e9quipe nationale"},"content":{"rendered":"\n<div class=\"wp-block-image\"><figure class=\"aligncenter size-full\"><img decoding=\"async\" src=\"http:\/\/kapitalis.com\/tunisie\/wp-content\/uploads\/2022\/03\/supporters-equipe-nationale.jpg\" alt=\"\" class=\"wp-image-385031\"\/><\/figure><\/div>\n\n\n\n<p><strong><em>Si on en croit Moez\u00a0Dabbabi, secr\u00e9taire g\u00e9n\u00e9ral adjoint du syndicat g\u00e9n\u00e9ral des\u00a0Forces\u00a0de\u00a0s\u00e9curit\u00e9\u00a0int\u00e9rieures, les supporters de l&rsquo;\u00e9quipe nationale tunisienne de football pourraient b\u00e9n\u00e9ficier, mardi prochain, 29 mars 2022, de la gratuit\u00e9 du transport, pour pouvoir assister au match de barrages retour dans le cadre des \u00e9liminatoires de la Coupe du monde 2022, contre le Mali, \u00e0 Rad\u00e8s.<\/em><\/strong><\/p>\n\n\n\n<!--more-->\n\n\n\n<p>M. Debbabi a fait savoir, ce mardi 23 mars 2022, dans une d\u00e9claration accord\u00e9e \u00e0 Shems FM, qu&rsquo;\u00e0 cet effet, le gouverneur de Ben Arous, Ezzedine Chalbi, a contact\u00e9 les autres gouverneurs du Grand Tunis ainsi que le minist\u00e8re du Transport.<\/p>\n\n\n\n<p>Rappelons que la rencontre Tunisie &#8211; Mali aura lieu \u00e0 20h30, alors que le match aller se tiendra, ce vendredi 25 mars, \u00e0 Bamako.<\/p>\n\n\n\n<p class=\"has-text-align-right\"><strong>C. B. Y.<\/strong><\/p>\n","protected":false},"excerpt":{"rendered":"<p>Si on en croit Moez\u00a0Dabbabi, secr\u00e9taire g\u00e9n\u00e9ral adjoint du syndicat g\u00e9n\u00e9ral des\u00a0Forces\u00a0de\u00a0s\u00e9curit\u00e9\u00a0int\u00e9rieures, les supporters de l&rsquo;\u00e9quipe nationale tunisienne de football pourraient b\u00e9n\u00e9ficier, mardi prochain, 29 mars 2022, de la gratuit\u00e9 du transport, pour pouvoir assister au match de barrages retour dans le cadre des \u00e9liminatoires de la Coupe du monde 2022, contre le Mali, \u00e0&#8230;<\/p>\n","protected":false},"author":24,"featured_media":385031,"comment_status":"open","ping_status":"open","sticky":false,"template":"","format":"standard","meta":{"footnotes":""},"categories":[999,2433],"tags":[98338,98366,98327],"class_list":["post-385027","post","type-post","status-publish","format-standard","has-post-thumbnail","hentry","category-sport","category-tunisie","tag-ezzedine-chalbi","tag-moez-dabbabi","tag-tunisie-mali-3"],"yoast_head":"<!-- This site is optimized with the Yoast SEO plugin v26.6 - https:\/\/yoast.com\/wordpress\/plugins\/seo\/ -->\n<title>Tunisie - Mali : Vers la gratuit\u00e9 du transport pour les supporters de l&#039;\u00e9quipe nationale - Kapitalis<\/title>\n<meta name=\"robots\" content=\"index, follow, max-snippet:-1, max-image-preview:large, max-video-preview:-1\" \/>\n<link rel=\"canonical\" href=\"https:\/\/kapitalis.com\/tunisie\/2022\/03\/23\/tunisie-mali-vers-la-gratuite-du-transport-pour-les-supporters-de-lequipe-nationale\/\" \/>\n<meta property=\"og:locale\" content=\"fr_FR\" \/>\n<meta property=\"og:type\" content=\"article\" \/>\n<meta property=\"og:title\" content=\"Tunisie - Mali : Vers la gratuit\u00e9 du transport pour les supporters de l&#039;\u00e9quipe nationale - Kapitalis\" \/>\n<meta property=\"og:description\" content=\"Si on en croit Moez\u00a0Dabbabi, secr\u00e9taire g\u00e9n\u00e9ral adjoint du syndicat g\u00e9n\u00e9ral des\u00a0Forces\u00a0de\u00a0s\u00e9curit\u00e9\u00a0int\u00e9rieures, les supporters de l&rsquo;\u00e9quipe nationale tunisienne de football pourraient b\u00e9n\u00e9ficier, mardi prochain, 29 mars 2022, de la gratuit\u00e9 du transport, pour pouvoir assister au match de barrages retour dans le cadre des \u00e9liminatoires de la Coupe du monde 2022, contre le Mali, \u00e0...\" \/>\n<meta property=\"og:url\" content=\"https:\/\/kapitalis.com\/tunisie\/2022\/03\/23\/tunisie-mali-vers-la-gratuite-du-transport-pour-les-supporters-de-lequipe-nationale\/\" \/>\n<meta property=\"og:site_name\" content=\"Kapitalis\" \/>\n<meta property=\"article:publisher\" content=\"https:\/\/www.facebook.com\/KapitalisInfo\/\" \/>\n<meta property=\"article:published_time\" content=\"2022-03-23T13:41:05+00:00\" \/>\n<meta property=\"article:modified_time\" content=\"2022-03-23T13:44:06+00:00\" \/>\n<meta property=\"og:image\" content=\"https:\/\/kapitalis.com\/tunisie\/wp-content\/uploads\/2022\/05\/kapitalis-logo-fb.png\" \/>\n\t<meta property=\"og:image:width\" content=\"1200\" \/>\n\t<meta property=\"og:image:height\" content=\"630\" \/>\n\t<meta property=\"og:image:type\" content=\"image\/png\" \/>\n<meta name=\"author\" content=\"Cherif Benyounes\" \/>\n<meta name=\"twitter:card\" content=\"summary_large_image\" \/>\n<meta name=\"twitter:creator\" content=\"@KapitalisInfo\" \/>\n<meta name=\"twitter:site\" content=\"@KapitalisInfo\" \/>\n<meta name=\"twitter:label1\" content=\"\u00c9crit par\" \/>\n\t<meta name=\"twitter:data1\" content=\"Cherif Benyounes\" \/>\n\t<meta name=\"twitter:label2\" content=\"Dur\u00e9e de lecture estim\u00e9e\" \/>\n\t<meta name=\"twitter:data2\" content=\"1 minute\" \/>\n<script type=\"application\/ld+json\" class=\"yoast-schema-graph\">{\"@context\":\"https:\/\/schema.org\",\"@graph\":[{\"@type\":\"Article\",\"@id\":\"https:\/\/kapitalis.com\/tunisie\/2022\/03\/23\/tunisie-mali-vers-la-gratuite-du-transport-pour-les-supporters-de-lequipe-nationale\/#article\",\"isPartOf\":{\"@id\":\"https:\/\/kapitalis.com\/tunisie\/2022\/03\/23\/tunisie-mali-vers-la-gratuite-du-transport-pour-les-supporters-de-lequipe-nationale\/\"},\"author\":{\"name\":\"Cherif Benyounes\",\"@id\":\"https:\/\/kapitalis.com\/tunisie\/#\/schema\/person\/b35b8d631961131107263178aeb8019e\"},\"headline\":\"Tunisie &#8211; Mali : Vers la gratuit\u00e9 du transport pour les supporters de l&rsquo;\u00e9quipe nationale\",\"datePublished\":\"2022-03-23T13:41:05+00:00\",\"dateModified\":\"2022-03-23T13:44:06+00:00\",\"mainEntityOfPage\":{\"@id\":\"https:\/\/kapitalis.com\/tunisie\/2022\/03\/23\/tunisie-mali-vers-la-gratuite-du-transport-pour-les-supporters-de-lequipe-nationale\/\"},\"wordCount\":148,\"commentCount\":0,\"publisher\":{\"@id\":\"https:\/\/kapitalis.com\/tunisie\/#organization\"},\"image\":{\"@id\":\"https:\/\/kapitalis.com\/tunisie\/2022\/03\/23\/tunisie-mali-vers-la-gratuite-du-transport-pour-les-supporters-de-lequipe-nationale\/#primaryimage\"},\"thumbnailUrl\":\"\",\"keywords\":[\"Ezzedine Chalbi\",\"Moez\u00a0Dabbabi\",\"Tunisie - Mali\"],\"articleSection\":[\"SPORT\",\"Tunisie\"],\"inLanguage\":\"fr-FR\",\"potentialAction\":[{\"@type\":\"CommentAction\",\"name\":\"Comment\",\"target\":[\"https:\/\/kapitalis.com\/tunisie\/2022\/03\/23\/tunisie-mali-vers-la-gratuite-du-transport-pour-les-supporters-de-lequipe-nationale\/#respond\"]}]},{\"@type\":\"WebPage\",\"@id\":\"https:\/\/kapitalis.com\/tunisie\/2022\/03\/23\/tunisie-mali-vers-la-gratuite-du-transport-pour-les-supporters-de-lequipe-nationale\/\",\"url\":\"https:\/\/kapitalis.com\/tunisie\/2022\/03\/23\/tunisie-mali-vers-la-gratuite-du-transport-pour-les-supporters-de-lequipe-nationale\/\",\"name\":\"Tunisie - Mali : Vers la gratuit\u00e9 du transport pour les supporters de l'\u00e9quipe nationale - Kapitalis\",\"isPartOf\":{\"@id\":\"https:\/\/kapitalis.com\/tunisie\/#website\"},\"primaryImageOfPage\":{\"@id\":\"https:\/\/kapitalis.com\/tunisie\/2022\/03\/23\/tunisie-mali-vers-la-gratuite-du-transport-pour-les-supporters-de-lequipe-nationale\/#primaryimage\"},\"image\":{\"@id\":\"https:\/\/kapitalis.com\/tunisie\/2022\/03\/23\/tunisie-mali-vers-la-gratuite-du-transport-pour-les-supporters-de-lequipe-nationale\/#primaryimage\"},\"thumbnailUrl\":\"\",\"datePublished\":\"2022-03-23T13:41:05+00:00\",\"dateModified\":\"2022-03-23T13:44:06+00:00\",\"breadcrumb\":{\"@id\":\"https:\/\/kapitalis.com\/tunisie\/2022\/03\/23\/tunisie-mali-vers-la-gratuite-du-transport-pour-les-supporters-de-lequipe-nationale\/#breadcrumb\"},\"inLanguage\":\"fr-FR\",\"potentialAction\":[{\"@type\":\"ReadAction\",\"target\":[\"https:\/\/kapitalis.com\/tunisie\/2022\/03\/23\/tunisie-mali-vers-la-gratuite-du-transport-pour-les-supporters-de-lequipe-nationale\/\"]}]},{\"@type\":\"ImageObject\",\"inLanguage\":\"fr-FR\",\"@id\":\"https:\/\/kapitalis.com\/tunisie\/2022\/03\/23\/tunisie-mali-vers-la-gratuite-du-transport-pour-les-supporters-de-lequipe-nationale\/#primaryimage\",\"url\":\"\",\"contentUrl\":\"\"},{\"@type\":\"BreadcrumbList\",\"@id\":\"https:\/\/kapitalis.com\/tunisie\/2022\/03\/23\/tunisie-mali-vers-la-gratuite-du-transport-pour-les-supporters-de-lequipe-nationale\/#breadcrumb\",\"itemListElement\":[{\"@type\":\"ListItem\",\"position\":1,\"name\":\"Accueil\",\"item\":\"https:\/\/kapitalis.com\/tunisie\/\"},{\"@type\":\"ListItem\",\"position\":2,\"name\":\"Tunisie &#8211; Mali : Vers la gratuit\u00e9 du transport pour les supporters de l&rsquo;\u00e9quipe nationale\"}]},{\"@type\":\"WebSite\",\"@id\":\"https:\/\/kapitalis.com\/tunisie\/#website\",\"url\":\"https:\/\/kapitalis.com\/tunisie\/\",\"name\":\"Kapitalis\",\"description\":\"L&#039;actualit\u00e9 en Tunisie et dans le monde\",\"publisher\":{\"@id\":\"https:\/\/kapitalis.com\/tunisie\/#organization\"},\"potentialAction\":[{\"@type\":\"SearchAction\",\"target\":{\"@type\":\"EntryPoint\",\"urlTemplate\":\"https:\/\/kapitalis.com\/tunisie\/?s={search_term_string}\"},\"query-input\":{\"@type\":\"PropertyValueSpecification\",\"valueRequired\":true,\"valueName\":\"search_term_string\"}}],\"inLanguage\":\"fr-FR\"},{\"@type\":\"Organization\",\"@id\":\"https:\/\/kapitalis.com\/tunisie\/#organization\",\"name\":\"Kapitalis\",\"url\":\"https:\/\/kapitalis.com\/tunisie\/\",\"logo\":{\"@type\":\"ImageObject\",\"inLanguage\":\"fr-FR\",\"@id\":\"https:\/\/kapitalis.com\/tunisie\/#\/schema\/logo\/image\/\",\"url\":\"https:\/\/kapitalis.com\/tunisie\/wp-content\/uploads\/2022\/05\/Kapitalis-big-size.png\",\"contentUrl\":\"https:\/\/kapitalis.com\/tunisie\/wp-content\/uploads\/2022\/05\/Kapitalis-big-size.png\",\"width\":5000,\"height\":1500,\"caption\":\"Kapitalis\"},\"image\":{\"@id\":\"https:\/\/kapitalis.com\/tunisie\/#\/schema\/logo\/image\/\"},\"sameAs\":[\"https:\/\/www.facebook.com\/KapitalisInfo\/\",\"https:\/\/x.com\/KapitalisInfo\",\"https:\/\/www.youtube.com\/channel\/UC-yDYrHyfFBWWZaOw3FPg9Q\"]},{\"@type\":\"Person\",\"@id\":\"https:\/\/kapitalis.com\/tunisie\/#\/schema\/person\/b35b8d631961131107263178aeb8019e\",\"name\":\"Cherif Benyounes\",\"url\":\"https:\/\/kapitalis.com\/tunisie\/author\/cherif\/\"}]}<\/script>\n<!-- \/ Yoast SEO plugin. -->","yoast_head_json":{"title":"Tunisie - Mali : Vers la gratuit\u00e9 du transport pour les supporters de l'\u00e9quipe nationale - Kapitalis","robots":{"index":"index","follow":"follow","max-snippet":"max-snippet:-1","max-image-preview":"max-image-preview:large","max-video-preview":"max-video-preview:-1"},"canonical":"https:\/\/kapitalis.com\/tunisie\/2022\/03\/23\/tunisie-mali-vers-la-gratuite-du-transport-pour-les-supporters-de-lequipe-nationale\/","og_locale":"fr_FR","og_type":"article","og_title":"Tunisie - Mali : Vers la gratuit\u00e9 du transport pour les supporters de l'\u00e9quipe nationale - Kapitalis","og_description":"Si on en croit Moez\u00a0Dabbabi, secr\u00e9taire g\u00e9n\u00e9ral adjoint du syndicat g\u00e9n\u00e9ral des\u00a0Forces\u00a0de\u00a0s\u00e9curit\u00e9\u00a0int\u00e9rieures, les supporters de l&rsquo;\u00e9quipe nationale tunisienne de football pourraient b\u00e9n\u00e9ficier, mardi prochain, 29 mars 2022, de la gratuit\u00e9 du transport, pour pouvoir assister au match de barrages retour dans le cadre des \u00e9liminatoires de la Coupe du monde 2022, contre le Mali, \u00e0...","og_url":"https:\/\/kapitalis.com\/tunisie\/2022\/03\/23\/tunisie-mali-vers-la-gratuite-du-transport-pour-les-supporters-de-lequipe-nationale\/","og_site_name":"Kapitalis","article_publisher":"https:\/\/www.facebook.com\/KapitalisInfo\/","article_published_time":"2022-03-23T13:41:05+00:00","article_modified_time":"2022-03-23T13:44:06+00:00","og_image":[{"width":1200,"height":630,"url":"https:\/\/kapitalis.com\/tunisie\/wp-content\/uploads\/2022\/05\/kapitalis-logo-fb.png","type":"image\/png"}],"author":"Cherif Benyounes","twitter_card":"summary_large_image","twitter_creator":"@KapitalisInfo","twitter_site":"@KapitalisInfo","twitter_misc":{"\u00c9crit par":"Cherif Benyounes","Dur\u00e9e de lecture estim\u00e9e":"1 minute"},"schema":{"@context":"https:\/\/schema.org","@graph":[{"@type":"Article","@id":"https:\/\/kapitalis.com\/tunisie\/2022\/03\/23\/tunisie-mali-vers-la-gratuite-du-transport-pour-les-supporters-de-lequipe-nationale\/#article","isPartOf":{"@id":"https:\/\/kapitalis.com\/tunisie\/2022\/03\/23\/tunisie-mali-vers-la-gratuite-du-transport-pour-les-supporters-de-lequipe-nationale\/"},"author":{"name":"Cherif Benyounes","@id":"https:\/\/kapitalis.com\/tunisie\/#\/schema\/person\/b35b8d631961131107263178aeb8019e"},"headline":"Tunisie &#8211; Mali : Vers la gratuit\u00e9 du transport pour les supporters de l&rsquo;\u00e9quipe nationale","datePublished":"2022-03-23T13:41:05+00:00","dateModified":"2022-03-23T13:44:06+00:00","mainEntityOfPage":{"@id":"https:\/\/kapitalis.com\/tunisie\/2022\/03\/23\/tunisie-mali-vers-la-gratuite-du-transport-pour-les-supporters-de-lequipe-nationale\/"},"wordCount":148,"commentCount":0,"publisher":{"@id":"https:\/\/kapitalis.com\/tunisie\/#organization"},"image":{"@id":"https:\/\/kapitalis.com\/tunisie\/2022\/03\/23\/tunisie-mali-vers-la-gratuite-du-transport-pour-les-supporters-de-lequipe-nationale\/#primaryimage"},"thumbnailUrl":"","keywords":["Ezzedine Chalbi","Moez\u00a0Dabbabi","Tunisie - Mali"],"articleSection":["SPORT","Tunisie"],"inLanguage":"fr-FR","potentialAction":[{"@type":"CommentAction","name":"Comment","target":["https:\/\/kapitalis.com\/tunisie\/2022\/03\/23\/tunisie-mali-vers-la-gratuite-du-transport-pour-les-supporters-de-lequipe-nationale\/#respond"]}]},{"@type":"WebPage","@id":"https:\/\/kapitalis.com\/tunisie\/2022\/03\/23\/tunisie-mali-vers-la-gratuite-du-transport-pour-les-supporters-de-lequipe-nationale\/","url":"https:\/\/kapitalis.com\/tunisie\/2022\/03\/23\/tunisie-mali-vers-la-gratuite-du-transport-pour-les-supporters-de-lequipe-nationale\/","name":"Tunisie - Mali : Vers la gratuit\u00e9 du transport pour les supporters de l'\u00e9quipe nationale - Kapitalis","isPartOf":{"@id":"https:\/\/kapitalis.com\/tunisie\/#website"},"primaryImageOfPage":{"@id":"https:\/\/kapitalis.com\/tunisie\/2022\/03\/23\/tunisie-mali-vers-la-gratuite-du-transport-pour-les-supporters-de-lequipe-nationale\/#primaryimage"},"image":{"@id":"https:\/\/kapitalis.com\/tunisie\/2022\/03\/23\/tunisie-mali-vers-la-gratuite-du-transport-pour-les-supporters-de-lequipe-nationale\/#primaryimage"},"thumbnailUrl":"","datePublished":"2022-03-23T13:41:05+00:00","dateModified":"2022-03-23T13:44:06+00:00","breadcrumb":{"@id":"https:\/\/kapitalis.com\/tunisie\/2022\/03\/23\/tunisie-mali-vers-la-gratuite-du-transport-pour-les-supporters-de-lequipe-nationale\/#breadcrumb"},"inLanguage":"fr-FR","potentialAction":[{"@type":"ReadAction","target":["https:\/\/kapitalis.com\/tunisie\/2022\/03\/23\/tunisie-mali-vers-la-gratuite-du-transport-pour-les-supporters-de-lequipe-nationale\/"]}]},{"@type":"ImageObject","inLanguage":"fr-FR","@id":"https:\/\/kapitalis.com\/tunisie\/2022\/03\/23\/tunisie-mali-vers-la-gratuite-du-transport-pour-les-supporters-de-lequipe-nationale\/#primaryimage","url":"","contentUrl":""},{"@type":"BreadcrumbList","@id":"https:\/\/kapitalis.com\/tunisie\/2022\/03\/23\/tunisie-mali-vers-la-gratuite-du-transport-pour-les-supporters-de-lequipe-nationale\/#breadcrumb","itemListElement":[{"@type":"ListItem","position":1,"name":"Accueil","item":"https:\/\/kapitalis.com\/tunisie\/"},{"@type":"ListItem","position":2,"name":"Tunisie &#8211; Mali : Vers la gratuit\u00e9 du transport pour les supporters de l&rsquo;\u00e9quipe nationale"}]},{"@type":"WebSite","@id":"https:\/\/kapitalis.com\/tunisie\/#website","url":"https:\/\/kapitalis.com\/tunisie\/","name":"Kapitalis","description":"L&#039;actualit\u00e9 en Tunisie et dans le monde","publisher":{"@id":"https:\/\/kapitalis.com\/tunisie\/#organization"},"potentialAction":[{"@type":"SearchAction","target":{"@type":"EntryPoint","urlTemplate":"https:\/\/kapitalis.com\/tunisie\/?s={search_term_string}"},"query-input":{"@type":"PropertyValueSpecification","valueRequired":true,"valueName":"search_term_string"}}],"inLanguage":"fr-FR"},{"@type":"Organization","@id":"https:\/\/kapitalis.com\/tunisie\/#organization","name":"Kapitalis","url":"https:\/\/kapitalis.com\/tunisie\/","logo":{"@type":"ImageObject","inLanguage":"fr-FR","@id":"https:\/\/kapitalis.com\/tunisie\/#\/schema\/logo\/image\/","url":"https:\/\/kapitalis.com\/tunisie\/wp-content\/uploads\/2022\/05\/Kapitalis-big-size.png","contentUrl":"https:\/\/kapitalis.com\/tunisie\/wp-content\/uploads\/2022\/05\/Kapitalis-big-size.png","width":5000,"height":1500,"caption":"Kapitalis"},"image":{"@id":"https:\/\/kapitalis.com\/tunisie\/#\/schema\/logo\/image\/"},"sameAs":["https:\/\/www.facebook.com\/KapitalisInfo\/","https:\/\/x.com\/KapitalisInfo","https:\/\/www.youtube.com\/channel\/UC-yDYrHyfFBWWZaOw3FPg9Q"]},{"@type":"Person","@id":"https:\/\/kapitalis.com\/tunisie\/#\/schema\/person\/b35b8d631961131107263178aeb8019e","name":"Cherif Benyounes","url":"https:\/\/kapitalis.com\/tunisie\/author\/cherif\/"}]}},"_links":{"self":[{"href":"https:\/\/kapitalis.com\/tunisie\/wp-json\/wp\/v2\/posts\/385027","targetHints":{"allow":["GET"]}}],"collection":[{"href":"https:\/\/kapitalis.com\/tunisie\/wp-json\/wp\/v2\/posts"}],"about":[{"href":"https:\/\/kapitalis.com\/tunisie\/wp-json\/wp\/v2\/types\/post"}],"author":[{"embeddable":true,"href":"https:\/\/kapitalis.com\/tunisie\/wp-json\/wp\/v2\/users\/24"}],"replies":[{"embeddable":true,"href":"https:\/\/kapitalis.com\/tunisie\/wp-json\/wp\/v2\/comments?post=385027"}],"version-history":[{"count":0,"href":"https:\/\/kapitalis.com\/tunisie\/wp-json\/wp\/v2\/posts\/385027\/revisions"}],"wp:featuredmedia":[{"embeddable":true,"href":"https:\/\/kapitalis.com\/tunisie\/wp-json\/wp\/v2\/media\/385031"}],"wp:attachment":[{"href":"https:\/\/kapitalis.com\/tunisie\/wp-json\/wp\/v2\/media?parent=385027"}],"wp:term":[{"taxonomy":"category","embeddable":true,"href":"https:\/\/kapitalis.com\/tunisie\/wp-json\/wp\/v2\/categories?post=385027"},{"taxonomy":"post_tag","embeddable":true,"href":"https:\/\/kapitalis.com\/tunisie\/wp-json\/wp\/v2\/tags?post=385027"}],"curies":[{"name":"wp","href":"https:\/\/api.w.org\/{rel}","templated":true}]}}