{"id":3850832,"date":"2022-09-08T20:26:20","date_gmt":"2022-09-08T19:26:20","guid":{"rendered":"https:\/\/kapitalis.com\/tunisie\/?p=3850832"},"modified":"2022-09-08T20:36:44","modified_gmt":"2022-09-08T19:36:44","slug":"greve-au-sein-des-services-du-controle-aerien-perturbations-des-vols-de-tunisair","status":"publish","type":"post","link":"https:\/\/kapitalis.com\/tunisie\/2022\/09\/08\/greve-au-sein-des-services-du-controle-aerien-perturbations-des-vols-de-tunisair\/","title":{"rendered":"Gr\u00e8ve des techniciens de la navigation a\u00e9rienne de l&rsquo;OACA : Perturbations des vols de Tunisair"},"content":{"rendered":"\n<p><strong><em>Tunisair informe son aimable client\u00e8le qu\u2019en raison du pr\u00e9avis de gr\u00e8ve au sein des services du contr\u00f4le a\u00e9riens de Tunis le vendredi 9 septembre 2022, le programme de ses vols en provenance et \u00e0 destination de la Tunisie sera impact\u00e9.<\/em><\/strong><\/p>\n\n\n\n<!--more-->\n\n\n\n<p>\u00c0 cet effet, Tunisair assure ses passagers qu\u2019elle fera tout son possible pour att\u00e9nuer les effets de ce mouvement.<br>Plus d\u2019informations vous seront communiqu\u00e9es au fur et \u00e0 mesure de l\u2019\u00e9volution de la situation.<\/p>\n\n\n\n<p>\ud83d\udd38 Pour tout renseignement, Tunisair invite ses clients, a\u0300 contacter son call center sur les num\u00e9ros suivants :<br>\u25aa\ufe0f A\u0300 partir de Tunis : 81 10 77 77<br>\u25aa\ufe0f A\u0300 partir de l\u2019\u00e9tranger : (+216) 70 019 160<br>Ou par e-mail a\u0300 l\u2019adresse \u27a1\ufe0f callcenter@tunisair.com.tn<br>Tunisair compte sur la compr\u00e9hension de sa client\u00e8le.<\/p>\n\n\n\n<p class=\"has-text-align-right\"><strong>Communiqu\u00e9<\/strong><\/p>\n\n\n\n<figure class=\"wp-block-embed is-type-wp-embed is-provider-kapitalis wp-block-embed-kapitalis\"><div class=\"wp-block-embed__wrapper\">\n<blockquote class=\"wp-embedded-content\" data-secret=\"gFF8oOCTav\"><a href=\"https:\/\/kapitalis.com\/tunisie\/2022\/09\/08\/tunisie-la-greve-des-techniciens-de-loaca-maintenue-pour-le-9-septembre\/\">Tunisie : La gr\u00e8ve des techniciens de l&rsquo;OACA maintenue pour le 9 septembre<\/a><\/blockquote><iframe loading=\"lazy\" class=\"wp-embedded-content\" sandbox=\"allow-scripts\" security=\"restricted\" style=\"position: absolute; clip: rect(1px, 1px, 1px, 1px);\" title=\"\u00ab\u00a0Tunisie : La gr\u00e8ve des techniciens de l&rsquo;OACA maintenue pour le 9 septembre\u00a0\u00bb &#8212; Kapitalis\" src=\"https:\/\/kapitalis.com\/tunisie\/2022\/09\/08\/tunisie-la-greve-des-techniciens-de-loaca-maintenue-pour-le-9-septembre\/embed\/#?secret=Sg1bxbOlxI#?secret=gFF8oOCTav\" data-secret=\"gFF8oOCTav\" width=\"600\" height=\"338\" frameborder=\"0\" marginwidth=\"0\" marginheight=\"0\" scrolling=\"no\"><\/iframe>\n<\/div><\/figure>\n","protected":false},"excerpt":{"rendered":"<p>Gr\u00e8ve au sein des services du contr\u00f4le a\u00e9rien : Perturbations des vols de Tunisair<\/p>\n","protected":false},"author":6,"featured_media":1489128,"comment_status":"open","ping_status":"open","sticky":false,"template":"","format":"standard","meta":{"footnotes":""},"categories":[998,2433],"tags":[425,2571,101113,1501,62643],"class_list":["post-3850832","post","type-post","status-publish","format-standard","has-post-thumbnail","hentry","category-societe","category-tunisie","tag-greve","tag-oaca","tag-perturbations-vols","tag-tunisair","tag-tunisie"],"yoast_head":"<!-- This site is optimized with the Yoast SEO plugin v26.6 - https:\/\/yoast.com\/wordpress\/plugins\/seo\/ -->\n<title>Gr\u00e8ve des techniciens de la navigation a\u00e9rienne de l&#039;OACA : Perturbations des vols de Tunisair - Kapitalis<\/title>\n<meta name=\"description\" content=\"Tunisair informe son aimable client\u00e8le qu\u2019en raison du pr\u00e9avis de gr\u00e8ve au sein des services du contr\u00f4le a\u00e9riens de Tunis le vendredi 9 septembre 2022, le programme de ses vols en provenance et \u00e0 destination de la Tunisie sera impact\u00e9.\" \/>\n<meta name=\"robots\" content=\"index, follow, max-snippet:-1, max-image-preview:large, max-video-preview:-1\" \/>\n<link rel=\"canonical\" href=\"https:\/\/kapitalis.com\/tunisie\/2022\/09\/08\/greve-au-sein-des-services-du-controle-aerien-perturbations-des-vols-de-tunisair\/\" \/>\n<meta property=\"og:locale\" content=\"fr_FR\" \/>\n<meta property=\"og:type\" content=\"article\" \/>\n<meta property=\"og:title\" content=\"Gr\u00e8ve des techniciens de la navigation a\u00e9rienne de l&#039;OACA : Perturbations des vols de Tunisair - Kapitalis\" \/>\n<meta property=\"og:description\" content=\"Tunisair informe son aimable client\u00e8le qu\u2019en raison du pr\u00e9avis de gr\u00e8ve au sein des services du contr\u00f4le a\u00e9riens de Tunis le vendredi 9 septembre 2022, le programme de ses vols en provenance et \u00e0 destination de la Tunisie sera impact\u00e9.\" \/>\n<meta property=\"og:url\" content=\"https:\/\/kapitalis.com\/tunisie\/2022\/09\/08\/greve-au-sein-des-services-du-controle-aerien-perturbations-des-vols-de-tunisair\/\" \/>\n<meta property=\"og:site_name\" content=\"Kapitalis\" \/>\n<meta property=\"article:publisher\" content=\"https:\/\/www.facebook.com\/KapitalisInfo\/\" \/>\n<meta property=\"article:published_time\" content=\"2022-09-08T19:26:20+00:00\" \/>\n<meta property=\"article:modified_time\" content=\"2022-09-08T19:36:44+00:00\" \/>\n<meta property=\"og:image\" content=\"https:\/\/kapitalis.com\/tunisie\/wp-content\/uploads\/2022\/06\/avion-Tunisair.jpg\" \/>\n\t<meta property=\"og:image:width\" content=\"1200\" \/>\n\t<meta property=\"og:image:height\" content=\"630\" \/>\n\t<meta property=\"og:image:type\" content=\"image\/jpeg\" \/>\n<meta name=\"author\" content=\"Yusra NY\" \/>\n<meta name=\"twitter:card\" content=\"summary_large_image\" \/>\n<meta name=\"twitter:creator\" content=\"@KapitalisInfo\" \/>\n<meta name=\"twitter:site\" content=\"@KapitalisInfo\" \/>\n<meta name=\"twitter:label1\" content=\"\u00c9crit par\" \/>\n\t<meta name=\"twitter:data1\" content=\"Yusra NY\" \/>\n\t<meta name=\"twitter:label2\" content=\"Dur\u00e9e de lecture estim\u00e9e\" \/>\n\t<meta name=\"twitter:data2\" content=\"1 minute\" \/>\n<script type=\"application\/ld+json\" class=\"yoast-schema-graph\">{\"@context\":\"https:\/\/schema.org\",\"@graph\":[{\"@type\":\"Article\",\"@id\":\"https:\/\/kapitalis.com\/tunisie\/2022\/09\/08\/greve-au-sein-des-services-du-controle-aerien-perturbations-des-vols-de-tunisair\/#article\",\"isPartOf\":{\"@id\":\"https:\/\/kapitalis.com\/tunisie\/2022\/09\/08\/greve-au-sein-des-services-du-controle-aerien-perturbations-des-vols-de-tunisair\/\"},\"author\":{\"name\":\"Yusra NY\",\"@id\":\"https:\/\/kapitalis.com\/tunisie\/#\/schema\/person\/74bbde0154d49d790a92aaeac5bc01d5\"},\"headline\":\"Gr\u00e8ve des techniciens de la navigation a\u00e9rienne de l&rsquo;OACA : Perturbations des vols de Tunisair\",\"datePublished\":\"2022-09-08T19:26:20+00:00\",\"dateModified\":\"2022-09-08T19:36:44+00:00\",\"mainEntityOfPage\":{\"@id\":\"https:\/\/kapitalis.com\/tunisie\/2022\/09\/08\/greve-au-sein-des-services-du-controle-aerien-perturbations-des-vols-de-tunisair\/\"},\"wordCount\":148,\"commentCount\":0,\"publisher\":{\"@id\":\"https:\/\/kapitalis.com\/tunisie\/#organization\"},\"image\":{\"@id\":\"https:\/\/kapitalis.com\/tunisie\/2022\/09\/08\/greve-au-sein-des-services-du-controle-aerien-perturbations-des-vols-de-tunisair\/#primaryimage\"},\"thumbnailUrl\":\"https:\/\/kapitalis.com\/tunisie\/wp-content\/uploads\/2022\/06\/avion-Tunisair.jpg\",\"keywords\":[\"gr\u00e8ve\",\"Oaca\",\"perturbations vols\",\"Tunisair\",\"Tunisie\"],\"articleSection\":[\"SOCIETE\",\"Tunisie\"],\"inLanguage\":\"fr-FR\",\"potentialAction\":[{\"@type\":\"CommentAction\",\"name\":\"Comment\",\"target\":[\"https:\/\/kapitalis.com\/tunisie\/2022\/09\/08\/greve-au-sein-des-services-du-controle-aerien-perturbations-des-vols-de-tunisair\/#respond\"]}]},{\"@type\":\"WebPage\",\"@id\":\"https:\/\/kapitalis.com\/tunisie\/2022\/09\/08\/greve-au-sein-des-services-du-controle-aerien-perturbations-des-vols-de-tunisair\/\",\"url\":\"https:\/\/kapitalis.com\/tunisie\/2022\/09\/08\/greve-au-sein-des-services-du-controle-aerien-perturbations-des-vols-de-tunisair\/\",\"name\":\"Gr\u00e8ve des techniciens de la navigation a\u00e9rienne de l'OACA : Perturbations des vols de Tunisair - Kapitalis\",\"isPartOf\":{\"@id\":\"https:\/\/kapitalis.com\/tunisie\/#website\"},\"primaryImageOfPage\":{\"@id\":\"https:\/\/kapitalis.com\/tunisie\/2022\/09\/08\/greve-au-sein-des-services-du-controle-aerien-perturbations-des-vols-de-tunisair\/#primaryimage\"},\"image\":{\"@id\":\"https:\/\/kapitalis.com\/tunisie\/2022\/09\/08\/greve-au-sein-des-services-du-controle-aerien-perturbations-des-vols-de-tunisair\/#primaryimage\"},\"thumbnailUrl\":\"https:\/\/kapitalis.com\/tunisie\/wp-content\/uploads\/2022\/06\/avion-Tunisair.jpg\",\"datePublished\":\"2022-09-08T19:26:20+00:00\",\"dateModified\":\"2022-09-08T19:36:44+00:00\",\"description\":\"Tunisair informe son aimable client\u00e8le qu\u2019en raison du pr\u00e9avis de gr\u00e8ve au sein des services du contr\u00f4le a\u00e9riens de Tunis le vendredi 9 septembre 2022, le programme de ses vols en provenance et \u00e0 destination de la Tunisie sera impact\u00e9.\",\"breadcrumb\":{\"@id\":\"https:\/\/kapitalis.com\/tunisie\/2022\/09\/08\/greve-au-sein-des-services-du-controle-aerien-perturbations-des-vols-de-tunisair\/#breadcrumb\"},\"inLanguage\":\"fr-FR\",\"potentialAction\":[{\"@type\":\"ReadAction\",\"target\":[\"https:\/\/kapitalis.com\/tunisie\/2022\/09\/08\/greve-au-sein-des-services-du-controle-aerien-perturbations-des-vols-de-tunisair\/\"]}]},{\"@type\":\"ImageObject\",\"inLanguage\":\"fr-FR\",\"@id\":\"https:\/\/kapitalis.com\/tunisie\/2022\/09\/08\/greve-au-sein-des-services-du-controle-aerien-perturbations-des-vols-de-tunisair\/#primaryimage\",\"url\":\"https:\/\/kapitalis.com\/tunisie\/wp-content\/uploads\/2022\/06\/avion-Tunisair.jpg\",\"contentUrl\":\"https:\/\/kapitalis.com\/tunisie\/wp-content\/uploads\/2022\/06\/avion-Tunisair.jpg\",\"width\":1200,\"height\":630},{\"@type\":\"BreadcrumbList\",\"@id\":\"https:\/\/kapitalis.com\/tunisie\/2022\/09\/08\/greve-au-sein-des-services-du-controle-aerien-perturbations-des-vols-de-tunisair\/#breadcrumb\",\"itemListElement\":[{\"@type\":\"ListItem\",\"position\":1,\"name\":\"Accueil\",\"item\":\"https:\/\/kapitalis.com\/tunisie\/\"},{\"@type\":\"ListItem\",\"position\":2,\"name\":\"Gr\u00e8ve des techniciens de la navigation a\u00e9rienne de l&rsquo;OACA : Perturbations des vols de Tunisair\"}]},{\"@type\":\"WebSite\",\"@id\":\"https:\/\/kapitalis.com\/tunisie\/#website\",\"url\":\"https:\/\/kapitalis.com\/tunisie\/\",\"name\":\"Kapitalis\",\"description\":\"L&#039;actualit\u00e9 en Tunisie et dans le monde\",\"publisher\":{\"@id\":\"https:\/\/kapitalis.com\/tunisie\/#organization\"},\"potentialAction\":[{\"@type\":\"SearchAction\",\"target\":{\"@type\":\"EntryPoint\",\"urlTemplate\":\"https:\/\/kapitalis.com\/tunisie\/?s={search_term_string}\"},\"query-input\":{\"@type\":\"PropertyValueSpecification\",\"valueRequired\":true,\"valueName\":\"search_term_string\"}}],\"inLanguage\":\"fr-FR\"},{\"@type\":\"Organization\",\"@id\":\"https:\/\/kapitalis.com\/tunisie\/#organization\",\"name\":\"Kapitalis\",\"url\":\"https:\/\/kapitalis.com\/tunisie\/\",\"logo\":{\"@type\":\"ImageObject\",\"inLanguage\":\"fr-FR\",\"@id\":\"https:\/\/kapitalis.com\/tunisie\/#\/schema\/logo\/image\/\",\"url\":\"https:\/\/kapitalis.com\/tunisie\/wp-content\/uploads\/2022\/05\/Kapitalis-big-size.png\",\"contentUrl\":\"https:\/\/kapitalis.com\/tunisie\/wp-content\/uploads\/2022\/05\/Kapitalis-big-size.png\",\"width\":5000,\"height\":1500,\"caption\":\"Kapitalis\"},\"image\":{\"@id\":\"https:\/\/kapitalis.com\/tunisie\/#\/schema\/logo\/image\/\"},\"sameAs\":[\"https:\/\/www.facebook.com\/KapitalisInfo\/\",\"https:\/\/x.com\/KapitalisInfo\",\"https:\/\/www.youtube.com\/channel\/UC-yDYrHyfFBWWZaOw3FPg9Q\"]},{\"@type\":\"Person\",\"@id\":\"https:\/\/kapitalis.com\/tunisie\/#\/schema\/person\/74bbde0154d49d790a92aaeac5bc01d5\",\"name\":\"Yusra NY\",\"url\":\"https:\/\/kapitalis.com\/tunisie\/author\/yuza_adam\/\"}]}<\/script>\n<!-- \/ Yoast SEO plugin. -->","yoast_head_json":{"title":"Gr\u00e8ve des techniciens de la navigation a\u00e9rienne de l'OACA : Perturbations des vols de Tunisair - Kapitalis","description":"Tunisair informe son aimable client\u00e8le qu\u2019en raison du pr\u00e9avis de gr\u00e8ve au sein des services du contr\u00f4le a\u00e9riens de Tunis le vendredi 9 septembre 2022, le programme de ses vols en provenance et \u00e0 destination de la Tunisie sera impact\u00e9.","robots":{"index":"index","follow":"follow","max-snippet":"max-snippet:-1","max-image-preview":"max-image-preview:large","max-video-preview":"max-video-preview:-1"},"canonical":"https:\/\/kapitalis.com\/tunisie\/2022\/09\/08\/greve-au-sein-des-services-du-controle-aerien-perturbations-des-vols-de-tunisair\/","og_locale":"fr_FR","og_type":"article","og_title":"Gr\u00e8ve des techniciens de la navigation a\u00e9rienne de l'OACA : Perturbations des vols de Tunisair - Kapitalis","og_description":"Tunisair informe son aimable client\u00e8le qu\u2019en raison du pr\u00e9avis de gr\u00e8ve au sein des services du contr\u00f4le a\u00e9riens de Tunis le vendredi 9 septembre 2022, le programme de ses vols en provenance et \u00e0 destination de la Tunisie sera impact\u00e9.","og_url":"https:\/\/kapitalis.com\/tunisie\/2022\/09\/08\/greve-au-sein-des-services-du-controle-aerien-perturbations-des-vols-de-tunisair\/","og_site_name":"Kapitalis","article_publisher":"https:\/\/www.facebook.com\/KapitalisInfo\/","article_published_time":"2022-09-08T19:26:20+00:00","article_modified_time":"2022-09-08T19:36:44+00:00","og_image":[{"width":1200,"height":630,"url":"https:\/\/kapitalis.com\/tunisie\/wp-content\/uploads\/2022\/06\/avion-Tunisair.jpg","type":"image\/jpeg"}],"author":"Yusra NY","twitter_card":"summary_large_image","twitter_creator":"@KapitalisInfo","twitter_site":"@KapitalisInfo","twitter_misc":{"\u00c9crit par":"Yusra NY","Dur\u00e9e de lecture estim\u00e9e":"1 minute"},"schema":{"@context":"https:\/\/schema.org","@graph":[{"@type":"Article","@id":"https:\/\/kapitalis.com\/tunisie\/2022\/09\/08\/greve-au-sein-des-services-du-controle-aerien-perturbations-des-vols-de-tunisair\/#article","isPartOf":{"@id":"https:\/\/kapitalis.com\/tunisie\/2022\/09\/08\/greve-au-sein-des-services-du-controle-aerien-perturbations-des-vols-de-tunisair\/"},"author":{"name":"Yusra NY","@id":"https:\/\/kapitalis.com\/tunisie\/#\/schema\/person\/74bbde0154d49d790a92aaeac5bc01d5"},"headline":"Gr\u00e8ve des techniciens de la navigation a\u00e9rienne de l&rsquo;OACA : Perturbations des vols de Tunisair","datePublished":"2022-09-08T19:26:20+00:00","dateModified":"2022-09-08T19:36:44+00:00","mainEntityOfPage":{"@id":"https:\/\/kapitalis.com\/tunisie\/2022\/09\/08\/greve-au-sein-des-services-du-controle-aerien-perturbations-des-vols-de-tunisair\/"},"wordCount":148,"commentCount":0,"publisher":{"@id":"https:\/\/kapitalis.com\/tunisie\/#organization"},"image":{"@id":"https:\/\/kapitalis.com\/tunisie\/2022\/09\/08\/greve-au-sein-des-services-du-controle-aerien-perturbations-des-vols-de-tunisair\/#primaryimage"},"thumbnailUrl":"https:\/\/kapitalis.com\/tunisie\/wp-content\/uploads\/2022\/06\/avion-Tunisair.jpg","keywords":["gr\u00e8ve","Oaca","perturbations vols","Tunisair","Tunisie"],"articleSection":["SOCIETE","Tunisie"],"inLanguage":"fr-FR","potentialAction":[{"@type":"CommentAction","name":"Comment","target":["https:\/\/kapitalis.com\/tunisie\/2022\/09\/08\/greve-au-sein-des-services-du-controle-aerien-perturbations-des-vols-de-tunisair\/#respond"]}]},{"@type":"WebPage","@id":"https:\/\/kapitalis.com\/tunisie\/2022\/09\/08\/greve-au-sein-des-services-du-controle-aerien-perturbations-des-vols-de-tunisair\/","url":"https:\/\/kapitalis.com\/tunisie\/2022\/09\/08\/greve-au-sein-des-services-du-controle-aerien-perturbations-des-vols-de-tunisair\/","name":"Gr\u00e8ve des techniciens de la navigation a\u00e9rienne de l'OACA : Perturbations des vols de Tunisair - Kapitalis","isPartOf":{"@id":"https:\/\/kapitalis.com\/tunisie\/#website"},"primaryImageOfPage":{"@id":"https:\/\/kapitalis.com\/tunisie\/2022\/09\/08\/greve-au-sein-des-services-du-controle-aerien-perturbations-des-vols-de-tunisair\/#primaryimage"},"image":{"@id":"https:\/\/kapitalis.com\/tunisie\/2022\/09\/08\/greve-au-sein-des-services-du-controle-aerien-perturbations-des-vols-de-tunisair\/#primaryimage"},"thumbnailUrl":"https:\/\/kapitalis.com\/tunisie\/wp-content\/uploads\/2022\/06\/avion-Tunisair.jpg","datePublished":"2022-09-08T19:26:20+00:00","dateModified":"2022-09-08T19:36:44+00:00","description":"Tunisair informe son aimable client\u00e8le qu\u2019en raison du pr\u00e9avis de gr\u00e8ve au sein des services du contr\u00f4le a\u00e9riens de Tunis le vendredi 9 septembre 2022, le programme de ses vols en provenance et \u00e0 destination de la Tunisie sera impact\u00e9.","breadcrumb":{"@id":"https:\/\/kapitalis.com\/tunisie\/2022\/09\/08\/greve-au-sein-des-services-du-controle-aerien-perturbations-des-vols-de-tunisair\/#breadcrumb"},"inLanguage":"fr-FR","potentialAction":[{"@type":"ReadAction","target":["https:\/\/kapitalis.com\/tunisie\/2022\/09\/08\/greve-au-sein-des-services-du-controle-aerien-perturbations-des-vols-de-tunisair\/"]}]},{"@type":"ImageObject","inLanguage":"fr-FR","@id":"https:\/\/kapitalis.com\/tunisie\/2022\/09\/08\/greve-au-sein-des-services-du-controle-aerien-perturbations-des-vols-de-tunisair\/#primaryimage","url":"https:\/\/kapitalis.com\/tunisie\/wp-content\/uploads\/2022\/06\/avion-Tunisair.jpg","contentUrl":"https:\/\/kapitalis.com\/tunisie\/wp-content\/uploads\/2022\/06\/avion-Tunisair.jpg","width":1200,"height":630},{"@type":"BreadcrumbList","@id":"https:\/\/kapitalis.com\/tunisie\/2022\/09\/08\/greve-au-sein-des-services-du-controle-aerien-perturbations-des-vols-de-tunisair\/#breadcrumb","itemListElement":[{"@type":"ListItem","position":1,"name":"Accueil","item":"https:\/\/kapitalis.com\/tunisie\/"},{"@type":"ListItem","position":2,"name":"Gr\u00e8ve des techniciens de la navigation a\u00e9rienne de l&rsquo;OACA : Perturbations des vols de Tunisair"}]},{"@type":"WebSite","@id":"https:\/\/kapitalis.com\/tunisie\/#website","url":"https:\/\/kapitalis.com\/tunisie\/","name":"Kapitalis","description":"L&#039;actualit\u00e9 en Tunisie et dans le monde","publisher":{"@id":"https:\/\/kapitalis.com\/tunisie\/#organization"},"potentialAction":[{"@type":"SearchAction","target":{"@type":"EntryPoint","urlTemplate":"https:\/\/kapitalis.com\/tunisie\/?s={search_term_string}"},"query-input":{"@type":"PropertyValueSpecification","valueRequired":true,"valueName":"search_term_string"}}],"inLanguage":"fr-FR"},{"@type":"Organization","@id":"https:\/\/kapitalis.com\/tunisie\/#organization","name":"Kapitalis","url":"https:\/\/kapitalis.com\/tunisie\/","logo":{"@type":"ImageObject","inLanguage":"fr-FR","@id":"https:\/\/kapitalis.com\/tunisie\/#\/schema\/logo\/image\/","url":"https:\/\/kapitalis.com\/tunisie\/wp-content\/uploads\/2022\/05\/Kapitalis-big-size.png","contentUrl":"https:\/\/kapitalis.com\/tunisie\/wp-content\/uploads\/2022\/05\/Kapitalis-big-size.png","width":5000,"height":1500,"caption":"Kapitalis"},"image":{"@id":"https:\/\/kapitalis.com\/tunisie\/#\/schema\/logo\/image\/"},"sameAs":["https:\/\/www.facebook.com\/KapitalisInfo\/","https:\/\/x.com\/KapitalisInfo","https:\/\/www.youtube.com\/channel\/UC-yDYrHyfFBWWZaOw3FPg9Q"]},{"@type":"Person","@id":"https:\/\/kapitalis.com\/tunisie\/#\/schema\/person\/74bbde0154d49d790a92aaeac5bc01d5","name":"Yusra NY","url":"https:\/\/kapitalis.com\/tunisie\/author\/yuza_adam\/"}]}},"_links":{"self":[{"href":"https:\/\/kapitalis.com\/tunisie\/wp-json\/wp\/v2\/posts\/3850832","targetHints":{"allow":["GET"]}}],"collection":[{"href":"https:\/\/kapitalis.com\/tunisie\/wp-json\/wp\/v2\/posts"}],"about":[{"href":"https:\/\/kapitalis.com\/tunisie\/wp-json\/wp\/v2\/types\/post"}],"author":[{"embeddable":true,"href":"https:\/\/kapitalis.com\/tunisie\/wp-json\/wp\/v2\/users\/6"}],"replies":[{"embeddable":true,"href":"https:\/\/kapitalis.com\/tunisie\/wp-json\/wp\/v2\/comments?post=3850832"}],"version-history":[{"count":0,"href":"https:\/\/kapitalis.com\/tunisie\/wp-json\/wp\/v2\/posts\/3850832\/revisions"}],"wp:featuredmedia":[{"embeddable":true,"href":"https:\/\/kapitalis.com\/tunisie\/wp-json\/wp\/v2\/media\/1489128"}],"wp:attachment":[{"href":"https:\/\/kapitalis.com\/tunisie\/wp-json\/wp\/v2\/media?parent=3850832"}],"wp:term":[{"taxonomy":"category","embeddable":true,"href":"https:\/\/kapitalis.com\/tunisie\/wp-json\/wp\/v2\/categories?post=3850832"},{"taxonomy":"post_tag","embeddable":true,"href":"https:\/\/kapitalis.com\/tunisie\/wp-json\/wp\/v2\/tags?post=3850832"}],"curies":[{"name":"wp","href":"https:\/\/api.w.org\/{rel}","templated":true}]}}