{"id":385105,"date":"2022-03-24T08:48:18","date_gmt":"2022-03-24T07:48:18","guid":{"rendered":"http:\/\/kapitalis.com\/tunisie\/?p=385105"},"modified":"2022-03-24T08:49:53","modified_gmt":"2022-03-24T07:49:53","slug":"tunisie-la-voie-de-lindependance-economique-sera-longue","status":"publish","type":"post","link":"https:\/\/kapitalis.com\/tunisie\/2022\/03\/24\/tunisie-la-voie-de-lindependance-economique-sera-longue\/","title":{"rendered":"Tunisie : la voie de l&rsquo;ind\u00e9pendance \u00e9conomique sera longue"},"content":{"rendered":"\n<div class=\"wp-block-image\"><figure class=\"aligncenter size-full\"><img decoding=\"async\" src=\"http:\/\/kapitalis.com\/tunisie\/wp-content\/uploads\/2020\/04\/Economie-Tunisie.jpg\" alt=\"\" class=\"wp-image-293224\"\/><\/figure><\/div>\n\n\n\n<p><strong><em>Pour une Tunisie qui traverse une grave crise \u00e9conomique et financi\u00e8re la rendant tr\u00e8s d\u00e9pendante des bailleurs de fonds \u00e9trangers, le chemin vers l&rsquo;ind\u00e9pendance \u00e9conomique sera donc long et sem\u00e9 d&#8217;emb\u00fbches. Et les premiers virages strat\u00e9giques \u00e0 n\u00e9gocier consistent \u00e0 repenser les mod\u00e8les de nombreux secteurs, notamment \u00e9nerg\u00e9tique, industriel et alimentaire, afin de les rendre plus r\u00e9silients face aux chocs externes, qu\u2019ils soient sanitaires ou g\u00e9opolitiques.<\/em><\/strong><\/p>\n\n\n\n<p>Par <strong>Amine Ben Gamra<\/strong> *<\/p>\n\n\n\n<!--more-->\n\n\n\n<div class=\"wp-block-image\"><figure class=\"alignleft size-full\"><img decoding=\"async\" src=\"http:\/\/kapitalis.com\/tunisie\/wp-content\/uploads\/2022\/02\/Amine-Ben-Gamra.jpg\" alt=\"\" class=\"wp-image-381701\"\/><\/figure><\/div>\n\n\n\n<p>L\u2019encours de la dette publique de la Tunisie s\u2019\u00e9l\u00e8ve \u00e0 114,142 milliards de dinars (82,6% du PIB) contre 107,844 milliards de dinars en 2021. Selon les estimations du rapport <em>\u00abPerspectives \u00e9conomiques en Afrique du Nord 2021\u00bb<\/em>, la Tunisie a le taux d\u2019endettement le plus \u00e9lev\u00e9 de l\u2019Afrique du Nord. Sa dette publique se compose de 63,3% de dettes ext\u00e9rieures et de 36,7% de dettes int\u00e9rieures. Son co\u00fbt (en principal et int\u00e9r\u00eats) absorbe environ 32% du budget et, elle seule, la dette ext\u00e9rieure repr\u00e9sente 97,2% du PIB, ce qui montre la grave d\u00e9pendance de notre pays des bailleurs de fonds \u00e9trangers.<\/p>\n\n\n\n<h2 class=\"wp-block-heading\">L&rsquo;Union europ\u00e9enne sous pression<\/h2>\n\n\n\n<p>Aujourd\u2019hui, nous sommes dans une situation extr\u00eamement d\u00e9licate et l\u2019Union europ\u00e9enne et la France, partenaires commerciaux essentiels et sources de nombreux investissements industriels, sont d\u00e9sempar\u00e9s. Ils sont \u00e0 la recherche des financements pour faire face aux cons\u00e9quences de la guerre en Ukraine.<\/p>\n\n\n\n<p>Il s&rsquo;agit tout d&rsquo;abord de r\u00e9duire la d\u00e9pendance europ\u00e9enne vis-\u00e0-vis du gaz (40% des ressources) et du p\u00e9trole (25%) russes.&nbsp;<\/p>\n\n\n\n<p>Par ailleurs, les Etats, qui avaient globalement r\u00e9duit leurs d\u00e9penses militaires apr\u00e8s la chute du mur de Berlin, en 1989, vont devoir se r\u00e9\u00e9quiper et moderniser leur arm\u00e9e \u00e0 marche forc\u00e9e. Sur l&rsquo;ensemble du Vieux Continent, les budgets consacr\u00e9s \u00e0 l&rsquo;arm\u00e9e devraient en moyenne augmenter de 25%.<\/p>\n\n\n\n<p>Pour nous autres Tunisiens, qui ne pouvons plus compter sur un appui g\u00e9n\u00e9reux de nos partenaires traditionnels, la guerre qu\u2019il faut gagner consiste actuellement \u00e0 r\u00e9duire autant que possible nos d\u00e9penses publiques, notre taux d&rsquo;endettement et notre d\u00e9pendance vis-\u00e0-vis de l\u2019\u00e9tranger.<\/p>\n\n\n\n<p>La crise sanitaire provoqu\u00e9e par l&rsquo;\u00e9pid\u00e9mie de Covid-19 a profond\u00e9ment remis en cause certaines th\u00e9ories et croyances \u00e9conomiques \u00e9tablies. L\u2019ind\u00e9pendance, qu\u2019elle soit \u00e9nerg\u00e9tique, industrielle, alimentaire, sanitaire, num\u00e9rique, etc., d\u00e9passe d\u00e9sormais le cadre d\u2019un slogan politicien creux pour devenir un enjeu majeur de s\u00e9curit\u00e9 nationale et de d\u00e9veloppement \u00e9conomique. Car en mettant \u00e0 nu les imperfections de l\u2019univers multidimensionnel de la mondialisation, la pand\u00e9mie a brutalement r\u00e9veill\u00e9 les consciences et r\u00e9v\u00e9l\u00e9 les rat\u00e9s et les dysfonctionnements de l&rsquo;ultra-lib\u00e9ralisme triomphant des d\u00e9cennies pr\u00e9c\u00e9dentes.<\/p>\n\n\n\n<p>Alors que les \u00e9conomies lamin\u00e9es par la pand\u00e9mie luttent encore pour se refaire une sant\u00e9, la guerre russo-ukrainienne est venue accentuer les tensions sur les cha\u00eenes de valeur mondiales.<\/p>\n\n\n\n<p>Les \u00e9quilibres pr\u00e9caires de l\u2019\u00e9conomie mondialis\u00e9e sont ainsi secou\u00e9s par un conflit qui a exacerb\u00e9 les tensions sur les prix des produits \u00e9nerg\u00e9tiques et alimentaires.&nbsp;Et l\u2019onde de choc se ressent partout, surtout au niveau des pays importateurs de produits \u00e9nerg\u00e9tiques (p\u00e9trole, gaz\u2026) et alimentaires (c\u00e9r\u00e9ales&#8230;) comme la Tunisie.<\/p>\n\n\n\n<h2 class=\"wp-block-heading\">Une \u00e9conomie \u00e0 reconstruire<\/h2>\n\n\n\n<p>En 2021, 97% de nos achats de bl\u00e9 tendre (n\u00e9cessaire pour faire du pain, notamment) ont \u00e9t\u00e9 import\u00e9s, ainsi que 98% de nos achats d\u2019orge. Pour le bl\u00e9 dur (pour faire du semoule et du couscous), les importations repr\u00e9sentent 39% de nos achats, sachant que 47% des importations tunisiennes en bl\u00e9 proviennent d\u2019Ukraine.<\/p>\n\n\n\n<p>Le chemin vers notre ind\u00e9pendance \u00e9conomique sera donc long et sem\u00e9 d&#8217;emb\u00fbches. Et les premiers virages strat\u00e9giques \u00e0 n\u00e9gocier consistent \u00e0 repenser les mod\u00e8les \u00e9conomiques de nombreux secteurs, notamment \u00e9nerg\u00e9tique, industriel et alimentaire, afin de les rendre plus r\u00e9silients face aux chocs externes, qu\u2019ils soient sanitaires ou g\u00e9opolitiques. <\/p>\n\n\n\n<p>Dans ce cadre une r\u00e9allocation de nos ressources nationales, un investissement accru dans les \u00e9nergies renouvelables, une refonte de nos syst\u00e8mes industriel et agricole et une r\u00e9duction de nos gaspillages, notamment alimentaire, doivent \u00eatre men\u00e9s d&rsquo;urgence et au pas de charge. C&rsquo;est pourquoi le retard enregistr\u00e9 dans la mise en \u0153uvre des r\u00e9formes structurelles envisag\u00e9es est-il devenu probl\u00e9matique, car il hypoth\u00e8que dangereusement les perspective de redressement national.<\/p>\n\n\n\n<p><em>* Expert comptable, commissaire aux comptes, membre de l&rsquo;Ordre des experts comptables de Tunisie.<\/em><\/p>\n\n\n\n<h4 class=\"wp-block-heading\"><em>Articles du m\u00eame auteur dans Kapitalis : <\/em><\/h4>\n\n\n\n<p><blockquote class=\"wp-embedded-content\" data-secret=\"bSVx2FQeu6\"><a href=\"https:\/\/kapitalis.com\/tunisie\/2022\/03\/16\/leconomie-tunisienne-dans-le-cercle-vicieux-de-ses-carences\/\">L&rsquo;\u00e9conomie tunisienne dans le cercle vicieux de ses carences<\/a><\/blockquote><iframe loading=\"lazy\" class=\"wp-embedded-content\" sandbox=\"allow-scripts\" security=\"restricted\" style=\"position: absolute; clip: rect(1px, 1px, 1px, 1px);\" title=\"\u00ab\u00a0L&rsquo;\u00e9conomie tunisienne dans le cercle vicieux de ses carences\u00a0\u00bb &#8212; Kapitalis\" src=\"https:\/\/kapitalis.com\/tunisie\/2022\/03\/16\/leconomie-tunisienne-dans-le-cercle-vicieux-de-ses-carences\/embed\/#?secret=fjImhwYvCL#?secret=bSVx2FQeu6\" data-secret=\"bSVx2FQeu6\" width=\"600\" height=\"338\" frameborder=\"0\" marginwidth=\"0\" marginheight=\"0\" scrolling=\"no\"><\/iframe><\/p>\n\n\n\n<p><blockquote class=\"wp-embedded-content\" data-secret=\"vvdYPjEsiU\"><a href=\"https:\/\/kapitalis.com\/tunisie\/2022\/03\/05\/tunisie-letat-doit-changer-radicalement-sa-politique-agricole\/\">Tunisie : l\u2019Etat doit changer radicalement sa politique agricole<\/a><\/blockquote><iframe loading=\"lazy\" class=\"wp-embedded-content\" sandbox=\"allow-scripts\" security=\"restricted\" style=\"position: absolute; clip: rect(1px, 1px, 1px, 1px);\" title=\"\u00ab\u00a0Tunisie : l\u2019Etat doit changer radicalement sa politique agricole\u00a0\u00bb &#8212; Kapitalis\" src=\"https:\/\/kapitalis.com\/tunisie\/2022\/03\/05\/tunisie-letat-doit-changer-radicalement-sa-politique-agricole\/embed\/#?secret=h1eHCHrFqD#?secret=vvdYPjEsiU\" data-secret=\"vvdYPjEsiU\" width=\"600\" height=\"338\" frameborder=\"0\" marginwidth=\"0\" marginheight=\"0\" scrolling=\"no\"><\/iframe><\/p>\n\n\n\n<p><blockquote class=\"wp-embedded-content\" data-secret=\"tlV7aSGwA5\"><a href=\"https:\/\/kapitalis.com\/tunisie\/2022\/02\/23\/la-tunisie-face-au-casse-tete-de-la-hausse-du-prix-du-petrole\/\">La Tunisie face au casse-t\u00eate de la hausse du prix du p\u00e9trole<\/a><\/blockquote><iframe loading=\"lazy\" class=\"wp-embedded-content\" sandbox=\"allow-scripts\" security=\"restricted\" style=\"position: absolute; clip: rect(1px, 1px, 1px, 1px);\" title=\"\u00ab\u00a0La Tunisie face au casse-t\u00eate de la hausse du prix du p\u00e9trole\u00a0\u00bb &#8212; Kapitalis\" src=\"https:\/\/kapitalis.com\/tunisie\/2022\/02\/23\/la-tunisie-face-au-casse-tete-de-la-hausse-du-prix-du-petrole\/embed\/#?secret=HLeIYjVGdX#?secret=tlV7aSGwA5\" data-secret=\"tlV7aSGwA5\" width=\"600\" height=\"338\" frameborder=\"0\" marginwidth=\"0\" marginheight=\"0\" scrolling=\"no\"><\/iframe><\/p>\n","protected":false},"excerpt":{"rendered":"<p>Pour une Tunisie qui traverse une grave crise \u00e9conomique et financi\u00e8re la rendant tr\u00e8s d\u00e9pendante des bailleurs de fonds \u00e9trangers, le chemin vers l&rsquo;ind\u00e9pendance \u00e9conomique sera donc long et sem\u00e9 d&#8217;emb\u00fbches. Et les premiers virages strat\u00e9giques \u00e0 n\u00e9gocier consistent \u00e0 repenser les mod\u00e8les de nombreux secteurs, notamment \u00e9nerg\u00e9tique, industriel et alimentaire, afin de les rendre&#8230;<\/p>\n","protected":false},"author":8,"featured_media":0,"comment_status":"open","ping_status":"open","sticky":false,"template":"","format":"standard","meta":{"footnotes":""},"categories":[992,995,1000,2433],"tags":[88104,98377,62643,937],"class_list":["post-385105","post","type-post","status-publish","format-standard","hentry","category-a-la-une","category-economie","category-tribune","category-tunisie","tag-amine-ben-gamra","tag-independance-economique","tag-tunisie","tag-union-europeenne"],"yoast_head":"<!-- This site is optimized with the Yoast SEO plugin v26.6 - https:\/\/yoast.com\/wordpress\/plugins\/seo\/ -->\n<title>Tunisie : la voie de l&#039;ind\u00e9pendance \u00e9conomique sera longue - Kapitalis<\/title>\n<meta name=\"robots\" content=\"index, follow, max-snippet:-1, max-image-preview:large, max-video-preview:-1\" \/>\n<link rel=\"canonical\" href=\"https:\/\/kapitalis.com\/tunisie\/2022\/03\/24\/tunisie-la-voie-de-lindependance-economique-sera-longue\/\" \/>\n<meta property=\"og:locale\" content=\"fr_FR\" \/>\n<meta property=\"og:type\" content=\"article\" \/>\n<meta property=\"og:title\" content=\"Tunisie : la voie de l&#039;ind\u00e9pendance \u00e9conomique sera longue - Kapitalis\" \/>\n<meta property=\"og:description\" content=\"Pour une Tunisie qui traverse une grave crise \u00e9conomique et financi\u00e8re la rendant tr\u00e8s d\u00e9pendante des bailleurs de fonds \u00e9trangers, le chemin vers l&rsquo;ind\u00e9pendance \u00e9conomique sera donc long et sem\u00e9 d&#8217;emb\u00fbches. Et les premiers virages strat\u00e9giques \u00e0 n\u00e9gocier consistent \u00e0 repenser les mod\u00e8les de nombreux secteurs, notamment \u00e9nerg\u00e9tique, industriel et alimentaire, afin de les rendre...\" \/>\n<meta property=\"og:url\" content=\"https:\/\/kapitalis.com\/tunisie\/2022\/03\/24\/tunisie-la-voie-de-lindependance-economique-sera-longue\/\" \/>\n<meta property=\"og:site_name\" content=\"Kapitalis\" \/>\n<meta property=\"article:publisher\" content=\"https:\/\/www.facebook.com\/KapitalisInfo\/\" \/>\n<meta property=\"article:published_time\" content=\"2022-03-24T07:48:18+00:00\" \/>\n<meta property=\"article:modified_time\" content=\"2022-03-24T07:49:53+00:00\" \/>\n<meta property=\"og:image\" content=\"http:\/\/kapitalis.com\/tunisie\/wp-content\/uploads\/2020\/04\/Economie-Tunisie.jpg\" \/>\n<meta name=\"author\" content=\"webmaster kapitalis\" \/>\n<meta name=\"twitter:card\" content=\"summary_large_image\" \/>\n<meta name=\"twitter:creator\" content=\"@KapitalisInfo\" \/>\n<meta name=\"twitter:site\" content=\"@KapitalisInfo\" \/>\n<meta name=\"twitter:label1\" content=\"\u00c9crit par\" \/>\n\t<meta name=\"twitter:data1\" content=\"webmaster kapitalis\" \/>\n\t<meta name=\"twitter:label2\" content=\"Dur\u00e9e de lecture estim\u00e9e\" \/>\n\t<meta name=\"twitter:data2\" content=\"4 minutes\" \/>\n<script type=\"application\/ld+json\" class=\"yoast-schema-graph\">{\"@context\":\"https:\/\/schema.org\",\"@graph\":[{\"@type\":\"Article\",\"@id\":\"https:\/\/kapitalis.com\/tunisie\/2022\/03\/24\/tunisie-la-voie-de-lindependance-economique-sera-longue\/#article\",\"isPartOf\":{\"@id\":\"https:\/\/kapitalis.com\/tunisie\/2022\/03\/24\/tunisie-la-voie-de-lindependance-economique-sera-longue\/\"},\"author\":{\"name\":\"webmaster kapitalis\",\"@id\":\"https:\/\/kapitalis.com\/tunisie\/#\/schema\/person\/d71f33a9ca44f7bad4698210b480c8e9\"},\"headline\":\"Tunisie : la voie de l&rsquo;ind\u00e9pendance \u00e9conomique sera longue\",\"datePublished\":\"2022-03-24T07:48:18+00:00\",\"dateModified\":\"2022-03-24T07:49:53+00:00\",\"mainEntityOfPage\":{\"@id\":\"https:\/\/kapitalis.com\/tunisie\/2022\/03\/24\/tunisie-la-voie-de-lindependance-economique-sera-longue\/\"},\"wordCount\":787,\"commentCount\":2,\"publisher\":{\"@id\":\"https:\/\/kapitalis.com\/tunisie\/#organization\"},\"image\":{\"@id\":\"https:\/\/kapitalis.com\/tunisie\/2022\/03\/24\/tunisie-la-voie-de-lindependance-economique-sera-longue\/#primaryimage\"},\"thumbnailUrl\":\"http:\/\/kapitalis.com\/tunisie\/wp-content\/uploads\/2020\/04\/Economie-Tunisie.jpg\",\"keywords\":[\"Amine Ben Gamra\",\"ind\u00e9pendance \u00e9conomique\",\"Tunisie\",\"Union europ\u00e9enne\"],\"articleSection\":[\"A LA UNE\",\"ECONOMIE\",\"TRIBUNE\",\"Tunisie\"],\"inLanguage\":\"fr-FR\",\"potentialAction\":[{\"@type\":\"CommentAction\",\"name\":\"Comment\",\"target\":[\"https:\/\/kapitalis.com\/tunisie\/2022\/03\/24\/tunisie-la-voie-de-lindependance-economique-sera-longue\/#respond\"]}]},{\"@type\":\"WebPage\",\"@id\":\"https:\/\/kapitalis.com\/tunisie\/2022\/03\/24\/tunisie-la-voie-de-lindependance-economique-sera-longue\/\",\"url\":\"https:\/\/kapitalis.com\/tunisie\/2022\/03\/24\/tunisie-la-voie-de-lindependance-economique-sera-longue\/\",\"name\":\"Tunisie : la voie de l'ind\u00e9pendance \u00e9conomique sera longue - Kapitalis\",\"isPartOf\":{\"@id\":\"https:\/\/kapitalis.com\/tunisie\/#website\"},\"primaryImageOfPage\":{\"@id\":\"https:\/\/kapitalis.com\/tunisie\/2022\/03\/24\/tunisie-la-voie-de-lindependance-economique-sera-longue\/#primaryimage\"},\"image\":{\"@id\":\"https:\/\/kapitalis.com\/tunisie\/2022\/03\/24\/tunisie-la-voie-de-lindependance-economique-sera-longue\/#primaryimage\"},\"thumbnailUrl\":\"http:\/\/kapitalis.com\/tunisie\/wp-content\/uploads\/2020\/04\/Economie-Tunisie.jpg\",\"datePublished\":\"2022-03-24T07:48:18+00:00\",\"dateModified\":\"2022-03-24T07:49:53+00:00\",\"breadcrumb\":{\"@id\":\"https:\/\/kapitalis.com\/tunisie\/2022\/03\/24\/tunisie-la-voie-de-lindependance-economique-sera-longue\/#breadcrumb\"},\"inLanguage\":\"fr-FR\",\"potentialAction\":[{\"@type\":\"ReadAction\",\"target\":[\"https:\/\/kapitalis.com\/tunisie\/2022\/03\/24\/tunisie-la-voie-de-lindependance-economique-sera-longue\/\"]}]},{\"@type\":\"ImageObject\",\"inLanguage\":\"fr-FR\",\"@id\":\"https:\/\/kapitalis.com\/tunisie\/2022\/03\/24\/tunisie-la-voie-de-lindependance-economique-sera-longue\/#primaryimage\",\"url\":\"\",\"contentUrl\":\"\"},{\"@type\":\"BreadcrumbList\",\"@id\":\"https:\/\/kapitalis.com\/tunisie\/2022\/03\/24\/tunisie-la-voie-de-lindependance-economique-sera-longue\/#breadcrumb\",\"itemListElement\":[{\"@type\":\"ListItem\",\"position\":1,\"name\":\"Accueil\",\"item\":\"https:\/\/kapitalis.com\/tunisie\/\"},{\"@type\":\"ListItem\",\"position\":2,\"name\":\"Tunisie : la voie de l&rsquo;ind\u00e9pendance \u00e9conomique sera longue\"}]},{\"@type\":\"WebSite\",\"@id\":\"https:\/\/kapitalis.com\/tunisie\/#website\",\"url\":\"https:\/\/kapitalis.com\/tunisie\/\",\"name\":\"Kapitalis\",\"description\":\"L&#039;actualit\u00e9 en Tunisie et dans le monde\",\"publisher\":{\"@id\":\"https:\/\/kapitalis.com\/tunisie\/#organization\"},\"potentialAction\":[{\"@type\":\"SearchAction\",\"target\":{\"@type\":\"EntryPoint\",\"urlTemplate\":\"https:\/\/kapitalis.com\/tunisie\/?s={search_term_string}\"},\"query-input\":{\"@type\":\"PropertyValueSpecification\",\"valueRequired\":true,\"valueName\":\"search_term_string\"}}],\"inLanguage\":\"fr-FR\"},{\"@type\":\"Organization\",\"@id\":\"https:\/\/kapitalis.com\/tunisie\/#organization\",\"name\":\"Kapitalis\",\"url\":\"https:\/\/kapitalis.com\/tunisie\/\",\"logo\":{\"@type\":\"ImageObject\",\"inLanguage\":\"fr-FR\",\"@id\":\"https:\/\/kapitalis.com\/tunisie\/#\/schema\/logo\/image\/\",\"url\":\"https:\/\/kapitalis.com\/tunisie\/wp-content\/uploads\/2022\/05\/Kapitalis-big-size.png\",\"contentUrl\":\"https:\/\/kapitalis.com\/tunisie\/wp-content\/uploads\/2022\/05\/Kapitalis-big-size.png\",\"width\":5000,\"height\":1500,\"caption\":\"Kapitalis\"},\"image\":{\"@id\":\"https:\/\/kapitalis.com\/tunisie\/#\/schema\/logo\/image\/\"},\"sameAs\":[\"https:\/\/www.facebook.com\/KapitalisInfo\/\",\"https:\/\/x.com\/KapitalisInfo\",\"https:\/\/www.youtube.com\/channel\/UC-yDYrHyfFBWWZaOw3FPg9Q\"]},{\"@type\":\"Person\",\"@id\":\"https:\/\/kapitalis.com\/tunisie\/#\/schema\/person\/d71f33a9ca44f7bad4698210b480c8e9\",\"name\":\"webmaster kapitalis\",\"url\":\"https:\/\/kapitalis.com\/tunisie\/author\/webmaster-kapitalis\/\"}]}<\/script>\n<!-- \/ Yoast SEO plugin. -->","yoast_head_json":{"title":"Tunisie : la voie de l'ind\u00e9pendance \u00e9conomique sera longue - Kapitalis","robots":{"index":"index","follow":"follow","max-snippet":"max-snippet:-1","max-image-preview":"max-image-preview:large","max-video-preview":"max-video-preview:-1"},"canonical":"https:\/\/kapitalis.com\/tunisie\/2022\/03\/24\/tunisie-la-voie-de-lindependance-economique-sera-longue\/","og_locale":"fr_FR","og_type":"article","og_title":"Tunisie : la voie de l'ind\u00e9pendance \u00e9conomique sera longue - Kapitalis","og_description":"Pour une Tunisie qui traverse une grave crise \u00e9conomique et financi\u00e8re la rendant tr\u00e8s d\u00e9pendante des bailleurs de fonds \u00e9trangers, le chemin vers l&rsquo;ind\u00e9pendance \u00e9conomique sera donc long et sem\u00e9 d&#8217;emb\u00fbches. Et les premiers virages strat\u00e9giques \u00e0 n\u00e9gocier consistent \u00e0 repenser les mod\u00e8les de nombreux secteurs, notamment \u00e9nerg\u00e9tique, industriel et alimentaire, afin de les rendre...","og_url":"https:\/\/kapitalis.com\/tunisie\/2022\/03\/24\/tunisie-la-voie-de-lindependance-economique-sera-longue\/","og_site_name":"Kapitalis","article_publisher":"https:\/\/www.facebook.com\/KapitalisInfo\/","article_published_time":"2022-03-24T07:48:18+00:00","article_modified_time":"2022-03-24T07:49:53+00:00","og_image":[{"url":"http:\/\/kapitalis.com\/tunisie\/wp-content\/uploads\/2020\/04\/Economie-Tunisie.jpg","type":"","width":"","height":""}],"author":"webmaster kapitalis","twitter_card":"summary_large_image","twitter_creator":"@KapitalisInfo","twitter_site":"@KapitalisInfo","twitter_misc":{"\u00c9crit par":"webmaster kapitalis","Dur\u00e9e de lecture estim\u00e9e":"4 minutes"},"schema":{"@context":"https:\/\/schema.org","@graph":[{"@type":"Article","@id":"https:\/\/kapitalis.com\/tunisie\/2022\/03\/24\/tunisie-la-voie-de-lindependance-economique-sera-longue\/#article","isPartOf":{"@id":"https:\/\/kapitalis.com\/tunisie\/2022\/03\/24\/tunisie-la-voie-de-lindependance-economique-sera-longue\/"},"author":{"name":"webmaster kapitalis","@id":"https:\/\/kapitalis.com\/tunisie\/#\/schema\/person\/d71f33a9ca44f7bad4698210b480c8e9"},"headline":"Tunisie : la voie de l&rsquo;ind\u00e9pendance \u00e9conomique sera longue","datePublished":"2022-03-24T07:48:18+00:00","dateModified":"2022-03-24T07:49:53+00:00","mainEntityOfPage":{"@id":"https:\/\/kapitalis.com\/tunisie\/2022\/03\/24\/tunisie-la-voie-de-lindependance-economique-sera-longue\/"},"wordCount":787,"commentCount":2,"publisher":{"@id":"https:\/\/kapitalis.com\/tunisie\/#organization"},"image":{"@id":"https:\/\/kapitalis.com\/tunisie\/2022\/03\/24\/tunisie-la-voie-de-lindependance-economique-sera-longue\/#primaryimage"},"thumbnailUrl":"http:\/\/kapitalis.com\/tunisie\/wp-content\/uploads\/2020\/04\/Economie-Tunisie.jpg","keywords":["Amine Ben Gamra","ind\u00e9pendance \u00e9conomique","Tunisie","Union europ\u00e9enne"],"articleSection":["A LA UNE","ECONOMIE","TRIBUNE","Tunisie"],"inLanguage":"fr-FR","potentialAction":[{"@type":"CommentAction","name":"Comment","target":["https:\/\/kapitalis.com\/tunisie\/2022\/03\/24\/tunisie-la-voie-de-lindependance-economique-sera-longue\/#respond"]}]},{"@type":"WebPage","@id":"https:\/\/kapitalis.com\/tunisie\/2022\/03\/24\/tunisie-la-voie-de-lindependance-economique-sera-longue\/","url":"https:\/\/kapitalis.com\/tunisie\/2022\/03\/24\/tunisie-la-voie-de-lindependance-economique-sera-longue\/","name":"Tunisie : la voie de l'ind\u00e9pendance \u00e9conomique sera longue - Kapitalis","isPartOf":{"@id":"https:\/\/kapitalis.com\/tunisie\/#website"},"primaryImageOfPage":{"@id":"https:\/\/kapitalis.com\/tunisie\/2022\/03\/24\/tunisie-la-voie-de-lindependance-economique-sera-longue\/#primaryimage"},"image":{"@id":"https:\/\/kapitalis.com\/tunisie\/2022\/03\/24\/tunisie-la-voie-de-lindependance-economique-sera-longue\/#primaryimage"},"thumbnailUrl":"http:\/\/kapitalis.com\/tunisie\/wp-content\/uploads\/2020\/04\/Economie-Tunisie.jpg","datePublished":"2022-03-24T07:48:18+00:00","dateModified":"2022-03-24T07:49:53+00:00","breadcrumb":{"@id":"https:\/\/kapitalis.com\/tunisie\/2022\/03\/24\/tunisie-la-voie-de-lindependance-economique-sera-longue\/#breadcrumb"},"inLanguage":"fr-FR","potentialAction":[{"@type":"ReadAction","target":["https:\/\/kapitalis.com\/tunisie\/2022\/03\/24\/tunisie-la-voie-de-lindependance-economique-sera-longue\/"]}]},{"@type":"ImageObject","inLanguage":"fr-FR","@id":"https:\/\/kapitalis.com\/tunisie\/2022\/03\/24\/tunisie-la-voie-de-lindependance-economique-sera-longue\/#primaryimage","url":"","contentUrl":""},{"@type":"BreadcrumbList","@id":"https:\/\/kapitalis.com\/tunisie\/2022\/03\/24\/tunisie-la-voie-de-lindependance-economique-sera-longue\/#breadcrumb","itemListElement":[{"@type":"ListItem","position":1,"name":"Accueil","item":"https:\/\/kapitalis.com\/tunisie\/"},{"@type":"ListItem","position":2,"name":"Tunisie : la voie de l&rsquo;ind\u00e9pendance \u00e9conomique sera longue"}]},{"@type":"WebSite","@id":"https:\/\/kapitalis.com\/tunisie\/#website","url":"https:\/\/kapitalis.com\/tunisie\/","name":"Kapitalis","description":"L&#039;actualit\u00e9 en Tunisie et dans le monde","publisher":{"@id":"https:\/\/kapitalis.com\/tunisie\/#organization"},"potentialAction":[{"@type":"SearchAction","target":{"@type":"EntryPoint","urlTemplate":"https:\/\/kapitalis.com\/tunisie\/?s={search_term_string}"},"query-input":{"@type":"PropertyValueSpecification","valueRequired":true,"valueName":"search_term_string"}}],"inLanguage":"fr-FR"},{"@type":"Organization","@id":"https:\/\/kapitalis.com\/tunisie\/#organization","name":"Kapitalis","url":"https:\/\/kapitalis.com\/tunisie\/","logo":{"@type":"ImageObject","inLanguage":"fr-FR","@id":"https:\/\/kapitalis.com\/tunisie\/#\/schema\/logo\/image\/","url":"https:\/\/kapitalis.com\/tunisie\/wp-content\/uploads\/2022\/05\/Kapitalis-big-size.png","contentUrl":"https:\/\/kapitalis.com\/tunisie\/wp-content\/uploads\/2022\/05\/Kapitalis-big-size.png","width":5000,"height":1500,"caption":"Kapitalis"},"image":{"@id":"https:\/\/kapitalis.com\/tunisie\/#\/schema\/logo\/image\/"},"sameAs":["https:\/\/www.facebook.com\/KapitalisInfo\/","https:\/\/x.com\/KapitalisInfo","https:\/\/www.youtube.com\/channel\/UC-yDYrHyfFBWWZaOw3FPg9Q"]},{"@type":"Person","@id":"https:\/\/kapitalis.com\/tunisie\/#\/schema\/person\/d71f33a9ca44f7bad4698210b480c8e9","name":"webmaster kapitalis","url":"https:\/\/kapitalis.com\/tunisie\/author\/webmaster-kapitalis\/"}]}},"_links":{"self":[{"href":"https:\/\/kapitalis.com\/tunisie\/wp-json\/wp\/v2\/posts\/385105","targetHints":{"allow":["GET"]}}],"collection":[{"href":"https:\/\/kapitalis.com\/tunisie\/wp-json\/wp\/v2\/posts"}],"about":[{"href":"https:\/\/kapitalis.com\/tunisie\/wp-json\/wp\/v2\/types\/post"}],"author":[{"embeddable":true,"href":"https:\/\/kapitalis.com\/tunisie\/wp-json\/wp\/v2\/users\/8"}],"replies":[{"embeddable":true,"href":"https:\/\/kapitalis.com\/tunisie\/wp-json\/wp\/v2\/comments?post=385105"}],"version-history":[{"count":0,"href":"https:\/\/kapitalis.com\/tunisie\/wp-json\/wp\/v2\/posts\/385105\/revisions"}],"wp:attachment":[{"href":"https:\/\/kapitalis.com\/tunisie\/wp-json\/wp\/v2\/media?parent=385105"}],"wp:term":[{"taxonomy":"category","embeddable":true,"href":"https:\/\/kapitalis.com\/tunisie\/wp-json\/wp\/v2\/categories?post=385105"},{"taxonomy":"post_tag","embeddable":true,"href":"https:\/\/kapitalis.com\/tunisie\/wp-json\/wp\/v2\/tags?post=385105"}],"curies":[{"name":"wp","href":"https:\/\/api.w.org\/{rel}","templated":true}]}}