{"id":385121,"date":"2022-03-24T11:49:50","date_gmt":"2022-03-24T10:49:50","guid":{"rendered":"http:\/\/kapitalis.com\/tunisie\/?p=385121"},"modified":"2022-03-24T11:51:53","modified_gmt":"2022-03-24T10:51:53","slug":"incanto-della-voce-au-theatre-municipal-de-tunis","status":"publish","type":"post","link":"https:\/\/kapitalis.com\/tunisie\/2022\/03\/24\/incanto-della-voce-au-theatre-municipal-de-tunis\/","title":{"rendered":"\u00ab Incanto della voce \u00bb au Th\u00e9\u00e2tre municipal de Tunis"},"content":{"rendered":"\n<div class=\"wp-block-image\"><figure class=\"aligncenter size-full\"><img decoding=\"async\" src=\"http:\/\/kapitalis.com\/tunisie\/wp-content\/uploads\/2022\/03\/Untitled-5-4.jpg\" alt=\"\" class=\"wp-image-385134\"\/><\/figure><\/div>\n\n\n\n<p><strong><em>Le Th\u00e9\u00e2tre municipal de Tunis accueillera le mercredi 30 mars le spectacle de musique classique \u00ab\u00a0Incanto della voce\u00a0\u00bb.<\/em><\/strong><\/p>\n\n\n\n<!--more-->\n\n\n\n<p>La structure de diffusion et d\u2019accompagnement de projets artistiques CPlanner organise une soir\u00e9e musicale in\u00e9dite autour des grandes \u0153uvres classiques, notamment de Certon, Janequin, Mozart, Schubert, Delibes, Rachmaninov, Prokofiev, ou encore Faur\u00e9.<\/p>\n\n\n\n<p>CPlanner s&rsquo;engage essentiellement aupr\u00e8s des artistes et cr\u00e9ateurs situ\u00e9s dans le champ du spectacle vivant avec pour objectif de promouvoir leurs \u0153uvres et projets, la construction de leur parcours et la p\u00e9rennisation de leurs activit\u00e9s.<\/p>\n\n\n\n<p>En plus de l\u2019ensemble vocal polyphonique \u201cLes Voix du Coeur\u201d, sous la direction d\u2019Emira Dakhlia, le spectacle verra aussi la participation de la Mezzo-soprano Emira Dakhlia, la Soprano colorature Aida Delpuech, Emmanuelle Houerbi au piano, Farah Mechri \u00e0 la Harpe et Amal Ben Saad au violoncelle.<\/p>\n\n\n\n<p class=\"has-text-align-right\"><strong>F.B<\/strong><\/p>\n","protected":false},"excerpt":{"rendered":"<p>Le Th\u00e9\u00e2tre municipal de Tunis accueillera le mercredi 30 mars le spectacle de musique classique \u00ab\u00a0Incanto della voce\u00a0\u00bb.<\/p>\n","protected":false},"author":26,"featured_media":385134,"comment_status":"open","ping_status":"open","sticky":false,"template":"","format":"standard","meta":{"footnotes":""},"categories":[994,2433],"tags":[98385,98384,3635,6474,62643],"class_list":["post-385121","post","type-post","status-publish","format-standard","has-post-thumbnail","hentry","category-culture","category-tunisie","tag-cplanner","tag-incanto-della-voce","tag-musique-classique","tag-theatre-municipal-de-tunis","tag-tunisie"],"yoast_head":"<!-- This site is optimized with the Yoast SEO plugin v26.6 - https:\/\/yoast.com\/wordpress\/plugins\/seo\/ -->\n<title>\u00ab Incanto della voce \u00bb au Th\u00e9\u00e2tre municipal de Tunis - Kapitalis<\/title>\n<meta name=\"robots\" content=\"index, follow, max-snippet:-1, max-image-preview:large, max-video-preview:-1\" \/>\n<link rel=\"canonical\" href=\"https:\/\/kapitalis.com\/tunisie\/2022\/03\/24\/incanto-della-voce-au-theatre-municipal-de-tunis\/\" \/>\n<meta property=\"og:locale\" content=\"fr_FR\" \/>\n<meta property=\"og:type\" content=\"article\" \/>\n<meta property=\"og:title\" content=\"\u00ab Incanto della voce \u00bb au Th\u00e9\u00e2tre municipal de Tunis - Kapitalis\" \/>\n<meta property=\"og:description\" content=\"Le Th\u00e9\u00e2tre municipal de Tunis accueillera le mercredi 30 mars le spectacle de musique classique \u00ab\u00a0Incanto della voce\u00a0\u00bb.\" \/>\n<meta property=\"og:url\" content=\"https:\/\/kapitalis.com\/tunisie\/2022\/03\/24\/incanto-della-voce-au-theatre-municipal-de-tunis\/\" \/>\n<meta property=\"og:site_name\" content=\"Kapitalis\" \/>\n<meta property=\"article:publisher\" content=\"https:\/\/www.facebook.com\/KapitalisInfo\/\" \/>\n<meta property=\"article:published_time\" content=\"2022-03-24T10:49:50+00:00\" \/>\n<meta property=\"article:modified_time\" content=\"2022-03-24T10:51:53+00:00\" \/>\n<meta property=\"og:image\" content=\"https:\/\/kapitalis.com\/tunisie\/wp-content\/uploads\/2022\/05\/kapitalis-logo-fb.png\" \/>\n\t<meta property=\"og:image:width\" content=\"1200\" \/>\n\t<meta property=\"og:image:height\" content=\"630\" \/>\n\t<meta property=\"og:image:type\" content=\"image\/png\" \/>\n<meta name=\"author\" content=\"Fawz BenAli\" \/>\n<meta name=\"twitter:card\" content=\"summary_large_image\" \/>\n<meta name=\"twitter:creator\" content=\"@KapitalisInfo\" \/>\n<meta name=\"twitter:site\" content=\"@KapitalisInfo\" \/>\n<meta name=\"twitter:label1\" content=\"\u00c9crit par\" \/>\n\t<meta name=\"twitter:data1\" content=\"Fawz BenAli\" \/>\n\t<meta name=\"twitter:label2\" content=\"Dur\u00e9e de lecture estim\u00e9e\" \/>\n\t<meta name=\"twitter:data2\" content=\"1 minute\" \/>\n<script type=\"application\/ld+json\" class=\"yoast-schema-graph\">{\"@context\":\"https:\/\/schema.org\",\"@graph\":[{\"@type\":\"Article\",\"@id\":\"https:\/\/kapitalis.com\/tunisie\/2022\/03\/24\/incanto-della-voce-au-theatre-municipal-de-tunis\/#article\",\"isPartOf\":{\"@id\":\"https:\/\/kapitalis.com\/tunisie\/2022\/03\/24\/incanto-della-voce-au-theatre-municipal-de-tunis\/\"},\"author\":{\"name\":\"Fawz BenAli\",\"@id\":\"https:\/\/kapitalis.com\/tunisie\/#\/schema\/person\/73a5ecc1f6ae540c6ed91342eadca948\"},\"headline\":\"\u00ab Incanto della voce \u00bb au Th\u00e9\u00e2tre municipal de Tunis\",\"datePublished\":\"2022-03-24T10:49:50+00:00\",\"dateModified\":\"2022-03-24T10:51:53+00:00\",\"mainEntityOfPage\":{\"@id\":\"https:\/\/kapitalis.com\/tunisie\/2022\/03\/24\/incanto-della-voce-au-theatre-municipal-de-tunis\/\"},\"wordCount\":151,\"commentCount\":0,\"publisher\":{\"@id\":\"https:\/\/kapitalis.com\/tunisie\/#organization\"},\"image\":{\"@id\":\"https:\/\/kapitalis.com\/tunisie\/2022\/03\/24\/incanto-della-voce-au-theatre-municipal-de-tunis\/#primaryimage\"},\"thumbnailUrl\":\"\",\"keywords\":[\"CPlanner\",\"Incanto della voce\",\"musique classique\",\"Th\u00e9\u00e2tre municipal de Tunis\",\"Tunisie\"],\"articleSection\":[\"CULTURE\",\"Tunisie\"],\"inLanguage\":\"fr-FR\",\"potentialAction\":[{\"@type\":\"CommentAction\",\"name\":\"Comment\",\"target\":[\"https:\/\/kapitalis.com\/tunisie\/2022\/03\/24\/incanto-della-voce-au-theatre-municipal-de-tunis\/#respond\"]}]},{\"@type\":\"WebPage\",\"@id\":\"https:\/\/kapitalis.com\/tunisie\/2022\/03\/24\/incanto-della-voce-au-theatre-municipal-de-tunis\/\",\"url\":\"https:\/\/kapitalis.com\/tunisie\/2022\/03\/24\/incanto-della-voce-au-theatre-municipal-de-tunis\/\",\"name\":\"\u00ab Incanto della voce \u00bb au Th\u00e9\u00e2tre municipal de Tunis - Kapitalis\",\"isPartOf\":{\"@id\":\"https:\/\/kapitalis.com\/tunisie\/#website\"},\"primaryImageOfPage\":{\"@id\":\"https:\/\/kapitalis.com\/tunisie\/2022\/03\/24\/incanto-della-voce-au-theatre-municipal-de-tunis\/#primaryimage\"},\"image\":{\"@id\":\"https:\/\/kapitalis.com\/tunisie\/2022\/03\/24\/incanto-della-voce-au-theatre-municipal-de-tunis\/#primaryimage\"},\"thumbnailUrl\":\"\",\"datePublished\":\"2022-03-24T10:49:50+00:00\",\"dateModified\":\"2022-03-24T10:51:53+00:00\",\"breadcrumb\":{\"@id\":\"https:\/\/kapitalis.com\/tunisie\/2022\/03\/24\/incanto-della-voce-au-theatre-municipal-de-tunis\/#breadcrumb\"},\"inLanguage\":\"fr-FR\",\"potentialAction\":[{\"@type\":\"ReadAction\",\"target\":[\"https:\/\/kapitalis.com\/tunisie\/2022\/03\/24\/incanto-della-voce-au-theatre-municipal-de-tunis\/\"]}]},{\"@type\":\"ImageObject\",\"inLanguage\":\"fr-FR\",\"@id\":\"https:\/\/kapitalis.com\/tunisie\/2022\/03\/24\/incanto-della-voce-au-theatre-municipal-de-tunis\/#primaryimage\",\"url\":\"\",\"contentUrl\":\"\"},{\"@type\":\"BreadcrumbList\",\"@id\":\"https:\/\/kapitalis.com\/tunisie\/2022\/03\/24\/incanto-della-voce-au-theatre-municipal-de-tunis\/#breadcrumb\",\"itemListElement\":[{\"@type\":\"ListItem\",\"position\":1,\"name\":\"Accueil\",\"item\":\"https:\/\/kapitalis.com\/tunisie\/\"},{\"@type\":\"ListItem\",\"position\":2,\"name\":\"\u00ab Incanto della voce \u00bb au Th\u00e9\u00e2tre municipal de Tunis\"}]},{\"@type\":\"WebSite\",\"@id\":\"https:\/\/kapitalis.com\/tunisie\/#website\",\"url\":\"https:\/\/kapitalis.com\/tunisie\/\",\"name\":\"Kapitalis\",\"description\":\"L&#039;actualit\u00e9 en Tunisie et dans le monde\",\"publisher\":{\"@id\":\"https:\/\/kapitalis.com\/tunisie\/#organization\"},\"potentialAction\":[{\"@type\":\"SearchAction\",\"target\":{\"@type\":\"EntryPoint\",\"urlTemplate\":\"https:\/\/kapitalis.com\/tunisie\/?s={search_term_string}\"},\"query-input\":{\"@type\":\"PropertyValueSpecification\",\"valueRequired\":true,\"valueName\":\"search_term_string\"}}],\"inLanguage\":\"fr-FR\"},{\"@type\":\"Organization\",\"@id\":\"https:\/\/kapitalis.com\/tunisie\/#organization\",\"name\":\"Kapitalis\",\"url\":\"https:\/\/kapitalis.com\/tunisie\/\",\"logo\":{\"@type\":\"ImageObject\",\"inLanguage\":\"fr-FR\",\"@id\":\"https:\/\/kapitalis.com\/tunisie\/#\/schema\/logo\/image\/\",\"url\":\"https:\/\/kapitalis.com\/tunisie\/wp-content\/uploads\/2022\/05\/Kapitalis-big-size.png\",\"contentUrl\":\"https:\/\/kapitalis.com\/tunisie\/wp-content\/uploads\/2022\/05\/Kapitalis-big-size.png\",\"width\":5000,\"height\":1500,\"caption\":\"Kapitalis\"},\"image\":{\"@id\":\"https:\/\/kapitalis.com\/tunisie\/#\/schema\/logo\/image\/\"},\"sameAs\":[\"https:\/\/www.facebook.com\/KapitalisInfo\/\",\"https:\/\/x.com\/KapitalisInfo\",\"https:\/\/www.youtube.com\/channel\/UC-yDYrHyfFBWWZaOw3FPg9Q\"]},{\"@type\":\"Person\",\"@id\":\"https:\/\/kapitalis.com\/tunisie\/#\/schema\/person\/73a5ecc1f6ae540c6ed91342eadca948\",\"name\":\"Fawz BenAli\",\"url\":\"https:\/\/kapitalis.com\/tunisie\/author\/fawz\/\"}]}<\/script>\n<!-- \/ Yoast SEO plugin. -->","yoast_head_json":{"title":"\u00ab Incanto della voce \u00bb au Th\u00e9\u00e2tre municipal de Tunis - Kapitalis","robots":{"index":"index","follow":"follow","max-snippet":"max-snippet:-1","max-image-preview":"max-image-preview:large","max-video-preview":"max-video-preview:-1"},"canonical":"https:\/\/kapitalis.com\/tunisie\/2022\/03\/24\/incanto-della-voce-au-theatre-municipal-de-tunis\/","og_locale":"fr_FR","og_type":"article","og_title":"\u00ab Incanto della voce \u00bb au Th\u00e9\u00e2tre municipal de Tunis - Kapitalis","og_description":"Le Th\u00e9\u00e2tre municipal de Tunis accueillera le mercredi 30 mars le spectacle de musique classique \u00ab\u00a0Incanto della voce\u00a0\u00bb.","og_url":"https:\/\/kapitalis.com\/tunisie\/2022\/03\/24\/incanto-della-voce-au-theatre-municipal-de-tunis\/","og_site_name":"Kapitalis","article_publisher":"https:\/\/www.facebook.com\/KapitalisInfo\/","article_published_time":"2022-03-24T10:49:50+00:00","article_modified_time":"2022-03-24T10:51:53+00:00","og_image":[{"width":1200,"height":630,"url":"https:\/\/kapitalis.com\/tunisie\/wp-content\/uploads\/2022\/05\/kapitalis-logo-fb.png","type":"image\/png"}],"author":"Fawz BenAli","twitter_card":"summary_large_image","twitter_creator":"@KapitalisInfo","twitter_site":"@KapitalisInfo","twitter_misc":{"\u00c9crit par":"Fawz BenAli","Dur\u00e9e de lecture estim\u00e9e":"1 minute"},"schema":{"@context":"https:\/\/schema.org","@graph":[{"@type":"Article","@id":"https:\/\/kapitalis.com\/tunisie\/2022\/03\/24\/incanto-della-voce-au-theatre-municipal-de-tunis\/#article","isPartOf":{"@id":"https:\/\/kapitalis.com\/tunisie\/2022\/03\/24\/incanto-della-voce-au-theatre-municipal-de-tunis\/"},"author":{"name":"Fawz BenAli","@id":"https:\/\/kapitalis.com\/tunisie\/#\/schema\/person\/73a5ecc1f6ae540c6ed91342eadca948"},"headline":"\u00ab Incanto della voce \u00bb au Th\u00e9\u00e2tre municipal de Tunis","datePublished":"2022-03-24T10:49:50+00:00","dateModified":"2022-03-24T10:51:53+00:00","mainEntityOfPage":{"@id":"https:\/\/kapitalis.com\/tunisie\/2022\/03\/24\/incanto-della-voce-au-theatre-municipal-de-tunis\/"},"wordCount":151,"commentCount":0,"publisher":{"@id":"https:\/\/kapitalis.com\/tunisie\/#organization"},"image":{"@id":"https:\/\/kapitalis.com\/tunisie\/2022\/03\/24\/incanto-della-voce-au-theatre-municipal-de-tunis\/#primaryimage"},"thumbnailUrl":"","keywords":["CPlanner","Incanto della voce","musique classique","Th\u00e9\u00e2tre municipal de Tunis","Tunisie"],"articleSection":["CULTURE","Tunisie"],"inLanguage":"fr-FR","potentialAction":[{"@type":"CommentAction","name":"Comment","target":["https:\/\/kapitalis.com\/tunisie\/2022\/03\/24\/incanto-della-voce-au-theatre-municipal-de-tunis\/#respond"]}]},{"@type":"WebPage","@id":"https:\/\/kapitalis.com\/tunisie\/2022\/03\/24\/incanto-della-voce-au-theatre-municipal-de-tunis\/","url":"https:\/\/kapitalis.com\/tunisie\/2022\/03\/24\/incanto-della-voce-au-theatre-municipal-de-tunis\/","name":"\u00ab Incanto della voce \u00bb au Th\u00e9\u00e2tre municipal de Tunis - Kapitalis","isPartOf":{"@id":"https:\/\/kapitalis.com\/tunisie\/#website"},"primaryImageOfPage":{"@id":"https:\/\/kapitalis.com\/tunisie\/2022\/03\/24\/incanto-della-voce-au-theatre-municipal-de-tunis\/#primaryimage"},"image":{"@id":"https:\/\/kapitalis.com\/tunisie\/2022\/03\/24\/incanto-della-voce-au-theatre-municipal-de-tunis\/#primaryimage"},"thumbnailUrl":"","datePublished":"2022-03-24T10:49:50+00:00","dateModified":"2022-03-24T10:51:53+00:00","breadcrumb":{"@id":"https:\/\/kapitalis.com\/tunisie\/2022\/03\/24\/incanto-della-voce-au-theatre-municipal-de-tunis\/#breadcrumb"},"inLanguage":"fr-FR","potentialAction":[{"@type":"ReadAction","target":["https:\/\/kapitalis.com\/tunisie\/2022\/03\/24\/incanto-della-voce-au-theatre-municipal-de-tunis\/"]}]},{"@type":"ImageObject","inLanguage":"fr-FR","@id":"https:\/\/kapitalis.com\/tunisie\/2022\/03\/24\/incanto-della-voce-au-theatre-municipal-de-tunis\/#primaryimage","url":"","contentUrl":""},{"@type":"BreadcrumbList","@id":"https:\/\/kapitalis.com\/tunisie\/2022\/03\/24\/incanto-della-voce-au-theatre-municipal-de-tunis\/#breadcrumb","itemListElement":[{"@type":"ListItem","position":1,"name":"Accueil","item":"https:\/\/kapitalis.com\/tunisie\/"},{"@type":"ListItem","position":2,"name":"\u00ab Incanto della voce \u00bb au Th\u00e9\u00e2tre municipal de Tunis"}]},{"@type":"WebSite","@id":"https:\/\/kapitalis.com\/tunisie\/#website","url":"https:\/\/kapitalis.com\/tunisie\/","name":"Kapitalis","description":"L&#039;actualit\u00e9 en Tunisie et dans le monde","publisher":{"@id":"https:\/\/kapitalis.com\/tunisie\/#organization"},"potentialAction":[{"@type":"SearchAction","target":{"@type":"EntryPoint","urlTemplate":"https:\/\/kapitalis.com\/tunisie\/?s={search_term_string}"},"query-input":{"@type":"PropertyValueSpecification","valueRequired":true,"valueName":"search_term_string"}}],"inLanguage":"fr-FR"},{"@type":"Organization","@id":"https:\/\/kapitalis.com\/tunisie\/#organization","name":"Kapitalis","url":"https:\/\/kapitalis.com\/tunisie\/","logo":{"@type":"ImageObject","inLanguage":"fr-FR","@id":"https:\/\/kapitalis.com\/tunisie\/#\/schema\/logo\/image\/","url":"https:\/\/kapitalis.com\/tunisie\/wp-content\/uploads\/2022\/05\/Kapitalis-big-size.png","contentUrl":"https:\/\/kapitalis.com\/tunisie\/wp-content\/uploads\/2022\/05\/Kapitalis-big-size.png","width":5000,"height":1500,"caption":"Kapitalis"},"image":{"@id":"https:\/\/kapitalis.com\/tunisie\/#\/schema\/logo\/image\/"},"sameAs":["https:\/\/www.facebook.com\/KapitalisInfo\/","https:\/\/x.com\/KapitalisInfo","https:\/\/www.youtube.com\/channel\/UC-yDYrHyfFBWWZaOw3FPg9Q"]},{"@type":"Person","@id":"https:\/\/kapitalis.com\/tunisie\/#\/schema\/person\/73a5ecc1f6ae540c6ed91342eadca948","name":"Fawz BenAli","url":"https:\/\/kapitalis.com\/tunisie\/author\/fawz\/"}]}},"_links":{"self":[{"href":"https:\/\/kapitalis.com\/tunisie\/wp-json\/wp\/v2\/posts\/385121","targetHints":{"allow":["GET"]}}],"collection":[{"href":"https:\/\/kapitalis.com\/tunisie\/wp-json\/wp\/v2\/posts"}],"about":[{"href":"https:\/\/kapitalis.com\/tunisie\/wp-json\/wp\/v2\/types\/post"}],"author":[{"embeddable":true,"href":"https:\/\/kapitalis.com\/tunisie\/wp-json\/wp\/v2\/users\/26"}],"replies":[{"embeddable":true,"href":"https:\/\/kapitalis.com\/tunisie\/wp-json\/wp\/v2\/comments?post=385121"}],"version-history":[{"count":0,"href":"https:\/\/kapitalis.com\/tunisie\/wp-json\/wp\/v2\/posts\/385121\/revisions"}],"wp:featuredmedia":[{"embeddable":true,"href":"https:\/\/kapitalis.com\/tunisie\/wp-json\/wp\/v2\/media\/385134"}],"wp:attachment":[{"href":"https:\/\/kapitalis.com\/tunisie\/wp-json\/wp\/v2\/media?parent=385121"}],"wp:term":[{"taxonomy":"category","embeddable":true,"href":"https:\/\/kapitalis.com\/tunisie\/wp-json\/wp\/v2\/categories?post=385121"},{"taxonomy":"post_tag","embeddable":true,"href":"https:\/\/kapitalis.com\/tunisie\/wp-json\/wp\/v2\/tags?post=385121"}],"curies":[{"name":"wp","href":"https:\/\/api.w.org\/{rel}","templated":true}]}}