{"id":385140,"date":"2022-03-24T13:28:05","date_gmt":"2022-03-24T12:28:05","guid":{"rendered":"http:\/\/kapitalis.com\/tunisie\/?p=385140"},"modified":"2022-03-24T13:29:51","modified_gmt":"2022-03-24T12:29:51","slug":"loeuvre-de-safia-farhat-exposee-a-la-biennale-de-venise-2022","status":"publish","type":"post","link":"https:\/\/kapitalis.com\/tunisie\/2022\/03\/24\/loeuvre-de-safia-farhat-exposee-a-la-biennale-de-venise-2022\/","title":{"rendered":"L\u2019\u0153uvre de Safia Farhat expos\u00e9e \u00e0 la Biennale de Venise 2022"},"content":{"rendered":"\n<div class=\"wp-block-image\"><figure class=\"aligncenter size-full\"><img decoding=\"async\" src=\"http:\/\/kapitalis.com\/tunisie\/wp-content\/uploads\/2022\/03\/Untitled-4-6.jpg\" alt=\"\" class=\"wp-image-385161\"\/><\/figure><\/div>\n\n\n\n<p><strong><em>L\u2019artiste tunisienne Safia Farhat (1924 \u2013 2004) est invit\u00e9e \u00e0 la 59e\u00a0Exposition Internationale d\u2019Art\u00a0\u2013 La Biennale de Venise et sera repr\u00e9sent\u00e9e par une \u0153uvre tiss\u00e9e monumentale.<\/em><\/strong><\/p>\n\n\n\n<!--more-->\n\n\n\n<p>Consid\u00e9r\u00e9e comme l&rsquo;une des plus prestigieuses manifestations artistiques en Europe, et dans le monde, l\u2019exposition internationale d\u2019Art\u00a0\u2013 La Biennale de Venise se tient cette ann\u00e9e du 23 avril au 27 novembre 2022 sous la houlette de la commissaire Cecilia Alemani.<\/p>\n\n\n\n<p>La pr\u00e9sence de l\u2019\u0153uvre de Safia Farhat \u00e0 la Biennale Arte 2022 repr\u00e9sente une fen\u00eatre sur l\u2019art et le savoir-faire tunisiens, avec une invitation \u00e0 visiter le mus\u00e9e Safia Farhat o\u00f9 une collection des \u0153uvres de l\u2019artiste est expos\u00e9e de fa\u00e7on permanente, mais aussi \u00e0 d\u00e9couvrir diff\u00e9rents \u00e9difices publics \u00e0 travers le pays qui portent l\u2019empreinte de l&rsquo;artiste.<\/p>\n\n\n\n<div class=\"wp-block-columns is-layout-flex wp-container-core-columns-is-layout-9d6595d7 wp-block-columns-is-layout-flex\">\n<div class=\"wp-block-column is-layout-flow wp-block-column-is-layout-flow\">\n<figure class=\"wp-block-image size-full\"><img decoding=\"async\" src=\"http:\/\/kapitalis.com\/tunisie\/wp-content\/uploads\/2022\/03\/Untitled-5-5.jpg\" alt=\"\" class=\"wp-image-385162\"\/><\/figure>\n<\/div>\n\n\n\n<div class=\"wp-block-column is-layout-flow wp-block-column-is-layout-flow\">\n<figure class=\"wp-block-image size-full\"><img decoding=\"async\" src=\"http:\/\/kapitalis.com\/tunisie\/wp-content\/uploads\/2022\/03\/Untitled-6-3.jpg\" alt=\"\" class=\"wp-image-385163\"\/><\/figure>\n<\/div>\n<\/div>\n\n\n\n<p>Cette participation \u00e0 la prestigieuse exposition internationale met \u00e9galement la lumi\u00e8re sur l\u2019engagement de la femme tunisienne durant le 20\u00e8me\u00a0si\u00e8cle et les diff\u00e9rentes stations de l\u2019histoire r\u00e9cente de la Tunisie. Cette pr\u00e9sence est par cons\u00e9quent une promotion de la  Tunisie comme destination de tourisme culturel.<\/p>\n\n\n\n<p>Safia Farhat appartient \u00e0 la premi\u00e8re g\u00e9n\u00e9ration d\u2019artistes qui s\u2019est affirm\u00e9e au lendemain de l\u2019ind\u00e9pendance du pays. Dans sa pratique, elle m\u00eale harmonieusement et de fa\u00e7on novatrice, signes et techniques appartenant au r\u00e9pertoire tunisien, dans la perspective de mettre en place un art tunisien enracin\u00e9 et moderne\u00a0; leitmotiv qu\u2019elle partageait avec le groupe de l\u2019\u00e9cole de Tunis dont elle \u00e9tait l\u2019unique femme. Bien qu\u2019elle ait exp\u00e9riment\u00e9 plusieurs modes d\u2019expressions comme le dessin, la peinture ou la c\u00e9ramique, elle est consid\u00e9r\u00e9e comme la pionni\u00e8re de la tapisserie moderne en Tunisie dans les ann\u00e9es 70.<\/p>\n\n\n\n<p><strong>Cr\u00e9dits photos<\/strong><\/p>\n\n\n\n<p>Tapisserie Safia Farhat\/ Photo by Slim Gomri \/Courtesy of Mus\u00e9e Safia Farhat<\/p>\n\n\n\n<p>Padiglione Centrale 2\/ Photo by Andrea Avezzu \/Courtesy of La Biennale di Venezia<\/p>\n\n\n\n<p>Gaggiandre 2\/Photo by Andrea Avezz\u00f9\/ Courtesy of La Biennale di Venezia<\/p>\n\n\n\n<p class=\"has-text-align-right\"><strong>F.B avec communiqu\u00e9<\/strong><\/p>\n","protected":false},"excerpt":{"rendered":"<p>L\u2019artiste tunisienne Safia Farhat (1924 \u2013 2004) est invit\u00e9e \u00e0 la 59e\u00a0Exposition Internationale d\u2019Art\u00a0\u2013 La Biennale de Venise et sera repr\u00e9sent\u00e9e par une \u0153uvre tiss\u00e9e monumentale.<\/p>\n","protected":false},"author":26,"featured_media":385161,"comment_status":"open","ping_status":"open","sticky":false,"template":"","format":"standard","meta":{"footnotes":""},"categories":[994,2433],"tags":[98388,97176,97175,62643],"class_list":["post-385140","post","type-post","status-publish","format-standard","has-post-thumbnail","hentry","category-culture","category-tunisie","tag-art-tunisien-a-letranger","tag-biennale-de-venise","tag-safia-farhat","tag-tunisie"],"yoast_head":"<!-- This site is optimized with the Yoast SEO plugin v26.6 - https:\/\/yoast.com\/wordpress\/plugins\/seo\/ -->\n<title>L\u2019\u0153uvre de Safia Farhat expos\u00e9e \u00e0 la Biennale de Venise 2022 - Kapitalis<\/title>\n<meta name=\"robots\" content=\"index, follow, max-snippet:-1, max-image-preview:large, max-video-preview:-1\" \/>\n<link rel=\"canonical\" href=\"https:\/\/kapitalis.com\/tunisie\/2022\/03\/24\/loeuvre-de-safia-farhat-exposee-a-la-biennale-de-venise-2022\/\" \/>\n<meta property=\"og:locale\" content=\"fr_FR\" \/>\n<meta property=\"og:type\" content=\"article\" \/>\n<meta property=\"og:title\" content=\"L\u2019\u0153uvre de Safia Farhat expos\u00e9e \u00e0 la Biennale de Venise 2022 - Kapitalis\" \/>\n<meta property=\"og:description\" content=\"L\u2019artiste tunisienne Safia Farhat (1924 \u2013 2004) est invit\u00e9e \u00e0 la 59e\u00a0Exposition Internationale d\u2019Art\u00a0\u2013 La Biennale de Venise et sera repr\u00e9sent\u00e9e par une \u0153uvre tiss\u00e9e monumentale.\" \/>\n<meta property=\"og:url\" content=\"https:\/\/kapitalis.com\/tunisie\/2022\/03\/24\/loeuvre-de-safia-farhat-exposee-a-la-biennale-de-venise-2022\/\" \/>\n<meta property=\"og:site_name\" content=\"Kapitalis\" \/>\n<meta property=\"article:publisher\" content=\"https:\/\/www.facebook.com\/KapitalisInfo\/\" \/>\n<meta property=\"article:published_time\" content=\"2022-03-24T12:28:05+00:00\" \/>\n<meta property=\"article:modified_time\" content=\"2022-03-24T12:29:51+00:00\" \/>\n<meta property=\"og:image\" content=\"https:\/\/kapitalis.com\/tunisie\/wp-content\/uploads\/2022\/05\/kapitalis-logo-fb.png\" \/>\n\t<meta property=\"og:image:width\" content=\"1200\" \/>\n\t<meta property=\"og:image:height\" content=\"630\" \/>\n\t<meta property=\"og:image:type\" content=\"image\/png\" \/>\n<meta name=\"author\" content=\"Fawz BenAli\" \/>\n<meta name=\"twitter:card\" content=\"summary_large_image\" \/>\n<meta name=\"twitter:creator\" content=\"@KapitalisInfo\" \/>\n<meta name=\"twitter:site\" content=\"@KapitalisInfo\" \/>\n<meta name=\"twitter:label1\" content=\"\u00c9crit par\" \/>\n\t<meta name=\"twitter:data1\" content=\"Fawz BenAli\" \/>\n\t<meta name=\"twitter:label2\" content=\"Dur\u00e9e de lecture estim\u00e9e\" \/>\n\t<meta name=\"twitter:data2\" content=\"2 minutes\" \/>\n<script type=\"application\/ld+json\" class=\"yoast-schema-graph\">{\"@context\":\"https:\/\/schema.org\",\"@graph\":[{\"@type\":\"Article\",\"@id\":\"https:\/\/kapitalis.com\/tunisie\/2022\/03\/24\/loeuvre-de-safia-farhat-exposee-a-la-biennale-de-venise-2022\/#article\",\"isPartOf\":{\"@id\":\"https:\/\/kapitalis.com\/tunisie\/2022\/03\/24\/loeuvre-de-safia-farhat-exposee-a-la-biennale-de-venise-2022\/\"},\"author\":{\"name\":\"Fawz BenAli\",\"@id\":\"https:\/\/kapitalis.com\/tunisie\/#\/schema\/person\/73a5ecc1f6ae540c6ed91342eadca948\"},\"headline\":\"L\u2019\u0153uvre de Safia Farhat expos\u00e9e \u00e0 la Biennale de Venise 2022\",\"datePublished\":\"2022-03-24T12:28:05+00:00\",\"dateModified\":\"2022-03-24T12:29:51+00:00\",\"mainEntityOfPage\":{\"@id\":\"https:\/\/kapitalis.com\/tunisie\/2022\/03\/24\/loeuvre-de-safia-farhat-exposee-a-la-biennale-de-venise-2022\/\"},\"wordCount\":356,\"commentCount\":0,\"publisher\":{\"@id\":\"https:\/\/kapitalis.com\/tunisie\/#organization\"},\"image\":{\"@id\":\"https:\/\/kapitalis.com\/tunisie\/2022\/03\/24\/loeuvre-de-safia-farhat-exposee-a-la-biennale-de-venise-2022\/#primaryimage\"},\"thumbnailUrl\":\"\",\"keywords\":[\"art tunisien \u00e0 l&#039;\u00e9tranger\",\"Biennale de Venise\",\"Safia Farhat\",\"Tunisie\"],\"articleSection\":[\"CULTURE\",\"Tunisie\"],\"inLanguage\":\"fr-FR\",\"potentialAction\":[{\"@type\":\"CommentAction\",\"name\":\"Comment\",\"target\":[\"https:\/\/kapitalis.com\/tunisie\/2022\/03\/24\/loeuvre-de-safia-farhat-exposee-a-la-biennale-de-venise-2022\/#respond\"]}]},{\"@type\":\"WebPage\",\"@id\":\"https:\/\/kapitalis.com\/tunisie\/2022\/03\/24\/loeuvre-de-safia-farhat-exposee-a-la-biennale-de-venise-2022\/\",\"url\":\"https:\/\/kapitalis.com\/tunisie\/2022\/03\/24\/loeuvre-de-safia-farhat-exposee-a-la-biennale-de-venise-2022\/\",\"name\":\"L\u2019\u0153uvre de Safia Farhat expos\u00e9e \u00e0 la Biennale de Venise 2022 - Kapitalis\",\"isPartOf\":{\"@id\":\"https:\/\/kapitalis.com\/tunisie\/#website\"},\"primaryImageOfPage\":{\"@id\":\"https:\/\/kapitalis.com\/tunisie\/2022\/03\/24\/loeuvre-de-safia-farhat-exposee-a-la-biennale-de-venise-2022\/#primaryimage\"},\"image\":{\"@id\":\"https:\/\/kapitalis.com\/tunisie\/2022\/03\/24\/loeuvre-de-safia-farhat-exposee-a-la-biennale-de-venise-2022\/#primaryimage\"},\"thumbnailUrl\":\"\",\"datePublished\":\"2022-03-24T12:28:05+00:00\",\"dateModified\":\"2022-03-24T12:29:51+00:00\",\"breadcrumb\":{\"@id\":\"https:\/\/kapitalis.com\/tunisie\/2022\/03\/24\/loeuvre-de-safia-farhat-exposee-a-la-biennale-de-venise-2022\/#breadcrumb\"},\"inLanguage\":\"fr-FR\",\"potentialAction\":[{\"@type\":\"ReadAction\",\"target\":[\"https:\/\/kapitalis.com\/tunisie\/2022\/03\/24\/loeuvre-de-safia-farhat-exposee-a-la-biennale-de-venise-2022\/\"]}]},{\"@type\":\"ImageObject\",\"inLanguage\":\"fr-FR\",\"@id\":\"https:\/\/kapitalis.com\/tunisie\/2022\/03\/24\/loeuvre-de-safia-farhat-exposee-a-la-biennale-de-venise-2022\/#primaryimage\",\"url\":\"\",\"contentUrl\":\"\"},{\"@type\":\"BreadcrumbList\",\"@id\":\"https:\/\/kapitalis.com\/tunisie\/2022\/03\/24\/loeuvre-de-safia-farhat-exposee-a-la-biennale-de-venise-2022\/#breadcrumb\",\"itemListElement\":[{\"@type\":\"ListItem\",\"position\":1,\"name\":\"Accueil\",\"item\":\"https:\/\/kapitalis.com\/tunisie\/\"},{\"@type\":\"ListItem\",\"position\":2,\"name\":\"L\u2019\u0153uvre de Safia Farhat expos\u00e9e \u00e0 la Biennale de Venise 2022\"}]},{\"@type\":\"WebSite\",\"@id\":\"https:\/\/kapitalis.com\/tunisie\/#website\",\"url\":\"https:\/\/kapitalis.com\/tunisie\/\",\"name\":\"Kapitalis\",\"description\":\"L&#039;actualit\u00e9 en Tunisie et dans le monde\",\"publisher\":{\"@id\":\"https:\/\/kapitalis.com\/tunisie\/#organization\"},\"potentialAction\":[{\"@type\":\"SearchAction\",\"target\":{\"@type\":\"EntryPoint\",\"urlTemplate\":\"https:\/\/kapitalis.com\/tunisie\/?s={search_term_string}\"},\"query-input\":{\"@type\":\"PropertyValueSpecification\",\"valueRequired\":true,\"valueName\":\"search_term_string\"}}],\"inLanguage\":\"fr-FR\"},{\"@type\":\"Organization\",\"@id\":\"https:\/\/kapitalis.com\/tunisie\/#organization\",\"name\":\"Kapitalis\",\"url\":\"https:\/\/kapitalis.com\/tunisie\/\",\"logo\":{\"@type\":\"ImageObject\",\"inLanguage\":\"fr-FR\",\"@id\":\"https:\/\/kapitalis.com\/tunisie\/#\/schema\/logo\/image\/\",\"url\":\"https:\/\/kapitalis.com\/tunisie\/wp-content\/uploads\/2022\/05\/Kapitalis-big-size.png\",\"contentUrl\":\"https:\/\/kapitalis.com\/tunisie\/wp-content\/uploads\/2022\/05\/Kapitalis-big-size.png\",\"width\":5000,\"height\":1500,\"caption\":\"Kapitalis\"},\"image\":{\"@id\":\"https:\/\/kapitalis.com\/tunisie\/#\/schema\/logo\/image\/\"},\"sameAs\":[\"https:\/\/www.facebook.com\/KapitalisInfo\/\",\"https:\/\/x.com\/KapitalisInfo\",\"https:\/\/www.youtube.com\/channel\/UC-yDYrHyfFBWWZaOw3FPg9Q\"]},{\"@type\":\"Person\",\"@id\":\"https:\/\/kapitalis.com\/tunisie\/#\/schema\/person\/73a5ecc1f6ae540c6ed91342eadca948\",\"name\":\"Fawz BenAli\",\"url\":\"https:\/\/kapitalis.com\/tunisie\/author\/fawz\/\"}]}<\/script>\n<!-- \/ Yoast SEO plugin. -->","yoast_head_json":{"title":"L\u2019\u0153uvre de Safia Farhat expos\u00e9e \u00e0 la Biennale de Venise 2022 - Kapitalis","robots":{"index":"index","follow":"follow","max-snippet":"max-snippet:-1","max-image-preview":"max-image-preview:large","max-video-preview":"max-video-preview:-1"},"canonical":"https:\/\/kapitalis.com\/tunisie\/2022\/03\/24\/loeuvre-de-safia-farhat-exposee-a-la-biennale-de-venise-2022\/","og_locale":"fr_FR","og_type":"article","og_title":"L\u2019\u0153uvre de Safia Farhat expos\u00e9e \u00e0 la Biennale de Venise 2022 - Kapitalis","og_description":"L\u2019artiste tunisienne Safia Farhat (1924 \u2013 2004) est invit\u00e9e \u00e0 la 59e\u00a0Exposition Internationale d\u2019Art\u00a0\u2013 La Biennale de Venise et sera repr\u00e9sent\u00e9e par une \u0153uvre tiss\u00e9e monumentale.","og_url":"https:\/\/kapitalis.com\/tunisie\/2022\/03\/24\/loeuvre-de-safia-farhat-exposee-a-la-biennale-de-venise-2022\/","og_site_name":"Kapitalis","article_publisher":"https:\/\/www.facebook.com\/KapitalisInfo\/","article_published_time":"2022-03-24T12:28:05+00:00","article_modified_time":"2022-03-24T12:29:51+00:00","og_image":[{"width":1200,"height":630,"url":"https:\/\/kapitalis.com\/tunisie\/wp-content\/uploads\/2022\/05\/kapitalis-logo-fb.png","type":"image\/png"}],"author":"Fawz BenAli","twitter_card":"summary_large_image","twitter_creator":"@KapitalisInfo","twitter_site":"@KapitalisInfo","twitter_misc":{"\u00c9crit par":"Fawz BenAli","Dur\u00e9e de lecture estim\u00e9e":"2 minutes"},"schema":{"@context":"https:\/\/schema.org","@graph":[{"@type":"Article","@id":"https:\/\/kapitalis.com\/tunisie\/2022\/03\/24\/loeuvre-de-safia-farhat-exposee-a-la-biennale-de-venise-2022\/#article","isPartOf":{"@id":"https:\/\/kapitalis.com\/tunisie\/2022\/03\/24\/loeuvre-de-safia-farhat-exposee-a-la-biennale-de-venise-2022\/"},"author":{"name":"Fawz BenAli","@id":"https:\/\/kapitalis.com\/tunisie\/#\/schema\/person\/73a5ecc1f6ae540c6ed91342eadca948"},"headline":"L\u2019\u0153uvre de Safia Farhat expos\u00e9e \u00e0 la Biennale de Venise 2022","datePublished":"2022-03-24T12:28:05+00:00","dateModified":"2022-03-24T12:29:51+00:00","mainEntityOfPage":{"@id":"https:\/\/kapitalis.com\/tunisie\/2022\/03\/24\/loeuvre-de-safia-farhat-exposee-a-la-biennale-de-venise-2022\/"},"wordCount":356,"commentCount":0,"publisher":{"@id":"https:\/\/kapitalis.com\/tunisie\/#organization"},"image":{"@id":"https:\/\/kapitalis.com\/tunisie\/2022\/03\/24\/loeuvre-de-safia-farhat-exposee-a-la-biennale-de-venise-2022\/#primaryimage"},"thumbnailUrl":"","keywords":["art tunisien \u00e0 l&#039;\u00e9tranger","Biennale de Venise","Safia Farhat","Tunisie"],"articleSection":["CULTURE","Tunisie"],"inLanguage":"fr-FR","potentialAction":[{"@type":"CommentAction","name":"Comment","target":["https:\/\/kapitalis.com\/tunisie\/2022\/03\/24\/loeuvre-de-safia-farhat-exposee-a-la-biennale-de-venise-2022\/#respond"]}]},{"@type":"WebPage","@id":"https:\/\/kapitalis.com\/tunisie\/2022\/03\/24\/loeuvre-de-safia-farhat-exposee-a-la-biennale-de-venise-2022\/","url":"https:\/\/kapitalis.com\/tunisie\/2022\/03\/24\/loeuvre-de-safia-farhat-exposee-a-la-biennale-de-venise-2022\/","name":"L\u2019\u0153uvre de Safia Farhat expos\u00e9e \u00e0 la Biennale de Venise 2022 - Kapitalis","isPartOf":{"@id":"https:\/\/kapitalis.com\/tunisie\/#website"},"primaryImageOfPage":{"@id":"https:\/\/kapitalis.com\/tunisie\/2022\/03\/24\/loeuvre-de-safia-farhat-exposee-a-la-biennale-de-venise-2022\/#primaryimage"},"image":{"@id":"https:\/\/kapitalis.com\/tunisie\/2022\/03\/24\/loeuvre-de-safia-farhat-exposee-a-la-biennale-de-venise-2022\/#primaryimage"},"thumbnailUrl":"","datePublished":"2022-03-24T12:28:05+00:00","dateModified":"2022-03-24T12:29:51+00:00","breadcrumb":{"@id":"https:\/\/kapitalis.com\/tunisie\/2022\/03\/24\/loeuvre-de-safia-farhat-exposee-a-la-biennale-de-venise-2022\/#breadcrumb"},"inLanguage":"fr-FR","potentialAction":[{"@type":"ReadAction","target":["https:\/\/kapitalis.com\/tunisie\/2022\/03\/24\/loeuvre-de-safia-farhat-exposee-a-la-biennale-de-venise-2022\/"]}]},{"@type":"ImageObject","inLanguage":"fr-FR","@id":"https:\/\/kapitalis.com\/tunisie\/2022\/03\/24\/loeuvre-de-safia-farhat-exposee-a-la-biennale-de-venise-2022\/#primaryimage","url":"","contentUrl":""},{"@type":"BreadcrumbList","@id":"https:\/\/kapitalis.com\/tunisie\/2022\/03\/24\/loeuvre-de-safia-farhat-exposee-a-la-biennale-de-venise-2022\/#breadcrumb","itemListElement":[{"@type":"ListItem","position":1,"name":"Accueil","item":"https:\/\/kapitalis.com\/tunisie\/"},{"@type":"ListItem","position":2,"name":"L\u2019\u0153uvre de Safia Farhat expos\u00e9e \u00e0 la Biennale de Venise 2022"}]},{"@type":"WebSite","@id":"https:\/\/kapitalis.com\/tunisie\/#website","url":"https:\/\/kapitalis.com\/tunisie\/","name":"Kapitalis","description":"L&#039;actualit\u00e9 en Tunisie et dans le monde","publisher":{"@id":"https:\/\/kapitalis.com\/tunisie\/#organization"},"potentialAction":[{"@type":"SearchAction","target":{"@type":"EntryPoint","urlTemplate":"https:\/\/kapitalis.com\/tunisie\/?s={search_term_string}"},"query-input":{"@type":"PropertyValueSpecification","valueRequired":true,"valueName":"search_term_string"}}],"inLanguage":"fr-FR"},{"@type":"Organization","@id":"https:\/\/kapitalis.com\/tunisie\/#organization","name":"Kapitalis","url":"https:\/\/kapitalis.com\/tunisie\/","logo":{"@type":"ImageObject","inLanguage":"fr-FR","@id":"https:\/\/kapitalis.com\/tunisie\/#\/schema\/logo\/image\/","url":"https:\/\/kapitalis.com\/tunisie\/wp-content\/uploads\/2022\/05\/Kapitalis-big-size.png","contentUrl":"https:\/\/kapitalis.com\/tunisie\/wp-content\/uploads\/2022\/05\/Kapitalis-big-size.png","width":5000,"height":1500,"caption":"Kapitalis"},"image":{"@id":"https:\/\/kapitalis.com\/tunisie\/#\/schema\/logo\/image\/"},"sameAs":["https:\/\/www.facebook.com\/KapitalisInfo\/","https:\/\/x.com\/KapitalisInfo","https:\/\/www.youtube.com\/channel\/UC-yDYrHyfFBWWZaOw3FPg9Q"]},{"@type":"Person","@id":"https:\/\/kapitalis.com\/tunisie\/#\/schema\/person\/73a5ecc1f6ae540c6ed91342eadca948","name":"Fawz BenAli","url":"https:\/\/kapitalis.com\/tunisie\/author\/fawz\/"}]}},"_links":{"self":[{"href":"https:\/\/kapitalis.com\/tunisie\/wp-json\/wp\/v2\/posts\/385140","targetHints":{"allow":["GET"]}}],"collection":[{"href":"https:\/\/kapitalis.com\/tunisie\/wp-json\/wp\/v2\/posts"}],"about":[{"href":"https:\/\/kapitalis.com\/tunisie\/wp-json\/wp\/v2\/types\/post"}],"author":[{"embeddable":true,"href":"https:\/\/kapitalis.com\/tunisie\/wp-json\/wp\/v2\/users\/26"}],"replies":[{"embeddable":true,"href":"https:\/\/kapitalis.com\/tunisie\/wp-json\/wp\/v2\/comments?post=385140"}],"version-history":[{"count":0,"href":"https:\/\/kapitalis.com\/tunisie\/wp-json\/wp\/v2\/posts\/385140\/revisions"}],"wp:featuredmedia":[{"embeddable":true,"href":"https:\/\/kapitalis.com\/tunisie\/wp-json\/wp\/v2\/media\/385161"}],"wp:attachment":[{"href":"https:\/\/kapitalis.com\/tunisie\/wp-json\/wp\/v2\/media?parent=385140"}],"wp:term":[{"taxonomy":"category","embeddable":true,"href":"https:\/\/kapitalis.com\/tunisie\/wp-json\/wp\/v2\/categories?post=385140"},{"taxonomy":"post_tag","embeddable":true,"href":"https:\/\/kapitalis.com\/tunisie\/wp-json\/wp\/v2\/tags?post=385140"}],"curies":[{"name":"wp","href":"https:\/\/api.w.org\/{rel}","templated":true}]}}