{"id":385273,"date":"2022-03-25T09:22:35","date_gmt":"2022-03-25T08:22:35","guid":{"rendered":"http:\/\/kapitalis.com\/tunisie\/?p=385273"},"modified":"2022-03-25T09:24:06","modified_gmt":"2022-03-25T08:24:06","slug":"tunisie-nouvelle-composition-du-bureau-directeur-de-la-ctfci","status":"publish","type":"post","link":"https:\/\/kapitalis.com\/tunisie\/2022\/03\/25\/tunisie-nouvelle-composition-du-bureau-directeur-de-la-ctfci\/","title":{"rendered":"Tunisie : Nouvelle composition du bureau directeur de la CTFCI"},"content":{"rendered":"\n<div class=\"wp-block-image\"><figure class=\"aligncenter size-full\"><img decoding=\"async\" src=\"http:\/\/kapitalis.com\/tunisie\/wp-content\/uploads\/2022\/03\/Khelil-Chaibi-CTFCI.jpg\" alt=\"\" class=\"wp-image-384034\"\/><figcaption><em>Khelil Chaibi. <\/em><\/figcaption><\/figure><\/div>\n\n\n\n<p><strong><em>Le comit\u00e9 directeur de la Chambre tuniso-fran\u00e7aise de commerce et d&rsquo;industrie (CTFCI) a tenu, le jeudi 24 mars 2022, une r\u00e9union qui a \u00e9t\u00e9\u00a0consacr\u00e9e \u00e0 la distribution des t\u00e2ches au sein du bureau directeur,\u00a0la\u00a0discussion des moyens \u00e0 mettre en \u0153uvre pour conf\u00e9rer \u00e0 l\u2019action de la chambre plus d\u2019efficience et de visibilit\u00e9, ainsi qu\u2019\u00e0 la mise en \u0153uvre d&rsquo;un programme op\u00e9rationnel\u00a0pour le mandat 2022-2025.<\/em><\/strong><\/p>\n\n\n\n<!--more-->\n\n\n\n<p>Khelil Chaibi, pr\u00e9sident de la CTFCI, a exprim\u00e9 son intention de mettre en place un comit\u00e9 ex\u00e9cutif form\u00e9 de 15 membres, dont une moiti\u00e9&nbsp;de chefs d\u2019entreprise fran\u00e7ais, et de proc\u00e9der, dans un avenir proche, de r\u00e9viser les statuts et le r\u00e8glement int\u00e9rieur de la chambre afin de les adapter \u00e0 un contexte en mouvement.<\/p>\n\n\n\n<p>Il a \u00e9t\u00e9 \u00e9galement question de mettre en place des commissions de r\u00e9flexion et d\u2019autres sectorielles qui seront charg\u00e9es de pr\u00e9senter des propositions et des pistes d\u2019activit\u00e9 \u00e0 m\u00eame de renforcer le r\u00f4le d\u00e9volu \u00e0 la chambre en tant qu\u2019acteur important dans l\u2019am\u00e9lioration de l\u2019environnement des affaires et la promotion du partenariat tuniso-fran\u00e7ais.<\/p>\n\n\n\n<p>Il est \u00e0 signaler que la nouvelle composition du bureau directeur se pr\u00e9sente comme suit :<\/p>\n\n\n\n<p>Pr\u00e9sident : Kh\u00e9lil Chaibi;<\/p>\n\n\n\n<p>Vice-pr\u00e9sidente&nbsp;: Meriem Driss;<\/p>\n\n\n\n<p>Vice-pr\u00e9sident&nbsp;: Josselin Souris;<\/p>\n\n\n\n<p>Vice-pr\u00e9sident&nbsp;: Rached Fourati;<\/p>\n\n\n\n<p>Secr\u00e9taire g\u00e9n\u00e9ral&nbsp;: Mohamed Louzir;<\/p>\n\n\n\n<p>Secr\u00e9taire g\u00e9n\u00e9ral adjoint&nbsp;: Ines Hallab;<\/p>\n\n\n\n<p>Tr\u00e9sorier&nbsp;g\u00e9n\u00e9ral : Mounir Habaieb;<\/p>\n\n\n\n<p>Tr\u00e9sorier g\u00e9n\u00e9ral adjoint&nbsp;: Walid Masmoudi.<\/p>\n","protected":false},"excerpt":{"rendered":"<p>Le comit\u00e9 directeur de la Chambre tuniso-fran\u00e7aise de commerce et d&rsquo;industrie (CTFCI) a tenu, le jeudi 24 mars 2022, une r\u00e9union qui a \u00e9t\u00e9\u00a0consacr\u00e9e \u00e0 la distribution des t\u00e2ches au sein du bureau directeur,\u00a0la\u00a0discussion des moyens \u00e0 mettre en \u0153uvre pour conf\u00e9rer \u00e0 l\u2019action de la chambre plus d\u2019efficience et de visibilit\u00e9, ainsi qu\u2019\u00e0 la&#8230;<\/p>\n","protected":false},"author":8,"featured_media":0,"comment_status":"open","ping_status":"open","sticky":false,"template":"","format":"standard","meta":{"footnotes":""},"categories":[995,2433],"tags":[8219,395,98406,98404,98174,98403,98405,89716,62643],"class_list":["post-385273","post","type-post","status-publish","format-standard","hentry","category-economie","category-tunisie","tag-ctfci","tag-france","tag-ines-hallab","tag-josselin-souris","tag-khelil-chaibi-2","tag-meriem-driss","tag-mohamed-louzir","tag-rached-fourati","tag-tunisie"],"yoast_head":"<!-- This site is optimized with the Yoast SEO plugin v26.6 - https:\/\/yoast.com\/wordpress\/plugins\/seo\/ -->\n<title>Tunisie : Nouvelle composition du bureau directeur de la CTFCI - Kapitalis<\/title>\n<meta name=\"robots\" content=\"index, follow, max-snippet:-1, max-image-preview:large, max-video-preview:-1\" \/>\n<link rel=\"canonical\" href=\"https:\/\/kapitalis.com\/tunisie\/2022\/03\/25\/tunisie-nouvelle-composition-du-bureau-directeur-de-la-ctfci\/\" \/>\n<meta property=\"og:locale\" content=\"fr_FR\" \/>\n<meta property=\"og:type\" content=\"article\" \/>\n<meta property=\"og:title\" content=\"Tunisie : Nouvelle composition du bureau directeur de la CTFCI - Kapitalis\" \/>\n<meta property=\"og:description\" content=\"Le comit\u00e9 directeur de la Chambre tuniso-fran\u00e7aise de commerce et d&rsquo;industrie (CTFCI) a tenu, le jeudi 24 mars 2022, une r\u00e9union qui a \u00e9t\u00e9\u00a0consacr\u00e9e \u00e0 la distribution des t\u00e2ches au sein du bureau directeur,\u00a0la\u00a0discussion des moyens \u00e0 mettre en \u0153uvre pour conf\u00e9rer \u00e0 l\u2019action de la chambre plus d\u2019efficience et de visibilit\u00e9, ainsi qu\u2019\u00e0 la...\" \/>\n<meta property=\"og:url\" content=\"https:\/\/kapitalis.com\/tunisie\/2022\/03\/25\/tunisie-nouvelle-composition-du-bureau-directeur-de-la-ctfci\/\" \/>\n<meta property=\"og:site_name\" content=\"Kapitalis\" \/>\n<meta property=\"article:publisher\" content=\"https:\/\/www.facebook.com\/KapitalisInfo\/\" \/>\n<meta property=\"article:published_time\" content=\"2022-03-25T08:22:35+00:00\" \/>\n<meta property=\"article:modified_time\" content=\"2022-03-25T08:24:06+00:00\" \/>\n<meta property=\"og:image\" content=\"http:\/\/kapitalis.com\/tunisie\/wp-content\/uploads\/2022\/03\/Khelil-Chaibi-CTFCI.jpg\" \/>\n<meta name=\"author\" content=\"webmaster kapitalis\" \/>\n<meta name=\"twitter:card\" content=\"summary_large_image\" \/>\n<meta name=\"twitter:creator\" content=\"@KapitalisInfo\" \/>\n<meta name=\"twitter:site\" content=\"@KapitalisInfo\" \/>\n<meta name=\"twitter:label1\" content=\"\u00c9crit par\" \/>\n\t<meta name=\"twitter:data1\" content=\"webmaster kapitalis\" \/>\n\t<meta name=\"twitter:label2\" content=\"Dur\u00e9e de lecture estim\u00e9e\" \/>\n\t<meta name=\"twitter:data2\" content=\"1 minute\" \/>\n<script type=\"application\/ld+json\" class=\"yoast-schema-graph\">{\"@context\":\"https:\/\/schema.org\",\"@graph\":[{\"@type\":\"Article\",\"@id\":\"https:\/\/kapitalis.com\/tunisie\/2022\/03\/25\/tunisie-nouvelle-composition-du-bureau-directeur-de-la-ctfci\/#article\",\"isPartOf\":{\"@id\":\"https:\/\/kapitalis.com\/tunisie\/2022\/03\/25\/tunisie-nouvelle-composition-du-bureau-directeur-de-la-ctfci\/\"},\"author\":{\"name\":\"webmaster kapitalis\",\"@id\":\"https:\/\/kapitalis.com\/tunisie\/#\/schema\/person\/d71f33a9ca44f7bad4698210b480c8e9\"},\"headline\":\"Tunisie : Nouvelle composition du bureau directeur de la CTFCI\",\"datePublished\":\"2022-03-25T08:22:35+00:00\",\"dateModified\":\"2022-03-25T08:24:06+00:00\",\"mainEntityOfPage\":{\"@id\":\"https:\/\/kapitalis.com\/tunisie\/2022\/03\/25\/tunisie-nouvelle-composition-du-bureau-directeur-de-la-ctfci\/\"},\"wordCount\":277,\"commentCount\":0,\"publisher\":{\"@id\":\"https:\/\/kapitalis.com\/tunisie\/#organization\"},\"image\":{\"@id\":\"https:\/\/kapitalis.com\/tunisie\/2022\/03\/25\/tunisie-nouvelle-composition-du-bureau-directeur-de-la-ctfci\/#primaryimage\"},\"thumbnailUrl\":\"http:\/\/kapitalis.com\/tunisie\/wp-content\/uploads\/2022\/03\/Khelil-Chaibi-CTFCI.jpg\",\"keywords\":[\"CTFCI\",\"France\",\"Ines Hallab\",\"Josselin Souris\",\"Kh\u00e9lil Chaibi\",\"Meriem Driss\",\"Mohamed Louzir\",\"Rached Fourati\",\"Tunisie\"],\"articleSection\":[\"ECONOMIE\",\"Tunisie\"],\"inLanguage\":\"fr-FR\",\"potentialAction\":[{\"@type\":\"CommentAction\",\"name\":\"Comment\",\"target\":[\"https:\/\/kapitalis.com\/tunisie\/2022\/03\/25\/tunisie-nouvelle-composition-du-bureau-directeur-de-la-ctfci\/#respond\"]}]},{\"@type\":\"WebPage\",\"@id\":\"https:\/\/kapitalis.com\/tunisie\/2022\/03\/25\/tunisie-nouvelle-composition-du-bureau-directeur-de-la-ctfci\/\",\"url\":\"https:\/\/kapitalis.com\/tunisie\/2022\/03\/25\/tunisie-nouvelle-composition-du-bureau-directeur-de-la-ctfci\/\",\"name\":\"Tunisie : Nouvelle composition du bureau directeur de la CTFCI - Kapitalis\",\"isPartOf\":{\"@id\":\"https:\/\/kapitalis.com\/tunisie\/#website\"},\"primaryImageOfPage\":{\"@id\":\"https:\/\/kapitalis.com\/tunisie\/2022\/03\/25\/tunisie-nouvelle-composition-du-bureau-directeur-de-la-ctfci\/#primaryimage\"},\"image\":{\"@id\":\"https:\/\/kapitalis.com\/tunisie\/2022\/03\/25\/tunisie-nouvelle-composition-du-bureau-directeur-de-la-ctfci\/#primaryimage\"},\"thumbnailUrl\":\"http:\/\/kapitalis.com\/tunisie\/wp-content\/uploads\/2022\/03\/Khelil-Chaibi-CTFCI.jpg\",\"datePublished\":\"2022-03-25T08:22:35+00:00\",\"dateModified\":\"2022-03-25T08:24:06+00:00\",\"breadcrumb\":{\"@id\":\"https:\/\/kapitalis.com\/tunisie\/2022\/03\/25\/tunisie-nouvelle-composition-du-bureau-directeur-de-la-ctfci\/#breadcrumb\"},\"inLanguage\":\"fr-FR\",\"potentialAction\":[{\"@type\":\"ReadAction\",\"target\":[\"https:\/\/kapitalis.com\/tunisie\/2022\/03\/25\/tunisie-nouvelle-composition-du-bureau-directeur-de-la-ctfci\/\"]}]},{\"@type\":\"ImageObject\",\"inLanguage\":\"fr-FR\",\"@id\":\"https:\/\/kapitalis.com\/tunisie\/2022\/03\/25\/tunisie-nouvelle-composition-du-bureau-directeur-de-la-ctfci\/#primaryimage\",\"url\":\"\",\"contentUrl\":\"\"},{\"@type\":\"BreadcrumbList\",\"@id\":\"https:\/\/kapitalis.com\/tunisie\/2022\/03\/25\/tunisie-nouvelle-composition-du-bureau-directeur-de-la-ctfci\/#breadcrumb\",\"itemListElement\":[{\"@type\":\"ListItem\",\"position\":1,\"name\":\"Accueil\",\"item\":\"https:\/\/kapitalis.com\/tunisie\/\"},{\"@type\":\"ListItem\",\"position\":2,\"name\":\"Tunisie : Nouvelle composition du bureau directeur de la CTFCI\"}]},{\"@type\":\"WebSite\",\"@id\":\"https:\/\/kapitalis.com\/tunisie\/#website\",\"url\":\"https:\/\/kapitalis.com\/tunisie\/\",\"name\":\"Kapitalis\",\"description\":\"L&#039;actualit\u00e9 en Tunisie et dans le monde\",\"publisher\":{\"@id\":\"https:\/\/kapitalis.com\/tunisie\/#organization\"},\"potentialAction\":[{\"@type\":\"SearchAction\",\"target\":{\"@type\":\"EntryPoint\",\"urlTemplate\":\"https:\/\/kapitalis.com\/tunisie\/?s={search_term_string}\"},\"query-input\":{\"@type\":\"PropertyValueSpecification\",\"valueRequired\":true,\"valueName\":\"search_term_string\"}}],\"inLanguage\":\"fr-FR\"},{\"@type\":\"Organization\",\"@id\":\"https:\/\/kapitalis.com\/tunisie\/#organization\",\"name\":\"Kapitalis\",\"url\":\"https:\/\/kapitalis.com\/tunisie\/\",\"logo\":{\"@type\":\"ImageObject\",\"inLanguage\":\"fr-FR\",\"@id\":\"https:\/\/kapitalis.com\/tunisie\/#\/schema\/logo\/image\/\",\"url\":\"https:\/\/kapitalis.com\/tunisie\/wp-content\/uploads\/2022\/05\/Kapitalis-big-size.png\",\"contentUrl\":\"https:\/\/kapitalis.com\/tunisie\/wp-content\/uploads\/2022\/05\/Kapitalis-big-size.png\",\"width\":5000,\"height\":1500,\"caption\":\"Kapitalis\"},\"image\":{\"@id\":\"https:\/\/kapitalis.com\/tunisie\/#\/schema\/logo\/image\/\"},\"sameAs\":[\"https:\/\/www.facebook.com\/KapitalisInfo\/\",\"https:\/\/x.com\/KapitalisInfo\",\"https:\/\/www.youtube.com\/channel\/UC-yDYrHyfFBWWZaOw3FPg9Q\"]},{\"@type\":\"Person\",\"@id\":\"https:\/\/kapitalis.com\/tunisie\/#\/schema\/person\/d71f33a9ca44f7bad4698210b480c8e9\",\"name\":\"webmaster kapitalis\",\"url\":\"https:\/\/kapitalis.com\/tunisie\/author\/webmaster-kapitalis\/\"}]}<\/script>\n<!-- \/ Yoast SEO plugin. -->","yoast_head_json":{"title":"Tunisie : Nouvelle composition du bureau directeur de la CTFCI - Kapitalis","robots":{"index":"index","follow":"follow","max-snippet":"max-snippet:-1","max-image-preview":"max-image-preview:large","max-video-preview":"max-video-preview:-1"},"canonical":"https:\/\/kapitalis.com\/tunisie\/2022\/03\/25\/tunisie-nouvelle-composition-du-bureau-directeur-de-la-ctfci\/","og_locale":"fr_FR","og_type":"article","og_title":"Tunisie : Nouvelle composition du bureau directeur de la CTFCI - Kapitalis","og_description":"Le comit\u00e9 directeur de la Chambre tuniso-fran\u00e7aise de commerce et d&rsquo;industrie (CTFCI) a tenu, le jeudi 24 mars 2022, une r\u00e9union qui a \u00e9t\u00e9\u00a0consacr\u00e9e \u00e0 la distribution des t\u00e2ches au sein du bureau directeur,\u00a0la\u00a0discussion des moyens \u00e0 mettre en \u0153uvre pour conf\u00e9rer \u00e0 l\u2019action de la chambre plus d\u2019efficience et de visibilit\u00e9, ainsi qu\u2019\u00e0 la...","og_url":"https:\/\/kapitalis.com\/tunisie\/2022\/03\/25\/tunisie-nouvelle-composition-du-bureau-directeur-de-la-ctfci\/","og_site_name":"Kapitalis","article_publisher":"https:\/\/www.facebook.com\/KapitalisInfo\/","article_published_time":"2022-03-25T08:22:35+00:00","article_modified_time":"2022-03-25T08:24:06+00:00","og_image":[{"url":"http:\/\/kapitalis.com\/tunisie\/wp-content\/uploads\/2022\/03\/Khelil-Chaibi-CTFCI.jpg","type":"","width":"","height":""}],"author":"webmaster kapitalis","twitter_card":"summary_large_image","twitter_creator":"@KapitalisInfo","twitter_site":"@KapitalisInfo","twitter_misc":{"\u00c9crit par":"webmaster kapitalis","Dur\u00e9e de lecture estim\u00e9e":"1 minute"},"schema":{"@context":"https:\/\/schema.org","@graph":[{"@type":"Article","@id":"https:\/\/kapitalis.com\/tunisie\/2022\/03\/25\/tunisie-nouvelle-composition-du-bureau-directeur-de-la-ctfci\/#article","isPartOf":{"@id":"https:\/\/kapitalis.com\/tunisie\/2022\/03\/25\/tunisie-nouvelle-composition-du-bureau-directeur-de-la-ctfci\/"},"author":{"name":"webmaster kapitalis","@id":"https:\/\/kapitalis.com\/tunisie\/#\/schema\/person\/d71f33a9ca44f7bad4698210b480c8e9"},"headline":"Tunisie : Nouvelle composition du bureau directeur de la CTFCI","datePublished":"2022-03-25T08:22:35+00:00","dateModified":"2022-03-25T08:24:06+00:00","mainEntityOfPage":{"@id":"https:\/\/kapitalis.com\/tunisie\/2022\/03\/25\/tunisie-nouvelle-composition-du-bureau-directeur-de-la-ctfci\/"},"wordCount":277,"commentCount":0,"publisher":{"@id":"https:\/\/kapitalis.com\/tunisie\/#organization"},"image":{"@id":"https:\/\/kapitalis.com\/tunisie\/2022\/03\/25\/tunisie-nouvelle-composition-du-bureau-directeur-de-la-ctfci\/#primaryimage"},"thumbnailUrl":"http:\/\/kapitalis.com\/tunisie\/wp-content\/uploads\/2022\/03\/Khelil-Chaibi-CTFCI.jpg","keywords":["CTFCI","France","Ines Hallab","Josselin Souris","Kh\u00e9lil Chaibi","Meriem Driss","Mohamed Louzir","Rached Fourati","Tunisie"],"articleSection":["ECONOMIE","Tunisie"],"inLanguage":"fr-FR","potentialAction":[{"@type":"CommentAction","name":"Comment","target":["https:\/\/kapitalis.com\/tunisie\/2022\/03\/25\/tunisie-nouvelle-composition-du-bureau-directeur-de-la-ctfci\/#respond"]}]},{"@type":"WebPage","@id":"https:\/\/kapitalis.com\/tunisie\/2022\/03\/25\/tunisie-nouvelle-composition-du-bureau-directeur-de-la-ctfci\/","url":"https:\/\/kapitalis.com\/tunisie\/2022\/03\/25\/tunisie-nouvelle-composition-du-bureau-directeur-de-la-ctfci\/","name":"Tunisie : Nouvelle composition du bureau directeur de la CTFCI - Kapitalis","isPartOf":{"@id":"https:\/\/kapitalis.com\/tunisie\/#website"},"primaryImageOfPage":{"@id":"https:\/\/kapitalis.com\/tunisie\/2022\/03\/25\/tunisie-nouvelle-composition-du-bureau-directeur-de-la-ctfci\/#primaryimage"},"image":{"@id":"https:\/\/kapitalis.com\/tunisie\/2022\/03\/25\/tunisie-nouvelle-composition-du-bureau-directeur-de-la-ctfci\/#primaryimage"},"thumbnailUrl":"http:\/\/kapitalis.com\/tunisie\/wp-content\/uploads\/2022\/03\/Khelil-Chaibi-CTFCI.jpg","datePublished":"2022-03-25T08:22:35+00:00","dateModified":"2022-03-25T08:24:06+00:00","breadcrumb":{"@id":"https:\/\/kapitalis.com\/tunisie\/2022\/03\/25\/tunisie-nouvelle-composition-du-bureau-directeur-de-la-ctfci\/#breadcrumb"},"inLanguage":"fr-FR","potentialAction":[{"@type":"ReadAction","target":["https:\/\/kapitalis.com\/tunisie\/2022\/03\/25\/tunisie-nouvelle-composition-du-bureau-directeur-de-la-ctfci\/"]}]},{"@type":"ImageObject","inLanguage":"fr-FR","@id":"https:\/\/kapitalis.com\/tunisie\/2022\/03\/25\/tunisie-nouvelle-composition-du-bureau-directeur-de-la-ctfci\/#primaryimage","url":"","contentUrl":""},{"@type":"BreadcrumbList","@id":"https:\/\/kapitalis.com\/tunisie\/2022\/03\/25\/tunisie-nouvelle-composition-du-bureau-directeur-de-la-ctfci\/#breadcrumb","itemListElement":[{"@type":"ListItem","position":1,"name":"Accueil","item":"https:\/\/kapitalis.com\/tunisie\/"},{"@type":"ListItem","position":2,"name":"Tunisie : Nouvelle composition du bureau directeur de la CTFCI"}]},{"@type":"WebSite","@id":"https:\/\/kapitalis.com\/tunisie\/#website","url":"https:\/\/kapitalis.com\/tunisie\/","name":"Kapitalis","description":"L&#039;actualit\u00e9 en Tunisie et dans le monde","publisher":{"@id":"https:\/\/kapitalis.com\/tunisie\/#organization"},"potentialAction":[{"@type":"SearchAction","target":{"@type":"EntryPoint","urlTemplate":"https:\/\/kapitalis.com\/tunisie\/?s={search_term_string}"},"query-input":{"@type":"PropertyValueSpecification","valueRequired":true,"valueName":"search_term_string"}}],"inLanguage":"fr-FR"},{"@type":"Organization","@id":"https:\/\/kapitalis.com\/tunisie\/#organization","name":"Kapitalis","url":"https:\/\/kapitalis.com\/tunisie\/","logo":{"@type":"ImageObject","inLanguage":"fr-FR","@id":"https:\/\/kapitalis.com\/tunisie\/#\/schema\/logo\/image\/","url":"https:\/\/kapitalis.com\/tunisie\/wp-content\/uploads\/2022\/05\/Kapitalis-big-size.png","contentUrl":"https:\/\/kapitalis.com\/tunisie\/wp-content\/uploads\/2022\/05\/Kapitalis-big-size.png","width":5000,"height":1500,"caption":"Kapitalis"},"image":{"@id":"https:\/\/kapitalis.com\/tunisie\/#\/schema\/logo\/image\/"},"sameAs":["https:\/\/www.facebook.com\/KapitalisInfo\/","https:\/\/x.com\/KapitalisInfo","https:\/\/www.youtube.com\/channel\/UC-yDYrHyfFBWWZaOw3FPg9Q"]},{"@type":"Person","@id":"https:\/\/kapitalis.com\/tunisie\/#\/schema\/person\/d71f33a9ca44f7bad4698210b480c8e9","name":"webmaster kapitalis","url":"https:\/\/kapitalis.com\/tunisie\/author\/webmaster-kapitalis\/"}]}},"_links":{"self":[{"href":"https:\/\/kapitalis.com\/tunisie\/wp-json\/wp\/v2\/posts\/385273","targetHints":{"allow":["GET"]}}],"collection":[{"href":"https:\/\/kapitalis.com\/tunisie\/wp-json\/wp\/v2\/posts"}],"about":[{"href":"https:\/\/kapitalis.com\/tunisie\/wp-json\/wp\/v2\/types\/post"}],"author":[{"embeddable":true,"href":"https:\/\/kapitalis.com\/tunisie\/wp-json\/wp\/v2\/users\/8"}],"replies":[{"embeddable":true,"href":"https:\/\/kapitalis.com\/tunisie\/wp-json\/wp\/v2\/comments?post=385273"}],"version-history":[{"count":0,"href":"https:\/\/kapitalis.com\/tunisie\/wp-json\/wp\/v2\/posts\/385273\/revisions"}],"wp:attachment":[{"href":"https:\/\/kapitalis.com\/tunisie\/wp-json\/wp\/v2\/media?parent=385273"}],"wp:term":[{"taxonomy":"category","embeddable":true,"href":"https:\/\/kapitalis.com\/tunisie\/wp-json\/wp\/v2\/categories?post=385273"},{"taxonomy":"post_tag","embeddable":true,"href":"https:\/\/kapitalis.com\/tunisie\/wp-json\/wp\/v2\/tags?post=385273"}],"curies":[{"name":"wp","href":"https:\/\/api.w.org\/{rel}","templated":true}]}}