{"id":385516,"date":"2022-03-27T10:09:53","date_gmt":"2022-03-27T09:09:53","guid":{"rendered":"http:\/\/kapitalis.com\/tunisie\/?p=385516"},"modified":"2022-03-27T10:12:59","modified_gmt":"2022-03-27T09:12:59","slug":"investissement-perenco-va-renforcer-ses-activites-en-tunisie","status":"publish","type":"post","link":"https:\/\/kapitalis.com\/tunisie\/2022\/03\/27\/investissement-perenco-va-renforcer-ses-activites-en-tunisie\/","title":{"rendered":"Investissement : Perenco va renforcer ses activit\u00e9s en Tunisie"},"content":{"rendered":"\n<div class=\"wp-block-image\"><figure class=\"aligncenter size-full\"><img decoding=\"async\" src=\"http:\/\/kapitalis.com\/tunisie\/wp-content\/uploads\/2022\/03\/Najla-Bouden-Francois-Perrodo-Perenco.jpg\" alt=\"\" class=\"wp-image-385517\"\/><figcaption><em>Najla Bouden recevant les responsables de Perenco. <\/em><\/figcaption><\/figure><\/div>\n\n\n\n<p><em style=\"\"><b>Malgr\u00e9 les difficult\u00e9s auxquelles elle a fait face ces derni\u00e8res ann\u00e9es en raison des <a href=\"http:\/\/kapitalis.com\/tunisie\/2018\/10\/16\/apres-avoir-chasse-petrofac-les-agents-veulent-faire-fuir-perenco\/\" target=\"_blank\" rel=\"noreferrer noopener\">mouvements sociaux <\/a>ayant perturb\u00e9 le travail dans ses installations en Tunisie, la compagnie p\u00e9troli\u00e8re et gazi\u00e8re fran\u00e7aise Perenco projette de renforcer et de diversifier ses activit\u00e9s dans notre pays. Une bonne nouvelle qui met du baume au <\/b><\/em><strong><em>c\u0153ur dans l&rsquo;avalanche de mauvaises nouvelles \u00e0 la quelle nous sommes soumis depuis quelque temps.<\/em><\/strong><\/p>\n\n\n\n<!--more-->\n\n\n\n<p>En effet, le pr\u00e9sident du groupe Perenco, Fran\u00e7ois Perrodo, a d\u00e9clar\u00e9 que son groupe est dispos\u00e9 \u00e0 augmenter ses investissements en Tunisie \u00e0 380 millions de dinars tunisiens (MDT) au cours des quatre prochaines ann\u00e9es.<\/p>\n\n\n\n<p>Perenco envisage aussi de diversifier ses activit\u00e9s et de les \u00e9tendre \u00e0 l&rsquo;\u00e9nergie solaire, a d\u00e9clar\u00e9 Perrodo lors de sa rencontre, samedi 26 mars 2022, avec la cheffe du gouvernement Najla Bouden au palais du gouvernement \u00e0 Kasbah.<\/p>\n\n\n\n<p>Le groupe pr\u00e9voit \u00e9galement d&rsquo;investir dans la production d&rsquo;huile d&rsquo;olive biologique afin d&rsquo;encourager l&rsquo;agriculture locale et de cr\u00e9er de nouveaux emplois dans les r\u00e9gions de l&rsquo;int\u00e9rieur du pays, a indiqu\u00e9 la pr\u00e9sidence du gouvernement dans un communiqu\u00e9.<\/p>\n\n\n\n<p>Quant aux activit\u00e9s d&rsquo;exploration p\u00e9troli\u00e8re, le groupe pr\u00e9voit d&rsquo;explorer avec d&rsquo;autres partenaires de nouveaux gisements p\u00e9troliers dans les golfes d&rsquo;Hammamet et de Gab\u00e8s, en plus de d\u00e9velopper de nouveaux projets dans le domaine du recyclage des d\u00e9chets plastiques.<\/p>\n\n\n\n<p>La cheffe du gouvernement a salu\u00e9 l&rsquo;intention du groupe d&rsquo;investir dans les \u00e9nergies alternatives, notant que le gouvernement tunisien soutient les investissements dans ce domaine.<\/p>\n\n\n\n<p>Perenco est un producteur ind\u00e9pendant de p\u00e9trole et de gaz fond\u00e9 en 1992. Il exploite plus de 3 000 puits pour une production brute de 450 000 barils d&rsquo;\u00e9quivalent p\u00e9trole par jour en 2020. Il fournit environ 4 000 emplois, parmi les cadres, ouvriers et techniciens. Si le groupe envisage de renforcer et de diversifier ses activit\u00e9s en Tunisie, c&rsquo;est en raison de la proximit\u00e9 g\u00e9ographique de notre pays et de la volont\u00e9 des op\u00e9rateurs du secteur \u00e9nerg\u00e9tique d&rsquo;augmenter leur production, dans le contexte de la crise \u00e9nerg\u00e9tique provoqu\u00e9e par la guerre en Ukraine, de se rapprocher de leurs sources d&rsquo;approvisionnement et de diversifier leurs activit\u00e9s, en perspectives de crises g\u00e9opolitiques majeures.<\/p>\n\n\n\n<p>La Tunisie, forte de sa proximit\u00e9 de l&rsquo;Europe, ne doit pas se contenter d&rsquo;attendre de nouveaux investissements \u00e9trangers. Elle doit aller les chercher en mettant en valeur l&rsquo;attractivit\u00e9 de son site et, surtout, se pr\u00e9parer \u00e0 les accueillir, notamment en calmant la grogne sociale et en mettant de l&rsquo;ordre dans les zones de production, l&rsquo;agitation sociale constituant un frein pour les investissements.<\/p>\n\n\n\n<p class=\"has-text-align-right\"><strong>I. B.<\/strong><\/p>\n\n\n\n<h4 class=\"wp-block-heading\"><em>Articles li\u00e9s : <\/em><\/h4>\n\n\n\n<p><blockquote class=\"wp-embedded-content\" data-secret=\"ekZC4abAqt\"><a href=\"https:\/\/kapitalis.com\/tunisie\/2018\/10\/16\/apres-avoir-chasse-petrofac-les-agents-veulent-faire-fuir-perenco\/\">Apr\u00e8s avoir chass\u00e9 Petrofac, les agents veulent faire fuir Perenco<\/a><\/blockquote><iframe loading=\"lazy\" class=\"wp-embedded-content\" sandbox=\"allow-scripts\" security=\"restricted\" style=\"position: absolute; clip: rect(1px, 1px, 1px, 1px);\" title=\"\u00ab\u00a0Apr\u00e8s avoir chass\u00e9 Petrofac, les agents veulent faire fuir Perenco\u00a0\u00bb &#8212; Kapitalis\" src=\"https:\/\/kapitalis.com\/tunisie\/2018\/10\/16\/apres-avoir-chasse-petrofac-les-agents-veulent-faire-fuir-perenco\/embed\/#?secret=5wKFICqemF#?secret=ekZC4abAqt\" data-secret=\"ekZC4abAqt\" width=\"600\" height=\"338\" frameborder=\"0\" marginwidth=\"0\" marginheight=\"0\" scrolling=\"no\"><\/iframe><\/p>\n\n\n\n<p><blockquote class=\"wp-embedded-content\" data-secret=\"ekZC4abAqt\"><a href=\"https:\/\/kapitalis.com\/tunisie\/2018\/10\/16\/apres-avoir-chasse-petrofac-les-agents-veulent-faire-fuir-perenco\/\">Apr\u00e8s avoir chass\u00e9 Petrofac, les agents veulent faire fuir Perenco<\/a><\/blockquote><iframe loading=\"lazy\" class=\"wp-embedded-content\" sandbox=\"allow-scripts\" security=\"restricted\" style=\"position: absolute; clip: rect(1px, 1px, 1px, 1px);\" title=\"\u00ab\u00a0Apr\u00e8s avoir chass\u00e9 Petrofac, les agents veulent faire fuir Perenco\u00a0\u00bb &#8212; Kapitalis\" src=\"https:\/\/kapitalis.com\/tunisie\/2018\/10\/16\/apres-avoir-chasse-petrofac-les-agents-veulent-faire-fuir-perenco\/embed\/#?secret=5wKFICqemF#?secret=ekZC4abAqt\" data-secret=\"ekZC4abAqt\" width=\"600\" height=\"338\" frameborder=\"0\" marginwidth=\"0\" marginheight=\"0\" scrolling=\"no\"><\/iframe><\/p>\n","protected":false},"excerpt":{"rendered":"<p>Malgr\u00e9 les difficult\u00e9s auxquelles elle a fait face ces derni\u00e8res ann\u00e9es en raison des mouvements sociaux ayant perturb\u00e9 le travail dans ses installations en Tunisie, la compagnie p\u00e9troli\u00e8re et gazi\u00e8re fran\u00e7aise Perenco projette de renforcer et de diversifier ses activit\u00e9s dans notre pays. Une bonne nouvelle qui met du baume au c\u0153ur dans l&rsquo;avalanche de&#8230;<\/p>\n","protected":false},"author":8,"featured_media":385517,"comment_status":"open","ping_status":"open","sticky":false,"template":"","format":"standard","meta":{"footnotes":""},"categories":[995,2433],"tags":[98452,98450,406,439,79130,93702,17815,98453,62643],"class_list":["post-385516","post","type-post","status-publish","format-standard","has-post-thumbnail","hentry","category-economie","category-tunisie","tag-exploration-petroliere","tag-francois-perrodo","tag-gabes","tag-hammamet","tag-huile-dolive-biologique","tag-najla-bouden","tag-perenco","tag-recyclage-des-dechets-plastiques","tag-tunisie"],"yoast_head":"<!-- This site is optimized with the Yoast SEO plugin v26.6 - https:\/\/yoast.com\/wordpress\/plugins\/seo\/ -->\n<title>Investissement : Perenco va renforcer ses activit\u00e9s en Tunisie - Kapitalis<\/title>\n<meta name=\"robots\" content=\"index, follow, max-snippet:-1, max-image-preview:large, max-video-preview:-1\" \/>\n<link rel=\"canonical\" href=\"https:\/\/kapitalis.com\/tunisie\/2022\/03\/27\/investissement-perenco-va-renforcer-ses-activites-en-tunisie\/\" \/>\n<meta property=\"og:locale\" content=\"fr_FR\" \/>\n<meta property=\"og:type\" content=\"article\" \/>\n<meta property=\"og:title\" content=\"Investissement : Perenco va renforcer ses activit\u00e9s en Tunisie - Kapitalis\" \/>\n<meta property=\"og:description\" content=\"Malgr\u00e9 les difficult\u00e9s auxquelles elle a fait face ces derni\u00e8res ann\u00e9es en raison des mouvements sociaux ayant perturb\u00e9 le travail dans ses installations en Tunisie, la compagnie p\u00e9troli\u00e8re et gazi\u00e8re fran\u00e7aise Perenco projette de renforcer et de diversifier ses activit\u00e9s dans notre pays. Une bonne nouvelle qui met du baume au c\u0153ur dans l&rsquo;avalanche de...\" \/>\n<meta property=\"og:url\" content=\"https:\/\/kapitalis.com\/tunisie\/2022\/03\/27\/investissement-perenco-va-renforcer-ses-activites-en-tunisie\/\" \/>\n<meta property=\"og:site_name\" content=\"Kapitalis\" \/>\n<meta property=\"article:publisher\" content=\"https:\/\/www.facebook.com\/KapitalisInfo\/\" \/>\n<meta property=\"article:published_time\" content=\"2022-03-27T09:09:53+00:00\" \/>\n<meta property=\"article:modified_time\" content=\"2022-03-27T09:12:59+00:00\" \/>\n<meta property=\"og:image\" content=\"https:\/\/kapitalis.com\/tunisie\/wp-content\/uploads\/2022\/05\/kapitalis-logo-fb.png\" \/>\n\t<meta property=\"og:image:width\" content=\"1200\" \/>\n\t<meta property=\"og:image:height\" content=\"630\" \/>\n\t<meta property=\"og:image:type\" content=\"image\/png\" \/>\n<meta name=\"author\" content=\"webmaster kapitalis\" \/>\n<meta name=\"twitter:card\" content=\"summary_large_image\" \/>\n<meta name=\"twitter:creator\" content=\"@KapitalisInfo\" \/>\n<meta name=\"twitter:site\" content=\"@KapitalisInfo\" \/>\n<meta name=\"twitter:label1\" content=\"\u00c9crit par\" \/>\n\t<meta name=\"twitter:data1\" content=\"webmaster kapitalis\" \/>\n\t<meta name=\"twitter:label2\" content=\"Dur\u00e9e de lecture estim\u00e9e\" \/>\n\t<meta name=\"twitter:data2\" content=\"2 minutes\" \/>\n<script type=\"application\/ld+json\" class=\"yoast-schema-graph\">{\"@context\":\"https:\/\/schema.org\",\"@graph\":[{\"@type\":\"Article\",\"@id\":\"https:\/\/kapitalis.com\/tunisie\/2022\/03\/27\/investissement-perenco-va-renforcer-ses-activites-en-tunisie\/#article\",\"isPartOf\":{\"@id\":\"https:\/\/kapitalis.com\/tunisie\/2022\/03\/27\/investissement-perenco-va-renforcer-ses-activites-en-tunisie\/\"},\"author\":{\"name\":\"webmaster kapitalis\",\"@id\":\"https:\/\/kapitalis.com\/tunisie\/#\/schema\/person\/d71f33a9ca44f7bad4698210b480c8e9\"},\"headline\":\"Investissement : Perenco va renforcer ses activit\u00e9s en Tunisie\",\"datePublished\":\"2022-03-27T09:09:53+00:00\",\"dateModified\":\"2022-03-27T09:12:59+00:00\",\"mainEntityOfPage\":{\"@id\":\"https:\/\/kapitalis.com\/tunisie\/2022\/03\/27\/investissement-perenco-va-renforcer-ses-activites-en-tunisie\/\"},\"wordCount\":469,\"commentCount\":3,\"publisher\":{\"@id\":\"https:\/\/kapitalis.com\/tunisie\/#organization\"},\"image\":{\"@id\":\"https:\/\/kapitalis.com\/tunisie\/2022\/03\/27\/investissement-perenco-va-renforcer-ses-activites-en-tunisie\/#primaryimage\"},\"thumbnailUrl\":\"\",\"keywords\":[\"exploration p\u00e9troli\u00e8re\",\"Fran\u00e7ois Perrodo\",\"Gab\u00e8s\",\"Hammamet\",\"huile d'olive biologique\",\"Najla Bouden\",\"Perenco\",\"recyclage des d\u00e9chets plastiques\",\"Tunisie\"],\"articleSection\":[\"ECONOMIE\",\"Tunisie\"],\"inLanguage\":\"fr-FR\",\"potentialAction\":[{\"@type\":\"CommentAction\",\"name\":\"Comment\",\"target\":[\"https:\/\/kapitalis.com\/tunisie\/2022\/03\/27\/investissement-perenco-va-renforcer-ses-activites-en-tunisie\/#respond\"]}]},{\"@type\":\"WebPage\",\"@id\":\"https:\/\/kapitalis.com\/tunisie\/2022\/03\/27\/investissement-perenco-va-renforcer-ses-activites-en-tunisie\/\",\"url\":\"https:\/\/kapitalis.com\/tunisie\/2022\/03\/27\/investissement-perenco-va-renforcer-ses-activites-en-tunisie\/\",\"name\":\"Investissement : Perenco va renforcer ses activit\u00e9s en Tunisie - Kapitalis\",\"isPartOf\":{\"@id\":\"https:\/\/kapitalis.com\/tunisie\/#website\"},\"primaryImageOfPage\":{\"@id\":\"https:\/\/kapitalis.com\/tunisie\/2022\/03\/27\/investissement-perenco-va-renforcer-ses-activites-en-tunisie\/#primaryimage\"},\"image\":{\"@id\":\"https:\/\/kapitalis.com\/tunisie\/2022\/03\/27\/investissement-perenco-va-renforcer-ses-activites-en-tunisie\/#primaryimage\"},\"thumbnailUrl\":\"\",\"datePublished\":\"2022-03-27T09:09:53+00:00\",\"dateModified\":\"2022-03-27T09:12:59+00:00\",\"breadcrumb\":{\"@id\":\"https:\/\/kapitalis.com\/tunisie\/2022\/03\/27\/investissement-perenco-va-renforcer-ses-activites-en-tunisie\/#breadcrumb\"},\"inLanguage\":\"fr-FR\",\"potentialAction\":[{\"@type\":\"ReadAction\",\"target\":[\"https:\/\/kapitalis.com\/tunisie\/2022\/03\/27\/investissement-perenco-va-renforcer-ses-activites-en-tunisie\/\"]}]},{\"@type\":\"ImageObject\",\"inLanguage\":\"fr-FR\",\"@id\":\"https:\/\/kapitalis.com\/tunisie\/2022\/03\/27\/investissement-perenco-va-renforcer-ses-activites-en-tunisie\/#primaryimage\",\"url\":\"\",\"contentUrl\":\"\"},{\"@type\":\"BreadcrumbList\",\"@id\":\"https:\/\/kapitalis.com\/tunisie\/2022\/03\/27\/investissement-perenco-va-renforcer-ses-activites-en-tunisie\/#breadcrumb\",\"itemListElement\":[{\"@type\":\"ListItem\",\"position\":1,\"name\":\"Accueil\",\"item\":\"https:\/\/kapitalis.com\/tunisie\/\"},{\"@type\":\"ListItem\",\"position\":2,\"name\":\"Investissement : Perenco va renforcer ses activit\u00e9s en Tunisie\"}]},{\"@type\":\"WebSite\",\"@id\":\"https:\/\/kapitalis.com\/tunisie\/#website\",\"url\":\"https:\/\/kapitalis.com\/tunisie\/\",\"name\":\"Kapitalis\",\"description\":\"L&#039;actualit\u00e9 en Tunisie et dans le monde\",\"publisher\":{\"@id\":\"https:\/\/kapitalis.com\/tunisie\/#organization\"},\"potentialAction\":[{\"@type\":\"SearchAction\",\"target\":{\"@type\":\"EntryPoint\",\"urlTemplate\":\"https:\/\/kapitalis.com\/tunisie\/?s={search_term_string}\"},\"query-input\":{\"@type\":\"PropertyValueSpecification\",\"valueRequired\":true,\"valueName\":\"search_term_string\"}}],\"inLanguage\":\"fr-FR\"},{\"@type\":\"Organization\",\"@id\":\"https:\/\/kapitalis.com\/tunisie\/#organization\",\"name\":\"Kapitalis\",\"url\":\"https:\/\/kapitalis.com\/tunisie\/\",\"logo\":{\"@type\":\"ImageObject\",\"inLanguage\":\"fr-FR\",\"@id\":\"https:\/\/kapitalis.com\/tunisie\/#\/schema\/logo\/image\/\",\"url\":\"https:\/\/kapitalis.com\/tunisie\/wp-content\/uploads\/2022\/05\/Kapitalis-big-size.png\",\"contentUrl\":\"https:\/\/kapitalis.com\/tunisie\/wp-content\/uploads\/2022\/05\/Kapitalis-big-size.png\",\"width\":5000,\"height\":1500,\"caption\":\"Kapitalis\"},\"image\":{\"@id\":\"https:\/\/kapitalis.com\/tunisie\/#\/schema\/logo\/image\/\"},\"sameAs\":[\"https:\/\/www.facebook.com\/KapitalisInfo\/\",\"https:\/\/x.com\/KapitalisInfo\",\"https:\/\/www.youtube.com\/channel\/UC-yDYrHyfFBWWZaOw3FPg9Q\"]},{\"@type\":\"Person\",\"@id\":\"https:\/\/kapitalis.com\/tunisie\/#\/schema\/person\/d71f33a9ca44f7bad4698210b480c8e9\",\"name\":\"webmaster kapitalis\",\"url\":\"https:\/\/kapitalis.com\/tunisie\/author\/webmaster-kapitalis\/\"}]}<\/script>\n<!-- \/ Yoast SEO plugin. -->","yoast_head_json":{"title":"Investissement : Perenco va renforcer ses activit\u00e9s en Tunisie - Kapitalis","robots":{"index":"index","follow":"follow","max-snippet":"max-snippet:-1","max-image-preview":"max-image-preview:large","max-video-preview":"max-video-preview:-1"},"canonical":"https:\/\/kapitalis.com\/tunisie\/2022\/03\/27\/investissement-perenco-va-renforcer-ses-activites-en-tunisie\/","og_locale":"fr_FR","og_type":"article","og_title":"Investissement : Perenco va renforcer ses activit\u00e9s en Tunisie - Kapitalis","og_description":"Malgr\u00e9 les difficult\u00e9s auxquelles elle a fait face ces derni\u00e8res ann\u00e9es en raison des mouvements sociaux ayant perturb\u00e9 le travail dans ses installations en Tunisie, la compagnie p\u00e9troli\u00e8re et gazi\u00e8re fran\u00e7aise Perenco projette de renforcer et de diversifier ses activit\u00e9s dans notre pays. Une bonne nouvelle qui met du baume au c\u0153ur dans l&rsquo;avalanche de...","og_url":"https:\/\/kapitalis.com\/tunisie\/2022\/03\/27\/investissement-perenco-va-renforcer-ses-activites-en-tunisie\/","og_site_name":"Kapitalis","article_publisher":"https:\/\/www.facebook.com\/KapitalisInfo\/","article_published_time":"2022-03-27T09:09:53+00:00","article_modified_time":"2022-03-27T09:12:59+00:00","og_image":[{"width":1200,"height":630,"url":"https:\/\/kapitalis.com\/tunisie\/wp-content\/uploads\/2022\/05\/kapitalis-logo-fb.png","type":"image\/png"}],"author":"webmaster kapitalis","twitter_card":"summary_large_image","twitter_creator":"@KapitalisInfo","twitter_site":"@KapitalisInfo","twitter_misc":{"\u00c9crit par":"webmaster kapitalis","Dur\u00e9e de lecture estim\u00e9e":"2 minutes"},"schema":{"@context":"https:\/\/schema.org","@graph":[{"@type":"Article","@id":"https:\/\/kapitalis.com\/tunisie\/2022\/03\/27\/investissement-perenco-va-renforcer-ses-activites-en-tunisie\/#article","isPartOf":{"@id":"https:\/\/kapitalis.com\/tunisie\/2022\/03\/27\/investissement-perenco-va-renforcer-ses-activites-en-tunisie\/"},"author":{"name":"webmaster kapitalis","@id":"https:\/\/kapitalis.com\/tunisie\/#\/schema\/person\/d71f33a9ca44f7bad4698210b480c8e9"},"headline":"Investissement : Perenco va renforcer ses activit\u00e9s en Tunisie","datePublished":"2022-03-27T09:09:53+00:00","dateModified":"2022-03-27T09:12:59+00:00","mainEntityOfPage":{"@id":"https:\/\/kapitalis.com\/tunisie\/2022\/03\/27\/investissement-perenco-va-renforcer-ses-activites-en-tunisie\/"},"wordCount":469,"commentCount":3,"publisher":{"@id":"https:\/\/kapitalis.com\/tunisie\/#organization"},"image":{"@id":"https:\/\/kapitalis.com\/tunisie\/2022\/03\/27\/investissement-perenco-va-renforcer-ses-activites-en-tunisie\/#primaryimage"},"thumbnailUrl":"","keywords":["exploration p\u00e9troli\u00e8re","Fran\u00e7ois Perrodo","Gab\u00e8s","Hammamet","huile d'olive biologique","Najla Bouden","Perenco","recyclage des d\u00e9chets plastiques","Tunisie"],"articleSection":["ECONOMIE","Tunisie"],"inLanguage":"fr-FR","potentialAction":[{"@type":"CommentAction","name":"Comment","target":["https:\/\/kapitalis.com\/tunisie\/2022\/03\/27\/investissement-perenco-va-renforcer-ses-activites-en-tunisie\/#respond"]}]},{"@type":"WebPage","@id":"https:\/\/kapitalis.com\/tunisie\/2022\/03\/27\/investissement-perenco-va-renforcer-ses-activites-en-tunisie\/","url":"https:\/\/kapitalis.com\/tunisie\/2022\/03\/27\/investissement-perenco-va-renforcer-ses-activites-en-tunisie\/","name":"Investissement : Perenco va renforcer ses activit\u00e9s en Tunisie - Kapitalis","isPartOf":{"@id":"https:\/\/kapitalis.com\/tunisie\/#website"},"primaryImageOfPage":{"@id":"https:\/\/kapitalis.com\/tunisie\/2022\/03\/27\/investissement-perenco-va-renforcer-ses-activites-en-tunisie\/#primaryimage"},"image":{"@id":"https:\/\/kapitalis.com\/tunisie\/2022\/03\/27\/investissement-perenco-va-renforcer-ses-activites-en-tunisie\/#primaryimage"},"thumbnailUrl":"","datePublished":"2022-03-27T09:09:53+00:00","dateModified":"2022-03-27T09:12:59+00:00","breadcrumb":{"@id":"https:\/\/kapitalis.com\/tunisie\/2022\/03\/27\/investissement-perenco-va-renforcer-ses-activites-en-tunisie\/#breadcrumb"},"inLanguage":"fr-FR","potentialAction":[{"@type":"ReadAction","target":["https:\/\/kapitalis.com\/tunisie\/2022\/03\/27\/investissement-perenco-va-renforcer-ses-activites-en-tunisie\/"]}]},{"@type":"ImageObject","inLanguage":"fr-FR","@id":"https:\/\/kapitalis.com\/tunisie\/2022\/03\/27\/investissement-perenco-va-renforcer-ses-activites-en-tunisie\/#primaryimage","url":"","contentUrl":""},{"@type":"BreadcrumbList","@id":"https:\/\/kapitalis.com\/tunisie\/2022\/03\/27\/investissement-perenco-va-renforcer-ses-activites-en-tunisie\/#breadcrumb","itemListElement":[{"@type":"ListItem","position":1,"name":"Accueil","item":"https:\/\/kapitalis.com\/tunisie\/"},{"@type":"ListItem","position":2,"name":"Investissement : Perenco va renforcer ses activit\u00e9s en Tunisie"}]},{"@type":"WebSite","@id":"https:\/\/kapitalis.com\/tunisie\/#website","url":"https:\/\/kapitalis.com\/tunisie\/","name":"Kapitalis","description":"L&#039;actualit\u00e9 en Tunisie et dans le monde","publisher":{"@id":"https:\/\/kapitalis.com\/tunisie\/#organization"},"potentialAction":[{"@type":"SearchAction","target":{"@type":"EntryPoint","urlTemplate":"https:\/\/kapitalis.com\/tunisie\/?s={search_term_string}"},"query-input":{"@type":"PropertyValueSpecification","valueRequired":true,"valueName":"search_term_string"}}],"inLanguage":"fr-FR"},{"@type":"Organization","@id":"https:\/\/kapitalis.com\/tunisie\/#organization","name":"Kapitalis","url":"https:\/\/kapitalis.com\/tunisie\/","logo":{"@type":"ImageObject","inLanguage":"fr-FR","@id":"https:\/\/kapitalis.com\/tunisie\/#\/schema\/logo\/image\/","url":"https:\/\/kapitalis.com\/tunisie\/wp-content\/uploads\/2022\/05\/Kapitalis-big-size.png","contentUrl":"https:\/\/kapitalis.com\/tunisie\/wp-content\/uploads\/2022\/05\/Kapitalis-big-size.png","width":5000,"height":1500,"caption":"Kapitalis"},"image":{"@id":"https:\/\/kapitalis.com\/tunisie\/#\/schema\/logo\/image\/"},"sameAs":["https:\/\/www.facebook.com\/KapitalisInfo\/","https:\/\/x.com\/KapitalisInfo","https:\/\/www.youtube.com\/channel\/UC-yDYrHyfFBWWZaOw3FPg9Q"]},{"@type":"Person","@id":"https:\/\/kapitalis.com\/tunisie\/#\/schema\/person\/d71f33a9ca44f7bad4698210b480c8e9","name":"webmaster kapitalis","url":"https:\/\/kapitalis.com\/tunisie\/author\/webmaster-kapitalis\/"}]}},"_links":{"self":[{"href":"https:\/\/kapitalis.com\/tunisie\/wp-json\/wp\/v2\/posts\/385516","targetHints":{"allow":["GET"]}}],"collection":[{"href":"https:\/\/kapitalis.com\/tunisie\/wp-json\/wp\/v2\/posts"}],"about":[{"href":"https:\/\/kapitalis.com\/tunisie\/wp-json\/wp\/v2\/types\/post"}],"author":[{"embeddable":true,"href":"https:\/\/kapitalis.com\/tunisie\/wp-json\/wp\/v2\/users\/8"}],"replies":[{"embeddable":true,"href":"https:\/\/kapitalis.com\/tunisie\/wp-json\/wp\/v2\/comments?post=385516"}],"version-history":[{"count":0,"href":"https:\/\/kapitalis.com\/tunisie\/wp-json\/wp\/v2\/posts\/385516\/revisions"}],"wp:featuredmedia":[{"embeddable":true,"href":"https:\/\/kapitalis.com\/tunisie\/wp-json\/wp\/v2\/media\/385517"}],"wp:attachment":[{"href":"https:\/\/kapitalis.com\/tunisie\/wp-json\/wp\/v2\/media?parent=385516"}],"wp:term":[{"taxonomy":"category","embeddable":true,"href":"https:\/\/kapitalis.com\/tunisie\/wp-json\/wp\/v2\/categories?post=385516"},{"taxonomy":"post_tag","embeddable":true,"href":"https:\/\/kapitalis.com\/tunisie\/wp-json\/wp\/v2\/tags?post=385516"}],"curies":[{"name":"wp","href":"https:\/\/api.w.org\/{rel}","templated":true}]}}