{"id":385533,"date":"2022-03-28T06:40:57","date_gmt":"2022-03-28T05:40:57","guid":{"rendered":"http:\/\/kapitalis.com\/tunisie\/?p=385533"},"modified":"2022-03-28T06:51:37","modified_gmt":"2022-03-28T05:51:37","slug":"tunisie-nouvelle-hausse-des-prix-du-tabac","status":"publish","type":"post","link":"https:\/\/kapitalis.com\/tunisie\/2022\/03\/28\/tunisie-nouvelle-hausse-des-prix-du-tabac\/","title":{"rendered":"Tunisie : nouvelle hausse des prix du tabac"},"content":{"rendered":"\n<div class=\"wp-block-image\"><figure class=\"aligncenter size-full\"><img decoding=\"async\" src=\"http:\/\/kapitalis.com\/tunisie\/wp-content\/uploads\/2015\/11\/cigarette.jpg\" alt=\"\" class=\"wp-image-23732\"\/><\/figure><\/div>\n\n\n\n<p><strong><em>La R\u00e9gie nationale du tabac et des allumettes (RNTA) et la Manufacture des Tabacs de Kairouan (MTK) ont annonc\u00e9 hier soir, dimanche 27 mars 2022, la hausse des prix de vente au public du tabac et autres produits li\u00e9s monopolis\u00e9s par l&rsquo;Etat, et ce \u00e0 partir d&rsquo;aujourd&rsquo;hui, lundi 28 mars, selon les tableaux ci-dessous.<\/em><\/strong><\/p>\n\n\n\n<!--more-->\n\n\n\n<p>Tous les vendeurs qui poss\u00e8dent des quantit\u00e9s de ces marchandises qu&rsquo;ils ont acquises aux anciens prix doivent soumettre aux services concern\u00e9s du minist\u00e8re des Finances ou aux centres de distribution o\u00f9 ils s&rsquo;approvisionnent, au plus tard le 31 mars, une d\u00e9claration \u00e9crite relative aux marchandises en leur possession suite \u00e0 la fermeture de leurs magasins le 27 mars.<\/p>\n\n\n\n<p>Les quantit\u00e9s d\u00e9clar\u00e9es n\u00e9cessitent le paiement de la diff\u00e9rence entre les nouveaux et les anciens prix, pr\u00e9cise le communiqu\u00e9 de la RNTA.<\/p>\n\n\n\n<div class=\"wp-block-image\"><figure class=\"aligncenter size-full is-resized\"><img decoding=\"async\" src=\"http:\/\/kapitalis.com\/tunisie\/wp-content\/uploads\/2022\/03\/Nouveaux-prix-tabac.jpg\" alt=\"\" class=\"wp-image-385538\" width=\"500\"\/><\/figure><\/div>\n\n\n\n<div class=\"wp-block-image\"><figure class=\"aligncenter size-full is-resized\"><img decoding=\"async\" src=\"http:\/\/kapitalis.com\/tunisie\/wp-content\/uploads\/2022\/03\/Nouveaux-prix-tabac-2.jpg\" alt=\"\" class=\"wp-image-385540\" width=\"500\"\/><\/figure><\/div>\n\n\n\n<div class=\"wp-block-image\"><figure class=\"aligncenter size-full is-resized\"><img decoding=\"async\" src=\"http:\/\/kapitalis.com\/tunisie\/wp-content\/uploads\/2022\/03\/Nouveaux-prix-tabac-3.jpg\" alt=\"\" class=\"wp-image-385541\" width=\"500\"\/><\/figure><\/div>\n","protected":false},"excerpt":{"rendered":"<p>La R\u00e9gie nationale du tabac et des allumettes (RNTA) et la Manufacture des Tabacs de Kairouan (MTK) ont annonc\u00e9 hier soir, dimanche 27 mars 2022, la hausse des prix de vente au public du tabac et autres produits li\u00e9s monopolis\u00e9s par l&rsquo;Etat, et ce \u00e0 partir d&rsquo;aujourd&rsquo;hui, lundi 28 mars, selon les tableaux ci-dessous.<\/p>\n","protected":false},"author":8,"featured_media":385538,"comment_status":"open","ping_status":"open","sticky":false,"template":"","format":"standard","meta":{"footnotes":""},"categories":[993,995,2433],"tags":[94946,76410,62643],"class_list":["post-385533","post","type-post","status-publish","format-standard","has-post-thumbnail","hentry","category-conso","category-economie","category-tunisie","tag-prix-du-tabac","tag-rnta","tag-tunisie"],"yoast_head":"<!-- This site is optimized with the Yoast SEO plugin v26.6 - https:\/\/yoast.com\/wordpress\/plugins\/seo\/ -->\n<title>Tunisie : nouvelle hausse des prix du tabac - Kapitalis<\/title>\n<meta name=\"robots\" content=\"index, follow, max-snippet:-1, max-image-preview:large, max-video-preview:-1\" \/>\n<link rel=\"canonical\" href=\"https:\/\/kapitalis.com\/tunisie\/2022\/03\/28\/tunisie-nouvelle-hausse-des-prix-du-tabac\/\" \/>\n<meta property=\"og:locale\" content=\"fr_FR\" \/>\n<meta property=\"og:type\" content=\"article\" \/>\n<meta property=\"og:title\" content=\"Tunisie : nouvelle hausse des prix du tabac - Kapitalis\" \/>\n<meta property=\"og:description\" content=\"La R\u00e9gie nationale du tabac et des allumettes (RNTA) et la Manufacture des Tabacs de Kairouan (MTK) ont annonc\u00e9 hier soir, dimanche 27 mars 2022, la hausse des prix de vente au public du tabac et autres produits li\u00e9s monopolis\u00e9s par l&rsquo;Etat, et ce \u00e0 partir d&rsquo;aujourd&rsquo;hui, lundi 28 mars, selon les tableaux ci-dessous.\" \/>\n<meta property=\"og:url\" content=\"https:\/\/kapitalis.com\/tunisie\/2022\/03\/28\/tunisie-nouvelle-hausse-des-prix-du-tabac\/\" \/>\n<meta property=\"og:site_name\" content=\"Kapitalis\" \/>\n<meta property=\"article:publisher\" content=\"https:\/\/www.facebook.com\/KapitalisInfo\/\" \/>\n<meta property=\"article:published_time\" content=\"2022-03-28T05:40:57+00:00\" \/>\n<meta property=\"article:modified_time\" content=\"2022-03-28T05:51:37+00:00\" \/>\n<meta property=\"og:image\" content=\"https:\/\/kapitalis.com\/tunisie\/wp-content\/uploads\/2022\/05\/kapitalis-logo-fb.png\" \/>\n\t<meta property=\"og:image:width\" content=\"1200\" \/>\n\t<meta property=\"og:image:height\" content=\"630\" \/>\n\t<meta property=\"og:image:type\" content=\"image\/png\" \/>\n<meta name=\"author\" content=\"webmaster kapitalis\" \/>\n<meta name=\"twitter:card\" content=\"summary_large_image\" \/>\n<meta name=\"twitter:creator\" content=\"@KapitalisInfo\" \/>\n<meta name=\"twitter:site\" content=\"@KapitalisInfo\" \/>\n<meta name=\"twitter:label1\" content=\"\u00c9crit par\" \/>\n\t<meta name=\"twitter:data1\" content=\"webmaster kapitalis\" \/>\n\t<meta name=\"twitter:label2\" content=\"Dur\u00e9e de lecture estim\u00e9e\" \/>\n\t<meta name=\"twitter:data2\" content=\"1 minute\" \/>\n<script type=\"application\/ld+json\" class=\"yoast-schema-graph\">{\"@context\":\"https:\/\/schema.org\",\"@graph\":[{\"@type\":\"Article\",\"@id\":\"https:\/\/kapitalis.com\/tunisie\/2022\/03\/28\/tunisie-nouvelle-hausse-des-prix-du-tabac\/#article\",\"isPartOf\":{\"@id\":\"https:\/\/kapitalis.com\/tunisie\/2022\/03\/28\/tunisie-nouvelle-hausse-des-prix-du-tabac\/\"},\"author\":{\"name\":\"webmaster kapitalis\",\"@id\":\"https:\/\/kapitalis.com\/tunisie\/#\/schema\/person\/d71f33a9ca44f7bad4698210b480c8e9\"},\"headline\":\"Tunisie : nouvelle hausse des prix du tabac\",\"datePublished\":\"2022-03-28T05:40:57+00:00\",\"dateModified\":\"2022-03-28T05:51:37+00:00\",\"mainEntityOfPage\":{\"@id\":\"https:\/\/kapitalis.com\/tunisie\/2022\/03\/28\/tunisie-nouvelle-hausse-des-prix-du-tabac\/\"},\"wordCount\":148,\"commentCount\":4,\"publisher\":{\"@id\":\"https:\/\/kapitalis.com\/tunisie\/#organization\"},\"image\":{\"@id\":\"https:\/\/kapitalis.com\/tunisie\/2022\/03\/28\/tunisie-nouvelle-hausse-des-prix-du-tabac\/#primaryimage\"},\"thumbnailUrl\":\"\",\"keywords\":[\"prix du tabac\",\"RNTA\",\"Tunisie\"],\"articleSection\":[\"CONSO\",\"ECONOMIE\",\"Tunisie\"],\"inLanguage\":\"fr-FR\",\"potentialAction\":[{\"@type\":\"CommentAction\",\"name\":\"Comment\",\"target\":[\"https:\/\/kapitalis.com\/tunisie\/2022\/03\/28\/tunisie-nouvelle-hausse-des-prix-du-tabac\/#respond\"]}]},{\"@type\":\"WebPage\",\"@id\":\"https:\/\/kapitalis.com\/tunisie\/2022\/03\/28\/tunisie-nouvelle-hausse-des-prix-du-tabac\/\",\"url\":\"https:\/\/kapitalis.com\/tunisie\/2022\/03\/28\/tunisie-nouvelle-hausse-des-prix-du-tabac\/\",\"name\":\"Tunisie : nouvelle hausse des prix du tabac - Kapitalis\",\"isPartOf\":{\"@id\":\"https:\/\/kapitalis.com\/tunisie\/#website\"},\"primaryImageOfPage\":{\"@id\":\"https:\/\/kapitalis.com\/tunisie\/2022\/03\/28\/tunisie-nouvelle-hausse-des-prix-du-tabac\/#primaryimage\"},\"image\":{\"@id\":\"https:\/\/kapitalis.com\/tunisie\/2022\/03\/28\/tunisie-nouvelle-hausse-des-prix-du-tabac\/#primaryimage\"},\"thumbnailUrl\":\"\",\"datePublished\":\"2022-03-28T05:40:57+00:00\",\"dateModified\":\"2022-03-28T05:51:37+00:00\",\"breadcrumb\":{\"@id\":\"https:\/\/kapitalis.com\/tunisie\/2022\/03\/28\/tunisie-nouvelle-hausse-des-prix-du-tabac\/#breadcrumb\"},\"inLanguage\":\"fr-FR\",\"potentialAction\":[{\"@type\":\"ReadAction\",\"target\":[\"https:\/\/kapitalis.com\/tunisie\/2022\/03\/28\/tunisie-nouvelle-hausse-des-prix-du-tabac\/\"]}]},{\"@type\":\"ImageObject\",\"inLanguage\":\"fr-FR\",\"@id\":\"https:\/\/kapitalis.com\/tunisie\/2022\/03\/28\/tunisie-nouvelle-hausse-des-prix-du-tabac\/#primaryimage\",\"url\":\"\",\"contentUrl\":\"\"},{\"@type\":\"BreadcrumbList\",\"@id\":\"https:\/\/kapitalis.com\/tunisie\/2022\/03\/28\/tunisie-nouvelle-hausse-des-prix-du-tabac\/#breadcrumb\",\"itemListElement\":[{\"@type\":\"ListItem\",\"position\":1,\"name\":\"Accueil\",\"item\":\"https:\/\/kapitalis.com\/tunisie\/\"},{\"@type\":\"ListItem\",\"position\":2,\"name\":\"Tunisie : nouvelle hausse des prix du tabac\"}]},{\"@type\":\"WebSite\",\"@id\":\"https:\/\/kapitalis.com\/tunisie\/#website\",\"url\":\"https:\/\/kapitalis.com\/tunisie\/\",\"name\":\"Kapitalis\",\"description\":\"L&#039;actualit\u00e9 en Tunisie et dans le monde\",\"publisher\":{\"@id\":\"https:\/\/kapitalis.com\/tunisie\/#organization\"},\"potentialAction\":[{\"@type\":\"SearchAction\",\"target\":{\"@type\":\"EntryPoint\",\"urlTemplate\":\"https:\/\/kapitalis.com\/tunisie\/?s={search_term_string}\"},\"query-input\":{\"@type\":\"PropertyValueSpecification\",\"valueRequired\":true,\"valueName\":\"search_term_string\"}}],\"inLanguage\":\"fr-FR\"},{\"@type\":\"Organization\",\"@id\":\"https:\/\/kapitalis.com\/tunisie\/#organization\",\"name\":\"Kapitalis\",\"url\":\"https:\/\/kapitalis.com\/tunisie\/\",\"logo\":{\"@type\":\"ImageObject\",\"inLanguage\":\"fr-FR\",\"@id\":\"https:\/\/kapitalis.com\/tunisie\/#\/schema\/logo\/image\/\",\"url\":\"https:\/\/kapitalis.com\/tunisie\/wp-content\/uploads\/2022\/05\/Kapitalis-big-size.png\",\"contentUrl\":\"https:\/\/kapitalis.com\/tunisie\/wp-content\/uploads\/2022\/05\/Kapitalis-big-size.png\",\"width\":5000,\"height\":1500,\"caption\":\"Kapitalis\"},\"image\":{\"@id\":\"https:\/\/kapitalis.com\/tunisie\/#\/schema\/logo\/image\/\"},\"sameAs\":[\"https:\/\/www.facebook.com\/KapitalisInfo\/\",\"https:\/\/x.com\/KapitalisInfo\",\"https:\/\/www.youtube.com\/channel\/UC-yDYrHyfFBWWZaOw3FPg9Q\"]},{\"@type\":\"Person\",\"@id\":\"https:\/\/kapitalis.com\/tunisie\/#\/schema\/person\/d71f33a9ca44f7bad4698210b480c8e9\",\"name\":\"webmaster kapitalis\",\"url\":\"https:\/\/kapitalis.com\/tunisie\/author\/webmaster-kapitalis\/\"}]}<\/script>\n<!-- \/ Yoast SEO plugin. -->","yoast_head_json":{"title":"Tunisie : nouvelle hausse des prix du tabac - Kapitalis","robots":{"index":"index","follow":"follow","max-snippet":"max-snippet:-1","max-image-preview":"max-image-preview:large","max-video-preview":"max-video-preview:-1"},"canonical":"https:\/\/kapitalis.com\/tunisie\/2022\/03\/28\/tunisie-nouvelle-hausse-des-prix-du-tabac\/","og_locale":"fr_FR","og_type":"article","og_title":"Tunisie : nouvelle hausse des prix du tabac - Kapitalis","og_description":"La R\u00e9gie nationale du tabac et des allumettes (RNTA) et la Manufacture des Tabacs de Kairouan (MTK) ont annonc\u00e9 hier soir, dimanche 27 mars 2022, la hausse des prix de vente au public du tabac et autres produits li\u00e9s monopolis\u00e9s par l&rsquo;Etat, et ce \u00e0 partir d&rsquo;aujourd&rsquo;hui, lundi 28 mars, selon les tableaux ci-dessous.","og_url":"https:\/\/kapitalis.com\/tunisie\/2022\/03\/28\/tunisie-nouvelle-hausse-des-prix-du-tabac\/","og_site_name":"Kapitalis","article_publisher":"https:\/\/www.facebook.com\/KapitalisInfo\/","article_published_time":"2022-03-28T05:40:57+00:00","article_modified_time":"2022-03-28T05:51:37+00:00","og_image":[{"width":1200,"height":630,"url":"https:\/\/kapitalis.com\/tunisie\/wp-content\/uploads\/2022\/05\/kapitalis-logo-fb.png","type":"image\/png"}],"author":"webmaster kapitalis","twitter_card":"summary_large_image","twitter_creator":"@KapitalisInfo","twitter_site":"@KapitalisInfo","twitter_misc":{"\u00c9crit par":"webmaster kapitalis","Dur\u00e9e de lecture estim\u00e9e":"1 minute"},"schema":{"@context":"https:\/\/schema.org","@graph":[{"@type":"Article","@id":"https:\/\/kapitalis.com\/tunisie\/2022\/03\/28\/tunisie-nouvelle-hausse-des-prix-du-tabac\/#article","isPartOf":{"@id":"https:\/\/kapitalis.com\/tunisie\/2022\/03\/28\/tunisie-nouvelle-hausse-des-prix-du-tabac\/"},"author":{"name":"webmaster kapitalis","@id":"https:\/\/kapitalis.com\/tunisie\/#\/schema\/person\/d71f33a9ca44f7bad4698210b480c8e9"},"headline":"Tunisie : nouvelle hausse des prix du tabac","datePublished":"2022-03-28T05:40:57+00:00","dateModified":"2022-03-28T05:51:37+00:00","mainEntityOfPage":{"@id":"https:\/\/kapitalis.com\/tunisie\/2022\/03\/28\/tunisie-nouvelle-hausse-des-prix-du-tabac\/"},"wordCount":148,"commentCount":4,"publisher":{"@id":"https:\/\/kapitalis.com\/tunisie\/#organization"},"image":{"@id":"https:\/\/kapitalis.com\/tunisie\/2022\/03\/28\/tunisie-nouvelle-hausse-des-prix-du-tabac\/#primaryimage"},"thumbnailUrl":"","keywords":["prix du tabac","RNTA","Tunisie"],"articleSection":["CONSO","ECONOMIE","Tunisie"],"inLanguage":"fr-FR","potentialAction":[{"@type":"CommentAction","name":"Comment","target":["https:\/\/kapitalis.com\/tunisie\/2022\/03\/28\/tunisie-nouvelle-hausse-des-prix-du-tabac\/#respond"]}]},{"@type":"WebPage","@id":"https:\/\/kapitalis.com\/tunisie\/2022\/03\/28\/tunisie-nouvelle-hausse-des-prix-du-tabac\/","url":"https:\/\/kapitalis.com\/tunisie\/2022\/03\/28\/tunisie-nouvelle-hausse-des-prix-du-tabac\/","name":"Tunisie : nouvelle hausse des prix du tabac - Kapitalis","isPartOf":{"@id":"https:\/\/kapitalis.com\/tunisie\/#website"},"primaryImageOfPage":{"@id":"https:\/\/kapitalis.com\/tunisie\/2022\/03\/28\/tunisie-nouvelle-hausse-des-prix-du-tabac\/#primaryimage"},"image":{"@id":"https:\/\/kapitalis.com\/tunisie\/2022\/03\/28\/tunisie-nouvelle-hausse-des-prix-du-tabac\/#primaryimage"},"thumbnailUrl":"","datePublished":"2022-03-28T05:40:57+00:00","dateModified":"2022-03-28T05:51:37+00:00","breadcrumb":{"@id":"https:\/\/kapitalis.com\/tunisie\/2022\/03\/28\/tunisie-nouvelle-hausse-des-prix-du-tabac\/#breadcrumb"},"inLanguage":"fr-FR","potentialAction":[{"@type":"ReadAction","target":["https:\/\/kapitalis.com\/tunisie\/2022\/03\/28\/tunisie-nouvelle-hausse-des-prix-du-tabac\/"]}]},{"@type":"ImageObject","inLanguage":"fr-FR","@id":"https:\/\/kapitalis.com\/tunisie\/2022\/03\/28\/tunisie-nouvelle-hausse-des-prix-du-tabac\/#primaryimage","url":"","contentUrl":""},{"@type":"BreadcrumbList","@id":"https:\/\/kapitalis.com\/tunisie\/2022\/03\/28\/tunisie-nouvelle-hausse-des-prix-du-tabac\/#breadcrumb","itemListElement":[{"@type":"ListItem","position":1,"name":"Accueil","item":"https:\/\/kapitalis.com\/tunisie\/"},{"@type":"ListItem","position":2,"name":"Tunisie : nouvelle hausse des prix du tabac"}]},{"@type":"WebSite","@id":"https:\/\/kapitalis.com\/tunisie\/#website","url":"https:\/\/kapitalis.com\/tunisie\/","name":"Kapitalis","description":"L&#039;actualit\u00e9 en Tunisie et dans le monde","publisher":{"@id":"https:\/\/kapitalis.com\/tunisie\/#organization"},"potentialAction":[{"@type":"SearchAction","target":{"@type":"EntryPoint","urlTemplate":"https:\/\/kapitalis.com\/tunisie\/?s={search_term_string}"},"query-input":{"@type":"PropertyValueSpecification","valueRequired":true,"valueName":"search_term_string"}}],"inLanguage":"fr-FR"},{"@type":"Organization","@id":"https:\/\/kapitalis.com\/tunisie\/#organization","name":"Kapitalis","url":"https:\/\/kapitalis.com\/tunisie\/","logo":{"@type":"ImageObject","inLanguage":"fr-FR","@id":"https:\/\/kapitalis.com\/tunisie\/#\/schema\/logo\/image\/","url":"https:\/\/kapitalis.com\/tunisie\/wp-content\/uploads\/2022\/05\/Kapitalis-big-size.png","contentUrl":"https:\/\/kapitalis.com\/tunisie\/wp-content\/uploads\/2022\/05\/Kapitalis-big-size.png","width":5000,"height":1500,"caption":"Kapitalis"},"image":{"@id":"https:\/\/kapitalis.com\/tunisie\/#\/schema\/logo\/image\/"},"sameAs":["https:\/\/www.facebook.com\/KapitalisInfo\/","https:\/\/x.com\/KapitalisInfo","https:\/\/www.youtube.com\/channel\/UC-yDYrHyfFBWWZaOw3FPg9Q"]},{"@type":"Person","@id":"https:\/\/kapitalis.com\/tunisie\/#\/schema\/person\/d71f33a9ca44f7bad4698210b480c8e9","name":"webmaster kapitalis","url":"https:\/\/kapitalis.com\/tunisie\/author\/webmaster-kapitalis\/"}]}},"_links":{"self":[{"href":"https:\/\/kapitalis.com\/tunisie\/wp-json\/wp\/v2\/posts\/385533","targetHints":{"allow":["GET"]}}],"collection":[{"href":"https:\/\/kapitalis.com\/tunisie\/wp-json\/wp\/v2\/posts"}],"about":[{"href":"https:\/\/kapitalis.com\/tunisie\/wp-json\/wp\/v2\/types\/post"}],"author":[{"embeddable":true,"href":"https:\/\/kapitalis.com\/tunisie\/wp-json\/wp\/v2\/users\/8"}],"replies":[{"embeddable":true,"href":"https:\/\/kapitalis.com\/tunisie\/wp-json\/wp\/v2\/comments?post=385533"}],"version-history":[{"count":0,"href":"https:\/\/kapitalis.com\/tunisie\/wp-json\/wp\/v2\/posts\/385533\/revisions"}],"wp:featuredmedia":[{"embeddable":true,"href":"https:\/\/kapitalis.com\/tunisie\/wp-json\/wp\/v2\/media\/385538"}],"wp:attachment":[{"href":"https:\/\/kapitalis.com\/tunisie\/wp-json\/wp\/v2\/media?parent=385533"}],"wp:term":[{"taxonomy":"category","embeddable":true,"href":"https:\/\/kapitalis.com\/tunisie\/wp-json\/wp\/v2\/categories?post=385533"},{"taxonomy":"post_tag","embeddable":true,"href":"https:\/\/kapitalis.com\/tunisie\/wp-json\/wp\/v2\/tags?post=385533"}],"curies":[{"name":"wp","href":"https:\/\/api.w.org\/{rel}","templated":true}]}}