{"id":385735,"date":"2022-03-30T08:09:36","date_gmt":"2022-03-30T07:09:36","guid":{"rendered":"http:\/\/kapitalis.com\/tunisie\/?p=385735"},"modified":"2022-03-30T08:12:43","modified_gmt":"2022-03-30T07:12:43","slug":"covid-19-les-tunisiens-appeles-a-ne-pas-baisser-la-garde","status":"publish","type":"post","link":"https:\/\/kapitalis.com\/tunisie\/2022\/03\/30\/covid-19-les-tunisiens-appeles-a-ne-pas-baisser-la-garde\/","title":{"rendered":"Covid-19 : les Tunisiens appel\u00e9s \u00e0 ne pas baisser la garde"},"content":{"rendered":"\n<div class=\"wp-block-image\"><figure class=\"aligncenter size-full\"><img decoding=\"async\" src=\"http:\/\/kapitalis.com\/tunisie\/wp-content\/uploads\/2020\/03\/Coronavirus-femme-masque.jpg\" alt=\"\" class=\"wp-image-286773\"\/><figcaption> <em>Les protocoles de protection sont encore de mise.<\/em><\/figcaption><\/figure><\/div>\n\n\n\n<p><strong><em>Le ministre de la Sant\u00e9 Ali Mrabet invite les Tunisiens \u00e0 ne pas baisser la garde. Entre toutes ses mutations, le jeu de cache-cache qu&rsquo;elle nous impose, les effets de surprise et ses capacit\u00e9s \u00e0 se faire oublier pour repartir \u00e0 la hausse, la maudite pand\u00e9mie du Covid-19 ne semble plus vouloir nous quitter&#8230;<\/em><\/strong><\/p>\n\n\n\n<!--more-->\n\n\n\n<p>Hier, mardi 29 mars 2022, au micro de Mosa\u00efque FM, Dr Mrabet a appel\u00e9 les Tunisiens \u00e0 la prudence, leur conseillant vivement de ne pas tomber facilement dans le pi\u00e8ge de \u00ab<em>la page tourn\u00e9e<\/em>\u00bb de la pand\u00e9mie du Covid-19. Certes, les r\u00e9sultats de la lutte contre le monstre viral donnent ample satisfaction, mais il reste encore \u00e0 faire.<\/p>\n\n\n\n<p>Les protocoles \u00e9l\u00e9mentaires de la pr\u00e9vention et de la protection ne devront pas \u00eatre abandonn\u00e9s ou pris \u00e0 la l\u00e9g\u00e8re: le port du masque, la distanciation physique et le gel hydroalcoolique sont encore de mise&#8230;<\/p>\n\n\n\n<p>Ces mesures de pr\u00e9caution seront d&rsquo;une absolue n\u00e9cessit\u00e9 dans les prochains jours, avec l&rsquo;arriv\u00e9e du Ramadan. C&rsquo;est l\u00e0 que, selon M. Mrabet, on aurait tendance \u00e0 se rel\u00e2cher: dans les march\u00e9s, devant et \u00e0 l&rsquo;int\u00e9rieur des boulangeries, chez le boucher et l&rsquo;\u00e9picier. Et les pri\u00e8res des <em>Tarawih<\/em> dans les moqu\u00e9es. C&rsquo;est l\u00e0 que le Covid-19, qui est parmi nous depuis plus de deux ans, frappera tr\u00e8s fort.<\/p>\n\n\n\n<p>Ne se faisant pas beaucoup d&rsquo;illusion, le ministre pr\u00e9voit un red\u00e9marrage \u00e0 la hausse de la contagion et quelques d\u00e9g\u00e2ts&#8230; Mais il demeure rassurant: \u00ab<em>Nous sommes pr\u00eats \u00e0 ces \u00e9ventualit\u00e9s malheureuses. Nous suivons tout cela de tr\u00e8s pr\u00e8s et r\u00e9agirons \u00e0 temps&#8230; Nous en avons les moyens et nous avons acquis une exp\u00e9rience certaine<\/em>\u00bb.<\/p>\n\n\n\n<p class=\"has-text-align-right\"><strong>M. Ch.<\/strong><\/p>\n","protected":false},"excerpt":{"rendered":"<p>Le ministre de la Sant\u00e9 Ali Mrabet invite les Tunisiens \u00e0 ne pas baisser la garde. Entre toutes ses mutations, le jeu de cache-cache qu&rsquo;elle nous impose, les effets de surprise et ses capacit\u00e9s \u00e0 se faire oublier pour repartir \u00e0 la hausse, la maudite pand\u00e9mie du Covid-19 ne semble plus vouloir nous quitter&#8230;<\/p>\n","protected":false},"author":25,"featured_media":0,"comment_status":"open","ping_status":"open","sticky":false,"template":"","format":"standard","meta":{"footnotes":""},"categories":[998,2433],"tags":[92489,75291,80303,4166,761,78244],"class_list":["post-385735","post","type-post","status-publish","format-standard","hentry","category-societe","category-tunisie","tag-ali-mrabet","tag-covid-19","tag-ministere-de-la-sante-publique","tag-mosaique-fm","tag-ramadan","tag-tarawih"],"yoast_head":"<!-- This site is optimized with the Yoast SEO plugin v26.6 - https:\/\/yoast.com\/wordpress\/plugins\/seo\/ -->\n<title>Covid-19 : les Tunisiens appel\u00e9s \u00e0 ne pas baisser la garde - Kapitalis<\/title>\n<meta name=\"robots\" content=\"index, follow, max-snippet:-1, max-image-preview:large, max-video-preview:-1\" \/>\n<link rel=\"canonical\" href=\"https:\/\/kapitalis.com\/tunisie\/2022\/03\/30\/covid-19-les-tunisiens-appeles-a-ne-pas-baisser-la-garde\/\" \/>\n<meta property=\"og:locale\" content=\"fr_FR\" \/>\n<meta property=\"og:type\" content=\"article\" \/>\n<meta property=\"og:title\" content=\"Covid-19 : les Tunisiens appel\u00e9s \u00e0 ne pas baisser la garde - Kapitalis\" \/>\n<meta property=\"og:description\" content=\"Le ministre de la Sant\u00e9 Ali Mrabet invite les Tunisiens \u00e0 ne pas baisser la garde. Entre toutes ses mutations, le jeu de cache-cache qu&rsquo;elle nous impose, les effets de surprise et ses capacit\u00e9s \u00e0 se faire oublier pour repartir \u00e0 la hausse, la maudite pand\u00e9mie du Covid-19 ne semble plus vouloir nous quitter&#8230;\" \/>\n<meta property=\"og:url\" content=\"https:\/\/kapitalis.com\/tunisie\/2022\/03\/30\/covid-19-les-tunisiens-appeles-a-ne-pas-baisser-la-garde\/\" \/>\n<meta property=\"og:site_name\" content=\"Kapitalis\" \/>\n<meta property=\"article:publisher\" content=\"https:\/\/www.facebook.com\/KapitalisInfo\/\" \/>\n<meta property=\"article:published_time\" content=\"2022-03-30T07:09:36+00:00\" \/>\n<meta property=\"article:modified_time\" content=\"2022-03-30T07:12:43+00:00\" \/>\n<meta property=\"og:image\" content=\"http:\/\/kapitalis.com\/tunisie\/wp-content\/uploads\/2020\/03\/Coronavirus-femme-masque.jpg\" \/>\n<meta name=\"author\" content=\"Moncef Dhambri\" \/>\n<meta name=\"twitter:card\" content=\"summary_large_image\" \/>\n<meta name=\"twitter:creator\" content=\"@KapitalisInfo\" \/>\n<meta name=\"twitter:site\" content=\"@KapitalisInfo\" \/>\n<meta name=\"twitter:label1\" content=\"\u00c9crit par\" \/>\n\t<meta name=\"twitter:data1\" content=\"Moncef Dhambri\" \/>\n\t<meta name=\"twitter:label2\" content=\"Dur\u00e9e de lecture estim\u00e9e\" \/>\n\t<meta name=\"twitter:data2\" content=\"1 minute\" \/>\n<script type=\"application\/ld+json\" class=\"yoast-schema-graph\">{\"@context\":\"https:\/\/schema.org\",\"@graph\":[{\"@type\":\"Article\",\"@id\":\"https:\/\/kapitalis.com\/tunisie\/2022\/03\/30\/covid-19-les-tunisiens-appeles-a-ne-pas-baisser-la-garde\/#article\",\"isPartOf\":{\"@id\":\"https:\/\/kapitalis.com\/tunisie\/2022\/03\/30\/covid-19-les-tunisiens-appeles-a-ne-pas-baisser-la-garde\/\"},\"author\":{\"name\":\"Moncef Dhambri\",\"@id\":\"https:\/\/kapitalis.com\/tunisie\/#\/schema\/person\/48fdbea283a929dd284e69d21e31a3d1\"},\"headline\":\"Covid-19 : les Tunisiens appel\u00e9s \u00e0 ne pas baisser la garde\",\"datePublished\":\"2022-03-30T07:09:36+00:00\",\"dateModified\":\"2022-03-30T07:12:43+00:00\",\"mainEntityOfPage\":{\"@id\":\"https:\/\/kapitalis.com\/tunisie\/2022\/03\/30\/covid-19-les-tunisiens-appeles-a-ne-pas-baisser-la-garde\/\"},\"wordCount\":307,\"commentCount\":1,\"publisher\":{\"@id\":\"https:\/\/kapitalis.com\/tunisie\/#organization\"},\"image\":{\"@id\":\"https:\/\/kapitalis.com\/tunisie\/2022\/03\/30\/covid-19-les-tunisiens-appeles-a-ne-pas-baisser-la-garde\/#primaryimage\"},\"thumbnailUrl\":\"http:\/\/kapitalis.com\/tunisie\/wp-content\/uploads\/2020\/03\/Coronavirus-femme-masque.jpg\",\"keywords\":[\"Ali Mrabet\",\"Covid-19\",\"minist\u00e8re de la Sant\u00e9 publique\",\"Mosa\u00efque FM\",\"Ramadan\",\"tarawih\"],\"articleSection\":[\"SOCIETE\",\"Tunisie\"],\"inLanguage\":\"fr-FR\",\"potentialAction\":[{\"@type\":\"CommentAction\",\"name\":\"Comment\",\"target\":[\"https:\/\/kapitalis.com\/tunisie\/2022\/03\/30\/covid-19-les-tunisiens-appeles-a-ne-pas-baisser-la-garde\/#respond\"]}]},{\"@type\":\"WebPage\",\"@id\":\"https:\/\/kapitalis.com\/tunisie\/2022\/03\/30\/covid-19-les-tunisiens-appeles-a-ne-pas-baisser-la-garde\/\",\"url\":\"https:\/\/kapitalis.com\/tunisie\/2022\/03\/30\/covid-19-les-tunisiens-appeles-a-ne-pas-baisser-la-garde\/\",\"name\":\"Covid-19 : les Tunisiens appel\u00e9s \u00e0 ne pas baisser la garde - Kapitalis\",\"isPartOf\":{\"@id\":\"https:\/\/kapitalis.com\/tunisie\/#website\"},\"primaryImageOfPage\":{\"@id\":\"https:\/\/kapitalis.com\/tunisie\/2022\/03\/30\/covid-19-les-tunisiens-appeles-a-ne-pas-baisser-la-garde\/#primaryimage\"},\"image\":{\"@id\":\"https:\/\/kapitalis.com\/tunisie\/2022\/03\/30\/covid-19-les-tunisiens-appeles-a-ne-pas-baisser-la-garde\/#primaryimage\"},\"thumbnailUrl\":\"http:\/\/kapitalis.com\/tunisie\/wp-content\/uploads\/2020\/03\/Coronavirus-femme-masque.jpg\",\"datePublished\":\"2022-03-30T07:09:36+00:00\",\"dateModified\":\"2022-03-30T07:12:43+00:00\",\"breadcrumb\":{\"@id\":\"https:\/\/kapitalis.com\/tunisie\/2022\/03\/30\/covid-19-les-tunisiens-appeles-a-ne-pas-baisser-la-garde\/#breadcrumb\"},\"inLanguage\":\"fr-FR\",\"potentialAction\":[{\"@type\":\"ReadAction\",\"target\":[\"https:\/\/kapitalis.com\/tunisie\/2022\/03\/30\/covid-19-les-tunisiens-appeles-a-ne-pas-baisser-la-garde\/\"]}]},{\"@type\":\"ImageObject\",\"inLanguage\":\"fr-FR\",\"@id\":\"https:\/\/kapitalis.com\/tunisie\/2022\/03\/30\/covid-19-les-tunisiens-appeles-a-ne-pas-baisser-la-garde\/#primaryimage\",\"url\":\"\",\"contentUrl\":\"\"},{\"@type\":\"BreadcrumbList\",\"@id\":\"https:\/\/kapitalis.com\/tunisie\/2022\/03\/30\/covid-19-les-tunisiens-appeles-a-ne-pas-baisser-la-garde\/#breadcrumb\",\"itemListElement\":[{\"@type\":\"ListItem\",\"position\":1,\"name\":\"Accueil\",\"item\":\"https:\/\/kapitalis.com\/tunisie\/\"},{\"@type\":\"ListItem\",\"position\":2,\"name\":\"Covid-19 : les Tunisiens appel\u00e9s \u00e0 ne pas baisser la garde\"}]},{\"@type\":\"WebSite\",\"@id\":\"https:\/\/kapitalis.com\/tunisie\/#website\",\"url\":\"https:\/\/kapitalis.com\/tunisie\/\",\"name\":\"Kapitalis\",\"description\":\"L&#039;actualit\u00e9 en Tunisie et dans le monde\",\"publisher\":{\"@id\":\"https:\/\/kapitalis.com\/tunisie\/#organization\"},\"potentialAction\":[{\"@type\":\"SearchAction\",\"target\":{\"@type\":\"EntryPoint\",\"urlTemplate\":\"https:\/\/kapitalis.com\/tunisie\/?s={search_term_string}\"},\"query-input\":{\"@type\":\"PropertyValueSpecification\",\"valueRequired\":true,\"valueName\":\"search_term_string\"}}],\"inLanguage\":\"fr-FR\"},{\"@type\":\"Organization\",\"@id\":\"https:\/\/kapitalis.com\/tunisie\/#organization\",\"name\":\"Kapitalis\",\"url\":\"https:\/\/kapitalis.com\/tunisie\/\",\"logo\":{\"@type\":\"ImageObject\",\"inLanguage\":\"fr-FR\",\"@id\":\"https:\/\/kapitalis.com\/tunisie\/#\/schema\/logo\/image\/\",\"url\":\"https:\/\/kapitalis.com\/tunisie\/wp-content\/uploads\/2022\/05\/Kapitalis-big-size.png\",\"contentUrl\":\"https:\/\/kapitalis.com\/tunisie\/wp-content\/uploads\/2022\/05\/Kapitalis-big-size.png\",\"width\":5000,\"height\":1500,\"caption\":\"Kapitalis\"},\"image\":{\"@id\":\"https:\/\/kapitalis.com\/tunisie\/#\/schema\/logo\/image\/\"},\"sameAs\":[\"https:\/\/www.facebook.com\/KapitalisInfo\/\",\"https:\/\/x.com\/KapitalisInfo\",\"https:\/\/www.youtube.com\/channel\/UC-yDYrHyfFBWWZaOw3FPg9Q\"]},{\"@type\":\"Person\",\"@id\":\"https:\/\/kapitalis.com\/tunisie\/#\/schema\/person\/48fdbea283a929dd284e69d21e31a3d1\",\"name\":\"Moncef Dhambri\",\"url\":\"https:\/\/kapitalis.com\/tunisie\/author\/moncef\/\"}]}<\/script>\n<!-- \/ Yoast SEO plugin. -->","yoast_head_json":{"title":"Covid-19 : les Tunisiens appel\u00e9s \u00e0 ne pas baisser la garde - Kapitalis","robots":{"index":"index","follow":"follow","max-snippet":"max-snippet:-1","max-image-preview":"max-image-preview:large","max-video-preview":"max-video-preview:-1"},"canonical":"https:\/\/kapitalis.com\/tunisie\/2022\/03\/30\/covid-19-les-tunisiens-appeles-a-ne-pas-baisser-la-garde\/","og_locale":"fr_FR","og_type":"article","og_title":"Covid-19 : les Tunisiens appel\u00e9s \u00e0 ne pas baisser la garde - Kapitalis","og_description":"Le ministre de la Sant\u00e9 Ali Mrabet invite les Tunisiens \u00e0 ne pas baisser la garde. Entre toutes ses mutations, le jeu de cache-cache qu&rsquo;elle nous impose, les effets de surprise et ses capacit\u00e9s \u00e0 se faire oublier pour repartir \u00e0 la hausse, la maudite pand\u00e9mie du Covid-19 ne semble plus vouloir nous quitter&#8230;","og_url":"https:\/\/kapitalis.com\/tunisie\/2022\/03\/30\/covid-19-les-tunisiens-appeles-a-ne-pas-baisser-la-garde\/","og_site_name":"Kapitalis","article_publisher":"https:\/\/www.facebook.com\/KapitalisInfo\/","article_published_time":"2022-03-30T07:09:36+00:00","article_modified_time":"2022-03-30T07:12:43+00:00","og_image":[{"url":"http:\/\/kapitalis.com\/tunisie\/wp-content\/uploads\/2020\/03\/Coronavirus-femme-masque.jpg","type":"","width":"","height":""}],"author":"Moncef Dhambri","twitter_card":"summary_large_image","twitter_creator":"@KapitalisInfo","twitter_site":"@KapitalisInfo","twitter_misc":{"\u00c9crit par":"Moncef Dhambri","Dur\u00e9e de lecture estim\u00e9e":"1 minute"},"schema":{"@context":"https:\/\/schema.org","@graph":[{"@type":"Article","@id":"https:\/\/kapitalis.com\/tunisie\/2022\/03\/30\/covid-19-les-tunisiens-appeles-a-ne-pas-baisser-la-garde\/#article","isPartOf":{"@id":"https:\/\/kapitalis.com\/tunisie\/2022\/03\/30\/covid-19-les-tunisiens-appeles-a-ne-pas-baisser-la-garde\/"},"author":{"name":"Moncef Dhambri","@id":"https:\/\/kapitalis.com\/tunisie\/#\/schema\/person\/48fdbea283a929dd284e69d21e31a3d1"},"headline":"Covid-19 : les Tunisiens appel\u00e9s \u00e0 ne pas baisser la garde","datePublished":"2022-03-30T07:09:36+00:00","dateModified":"2022-03-30T07:12:43+00:00","mainEntityOfPage":{"@id":"https:\/\/kapitalis.com\/tunisie\/2022\/03\/30\/covid-19-les-tunisiens-appeles-a-ne-pas-baisser-la-garde\/"},"wordCount":307,"commentCount":1,"publisher":{"@id":"https:\/\/kapitalis.com\/tunisie\/#organization"},"image":{"@id":"https:\/\/kapitalis.com\/tunisie\/2022\/03\/30\/covid-19-les-tunisiens-appeles-a-ne-pas-baisser-la-garde\/#primaryimage"},"thumbnailUrl":"http:\/\/kapitalis.com\/tunisie\/wp-content\/uploads\/2020\/03\/Coronavirus-femme-masque.jpg","keywords":["Ali Mrabet","Covid-19","minist\u00e8re de la Sant\u00e9 publique","Mosa\u00efque FM","Ramadan","tarawih"],"articleSection":["SOCIETE","Tunisie"],"inLanguage":"fr-FR","potentialAction":[{"@type":"CommentAction","name":"Comment","target":["https:\/\/kapitalis.com\/tunisie\/2022\/03\/30\/covid-19-les-tunisiens-appeles-a-ne-pas-baisser-la-garde\/#respond"]}]},{"@type":"WebPage","@id":"https:\/\/kapitalis.com\/tunisie\/2022\/03\/30\/covid-19-les-tunisiens-appeles-a-ne-pas-baisser-la-garde\/","url":"https:\/\/kapitalis.com\/tunisie\/2022\/03\/30\/covid-19-les-tunisiens-appeles-a-ne-pas-baisser-la-garde\/","name":"Covid-19 : les Tunisiens appel\u00e9s \u00e0 ne pas baisser la garde - Kapitalis","isPartOf":{"@id":"https:\/\/kapitalis.com\/tunisie\/#website"},"primaryImageOfPage":{"@id":"https:\/\/kapitalis.com\/tunisie\/2022\/03\/30\/covid-19-les-tunisiens-appeles-a-ne-pas-baisser-la-garde\/#primaryimage"},"image":{"@id":"https:\/\/kapitalis.com\/tunisie\/2022\/03\/30\/covid-19-les-tunisiens-appeles-a-ne-pas-baisser-la-garde\/#primaryimage"},"thumbnailUrl":"http:\/\/kapitalis.com\/tunisie\/wp-content\/uploads\/2020\/03\/Coronavirus-femme-masque.jpg","datePublished":"2022-03-30T07:09:36+00:00","dateModified":"2022-03-30T07:12:43+00:00","breadcrumb":{"@id":"https:\/\/kapitalis.com\/tunisie\/2022\/03\/30\/covid-19-les-tunisiens-appeles-a-ne-pas-baisser-la-garde\/#breadcrumb"},"inLanguage":"fr-FR","potentialAction":[{"@type":"ReadAction","target":["https:\/\/kapitalis.com\/tunisie\/2022\/03\/30\/covid-19-les-tunisiens-appeles-a-ne-pas-baisser-la-garde\/"]}]},{"@type":"ImageObject","inLanguage":"fr-FR","@id":"https:\/\/kapitalis.com\/tunisie\/2022\/03\/30\/covid-19-les-tunisiens-appeles-a-ne-pas-baisser-la-garde\/#primaryimage","url":"","contentUrl":""},{"@type":"BreadcrumbList","@id":"https:\/\/kapitalis.com\/tunisie\/2022\/03\/30\/covid-19-les-tunisiens-appeles-a-ne-pas-baisser-la-garde\/#breadcrumb","itemListElement":[{"@type":"ListItem","position":1,"name":"Accueil","item":"https:\/\/kapitalis.com\/tunisie\/"},{"@type":"ListItem","position":2,"name":"Covid-19 : les Tunisiens appel\u00e9s \u00e0 ne pas baisser la garde"}]},{"@type":"WebSite","@id":"https:\/\/kapitalis.com\/tunisie\/#website","url":"https:\/\/kapitalis.com\/tunisie\/","name":"Kapitalis","description":"L&#039;actualit\u00e9 en Tunisie et dans le monde","publisher":{"@id":"https:\/\/kapitalis.com\/tunisie\/#organization"},"potentialAction":[{"@type":"SearchAction","target":{"@type":"EntryPoint","urlTemplate":"https:\/\/kapitalis.com\/tunisie\/?s={search_term_string}"},"query-input":{"@type":"PropertyValueSpecification","valueRequired":true,"valueName":"search_term_string"}}],"inLanguage":"fr-FR"},{"@type":"Organization","@id":"https:\/\/kapitalis.com\/tunisie\/#organization","name":"Kapitalis","url":"https:\/\/kapitalis.com\/tunisie\/","logo":{"@type":"ImageObject","inLanguage":"fr-FR","@id":"https:\/\/kapitalis.com\/tunisie\/#\/schema\/logo\/image\/","url":"https:\/\/kapitalis.com\/tunisie\/wp-content\/uploads\/2022\/05\/Kapitalis-big-size.png","contentUrl":"https:\/\/kapitalis.com\/tunisie\/wp-content\/uploads\/2022\/05\/Kapitalis-big-size.png","width":5000,"height":1500,"caption":"Kapitalis"},"image":{"@id":"https:\/\/kapitalis.com\/tunisie\/#\/schema\/logo\/image\/"},"sameAs":["https:\/\/www.facebook.com\/KapitalisInfo\/","https:\/\/x.com\/KapitalisInfo","https:\/\/www.youtube.com\/channel\/UC-yDYrHyfFBWWZaOw3FPg9Q"]},{"@type":"Person","@id":"https:\/\/kapitalis.com\/tunisie\/#\/schema\/person\/48fdbea283a929dd284e69d21e31a3d1","name":"Moncef Dhambri","url":"https:\/\/kapitalis.com\/tunisie\/author\/moncef\/"}]}},"_links":{"self":[{"href":"https:\/\/kapitalis.com\/tunisie\/wp-json\/wp\/v2\/posts\/385735","targetHints":{"allow":["GET"]}}],"collection":[{"href":"https:\/\/kapitalis.com\/tunisie\/wp-json\/wp\/v2\/posts"}],"about":[{"href":"https:\/\/kapitalis.com\/tunisie\/wp-json\/wp\/v2\/types\/post"}],"author":[{"embeddable":true,"href":"https:\/\/kapitalis.com\/tunisie\/wp-json\/wp\/v2\/users\/25"}],"replies":[{"embeddable":true,"href":"https:\/\/kapitalis.com\/tunisie\/wp-json\/wp\/v2\/comments?post=385735"}],"version-history":[{"count":0,"href":"https:\/\/kapitalis.com\/tunisie\/wp-json\/wp\/v2\/posts\/385735\/revisions"}],"wp:attachment":[{"href":"https:\/\/kapitalis.com\/tunisie\/wp-json\/wp\/v2\/media?parent=385735"}],"wp:term":[{"taxonomy":"category","embeddable":true,"href":"https:\/\/kapitalis.com\/tunisie\/wp-json\/wp\/v2\/categories?post=385735"},{"taxonomy":"post_tag","embeddable":true,"href":"https:\/\/kapitalis.com\/tunisie\/wp-json\/wp\/v2\/tags?post=385735"}],"curies":[{"name":"wp","href":"https:\/\/api.w.org\/{rel}","templated":true}]}}