{"id":385768,"date":"2022-03-29T15:52:00","date_gmt":"2022-03-29T14:52:00","guid":{"rendered":"http:\/\/kapitalis.com\/tunisie\/?p=385768"},"modified":"2022-03-29T16:03:07","modified_gmt":"2022-03-29T15:03:07","slug":"arp-abir-moussi-tente-dempecher-la-tenue-de-la-pleniere-virtuelle-en-recourant-a-la-justice-video","status":"publish","type":"post","link":"https:\/\/kapitalis.com\/tunisie\/2022\/03\/29\/arp-abir-moussi-tente-dempecher-la-tenue-de-la-pleniere-virtuelle-en-recourant-a-la-justice-video\/","title":{"rendered":"ARP : Abir Moussi tente d&#8217;emp\u00eacher la tenue de la pl\u00e9ni\u00e8re virtuelle en recourant \u00e0 la justice (Vid\u00e9o)"},"content":{"rendered":"\n<div class=\"wp-block-image\"><figure class=\"aligncenter size-full\"><img decoding=\"async\" src=\"http:\/\/kapitalis.com\/tunisie\/wp-content\/uploads\/2022\/03\/pdl.jpg\" alt=\"\" class=\"wp-image-385771\"\/><\/figure><\/div>\n\n\n\n<p><strong><em>La pr\u00e9sidente du Parti destourien libre (PDL), Abir Moussi, a saisi la justice en vue d&#8217;emp\u00eacher la tenue d&rsquo;une pl\u00e9ni\u00e8re virtuelle de l&rsquo;Assembl\u00e9e des repr\u00e9sentants du peuple (ARP), demain mercredi 30 mars 2022, malgr\u00e9 la suspension de ses activit\u00e9s depuis le 25 juillet 2021 par le pr\u00e9sident de la r\u00e9publique, Ka\u00efs Sa\u00efed.<\/em><\/strong><\/p>\n\n\n\n<!--more-->\n\n\n\n<p>Rappelons que c&rsquo;est le pr\u00e9sident de l\u2019ARP et du mouvement Ennahdha, Rached Ghannouchi, qui avait appel\u00e9 \u00e0 la tenue de cette pl\u00e9ni\u00e8re.<\/p>\n\n\n\n<p>A travers une vid\u00e9o&nbsp;diffus\u00e9e sur les r\u00e9seaux sociaux depuis le Tribunal de premi\u00e8re instance de Tunis, Abir Moussi a affirm\u00e9 que la justice tunisienne tranchera dans cette affaire urgente aujourd&rsquo;hui, assurant que Rached Ghannouchi a soumis \u00e0 l\u2019ordre du jour une proposition de loi portant annulation de l\u2019ensemble des d\u00e9crets promulgu\u00e9s par le pr\u00e9sident depuis le 25 juillet dernier et expliquant que ce texte aura la forme d\u2019une simple loi et ne n\u00e9cessitera pas l&rsquo;approbation de 109 d\u00e9put\u00e9s.<\/p>\n\n\n\n<center><figure><iframe loading=\"lazy\" src=\"https:\/\/www.facebook.com\/plugins\/video.php?height=274&#038;href=https%3A%2F%2Fwww.facebook.com%2FAbirMoussiOfficielle%2Fvideos%2F372611498050269%2F&#038;show_text=false&#038;width=560&#038;t=0\" width=\"560\" height=\"274\" style=\"border:none;overflow:hidden\" scrolling=\"no\" frameborder=\"0\" allowfullscreen=\"true\" allow=\"autoplay; clipboard-write; encrypted-media; picture-in-picture; web-share\" allowFullScreen=\"true\"><\/iframe><\/figure><\/center>\n\n\n\n<p class=\"has-text-align-right\"><strong>C. B. Y.<\/strong><\/p>\n","protected":false},"excerpt":{"rendered":"<p>La pr\u00e9sidente du Parti destourien libre (PDL), Abir Moussi, a saisi la justice en vue d&#8217;emp\u00eacher la tenue d&rsquo;une pl\u00e9ni\u00e8re virtuelle de l&rsquo;Assembl\u00e9e des repr\u00e9sentants du peuple (ARP), demain mercredi 30 mars 2022, malgr\u00e9 la suspension de ses activit\u00e9s depuis le 25 juillet 2021 par le pr\u00e9sident de la r\u00e9publique, Ka\u00efs Sa\u00efed.<\/p>\n","protected":false},"author":24,"featured_media":385771,"comment_status":"open","ping_status":"open","sticky":false,"template":"","format":"standard","meta":{"footnotes":""},"categories":[997,2433],"tags":[76920,15144,49543,76012,33536,758],"class_list":["post-385768","post","type-post","status-publish","format-standard","has-post-thumbnail","hentry","category-politique","category-tunisie","tag-25-juillet","tag-abir-moussi","tag-ennahdha","tag-kais-saied-2","tag-pdl","tag-rached-ghannouchi"],"yoast_head":"<!-- This site is optimized with the Yoast SEO plugin v26.6 - https:\/\/yoast.com\/wordpress\/plugins\/seo\/ -->\n<title>ARP : Abir Moussi tente d&#039;emp\u00eacher la tenue de la pl\u00e9ni\u00e8re virtuelle en recourant \u00e0 la justice (Vid\u00e9o) - Kapitalis<\/title>\n<meta name=\"robots\" content=\"index, follow, max-snippet:-1, max-image-preview:large, max-video-preview:-1\" \/>\n<link rel=\"canonical\" href=\"https:\/\/kapitalis.com\/tunisie\/2022\/03\/29\/arp-abir-moussi-tente-dempecher-la-tenue-de-la-pleniere-virtuelle-en-recourant-a-la-justice-video\/\" \/>\n<meta property=\"og:locale\" content=\"fr_FR\" \/>\n<meta property=\"og:type\" content=\"article\" \/>\n<meta property=\"og:title\" content=\"ARP : Abir Moussi tente d&#039;emp\u00eacher la tenue de la pl\u00e9ni\u00e8re virtuelle en recourant \u00e0 la justice (Vid\u00e9o) - Kapitalis\" \/>\n<meta property=\"og:description\" content=\"La pr\u00e9sidente du Parti destourien libre (PDL), Abir Moussi, a saisi la justice en vue d&#8217;emp\u00eacher la tenue d&rsquo;une pl\u00e9ni\u00e8re virtuelle de l&rsquo;Assembl\u00e9e des repr\u00e9sentants du peuple (ARP), demain mercredi 30 mars 2022, malgr\u00e9 la suspension de ses activit\u00e9s depuis le 25 juillet 2021 par le pr\u00e9sident de la r\u00e9publique, Ka\u00efs Sa\u00efed.\" \/>\n<meta property=\"og:url\" content=\"https:\/\/kapitalis.com\/tunisie\/2022\/03\/29\/arp-abir-moussi-tente-dempecher-la-tenue-de-la-pleniere-virtuelle-en-recourant-a-la-justice-video\/\" \/>\n<meta property=\"og:site_name\" content=\"Kapitalis\" \/>\n<meta property=\"article:publisher\" content=\"https:\/\/www.facebook.com\/KapitalisInfo\/\" \/>\n<meta property=\"article:published_time\" content=\"2022-03-29T14:52:00+00:00\" \/>\n<meta property=\"article:modified_time\" content=\"2022-03-29T15:03:07+00:00\" \/>\n<meta property=\"og:image\" content=\"https:\/\/kapitalis.com\/tunisie\/wp-content\/uploads\/2022\/05\/kapitalis-logo-fb.png\" \/>\n\t<meta property=\"og:image:width\" content=\"1200\" \/>\n\t<meta property=\"og:image:height\" content=\"630\" \/>\n\t<meta property=\"og:image:type\" content=\"image\/png\" \/>\n<meta name=\"author\" content=\"Cherif Benyounes\" \/>\n<meta name=\"twitter:card\" content=\"summary_large_image\" \/>\n<meta name=\"twitter:creator\" content=\"@KapitalisInfo\" \/>\n<meta name=\"twitter:site\" content=\"@KapitalisInfo\" \/>\n<meta name=\"twitter:label1\" content=\"\u00c9crit par\" \/>\n\t<meta name=\"twitter:data1\" content=\"Cherif Benyounes\" \/>\n\t<meta name=\"twitter:label2\" content=\"Dur\u00e9e de lecture estim\u00e9e\" \/>\n\t<meta name=\"twitter:data2\" content=\"1 minute\" \/>\n<script type=\"application\/ld+json\" class=\"yoast-schema-graph\">{\"@context\":\"https:\/\/schema.org\",\"@graph\":[{\"@type\":\"Article\",\"@id\":\"https:\/\/kapitalis.com\/tunisie\/2022\/03\/29\/arp-abir-moussi-tente-dempecher-la-tenue-de-la-pleniere-virtuelle-en-recourant-a-la-justice-video\/#article\",\"isPartOf\":{\"@id\":\"https:\/\/kapitalis.com\/tunisie\/2022\/03\/29\/arp-abir-moussi-tente-dempecher-la-tenue-de-la-pleniere-virtuelle-en-recourant-a-la-justice-video\/\"},\"author\":{\"name\":\"Cherif Benyounes\",\"@id\":\"https:\/\/kapitalis.com\/tunisie\/#\/schema\/person\/b35b8d631961131107263178aeb8019e\"},\"headline\":\"ARP : Abir Moussi tente d&#8217;emp\u00eacher la tenue de la pl\u00e9ni\u00e8re virtuelle en recourant \u00e0 la justice (Vid\u00e9o)\",\"datePublished\":\"2022-03-29T14:52:00+00:00\",\"dateModified\":\"2022-03-29T15:03:07+00:00\",\"mainEntityOfPage\":{\"@id\":\"https:\/\/kapitalis.com\/tunisie\/2022\/03\/29\/arp-abir-moussi-tente-dempecher-la-tenue-de-la-pleniere-virtuelle-en-recourant-a-la-justice-video\/\"},\"wordCount\":197,\"commentCount\":0,\"publisher\":{\"@id\":\"https:\/\/kapitalis.com\/tunisie\/#organization\"},\"image\":{\"@id\":\"https:\/\/kapitalis.com\/tunisie\/2022\/03\/29\/arp-abir-moussi-tente-dempecher-la-tenue-de-la-pleniere-virtuelle-en-recourant-a-la-justice-video\/#primaryimage\"},\"thumbnailUrl\":\"\",\"keywords\":[\"25 juillet\",\"Abir Moussi\",\"Ennahdha\",\"Ka\u00efs Sa\u00efed\",\"PDL\",\"Rached Ghannouchi\"],\"articleSection\":[\"POLITIQUE\",\"Tunisie\"],\"inLanguage\":\"fr-FR\",\"potentialAction\":[{\"@type\":\"CommentAction\",\"name\":\"Comment\",\"target\":[\"https:\/\/kapitalis.com\/tunisie\/2022\/03\/29\/arp-abir-moussi-tente-dempecher-la-tenue-de-la-pleniere-virtuelle-en-recourant-a-la-justice-video\/#respond\"]}]},{\"@type\":\"WebPage\",\"@id\":\"https:\/\/kapitalis.com\/tunisie\/2022\/03\/29\/arp-abir-moussi-tente-dempecher-la-tenue-de-la-pleniere-virtuelle-en-recourant-a-la-justice-video\/\",\"url\":\"https:\/\/kapitalis.com\/tunisie\/2022\/03\/29\/arp-abir-moussi-tente-dempecher-la-tenue-de-la-pleniere-virtuelle-en-recourant-a-la-justice-video\/\",\"name\":\"ARP : Abir Moussi tente d'emp\u00eacher la tenue de la pl\u00e9ni\u00e8re virtuelle en recourant \u00e0 la justice (Vid\u00e9o) - Kapitalis\",\"isPartOf\":{\"@id\":\"https:\/\/kapitalis.com\/tunisie\/#website\"},\"primaryImageOfPage\":{\"@id\":\"https:\/\/kapitalis.com\/tunisie\/2022\/03\/29\/arp-abir-moussi-tente-dempecher-la-tenue-de-la-pleniere-virtuelle-en-recourant-a-la-justice-video\/#primaryimage\"},\"image\":{\"@id\":\"https:\/\/kapitalis.com\/tunisie\/2022\/03\/29\/arp-abir-moussi-tente-dempecher-la-tenue-de-la-pleniere-virtuelle-en-recourant-a-la-justice-video\/#primaryimage\"},\"thumbnailUrl\":\"\",\"datePublished\":\"2022-03-29T14:52:00+00:00\",\"dateModified\":\"2022-03-29T15:03:07+00:00\",\"breadcrumb\":{\"@id\":\"https:\/\/kapitalis.com\/tunisie\/2022\/03\/29\/arp-abir-moussi-tente-dempecher-la-tenue-de-la-pleniere-virtuelle-en-recourant-a-la-justice-video\/#breadcrumb\"},\"inLanguage\":\"fr-FR\",\"potentialAction\":[{\"@type\":\"ReadAction\",\"target\":[\"https:\/\/kapitalis.com\/tunisie\/2022\/03\/29\/arp-abir-moussi-tente-dempecher-la-tenue-de-la-pleniere-virtuelle-en-recourant-a-la-justice-video\/\"]}]},{\"@type\":\"ImageObject\",\"inLanguage\":\"fr-FR\",\"@id\":\"https:\/\/kapitalis.com\/tunisie\/2022\/03\/29\/arp-abir-moussi-tente-dempecher-la-tenue-de-la-pleniere-virtuelle-en-recourant-a-la-justice-video\/#primaryimage\",\"url\":\"\",\"contentUrl\":\"\"},{\"@type\":\"BreadcrumbList\",\"@id\":\"https:\/\/kapitalis.com\/tunisie\/2022\/03\/29\/arp-abir-moussi-tente-dempecher-la-tenue-de-la-pleniere-virtuelle-en-recourant-a-la-justice-video\/#breadcrumb\",\"itemListElement\":[{\"@type\":\"ListItem\",\"position\":1,\"name\":\"Accueil\",\"item\":\"https:\/\/kapitalis.com\/tunisie\/\"},{\"@type\":\"ListItem\",\"position\":2,\"name\":\"ARP : Abir Moussi tente d&#8217;emp\u00eacher la tenue de la pl\u00e9ni\u00e8re virtuelle en recourant \u00e0 la justice (Vid\u00e9o)\"}]},{\"@type\":\"WebSite\",\"@id\":\"https:\/\/kapitalis.com\/tunisie\/#website\",\"url\":\"https:\/\/kapitalis.com\/tunisie\/\",\"name\":\"Kapitalis\",\"description\":\"L&#039;actualit\u00e9 en Tunisie et dans le monde\",\"publisher\":{\"@id\":\"https:\/\/kapitalis.com\/tunisie\/#organization\"},\"potentialAction\":[{\"@type\":\"SearchAction\",\"target\":{\"@type\":\"EntryPoint\",\"urlTemplate\":\"https:\/\/kapitalis.com\/tunisie\/?s={search_term_string}\"},\"query-input\":{\"@type\":\"PropertyValueSpecification\",\"valueRequired\":true,\"valueName\":\"search_term_string\"}}],\"inLanguage\":\"fr-FR\"},{\"@type\":\"Organization\",\"@id\":\"https:\/\/kapitalis.com\/tunisie\/#organization\",\"name\":\"Kapitalis\",\"url\":\"https:\/\/kapitalis.com\/tunisie\/\",\"logo\":{\"@type\":\"ImageObject\",\"inLanguage\":\"fr-FR\",\"@id\":\"https:\/\/kapitalis.com\/tunisie\/#\/schema\/logo\/image\/\",\"url\":\"https:\/\/kapitalis.com\/tunisie\/wp-content\/uploads\/2022\/05\/Kapitalis-big-size.png\",\"contentUrl\":\"https:\/\/kapitalis.com\/tunisie\/wp-content\/uploads\/2022\/05\/Kapitalis-big-size.png\",\"width\":5000,\"height\":1500,\"caption\":\"Kapitalis\"},\"image\":{\"@id\":\"https:\/\/kapitalis.com\/tunisie\/#\/schema\/logo\/image\/\"},\"sameAs\":[\"https:\/\/www.facebook.com\/KapitalisInfo\/\",\"https:\/\/x.com\/KapitalisInfo\",\"https:\/\/www.youtube.com\/channel\/UC-yDYrHyfFBWWZaOw3FPg9Q\"]},{\"@type\":\"Person\",\"@id\":\"https:\/\/kapitalis.com\/tunisie\/#\/schema\/person\/b35b8d631961131107263178aeb8019e\",\"name\":\"Cherif Benyounes\",\"url\":\"https:\/\/kapitalis.com\/tunisie\/author\/cherif\/\"}]}<\/script>\n<!-- \/ Yoast SEO plugin. -->","yoast_head_json":{"title":"ARP : Abir Moussi tente d'emp\u00eacher la tenue de la pl\u00e9ni\u00e8re virtuelle en recourant \u00e0 la justice (Vid\u00e9o) - Kapitalis","robots":{"index":"index","follow":"follow","max-snippet":"max-snippet:-1","max-image-preview":"max-image-preview:large","max-video-preview":"max-video-preview:-1"},"canonical":"https:\/\/kapitalis.com\/tunisie\/2022\/03\/29\/arp-abir-moussi-tente-dempecher-la-tenue-de-la-pleniere-virtuelle-en-recourant-a-la-justice-video\/","og_locale":"fr_FR","og_type":"article","og_title":"ARP : Abir Moussi tente d'emp\u00eacher la tenue de la pl\u00e9ni\u00e8re virtuelle en recourant \u00e0 la justice (Vid\u00e9o) - Kapitalis","og_description":"La pr\u00e9sidente du Parti destourien libre (PDL), Abir Moussi, a saisi la justice en vue d&#8217;emp\u00eacher la tenue d&rsquo;une pl\u00e9ni\u00e8re virtuelle de l&rsquo;Assembl\u00e9e des repr\u00e9sentants du peuple (ARP), demain mercredi 30 mars 2022, malgr\u00e9 la suspension de ses activit\u00e9s depuis le 25 juillet 2021 par le pr\u00e9sident de la r\u00e9publique, Ka\u00efs Sa\u00efed.","og_url":"https:\/\/kapitalis.com\/tunisie\/2022\/03\/29\/arp-abir-moussi-tente-dempecher-la-tenue-de-la-pleniere-virtuelle-en-recourant-a-la-justice-video\/","og_site_name":"Kapitalis","article_publisher":"https:\/\/www.facebook.com\/KapitalisInfo\/","article_published_time":"2022-03-29T14:52:00+00:00","article_modified_time":"2022-03-29T15:03:07+00:00","og_image":[{"width":1200,"height":630,"url":"https:\/\/kapitalis.com\/tunisie\/wp-content\/uploads\/2022\/05\/kapitalis-logo-fb.png","type":"image\/png"}],"author":"Cherif Benyounes","twitter_card":"summary_large_image","twitter_creator":"@KapitalisInfo","twitter_site":"@KapitalisInfo","twitter_misc":{"\u00c9crit par":"Cherif Benyounes","Dur\u00e9e de lecture estim\u00e9e":"1 minute"},"schema":{"@context":"https:\/\/schema.org","@graph":[{"@type":"Article","@id":"https:\/\/kapitalis.com\/tunisie\/2022\/03\/29\/arp-abir-moussi-tente-dempecher-la-tenue-de-la-pleniere-virtuelle-en-recourant-a-la-justice-video\/#article","isPartOf":{"@id":"https:\/\/kapitalis.com\/tunisie\/2022\/03\/29\/arp-abir-moussi-tente-dempecher-la-tenue-de-la-pleniere-virtuelle-en-recourant-a-la-justice-video\/"},"author":{"name":"Cherif Benyounes","@id":"https:\/\/kapitalis.com\/tunisie\/#\/schema\/person\/b35b8d631961131107263178aeb8019e"},"headline":"ARP : Abir Moussi tente d&#8217;emp\u00eacher la tenue de la pl\u00e9ni\u00e8re virtuelle en recourant \u00e0 la justice (Vid\u00e9o)","datePublished":"2022-03-29T14:52:00+00:00","dateModified":"2022-03-29T15:03:07+00:00","mainEntityOfPage":{"@id":"https:\/\/kapitalis.com\/tunisie\/2022\/03\/29\/arp-abir-moussi-tente-dempecher-la-tenue-de-la-pleniere-virtuelle-en-recourant-a-la-justice-video\/"},"wordCount":197,"commentCount":0,"publisher":{"@id":"https:\/\/kapitalis.com\/tunisie\/#organization"},"image":{"@id":"https:\/\/kapitalis.com\/tunisie\/2022\/03\/29\/arp-abir-moussi-tente-dempecher-la-tenue-de-la-pleniere-virtuelle-en-recourant-a-la-justice-video\/#primaryimage"},"thumbnailUrl":"","keywords":["25 juillet","Abir Moussi","Ennahdha","Ka\u00efs Sa\u00efed","PDL","Rached Ghannouchi"],"articleSection":["POLITIQUE","Tunisie"],"inLanguage":"fr-FR","potentialAction":[{"@type":"CommentAction","name":"Comment","target":["https:\/\/kapitalis.com\/tunisie\/2022\/03\/29\/arp-abir-moussi-tente-dempecher-la-tenue-de-la-pleniere-virtuelle-en-recourant-a-la-justice-video\/#respond"]}]},{"@type":"WebPage","@id":"https:\/\/kapitalis.com\/tunisie\/2022\/03\/29\/arp-abir-moussi-tente-dempecher-la-tenue-de-la-pleniere-virtuelle-en-recourant-a-la-justice-video\/","url":"https:\/\/kapitalis.com\/tunisie\/2022\/03\/29\/arp-abir-moussi-tente-dempecher-la-tenue-de-la-pleniere-virtuelle-en-recourant-a-la-justice-video\/","name":"ARP : Abir Moussi tente d'emp\u00eacher la tenue de la pl\u00e9ni\u00e8re virtuelle en recourant \u00e0 la justice (Vid\u00e9o) - Kapitalis","isPartOf":{"@id":"https:\/\/kapitalis.com\/tunisie\/#website"},"primaryImageOfPage":{"@id":"https:\/\/kapitalis.com\/tunisie\/2022\/03\/29\/arp-abir-moussi-tente-dempecher-la-tenue-de-la-pleniere-virtuelle-en-recourant-a-la-justice-video\/#primaryimage"},"image":{"@id":"https:\/\/kapitalis.com\/tunisie\/2022\/03\/29\/arp-abir-moussi-tente-dempecher-la-tenue-de-la-pleniere-virtuelle-en-recourant-a-la-justice-video\/#primaryimage"},"thumbnailUrl":"","datePublished":"2022-03-29T14:52:00+00:00","dateModified":"2022-03-29T15:03:07+00:00","breadcrumb":{"@id":"https:\/\/kapitalis.com\/tunisie\/2022\/03\/29\/arp-abir-moussi-tente-dempecher-la-tenue-de-la-pleniere-virtuelle-en-recourant-a-la-justice-video\/#breadcrumb"},"inLanguage":"fr-FR","potentialAction":[{"@type":"ReadAction","target":["https:\/\/kapitalis.com\/tunisie\/2022\/03\/29\/arp-abir-moussi-tente-dempecher-la-tenue-de-la-pleniere-virtuelle-en-recourant-a-la-justice-video\/"]}]},{"@type":"ImageObject","inLanguage":"fr-FR","@id":"https:\/\/kapitalis.com\/tunisie\/2022\/03\/29\/arp-abir-moussi-tente-dempecher-la-tenue-de-la-pleniere-virtuelle-en-recourant-a-la-justice-video\/#primaryimage","url":"","contentUrl":""},{"@type":"BreadcrumbList","@id":"https:\/\/kapitalis.com\/tunisie\/2022\/03\/29\/arp-abir-moussi-tente-dempecher-la-tenue-de-la-pleniere-virtuelle-en-recourant-a-la-justice-video\/#breadcrumb","itemListElement":[{"@type":"ListItem","position":1,"name":"Accueil","item":"https:\/\/kapitalis.com\/tunisie\/"},{"@type":"ListItem","position":2,"name":"ARP : Abir Moussi tente d&#8217;emp\u00eacher la tenue de la pl\u00e9ni\u00e8re virtuelle en recourant \u00e0 la justice (Vid\u00e9o)"}]},{"@type":"WebSite","@id":"https:\/\/kapitalis.com\/tunisie\/#website","url":"https:\/\/kapitalis.com\/tunisie\/","name":"Kapitalis","description":"L&#039;actualit\u00e9 en Tunisie et dans le monde","publisher":{"@id":"https:\/\/kapitalis.com\/tunisie\/#organization"},"potentialAction":[{"@type":"SearchAction","target":{"@type":"EntryPoint","urlTemplate":"https:\/\/kapitalis.com\/tunisie\/?s={search_term_string}"},"query-input":{"@type":"PropertyValueSpecification","valueRequired":true,"valueName":"search_term_string"}}],"inLanguage":"fr-FR"},{"@type":"Organization","@id":"https:\/\/kapitalis.com\/tunisie\/#organization","name":"Kapitalis","url":"https:\/\/kapitalis.com\/tunisie\/","logo":{"@type":"ImageObject","inLanguage":"fr-FR","@id":"https:\/\/kapitalis.com\/tunisie\/#\/schema\/logo\/image\/","url":"https:\/\/kapitalis.com\/tunisie\/wp-content\/uploads\/2022\/05\/Kapitalis-big-size.png","contentUrl":"https:\/\/kapitalis.com\/tunisie\/wp-content\/uploads\/2022\/05\/Kapitalis-big-size.png","width":5000,"height":1500,"caption":"Kapitalis"},"image":{"@id":"https:\/\/kapitalis.com\/tunisie\/#\/schema\/logo\/image\/"},"sameAs":["https:\/\/www.facebook.com\/KapitalisInfo\/","https:\/\/x.com\/KapitalisInfo","https:\/\/www.youtube.com\/channel\/UC-yDYrHyfFBWWZaOw3FPg9Q"]},{"@type":"Person","@id":"https:\/\/kapitalis.com\/tunisie\/#\/schema\/person\/b35b8d631961131107263178aeb8019e","name":"Cherif Benyounes","url":"https:\/\/kapitalis.com\/tunisie\/author\/cherif\/"}]}},"_links":{"self":[{"href":"https:\/\/kapitalis.com\/tunisie\/wp-json\/wp\/v2\/posts\/385768","targetHints":{"allow":["GET"]}}],"collection":[{"href":"https:\/\/kapitalis.com\/tunisie\/wp-json\/wp\/v2\/posts"}],"about":[{"href":"https:\/\/kapitalis.com\/tunisie\/wp-json\/wp\/v2\/types\/post"}],"author":[{"embeddable":true,"href":"https:\/\/kapitalis.com\/tunisie\/wp-json\/wp\/v2\/users\/24"}],"replies":[{"embeddable":true,"href":"https:\/\/kapitalis.com\/tunisie\/wp-json\/wp\/v2\/comments?post=385768"}],"version-history":[{"count":0,"href":"https:\/\/kapitalis.com\/tunisie\/wp-json\/wp\/v2\/posts\/385768\/revisions"}],"wp:featuredmedia":[{"embeddable":true,"href":"https:\/\/kapitalis.com\/tunisie\/wp-json\/wp\/v2\/media\/385771"}],"wp:attachment":[{"href":"https:\/\/kapitalis.com\/tunisie\/wp-json\/wp\/v2\/media?parent=385768"}],"wp:term":[{"taxonomy":"category","embeddable":true,"href":"https:\/\/kapitalis.com\/tunisie\/wp-json\/wp\/v2\/categories?post=385768"},{"taxonomy":"post_tag","embeddable":true,"href":"https:\/\/kapitalis.com\/tunisie\/wp-json\/wp\/v2\/tags?post=385768"}],"curies":[{"name":"wp","href":"https:\/\/api.w.org\/{rel}","templated":true}]}}