{"id":385845,"date":"2022-03-29T23:30:18","date_gmt":"2022-03-29T22:30:18","guid":{"rendered":"http:\/\/kapitalis.com\/tunisie\/?p=385845"},"modified":"2022-03-29T23:36:29","modified_gmt":"2022-03-29T22:36:29","slug":"tunisie-ghannouchi-appele-a-respecter-la-volonte-du-peuple-et-a-ne-pas-porter-atteinte-a-lunite-de-letat-afek-tounes","status":"publish","type":"post","link":"https:\/\/kapitalis.com\/tunisie\/2022\/03\/29\/tunisie-ghannouchi-appele-a-respecter-la-volonte-du-peuple-et-a-ne-pas-porter-atteinte-a-lunite-de-letat-afek-tounes\/","title":{"rendered":"Tunisie : Ghannouchi appel\u00e9 \u00e0 respecter la volont\u00e9 du peuple et \u00e0 ne pas porter atteinte \u00e0 l\u2019unit\u00e9 de l\u2019\u00c9tat (Afek Tounes)"},"content":{"rendered":"\n<div class=\"wp-block-image\"><figure class=\"aligncenter size-full\"><img decoding=\"async\" src=\"http:\/\/kapitalis.com\/tunisie\/wp-content\/uploads\/2018\/02\/Afek-Tounes.jpg\" alt=\"\" class=\"wp-image-137623\"\/><\/figure><\/div>\n\n\n\n<p><strong><em>Afek Tounes s&rsquo;est exprim\u00e9 sur les derniers \u00e9v\u00e8nements politiques notamment la r\u00e9union du bureau de l&rsquo;Assembl\u00e9e gel\u00e9e \u00e0 l&rsquo;issue de laquelle il a \u00e9t\u00e9 d\u00e9cid\u00e9 d&rsquo;organiser une s\u00e9ance pl\u00e9ni\u00e8re, le 30 mars, afin de mettre fin aux mesures exceptionnelles d\u00e9cid\u00e9es par le pr\u00e9sident de la r\u00e9publique le 25 juillet dernier.<\/em><\/strong><\/p>\n\n\n\n<!--more-->\n\n\n\n<p>Dans un communiqu\u00e9 publi\u00e9 ce mardi 29 mars 2022, Afek Tounes a d\u2019abord exprim\u00e9 son refus cat\u00e9gorique d&rsquo;un retour au syst\u00e8me politique d&rsquo;avant le 25 juillet, appelant de ce fait Rached Ghannouchi, chef du parti islamiste Ennahdha et qui pr\u00e9sidait le parlement \u00e0<em> \u00abrespecter la volont\u00e9 du peuple tunisien  en ce qui concerne le changement et la r\u00e9forme et \u00e0 cesser imm\u00e9diatement ses tentatives de porter atteinte \u00e0 l\u2019unit\u00e9 de l\u2019\u00c9tat et \u00e0 ses institutions\u00bb.<\/em><\/p>\n\n\n\n<p>D&rsquo;autre part, Afek Tounes estime que la situation actuelle et les tentatives men\u00e9es par certaines parties pour revenir \u00e0 la p\u00e9riode d&rsquo;avant le 25 juillet, est le r\u00e9sultat direct de ce qu&rsquo;il a qualifi\u00e9 de \u00ab<em>blocage du processus de r\u00e9forme politique<\/em>\u00bb ainsi que de la d\u00e9marche unilat\u00e9rale du pr\u00e9sident de la r\u00e9publique qui a exclu les organisations et les partis politiques : <em>\u00abCe qui a conduit \u00e0 une d\u00e9viation progressive vers l&rsquo;autocratie au lieu d&rsquo;entreprendre des r\u00e9formes dans la voie de la transition d\u00e9mocratique\u00bb.<\/em><\/p>\n\n\n\n<p>Afek Tounes a \u00e9galement appel\u00e9 toutes les parties prenantes \u00e0 rejeter les tiraillements politiques abusifs et \u00e0 concentrer tous les efforts pour sauver le pays et parvenir \u00e0 des solutions concr\u00e8tes pour am\u00e9liorer la situation financi\u00e8re, \u00e9conomique et sociale afin de faire face \u00e0 une grave crise.<\/p>\n\n\n\n<p class=\"has-text-align-right\"><strong>Y. N.<\/strong><\/p>\n","protected":false},"excerpt":{"rendered":"<p>Afek Tounes s&rsquo;est exprim\u00e9 sur les derniers \u00e9v\u00e8nements politiques notamment la r\u00e9union du bureau de l&rsquo;Assembl\u00e9e gel\u00e9e \u00e0 l&rsquo;issue de laquelle il a \u00e9t\u00e9 d\u00e9cid\u00e9 d&rsquo;organiser une s\u00e9ance pl\u00e9ni\u00e8re, le 30 mars, afin de mettre fin aux mesures exceptionnelles d\u00e9cid\u00e9es par le pr\u00e9sident de la r\u00e9publique le 25 juillet dernier.<\/p>\n","protected":false},"author":6,"featured_media":0,"comment_status":"open","ping_status":"open","sticky":false,"template":"","format":"standard","meta":{"footnotes":""},"categories":[997,2433],"tags":[76920,4568,93,76012,76625,758,62643],"class_list":["post-385845","post","type-post","status-publish","format-standard","hentry","category-politique","category-tunisie","tag-25-juillet","tag-afek-tounes","tag-assemblee","tag-kais-saied-2","tag-mesures-exceptionnelles","tag-rached-ghannouchi","tag-tunisie"],"yoast_head":"<!-- This site is optimized with the Yoast SEO plugin v26.6 - https:\/\/yoast.com\/wordpress\/plugins\/seo\/ -->\n<title>Tunisie : Ghannouchi appel\u00e9 \u00e0 respecter la volont\u00e9 du peuple et \u00e0 ne pas porter atteinte \u00e0 l\u2019unit\u00e9 de l\u2019\u00c9tat (Afek Tounes) - Kapitalis<\/title>\n<meta name=\"robots\" content=\"index, follow, max-snippet:-1, max-image-preview:large, max-video-preview:-1\" \/>\n<link rel=\"canonical\" href=\"https:\/\/kapitalis.com\/tunisie\/2022\/03\/29\/tunisie-ghannouchi-appele-a-respecter-la-volonte-du-peuple-et-a-ne-pas-porter-atteinte-a-lunite-de-letat-afek-tounes\/\" \/>\n<meta property=\"og:locale\" content=\"fr_FR\" \/>\n<meta property=\"og:type\" content=\"article\" \/>\n<meta property=\"og:title\" content=\"Tunisie : Ghannouchi appel\u00e9 \u00e0 respecter la volont\u00e9 du peuple et \u00e0 ne pas porter atteinte \u00e0 l\u2019unit\u00e9 de l\u2019\u00c9tat (Afek Tounes) - Kapitalis\" \/>\n<meta property=\"og:description\" content=\"Afek Tounes s&rsquo;est exprim\u00e9 sur les derniers \u00e9v\u00e8nements politiques notamment la r\u00e9union du bureau de l&rsquo;Assembl\u00e9e gel\u00e9e \u00e0 l&rsquo;issue de laquelle il a \u00e9t\u00e9 d\u00e9cid\u00e9 d&rsquo;organiser une s\u00e9ance pl\u00e9ni\u00e8re, le 30 mars, afin de mettre fin aux mesures exceptionnelles d\u00e9cid\u00e9es par le pr\u00e9sident de la r\u00e9publique le 25 juillet dernier.\" \/>\n<meta property=\"og:url\" content=\"https:\/\/kapitalis.com\/tunisie\/2022\/03\/29\/tunisie-ghannouchi-appele-a-respecter-la-volonte-du-peuple-et-a-ne-pas-porter-atteinte-a-lunite-de-letat-afek-tounes\/\" \/>\n<meta property=\"og:site_name\" content=\"Kapitalis\" \/>\n<meta property=\"article:publisher\" content=\"https:\/\/www.facebook.com\/KapitalisInfo\/\" \/>\n<meta property=\"article:published_time\" content=\"2022-03-29T22:30:18+00:00\" \/>\n<meta property=\"article:modified_time\" content=\"2022-03-29T22:36:29+00:00\" \/>\n<meta property=\"og:image\" content=\"http:\/\/kapitalis.com\/tunisie\/wp-content\/uploads\/2018\/02\/Afek-Tounes.jpg\" \/>\n<meta name=\"author\" content=\"Yusra NY\" \/>\n<meta name=\"twitter:card\" content=\"summary_large_image\" \/>\n<meta name=\"twitter:creator\" content=\"@KapitalisInfo\" \/>\n<meta name=\"twitter:site\" content=\"@KapitalisInfo\" \/>\n<meta name=\"twitter:label1\" content=\"\u00c9crit par\" \/>\n\t<meta name=\"twitter:data1\" content=\"Yusra NY\" \/>\n\t<meta name=\"twitter:label2\" content=\"Dur\u00e9e de lecture estim\u00e9e\" \/>\n\t<meta name=\"twitter:data2\" content=\"1 minute\" \/>\n<script type=\"application\/ld+json\" class=\"yoast-schema-graph\">{\"@context\":\"https:\/\/schema.org\",\"@graph\":[{\"@type\":\"Article\",\"@id\":\"https:\/\/kapitalis.com\/tunisie\/2022\/03\/29\/tunisie-ghannouchi-appele-a-respecter-la-volonte-du-peuple-et-a-ne-pas-porter-atteinte-a-lunite-de-letat-afek-tounes\/#article\",\"isPartOf\":{\"@id\":\"https:\/\/kapitalis.com\/tunisie\/2022\/03\/29\/tunisie-ghannouchi-appele-a-respecter-la-volonte-du-peuple-et-a-ne-pas-porter-atteinte-a-lunite-de-letat-afek-tounes\/\"},\"author\":{\"name\":\"Yusra NY\",\"@id\":\"https:\/\/kapitalis.com\/tunisie\/#\/schema\/person\/74bbde0154d49d790a92aaeac5bc01d5\"},\"headline\":\"Tunisie : Ghannouchi appel\u00e9 \u00e0 respecter la volont\u00e9 du peuple et \u00e0 ne pas porter atteinte \u00e0 l\u2019unit\u00e9 de l\u2019\u00c9tat (Afek Tounes)\",\"datePublished\":\"2022-03-29T22:30:18+00:00\",\"dateModified\":\"2022-03-29T22:36:29+00:00\",\"mainEntityOfPage\":{\"@id\":\"https:\/\/kapitalis.com\/tunisie\/2022\/03\/29\/tunisie-ghannouchi-appele-a-respecter-la-volonte-du-peuple-et-a-ne-pas-porter-atteinte-a-lunite-de-letat-afek-tounes\/\"},\"wordCount\":294,\"commentCount\":1,\"publisher\":{\"@id\":\"https:\/\/kapitalis.com\/tunisie\/#organization\"},\"image\":{\"@id\":\"https:\/\/kapitalis.com\/tunisie\/2022\/03\/29\/tunisie-ghannouchi-appele-a-respecter-la-volonte-du-peuple-et-a-ne-pas-porter-atteinte-a-lunite-de-letat-afek-tounes\/#primaryimage\"},\"thumbnailUrl\":\"http:\/\/kapitalis.com\/tunisie\/wp-content\/uploads\/2018\/02\/Afek-Tounes.jpg\",\"keywords\":[\"25 juillet\",\"Afek Tounes\",\"Assembl\u00e9e\",\"Ka\u00efs Sa\u00efed\",\"mesures exceptionnelles\",\"Rached Ghannouchi\",\"Tunisie\"],\"articleSection\":[\"POLITIQUE\",\"Tunisie\"],\"inLanguage\":\"fr-FR\",\"potentialAction\":[{\"@type\":\"CommentAction\",\"name\":\"Comment\",\"target\":[\"https:\/\/kapitalis.com\/tunisie\/2022\/03\/29\/tunisie-ghannouchi-appele-a-respecter-la-volonte-du-peuple-et-a-ne-pas-porter-atteinte-a-lunite-de-letat-afek-tounes\/#respond\"]}]},{\"@type\":\"WebPage\",\"@id\":\"https:\/\/kapitalis.com\/tunisie\/2022\/03\/29\/tunisie-ghannouchi-appele-a-respecter-la-volonte-du-peuple-et-a-ne-pas-porter-atteinte-a-lunite-de-letat-afek-tounes\/\",\"url\":\"https:\/\/kapitalis.com\/tunisie\/2022\/03\/29\/tunisie-ghannouchi-appele-a-respecter-la-volonte-du-peuple-et-a-ne-pas-porter-atteinte-a-lunite-de-letat-afek-tounes\/\",\"name\":\"Tunisie : Ghannouchi appel\u00e9 \u00e0 respecter la volont\u00e9 du peuple et \u00e0 ne pas porter atteinte \u00e0 l\u2019unit\u00e9 de l\u2019\u00c9tat (Afek Tounes) - Kapitalis\",\"isPartOf\":{\"@id\":\"https:\/\/kapitalis.com\/tunisie\/#website\"},\"primaryImageOfPage\":{\"@id\":\"https:\/\/kapitalis.com\/tunisie\/2022\/03\/29\/tunisie-ghannouchi-appele-a-respecter-la-volonte-du-peuple-et-a-ne-pas-porter-atteinte-a-lunite-de-letat-afek-tounes\/#primaryimage\"},\"image\":{\"@id\":\"https:\/\/kapitalis.com\/tunisie\/2022\/03\/29\/tunisie-ghannouchi-appele-a-respecter-la-volonte-du-peuple-et-a-ne-pas-porter-atteinte-a-lunite-de-letat-afek-tounes\/#primaryimage\"},\"thumbnailUrl\":\"http:\/\/kapitalis.com\/tunisie\/wp-content\/uploads\/2018\/02\/Afek-Tounes.jpg\",\"datePublished\":\"2022-03-29T22:30:18+00:00\",\"dateModified\":\"2022-03-29T22:36:29+00:00\",\"breadcrumb\":{\"@id\":\"https:\/\/kapitalis.com\/tunisie\/2022\/03\/29\/tunisie-ghannouchi-appele-a-respecter-la-volonte-du-peuple-et-a-ne-pas-porter-atteinte-a-lunite-de-letat-afek-tounes\/#breadcrumb\"},\"inLanguage\":\"fr-FR\",\"potentialAction\":[{\"@type\":\"ReadAction\",\"target\":[\"https:\/\/kapitalis.com\/tunisie\/2022\/03\/29\/tunisie-ghannouchi-appele-a-respecter-la-volonte-du-peuple-et-a-ne-pas-porter-atteinte-a-lunite-de-letat-afek-tounes\/\"]}]},{\"@type\":\"ImageObject\",\"inLanguage\":\"fr-FR\",\"@id\":\"https:\/\/kapitalis.com\/tunisie\/2022\/03\/29\/tunisie-ghannouchi-appele-a-respecter-la-volonte-du-peuple-et-a-ne-pas-porter-atteinte-a-lunite-de-letat-afek-tounes\/#primaryimage\",\"url\":\"http:\/\/kapitalis.com\/tunisie\/wp-content\/uploads\/2018\/02\/Afek-Tounes.jpg\",\"contentUrl\":\"http:\/\/kapitalis.com\/tunisie\/wp-content\/uploads\/2018\/02\/Afek-Tounes.jpg\"},{\"@type\":\"BreadcrumbList\",\"@id\":\"https:\/\/kapitalis.com\/tunisie\/2022\/03\/29\/tunisie-ghannouchi-appele-a-respecter-la-volonte-du-peuple-et-a-ne-pas-porter-atteinte-a-lunite-de-letat-afek-tounes\/#breadcrumb\",\"itemListElement\":[{\"@type\":\"ListItem\",\"position\":1,\"name\":\"Accueil\",\"item\":\"https:\/\/kapitalis.com\/tunisie\/\"},{\"@type\":\"ListItem\",\"position\":2,\"name\":\"Tunisie : Ghannouchi appel\u00e9 \u00e0 respecter la volont\u00e9 du peuple et \u00e0 ne pas porter atteinte \u00e0 l\u2019unit\u00e9 de l\u2019\u00c9tat (Afek Tounes)\"}]},{\"@type\":\"WebSite\",\"@id\":\"https:\/\/kapitalis.com\/tunisie\/#website\",\"url\":\"https:\/\/kapitalis.com\/tunisie\/\",\"name\":\"Kapitalis\",\"description\":\"L&#039;actualit\u00e9 en Tunisie et dans le monde\",\"publisher\":{\"@id\":\"https:\/\/kapitalis.com\/tunisie\/#organization\"},\"potentialAction\":[{\"@type\":\"SearchAction\",\"target\":{\"@type\":\"EntryPoint\",\"urlTemplate\":\"https:\/\/kapitalis.com\/tunisie\/?s={search_term_string}\"},\"query-input\":{\"@type\":\"PropertyValueSpecification\",\"valueRequired\":true,\"valueName\":\"search_term_string\"}}],\"inLanguage\":\"fr-FR\"},{\"@type\":\"Organization\",\"@id\":\"https:\/\/kapitalis.com\/tunisie\/#organization\",\"name\":\"Kapitalis\",\"url\":\"https:\/\/kapitalis.com\/tunisie\/\",\"logo\":{\"@type\":\"ImageObject\",\"inLanguage\":\"fr-FR\",\"@id\":\"https:\/\/kapitalis.com\/tunisie\/#\/schema\/logo\/image\/\",\"url\":\"https:\/\/kapitalis.com\/tunisie\/wp-content\/uploads\/2022\/05\/Kapitalis-big-size.png\",\"contentUrl\":\"https:\/\/kapitalis.com\/tunisie\/wp-content\/uploads\/2022\/05\/Kapitalis-big-size.png\",\"width\":5000,\"height\":1500,\"caption\":\"Kapitalis\"},\"image\":{\"@id\":\"https:\/\/kapitalis.com\/tunisie\/#\/schema\/logo\/image\/\"},\"sameAs\":[\"https:\/\/www.facebook.com\/KapitalisInfo\/\",\"https:\/\/x.com\/KapitalisInfo\",\"https:\/\/www.youtube.com\/channel\/UC-yDYrHyfFBWWZaOw3FPg9Q\"]},{\"@type\":\"Person\",\"@id\":\"https:\/\/kapitalis.com\/tunisie\/#\/schema\/person\/74bbde0154d49d790a92aaeac5bc01d5\",\"name\":\"Yusra NY\",\"url\":\"https:\/\/kapitalis.com\/tunisie\/author\/yuza_adam\/\"}]}<\/script>\n<!-- \/ Yoast SEO plugin. -->","yoast_head_json":{"title":"Tunisie : Ghannouchi appel\u00e9 \u00e0 respecter la volont\u00e9 du peuple et \u00e0 ne pas porter atteinte \u00e0 l\u2019unit\u00e9 de l\u2019\u00c9tat (Afek Tounes) - Kapitalis","robots":{"index":"index","follow":"follow","max-snippet":"max-snippet:-1","max-image-preview":"max-image-preview:large","max-video-preview":"max-video-preview:-1"},"canonical":"https:\/\/kapitalis.com\/tunisie\/2022\/03\/29\/tunisie-ghannouchi-appele-a-respecter-la-volonte-du-peuple-et-a-ne-pas-porter-atteinte-a-lunite-de-letat-afek-tounes\/","og_locale":"fr_FR","og_type":"article","og_title":"Tunisie : Ghannouchi appel\u00e9 \u00e0 respecter la volont\u00e9 du peuple et \u00e0 ne pas porter atteinte \u00e0 l\u2019unit\u00e9 de l\u2019\u00c9tat (Afek Tounes) - Kapitalis","og_description":"Afek Tounes s&rsquo;est exprim\u00e9 sur les derniers \u00e9v\u00e8nements politiques notamment la r\u00e9union du bureau de l&rsquo;Assembl\u00e9e gel\u00e9e \u00e0 l&rsquo;issue de laquelle il a \u00e9t\u00e9 d\u00e9cid\u00e9 d&rsquo;organiser une s\u00e9ance pl\u00e9ni\u00e8re, le 30 mars, afin de mettre fin aux mesures exceptionnelles d\u00e9cid\u00e9es par le pr\u00e9sident de la r\u00e9publique le 25 juillet dernier.","og_url":"https:\/\/kapitalis.com\/tunisie\/2022\/03\/29\/tunisie-ghannouchi-appele-a-respecter-la-volonte-du-peuple-et-a-ne-pas-porter-atteinte-a-lunite-de-letat-afek-tounes\/","og_site_name":"Kapitalis","article_publisher":"https:\/\/www.facebook.com\/KapitalisInfo\/","article_published_time":"2022-03-29T22:30:18+00:00","article_modified_time":"2022-03-29T22:36:29+00:00","og_image":[{"url":"http:\/\/kapitalis.com\/tunisie\/wp-content\/uploads\/2018\/02\/Afek-Tounes.jpg","type":"","width":"","height":""}],"author":"Yusra NY","twitter_card":"summary_large_image","twitter_creator":"@KapitalisInfo","twitter_site":"@KapitalisInfo","twitter_misc":{"\u00c9crit par":"Yusra NY","Dur\u00e9e de lecture estim\u00e9e":"1 minute"},"schema":{"@context":"https:\/\/schema.org","@graph":[{"@type":"Article","@id":"https:\/\/kapitalis.com\/tunisie\/2022\/03\/29\/tunisie-ghannouchi-appele-a-respecter-la-volonte-du-peuple-et-a-ne-pas-porter-atteinte-a-lunite-de-letat-afek-tounes\/#article","isPartOf":{"@id":"https:\/\/kapitalis.com\/tunisie\/2022\/03\/29\/tunisie-ghannouchi-appele-a-respecter-la-volonte-du-peuple-et-a-ne-pas-porter-atteinte-a-lunite-de-letat-afek-tounes\/"},"author":{"name":"Yusra NY","@id":"https:\/\/kapitalis.com\/tunisie\/#\/schema\/person\/74bbde0154d49d790a92aaeac5bc01d5"},"headline":"Tunisie : Ghannouchi appel\u00e9 \u00e0 respecter la volont\u00e9 du peuple et \u00e0 ne pas porter atteinte \u00e0 l\u2019unit\u00e9 de l\u2019\u00c9tat (Afek Tounes)","datePublished":"2022-03-29T22:30:18+00:00","dateModified":"2022-03-29T22:36:29+00:00","mainEntityOfPage":{"@id":"https:\/\/kapitalis.com\/tunisie\/2022\/03\/29\/tunisie-ghannouchi-appele-a-respecter-la-volonte-du-peuple-et-a-ne-pas-porter-atteinte-a-lunite-de-letat-afek-tounes\/"},"wordCount":294,"commentCount":1,"publisher":{"@id":"https:\/\/kapitalis.com\/tunisie\/#organization"},"image":{"@id":"https:\/\/kapitalis.com\/tunisie\/2022\/03\/29\/tunisie-ghannouchi-appele-a-respecter-la-volonte-du-peuple-et-a-ne-pas-porter-atteinte-a-lunite-de-letat-afek-tounes\/#primaryimage"},"thumbnailUrl":"http:\/\/kapitalis.com\/tunisie\/wp-content\/uploads\/2018\/02\/Afek-Tounes.jpg","keywords":["25 juillet","Afek Tounes","Assembl\u00e9e","Ka\u00efs Sa\u00efed","mesures exceptionnelles","Rached Ghannouchi","Tunisie"],"articleSection":["POLITIQUE","Tunisie"],"inLanguage":"fr-FR","potentialAction":[{"@type":"CommentAction","name":"Comment","target":["https:\/\/kapitalis.com\/tunisie\/2022\/03\/29\/tunisie-ghannouchi-appele-a-respecter-la-volonte-du-peuple-et-a-ne-pas-porter-atteinte-a-lunite-de-letat-afek-tounes\/#respond"]}]},{"@type":"WebPage","@id":"https:\/\/kapitalis.com\/tunisie\/2022\/03\/29\/tunisie-ghannouchi-appele-a-respecter-la-volonte-du-peuple-et-a-ne-pas-porter-atteinte-a-lunite-de-letat-afek-tounes\/","url":"https:\/\/kapitalis.com\/tunisie\/2022\/03\/29\/tunisie-ghannouchi-appele-a-respecter-la-volonte-du-peuple-et-a-ne-pas-porter-atteinte-a-lunite-de-letat-afek-tounes\/","name":"Tunisie : Ghannouchi appel\u00e9 \u00e0 respecter la volont\u00e9 du peuple et \u00e0 ne pas porter atteinte \u00e0 l\u2019unit\u00e9 de l\u2019\u00c9tat (Afek Tounes) - Kapitalis","isPartOf":{"@id":"https:\/\/kapitalis.com\/tunisie\/#website"},"primaryImageOfPage":{"@id":"https:\/\/kapitalis.com\/tunisie\/2022\/03\/29\/tunisie-ghannouchi-appele-a-respecter-la-volonte-du-peuple-et-a-ne-pas-porter-atteinte-a-lunite-de-letat-afek-tounes\/#primaryimage"},"image":{"@id":"https:\/\/kapitalis.com\/tunisie\/2022\/03\/29\/tunisie-ghannouchi-appele-a-respecter-la-volonte-du-peuple-et-a-ne-pas-porter-atteinte-a-lunite-de-letat-afek-tounes\/#primaryimage"},"thumbnailUrl":"http:\/\/kapitalis.com\/tunisie\/wp-content\/uploads\/2018\/02\/Afek-Tounes.jpg","datePublished":"2022-03-29T22:30:18+00:00","dateModified":"2022-03-29T22:36:29+00:00","breadcrumb":{"@id":"https:\/\/kapitalis.com\/tunisie\/2022\/03\/29\/tunisie-ghannouchi-appele-a-respecter-la-volonte-du-peuple-et-a-ne-pas-porter-atteinte-a-lunite-de-letat-afek-tounes\/#breadcrumb"},"inLanguage":"fr-FR","potentialAction":[{"@type":"ReadAction","target":["https:\/\/kapitalis.com\/tunisie\/2022\/03\/29\/tunisie-ghannouchi-appele-a-respecter-la-volonte-du-peuple-et-a-ne-pas-porter-atteinte-a-lunite-de-letat-afek-tounes\/"]}]},{"@type":"ImageObject","inLanguage":"fr-FR","@id":"https:\/\/kapitalis.com\/tunisie\/2022\/03\/29\/tunisie-ghannouchi-appele-a-respecter-la-volonte-du-peuple-et-a-ne-pas-porter-atteinte-a-lunite-de-letat-afek-tounes\/#primaryimage","url":"http:\/\/kapitalis.com\/tunisie\/wp-content\/uploads\/2018\/02\/Afek-Tounes.jpg","contentUrl":"http:\/\/kapitalis.com\/tunisie\/wp-content\/uploads\/2018\/02\/Afek-Tounes.jpg"},{"@type":"BreadcrumbList","@id":"https:\/\/kapitalis.com\/tunisie\/2022\/03\/29\/tunisie-ghannouchi-appele-a-respecter-la-volonte-du-peuple-et-a-ne-pas-porter-atteinte-a-lunite-de-letat-afek-tounes\/#breadcrumb","itemListElement":[{"@type":"ListItem","position":1,"name":"Accueil","item":"https:\/\/kapitalis.com\/tunisie\/"},{"@type":"ListItem","position":2,"name":"Tunisie : Ghannouchi appel\u00e9 \u00e0 respecter la volont\u00e9 du peuple et \u00e0 ne pas porter atteinte \u00e0 l\u2019unit\u00e9 de l\u2019\u00c9tat (Afek Tounes)"}]},{"@type":"WebSite","@id":"https:\/\/kapitalis.com\/tunisie\/#website","url":"https:\/\/kapitalis.com\/tunisie\/","name":"Kapitalis","description":"L&#039;actualit\u00e9 en Tunisie et dans le monde","publisher":{"@id":"https:\/\/kapitalis.com\/tunisie\/#organization"},"potentialAction":[{"@type":"SearchAction","target":{"@type":"EntryPoint","urlTemplate":"https:\/\/kapitalis.com\/tunisie\/?s={search_term_string}"},"query-input":{"@type":"PropertyValueSpecification","valueRequired":true,"valueName":"search_term_string"}}],"inLanguage":"fr-FR"},{"@type":"Organization","@id":"https:\/\/kapitalis.com\/tunisie\/#organization","name":"Kapitalis","url":"https:\/\/kapitalis.com\/tunisie\/","logo":{"@type":"ImageObject","inLanguage":"fr-FR","@id":"https:\/\/kapitalis.com\/tunisie\/#\/schema\/logo\/image\/","url":"https:\/\/kapitalis.com\/tunisie\/wp-content\/uploads\/2022\/05\/Kapitalis-big-size.png","contentUrl":"https:\/\/kapitalis.com\/tunisie\/wp-content\/uploads\/2022\/05\/Kapitalis-big-size.png","width":5000,"height":1500,"caption":"Kapitalis"},"image":{"@id":"https:\/\/kapitalis.com\/tunisie\/#\/schema\/logo\/image\/"},"sameAs":["https:\/\/www.facebook.com\/KapitalisInfo\/","https:\/\/x.com\/KapitalisInfo","https:\/\/www.youtube.com\/channel\/UC-yDYrHyfFBWWZaOw3FPg9Q"]},{"@type":"Person","@id":"https:\/\/kapitalis.com\/tunisie\/#\/schema\/person\/74bbde0154d49d790a92aaeac5bc01d5","name":"Yusra NY","url":"https:\/\/kapitalis.com\/tunisie\/author\/yuza_adam\/"}]}},"_links":{"self":[{"href":"https:\/\/kapitalis.com\/tunisie\/wp-json\/wp\/v2\/posts\/385845","targetHints":{"allow":["GET"]}}],"collection":[{"href":"https:\/\/kapitalis.com\/tunisie\/wp-json\/wp\/v2\/posts"}],"about":[{"href":"https:\/\/kapitalis.com\/tunisie\/wp-json\/wp\/v2\/types\/post"}],"author":[{"embeddable":true,"href":"https:\/\/kapitalis.com\/tunisie\/wp-json\/wp\/v2\/users\/6"}],"replies":[{"embeddable":true,"href":"https:\/\/kapitalis.com\/tunisie\/wp-json\/wp\/v2\/comments?post=385845"}],"version-history":[{"count":0,"href":"https:\/\/kapitalis.com\/tunisie\/wp-json\/wp\/v2\/posts\/385845\/revisions"}],"wp:attachment":[{"href":"https:\/\/kapitalis.com\/tunisie\/wp-json\/wp\/v2\/media?parent=385845"}],"wp:term":[{"taxonomy":"category","embeddable":true,"href":"https:\/\/kapitalis.com\/tunisie\/wp-json\/wp\/v2\/categories?post=385845"},{"taxonomy":"post_tag","embeddable":true,"href":"https:\/\/kapitalis.com\/tunisie\/wp-json\/wp\/v2\/tags?post=385845"}],"curies":[{"name":"wp","href":"https:\/\/api.w.org\/{rel}","templated":true}]}}