{"id":386039,"date":"2022-03-31T09:52:51","date_gmt":"2022-03-31T08:52:51","guid":{"rendered":"http:\/\/kapitalis.com\/tunisie\/?p=386039"},"modified":"2022-03-31T09:55:10","modified_gmt":"2022-03-31T08:55:10","slug":"le-beyrouth-des-annees-50-raconte-en-piano-et-en-dessin-a-linstitut-francais-de-tunisie","status":"publish","type":"post","link":"https:\/\/kapitalis.com\/tunisie\/2022\/03\/31\/le-beyrouth-des-annees-50-raconte-en-piano-et-en-dessin-a-linstitut-francais-de-tunisie\/","title":{"rendered":"Le Beyrouth des ann\u00e9es 50 racont\u00e9 en piano et en dessin \u00e0 l\u2019Institut Fran\u00e7ais de Tunisie"},"content":{"rendered":"\n<div class=\"wp-block-image\"><figure class=\"aligncenter size-full\"><img decoding=\"async\" src=\"http:\/\/kapitalis.com\/tunisie\/wp-content\/uploads\/2022\/03\/Untitled-4-8.jpg\" alt=\"\" class=\"wp-image-386043\"\/><\/figure><\/div>\n\n\n\n<p><em><strong>L\u2019illustratrice Zeina Abirached et le musicien St\u00e9phane Tsapis donneront un spectacle qui m\u00eale la musique, le dessin et la lecture \u00e0 l\u2019Institut Fran\u00e7ais de Tunsie (IFT) ce vendredi 1<sup>er<\/sup> avril.<\/strong><\/em><\/p>\n\n\n\n<!--more-->\n\n\n\n<p>Apr\u00e8s Sfax et Sousse, le duo Zeina Abirached et St\u00e9phane Tsapis cl\u00f4tureront leur tourn\u00e9e tunisienne \u00e0 Tunis, \u00e0 l\u2019IFT, ce vendredi. Un moment artistique in\u00e9dit autour du piano oriental, un instrument invent\u00e9 par le grand-p\u00e8re de la dessinatrice Zeina Abirached, permettant \u00e0 la fois de jouer la musique orientale \u00e0 quarts de ton et la musique temp\u00e9r\u00e9e occidentale.<\/p>\n\n\n\n<p>Le spectacle, qui sera en acc\u00e8s gratuit, est une lecture dessin\u00e9e en musique autour de la ville de Beyrouth dans les ann\u00e9es cinquante. Accompagn\u00e9e par le pianiste St\u00e9phane Tsapis, Zeina Abirached racontera en mots et en images le destin de son grand-p\u00e8re Abdallah Kamanja, pianiste, compositeur et inventeur du piano oriental.<\/p>\n\n\n\n<p class=\"has-text-align-right\"><strong>F.B<\/strong><\/p>\n","protected":false},"excerpt":{"rendered":"<p>L\u2019illustratrice Zeina Abirached et le musicien St\u00e9phane Tsapis donneront un spectacle qui m\u00eale la musique, le dessin et la lecture \u00e0 l\u2019Institut Fran\u00e7ais de Tunsie (IFT) ce vendredi 1er avril.<\/p>\n","protected":false},"author":26,"featured_media":386043,"comment_status":"open","ping_status":"open","sticky":false,"template":"","format":"standard","meta":{"footnotes":""},"categories":[994,2433],"tags":[462,98558,98557,62643,98556],"class_list":["post-386039","post","type-post","status-publish","format-standard","has-post-thumbnail","hentry","category-culture","category-tunisie","tag-ift","tag-piano-oriental","tag-stephane-tsapis","tag-tunisie","tag-zeina-abirached"],"yoast_head":"<!-- This site is optimized with the Yoast SEO plugin v26.6 - https:\/\/yoast.com\/wordpress\/plugins\/seo\/ -->\n<title>Le Beyrouth des ann\u00e9es 50 racont\u00e9 en piano et en dessin \u00e0 l\u2019Institut Fran\u00e7ais de Tunisie - Kapitalis<\/title>\n<meta name=\"robots\" content=\"index, follow, max-snippet:-1, max-image-preview:large, max-video-preview:-1\" \/>\n<link rel=\"canonical\" href=\"https:\/\/kapitalis.com\/tunisie\/2022\/03\/31\/le-beyrouth-des-annees-50-raconte-en-piano-et-en-dessin-a-linstitut-francais-de-tunisie\/\" \/>\n<meta property=\"og:locale\" content=\"fr_FR\" \/>\n<meta property=\"og:type\" content=\"article\" \/>\n<meta property=\"og:title\" content=\"Le Beyrouth des ann\u00e9es 50 racont\u00e9 en piano et en dessin \u00e0 l\u2019Institut Fran\u00e7ais de Tunisie - Kapitalis\" \/>\n<meta property=\"og:description\" content=\"L\u2019illustratrice Zeina Abirached et le musicien St\u00e9phane Tsapis donneront un spectacle qui m\u00eale la musique, le dessin et la lecture \u00e0 l\u2019Institut Fran\u00e7ais de Tunsie (IFT) ce vendredi 1er avril.\" \/>\n<meta property=\"og:url\" content=\"https:\/\/kapitalis.com\/tunisie\/2022\/03\/31\/le-beyrouth-des-annees-50-raconte-en-piano-et-en-dessin-a-linstitut-francais-de-tunisie\/\" \/>\n<meta property=\"og:site_name\" content=\"Kapitalis\" \/>\n<meta property=\"article:publisher\" content=\"https:\/\/www.facebook.com\/KapitalisInfo\/\" \/>\n<meta property=\"article:published_time\" content=\"2022-03-31T08:52:51+00:00\" \/>\n<meta property=\"article:modified_time\" content=\"2022-03-31T08:55:10+00:00\" \/>\n<meta property=\"og:image\" content=\"https:\/\/kapitalis.com\/tunisie\/wp-content\/uploads\/2022\/05\/kapitalis-logo-fb.png\" \/>\n\t<meta property=\"og:image:width\" content=\"1200\" \/>\n\t<meta property=\"og:image:height\" content=\"630\" \/>\n\t<meta property=\"og:image:type\" content=\"image\/png\" \/>\n<meta name=\"author\" content=\"Fawz BenAli\" \/>\n<meta name=\"twitter:card\" content=\"summary_large_image\" \/>\n<meta name=\"twitter:creator\" content=\"@KapitalisInfo\" \/>\n<meta name=\"twitter:site\" content=\"@KapitalisInfo\" \/>\n<meta name=\"twitter:label1\" content=\"\u00c9crit par\" \/>\n\t<meta name=\"twitter:data1\" content=\"Fawz BenAli\" \/>\n\t<meta name=\"twitter:label2\" content=\"Dur\u00e9e de lecture estim\u00e9e\" \/>\n\t<meta name=\"twitter:data2\" content=\"1 minute\" \/>\n<script type=\"application\/ld+json\" class=\"yoast-schema-graph\">{\"@context\":\"https:\/\/schema.org\",\"@graph\":[{\"@type\":\"Article\",\"@id\":\"https:\/\/kapitalis.com\/tunisie\/2022\/03\/31\/le-beyrouth-des-annees-50-raconte-en-piano-et-en-dessin-a-linstitut-francais-de-tunisie\/#article\",\"isPartOf\":{\"@id\":\"https:\/\/kapitalis.com\/tunisie\/2022\/03\/31\/le-beyrouth-des-annees-50-raconte-en-piano-et-en-dessin-a-linstitut-francais-de-tunisie\/\"},\"author\":{\"name\":\"Fawz BenAli\",\"@id\":\"https:\/\/kapitalis.com\/tunisie\/#\/schema\/person\/73a5ecc1f6ae540c6ed91342eadca948\"},\"headline\":\"Le Beyrouth des ann\u00e9es 50 racont\u00e9 en piano et en dessin \u00e0 l\u2019Institut Fran\u00e7ais de Tunisie\",\"datePublished\":\"2022-03-31T08:52:51+00:00\",\"dateModified\":\"2022-03-31T08:55:10+00:00\",\"mainEntityOfPage\":{\"@id\":\"https:\/\/kapitalis.com\/tunisie\/2022\/03\/31\/le-beyrouth-des-annees-50-raconte-en-piano-et-en-dessin-a-linstitut-francais-de-tunisie\/\"},\"wordCount\":173,\"commentCount\":0,\"publisher\":{\"@id\":\"https:\/\/kapitalis.com\/tunisie\/#organization\"},\"image\":{\"@id\":\"https:\/\/kapitalis.com\/tunisie\/2022\/03\/31\/le-beyrouth-des-annees-50-raconte-en-piano-et-en-dessin-a-linstitut-francais-de-tunisie\/#primaryimage\"},\"thumbnailUrl\":\"\",\"keywords\":[\"IFT\",\"piano oriental\",\"St\u00e9phane Tsapis\",\"Tunisie\",\"Zeina Abirached\"],\"articleSection\":[\"CULTURE\",\"Tunisie\"],\"inLanguage\":\"fr-FR\",\"potentialAction\":[{\"@type\":\"CommentAction\",\"name\":\"Comment\",\"target\":[\"https:\/\/kapitalis.com\/tunisie\/2022\/03\/31\/le-beyrouth-des-annees-50-raconte-en-piano-et-en-dessin-a-linstitut-francais-de-tunisie\/#respond\"]}]},{\"@type\":\"WebPage\",\"@id\":\"https:\/\/kapitalis.com\/tunisie\/2022\/03\/31\/le-beyrouth-des-annees-50-raconte-en-piano-et-en-dessin-a-linstitut-francais-de-tunisie\/\",\"url\":\"https:\/\/kapitalis.com\/tunisie\/2022\/03\/31\/le-beyrouth-des-annees-50-raconte-en-piano-et-en-dessin-a-linstitut-francais-de-tunisie\/\",\"name\":\"Le Beyrouth des ann\u00e9es 50 racont\u00e9 en piano et en dessin \u00e0 l\u2019Institut Fran\u00e7ais de Tunisie - Kapitalis\",\"isPartOf\":{\"@id\":\"https:\/\/kapitalis.com\/tunisie\/#website\"},\"primaryImageOfPage\":{\"@id\":\"https:\/\/kapitalis.com\/tunisie\/2022\/03\/31\/le-beyrouth-des-annees-50-raconte-en-piano-et-en-dessin-a-linstitut-francais-de-tunisie\/#primaryimage\"},\"image\":{\"@id\":\"https:\/\/kapitalis.com\/tunisie\/2022\/03\/31\/le-beyrouth-des-annees-50-raconte-en-piano-et-en-dessin-a-linstitut-francais-de-tunisie\/#primaryimage\"},\"thumbnailUrl\":\"\",\"datePublished\":\"2022-03-31T08:52:51+00:00\",\"dateModified\":\"2022-03-31T08:55:10+00:00\",\"breadcrumb\":{\"@id\":\"https:\/\/kapitalis.com\/tunisie\/2022\/03\/31\/le-beyrouth-des-annees-50-raconte-en-piano-et-en-dessin-a-linstitut-francais-de-tunisie\/#breadcrumb\"},\"inLanguage\":\"fr-FR\",\"potentialAction\":[{\"@type\":\"ReadAction\",\"target\":[\"https:\/\/kapitalis.com\/tunisie\/2022\/03\/31\/le-beyrouth-des-annees-50-raconte-en-piano-et-en-dessin-a-linstitut-francais-de-tunisie\/\"]}]},{\"@type\":\"ImageObject\",\"inLanguage\":\"fr-FR\",\"@id\":\"https:\/\/kapitalis.com\/tunisie\/2022\/03\/31\/le-beyrouth-des-annees-50-raconte-en-piano-et-en-dessin-a-linstitut-francais-de-tunisie\/#primaryimage\",\"url\":\"\",\"contentUrl\":\"\"},{\"@type\":\"BreadcrumbList\",\"@id\":\"https:\/\/kapitalis.com\/tunisie\/2022\/03\/31\/le-beyrouth-des-annees-50-raconte-en-piano-et-en-dessin-a-linstitut-francais-de-tunisie\/#breadcrumb\",\"itemListElement\":[{\"@type\":\"ListItem\",\"position\":1,\"name\":\"Accueil\",\"item\":\"https:\/\/kapitalis.com\/tunisie\/\"},{\"@type\":\"ListItem\",\"position\":2,\"name\":\"Le Beyrouth des ann\u00e9es 50 racont\u00e9 en piano et en dessin \u00e0 l\u2019Institut Fran\u00e7ais de Tunisie\"}]},{\"@type\":\"WebSite\",\"@id\":\"https:\/\/kapitalis.com\/tunisie\/#website\",\"url\":\"https:\/\/kapitalis.com\/tunisie\/\",\"name\":\"Kapitalis\",\"description\":\"L&#039;actualit\u00e9 en Tunisie et dans le monde\",\"publisher\":{\"@id\":\"https:\/\/kapitalis.com\/tunisie\/#organization\"},\"potentialAction\":[{\"@type\":\"SearchAction\",\"target\":{\"@type\":\"EntryPoint\",\"urlTemplate\":\"https:\/\/kapitalis.com\/tunisie\/?s={search_term_string}\"},\"query-input\":{\"@type\":\"PropertyValueSpecification\",\"valueRequired\":true,\"valueName\":\"search_term_string\"}}],\"inLanguage\":\"fr-FR\"},{\"@type\":\"Organization\",\"@id\":\"https:\/\/kapitalis.com\/tunisie\/#organization\",\"name\":\"Kapitalis\",\"url\":\"https:\/\/kapitalis.com\/tunisie\/\",\"logo\":{\"@type\":\"ImageObject\",\"inLanguage\":\"fr-FR\",\"@id\":\"https:\/\/kapitalis.com\/tunisie\/#\/schema\/logo\/image\/\",\"url\":\"https:\/\/kapitalis.com\/tunisie\/wp-content\/uploads\/2022\/05\/Kapitalis-big-size.png\",\"contentUrl\":\"https:\/\/kapitalis.com\/tunisie\/wp-content\/uploads\/2022\/05\/Kapitalis-big-size.png\",\"width\":5000,\"height\":1500,\"caption\":\"Kapitalis\"},\"image\":{\"@id\":\"https:\/\/kapitalis.com\/tunisie\/#\/schema\/logo\/image\/\"},\"sameAs\":[\"https:\/\/www.facebook.com\/KapitalisInfo\/\",\"https:\/\/x.com\/KapitalisInfo\",\"https:\/\/www.youtube.com\/channel\/UC-yDYrHyfFBWWZaOw3FPg9Q\"]},{\"@type\":\"Person\",\"@id\":\"https:\/\/kapitalis.com\/tunisie\/#\/schema\/person\/73a5ecc1f6ae540c6ed91342eadca948\",\"name\":\"Fawz BenAli\",\"url\":\"https:\/\/kapitalis.com\/tunisie\/author\/fawz\/\"}]}<\/script>\n<!-- \/ Yoast SEO plugin. -->","yoast_head_json":{"title":"Le Beyrouth des ann\u00e9es 50 racont\u00e9 en piano et en dessin \u00e0 l\u2019Institut Fran\u00e7ais de Tunisie - Kapitalis","robots":{"index":"index","follow":"follow","max-snippet":"max-snippet:-1","max-image-preview":"max-image-preview:large","max-video-preview":"max-video-preview:-1"},"canonical":"https:\/\/kapitalis.com\/tunisie\/2022\/03\/31\/le-beyrouth-des-annees-50-raconte-en-piano-et-en-dessin-a-linstitut-francais-de-tunisie\/","og_locale":"fr_FR","og_type":"article","og_title":"Le Beyrouth des ann\u00e9es 50 racont\u00e9 en piano et en dessin \u00e0 l\u2019Institut Fran\u00e7ais de Tunisie - Kapitalis","og_description":"L\u2019illustratrice Zeina Abirached et le musicien St\u00e9phane Tsapis donneront un spectacle qui m\u00eale la musique, le dessin et la lecture \u00e0 l\u2019Institut Fran\u00e7ais de Tunsie (IFT) ce vendredi 1er avril.","og_url":"https:\/\/kapitalis.com\/tunisie\/2022\/03\/31\/le-beyrouth-des-annees-50-raconte-en-piano-et-en-dessin-a-linstitut-francais-de-tunisie\/","og_site_name":"Kapitalis","article_publisher":"https:\/\/www.facebook.com\/KapitalisInfo\/","article_published_time":"2022-03-31T08:52:51+00:00","article_modified_time":"2022-03-31T08:55:10+00:00","og_image":[{"width":1200,"height":630,"url":"https:\/\/kapitalis.com\/tunisie\/wp-content\/uploads\/2022\/05\/kapitalis-logo-fb.png","type":"image\/png"}],"author":"Fawz BenAli","twitter_card":"summary_large_image","twitter_creator":"@KapitalisInfo","twitter_site":"@KapitalisInfo","twitter_misc":{"\u00c9crit par":"Fawz BenAli","Dur\u00e9e de lecture estim\u00e9e":"1 minute"},"schema":{"@context":"https:\/\/schema.org","@graph":[{"@type":"Article","@id":"https:\/\/kapitalis.com\/tunisie\/2022\/03\/31\/le-beyrouth-des-annees-50-raconte-en-piano-et-en-dessin-a-linstitut-francais-de-tunisie\/#article","isPartOf":{"@id":"https:\/\/kapitalis.com\/tunisie\/2022\/03\/31\/le-beyrouth-des-annees-50-raconte-en-piano-et-en-dessin-a-linstitut-francais-de-tunisie\/"},"author":{"name":"Fawz BenAli","@id":"https:\/\/kapitalis.com\/tunisie\/#\/schema\/person\/73a5ecc1f6ae540c6ed91342eadca948"},"headline":"Le Beyrouth des ann\u00e9es 50 racont\u00e9 en piano et en dessin \u00e0 l\u2019Institut Fran\u00e7ais de Tunisie","datePublished":"2022-03-31T08:52:51+00:00","dateModified":"2022-03-31T08:55:10+00:00","mainEntityOfPage":{"@id":"https:\/\/kapitalis.com\/tunisie\/2022\/03\/31\/le-beyrouth-des-annees-50-raconte-en-piano-et-en-dessin-a-linstitut-francais-de-tunisie\/"},"wordCount":173,"commentCount":0,"publisher":{"@id":"https:\/\/kapitalis.com\/tunisie\/#organization"},"image":{"@id":"https:\/\/kapitalis.com\/tunisie\/2022\/03\/31\/le-beyrouth-des-annees-50-raconte-en-piano-et-en-dessin-a-linstitut-francais-de-tunisie\/#primaryimage"},"thumbnailUrl":"","keywords":["IFT","piano oriental","St\u00e9phane Tsapis","Tunisie","Zeina Abirached"],"articleSection":["CULTURE","Tunisie"],"inLanguage":"fr-FR","potentialAction":[{"@type":"CommentAction","name":"Comment","target":["https:\/\/kapitalis.com\/tunisie\/2022\/03\/31\/le-beyrouth-des-annees-50-raconte-en-piano-et-en-dessin-a-linstitut-francais-de-tunisie\/#respond"]}]},{"@type":"WebPage","@id":"https:\/\/kapitalis.com\/tunisie\/2022\/03\/31\/le-beyrouth-des-annees-50-raconte-en-piano-et-en-dessin-a-linstitut-francais-de-tunisie\/","url":"https:\/\/kapitalis.com\/tunisie\/2022\/03\/31\/le-beyrouth-des-annees-50-raconte-en-piano-et-en-dessin-a-linstitut-francais-de-tunisie\/","name":"Le Beyrouth des ann\u00e9es 50 racont\u00e9 en piano et en dessin \u00e0 l\u2019Institut Fran\u00e7ais de Tunisie - Kapitalis","isPartOf":{"@id":"https:\/\/kapitalis.com\/tunisie\/#website"},"primaryImageOfPage":{"@id":"https:\/\/kapitalis.com\/tunisie\/2022\/03\/31\/le-beyrouth-des-annees-50-raconte-en-piano-et-en-dessin-a-linstitut-francais-de-tunisie\/#primaryimage"},"image":{"@id":"https:\/\/kapitalis.com\/tunisie\/2022\/03\/31\/le-beyrouth-des-annees-50-raconte-en-piano-et-en-dessin-a-linstitut-francais-de-tunisie\/#primaryimage"},"thumbnailUrl":"","datePublished":"2022-03-31T08:52:51+00:00","dateModified":"2022-03-31T08:55:10+00:00","breadcrumb":{"@id":"https:\/\/kapitalis.com\/tunisie\/2022\/03\/31\/le-beyrouth-des-annees-50-raconte-en-piano-et-en-dessin-a-linstitut-francais-de-tunisie\/#breadcrumb"},"inLanguage":"fr-FR","potentialAction":[{"@type":"ReadAction","target":["https:\/\/kapitalis.com\/tunisie\/2022\/03\/31\/le-beyrouth-des-annees-50-raconte-en-piano-et-en-dessin-a-linstitut-francais-de-tunisie\/"]}]},{"@type":"ImageObject","inLanguage":"fr-FR","@id":"https:\/\/kapitalis.com\/tunisie\/2022\/03\/31\/le-beyrouth-des-annees-50-raconte-en-piano-et-en-dessin-a-linstitut-francais-de-tunisie\/#primaryimage","url":"","contentUrl":""},{"@type":"BreadcrumbList","@id":"https:\/\/kapitalis.com\/tunisie\/2022\/03\/31\/le-beyrouth-des-annees-50-raconte-en-piano-et-en-dessin-a-linstitut-francais-de-tunisie\/#breadcrumb","itemListElement":[{"@type":"ListItem","position":1,"name":"Accueil","item":"https:\/\/kapitalis.com\/tunisie\/"},{"@type":"ListItem","position":2,"name":"Le Beyrouth des ann\u00e9es 50 racont\u00e9 en piano et en dessin \u00e0 l\u2019Institut Fran\u00e7ais de Tunisie"}]},{"@type":"WebSite","@id":"https:\/\/kapitalis.com\/tunisie\/#website","url":"https:\/\/kapitalis.com\/tunisie\/","name":"Kapitalis","description":"L&#039;actualit\u00e9 en Tunisie et dans le monde","publisher":{"@id":"https:\/\/kapitalis.com\/tunisie\/#organization"},"potentialAction":[{"@type":"SearchAction","target":{"@type":"EntryPoint","urlTemplate":"https:\/\/kapitalis.com\/tunisie\/?s={search_term_string}"},"query-input":{"@type":"PropertyValueSpecification","valueRequired":true,"valueName":"search_term_string"}}],"inLanguage":"fr-FR"},{"@type":"Organization","@id":"https:\/\/kapitalis.com\/tunisie\/#organization","name":"Kapitalis","url":"https:\/\/kapitalis.com\/tunisie\/","logo":{"@type":"ImageObject","inLanguage":"fr-FR","@id":"https:\/\/kapitalis.com\/tunisie\/#\/schema\/logo\/image\/","url":"https:\/\/kapitalis.com\/tunisie\/wp-content\/uploads\/2022\/05\/Kapitalis-big-size.png","contentUrl":"https:\/\/kapitalis.com\/tunisie\/wp-content\/uploads\/2022\/05\/Kapitalis-big-size.png","width":5000,"height":1500,"caption":"Kapitalis"},"image":{"@id":"https:\/\/kapitalis.com\/tunisie\/#\/schema\/logo\/image\/"},"sameAs":["https:\/\/www.facebook.com\/KapitalisInfo\/","https:\/\/x.com\/KapitalisInfo","https:\/\/www.youtube.com\/channel\/UC-yDYrHyfFBWWZaOw3FPg9Q"]},{"@type":"Person","@id":"https:\/\/kapitalis.com\/tunisie\/#\/schema\/person\/73a5ecc1f6ae540c6ed91342eadca948","name":"Fawz BenAli","url":"https:\/\/kapitalis.com\/tunisie\/author\/fawz\/"}]}},"_links":{"self":[{"href":"https:\/\/kapitalis.com\/tunisie\/wp-json\/wp\/v2\/posts\/386039","targetHints":{"allow":["GET"]}}],"collection":[{"href":"https:\/\/kapitalis.com\/tunisie\/wp-json\/wp\/v2\/posts"}],"about":[{"href":"https:\/\/kapitalis.com\/tunisie\/wp-json\/wp\/v2\/types\/post"}],"author":[{"embeddable":true,"href":"https:\/\/kapitalis.com\/tunisie\/wp-json\/wp\/v2\/users\/26"}],"replies":[{"embeddable":true,"href":"https:\/\/kapitalis.com\/tunisie\/wp-json\/wp\/v2\/comments?post=386039"}],"version-history":[{"count":0,"href":"https:\/\/kapitalis.com\/tunisie\/wp-json\/wp\/v2\/posts\/386039\/revisions"}],"wp:featuredmedia":[{"embeddable":true,"href":"https:\/\/kapitalis.com\/tunisie\/wp-json\/wp\/v2\/media\/386043"}],"wp:attachment":[{"href":"https:\/\/kapitalis.com\/tunisie\/wp-json\/wp\/v2\/media?parent=386039"}],"wp:term":[{"taxonomy":"category","embeddable":true,"href":"https:\/\/kapitalis.com\/tunisie\/wp-json\/wp\/v2\/categories?post=386039"},{"taxonomy":"post_tag","embeddable":true,"href":"https:\/\/kapitalis.com\/tunisie\/wp-json\/wp\/v2\/tags?post=386039"}],"curies":[{"name":"wp","href":"https:\/\/api.w.org\/{rel}","templated":true}]}}