{"id":386040,"date":"2022-03-31T12:57:45","date_gmt":"2022-03-31T11:57:45","guid":{"rendered":"http:\/\/kapitalis.com\/tunisie\/?p=386040"},"modified":"2022-03-31T14:32:28","modified_gmt":"2022-03-31T13:32:28","slug":"lancement-des-nouveaux-camions-man-tg-lobjectif-est-de-consolider-la-fiabilite-et-de-la-robustesse-de-la-generation-precedente","status":"publish","type":"post","link":"https:\/\/kapitalis.com\/tunisie\/2022\/03\/31\/lancement-des-nouveaux-camions-man-tg-lobjectif-est-de-consolider-la-fiabilite-et-de-la-robustesse-de-la-generation-precedente\/","title":{"rendered":"Lancement des nouveaux camions MAN TG : L&rsquo;objectif est de consolider la fiabilit\u00e9 et de la robustesse de la g\u00e9n\u00e9ration pr\u00e9c\u00e9dente"},"content":{"rendered":"\n<div class=\"wp-block-image\"><figure class=\"aligncenter size-full is-resized\"><img decoding=\"async\" src=\"http:\/\/kapitalis.com\/tunisie\/wp-content\/uploads\/2022\/03\/moncef-klibi.jpg\" alt=\"\" class=\"wp-image-386090\" width=\"626\"\/><\/figure><\/div>\n\n\n\n<p><strong><em>Pour le lancement de la nouvelle g\u00e9n\u00e9ration des camions MAN TG, le concessionnaire Alpha International Tunisie (AIT) a organis\u00e9 hier, mercredi 31 mars 2022, une r\u00e9ception et une conf\u00e9rence de presse anim\u00e9e par Moncef Klibi, directeur g\u00e9n\u00e9ral, Jimmy El-Khoury, responsable ing\u00e9nierie produits et commerciale, et Imen Makni, directrice marketing et communication chez AIT, et ce, en pleine nature, chez la table d&rsquo;h\u00f4tes\u00a0Borj Lella, \u00e0 B\u00e9ja.<\/em><\/strong><\/p>\n\n\n\n<p>Par <strong>Cherif Ben Youn\u00e8s<\/strong><\/p>\n\n\n\n<!--more-->\n\n\n\n<p>\u00ab<em>La nouvelle g\u00e9n\u00e9ration de camions MAN TG offre de nouveaux syst\u00e8mes d&rsquo;assistance, ainsi que des \u00e9quipements connect\u00e9s permettant notamment d&rsquo;am\u00e9liorer la s\u00e9curit\u00e9 routi\u00e8re<\/em>\u00bb, a affirm\u00e9 M. Klibi, assurant que la r\u00e9duction de la consommation de carburant sera, \u00e9galement, significative par rapport \u00e0 la g\u00e9n\u00e9ration pr\u00e9c\u00e9dente.<\/p>\n\n\n\n<div class=\"wp-block-image\"><figure class=\"aligncenter size-full is-resized\"><img decoding=\"async\" src=\"http:\/\/kapitalis.com\/tunisie\/wp-content\/uploads\/2022\/03\/MAN-TG-principale-1.jpg\" alt=\"\" class=\"wp-image-386078\" width=\"500\"\/><\/figure><\/div>\n\n\n\n<p>Pr\u00e9sent \u00e9galement, de mani\u00e8re virtuelle, Noel Macaron, directeur des ventes internationales, Centre Moyen-Orient, Afrique et Am\u00e9rique latine (MEA&amp;LA), a adress\u00e9 un message aux futurs clients des camions MAN TG&#8230;<\/p>\n\n\n\n<p>\u00ab<em>Avec cette nouvelle g\u00e9n\u00e9ration, vous allez continuer \u00e0 b\u00e9n\u00e9ficier de camions robustes, fiables et ayant fait leurs preuves en Europe. MAN reste votre marque partenaire dans le domaine du transport, du courrier, de la construction et de la distribution<\/em>\u00bb, a-t-il d\u00e9clar\u00e9.<\/p>\n\n\n\n<h3 class=\"wp-block-heading\">Une nouvelle gamme adapt\u00e9e \u00e0 un large \u00e9ventail d&rsquo;applications dans diverses topographies et conditions d&rsquo;exploitation<\/h3>\n\n\n\n<p>M. Macaron a, par ailleurs, affirm\u00e9 que le lancement de ces camions en Tunisie est un moment tr\u00e8s important, \u00ab<em>\u00e9tant donn\u00e9 que ceux-ci sont construits pour \u00eatre capables de r\u00e9sister \u00e0 une utilisation intensive au cours d\u2019une dur\u00e9e typique d\u2019exploitation, tout en offrant les meilleures performances de leur cat\u00e9gorie<\/em>\u00bb.<\/p>\n\n\n\n<p>Et de conclure que les clients b\u00e9n\u00e9ficieront d&rsquo;un temps de fonctionnement optimal et d&rsquo;un co\u00fbt total attractif.<\/p>\n\n\n\n<div class=\"wp-block-image\"><figure class=\"aligncenter size-full is-resized\"><img decoding=\"async\" src=\"http:\/\/kapitalis.com\/tunisie\/wp-content\/uploads\/2022\/03\/MAN-TG-1.jpg\" alt=\"\" class=\"wp-image-386071\" width=\"500\"\/><\/figure><\/div>\n\n\n\n<p>En effet, la nouvelle gamme est un exemple de solutions durables, qui refl\u00e8te, selon le concessionnaire, la comp\u00e9tence et l&rsquo;exp\u00e9rience acquise depuis plusieurs ann\u00e9es de l&rsquo;\u00e9quipe d&rsquo;ing\u00e9nieurs de MAN Truck &amp; Bus. Une \u00e9quipe qui s&rsquo;est toujours souci\u00e9e de fournir des v\u00e9hicules robustes, fiables et efficaces.<\/p>\n\n\n\n<p>Ces camions devraient illustrer \u00e9galement la qualit\u00e9 de construction des usines MAN, dont la mise au point s\u2019est bas\u00e9e sur les retours des clients, et ce, dans l&rsquo;objectif de leur fournir des v\u00e9hicules qui r\u00e9pondent \u00e0 leurs exigences op\u00e9rationnelles aussi bien pour le pr\u00e9sent que pour l&rsquo;avenir.<\/p>\n\n\n\n<h3 class=\"wp-block-heading\">Un groupe moteur am\u00e9lior\u00e9 pour assurer la continuit\u00e9 de la fiabilit\u00e9, l&rsquo;efficacit\u00e9 et la haute performance av\u00e9r\u00e9es<\/h3>\n\n\n\n<p>Le responsable a, d&rsquo;autre part, \u00e9num\u00e9r\u00e9 les particularit\u00e9 de ces nouveaux camions, qui garantiront, selon lui, des performances maximales sur les chantiers :<br>&#8211; Un syst\u00e8me de commande de vitesse robotis\u00e9 (Man TipMatic), avec des fonctions, telles que le d\u00e9gagement du v\u00e9hicule par balancement, et des programmes de conduite, notamment tout terrain, sp\u00e9cifiques \u00e0 l&rsquo;application;<br>&#8211; Des points \u00e0 r\u00e9ducteurs plan\u00e9taires \u00e0 force motrice \u00e9lev\u00e9e et une grande garde au sol, ainsi qu&rsquo;un tandem d&rsquo;essieux hypo\u00efdes l\u00e9ger pour une charge utile accrue;<br>&#8211; Une transmission int\u00e9grale permanente ou crabotable selon les caract\u00e9ristiques du fonctionnement, ainsi que des applications de traction plus longues;<br>&#8211; Un v\u00e9hicule industriel \u00e0 100% depuis plus de 100 ans;<br>&#8211; Une gamme de services post-achat optimis\u00e9e pour chaque pays;<br>&#8211; Un tableau de bord ergonomique centr\u00e9 sur le conducteur, avec une r\u00e9ception par niveau offrant une visibilit\u00e9 et une accessibilit\u00e9 optimales;<br>&#8211; Une commande MAN EasyControl dans la porte du conducteur;<br>&#8211; Un confort \u00e9lev\u00e9 pendant les pauses gr\u00e2ce \u00e0 une tablette repliable devant le si\u00e8ge convoyeur.<\/p>\n\n\n\n<div class=\"wp-block-image\"><figure class=\"aligncenter size-full is-resized\"><img decoding=\"async\" src=\"http:\/\/kapitalis.com\/tunisie\/wp-content\/uploads\/2022\/03\/conference-MAN-1.jpg\" alt=\"\" class=\"wp-image-386081\" width=\"500\"\/><\/figure><\/div>\n\n\n\n<p>La gamme de moteurs a donc pour objectif d&rsquo;offrir des performances \u00e9lev\u00e9es et constantes sur de longs cycles, MAN \u00e9tant le seul constructeur de camions, selon AIT, \u00e0 proposer des moteurs conformes aux normes d&rsquo;\u00e9missions Euro 2 \u00e0 4, 5 et 6d, selon le mod\u00e8le choisi. <\/p>\n\n\n\n<p>\u00ab<em>Des am\u00e9liorations substantielles sur le produit, ainsi que dans les domaines de la maintenance et de l&rsquo;entretien, permettent de r\u00e9duire les co\u00fbts li\u00e9s \u00e0 la dur\u00e9e de vie. Ces camions offrent \u00e9galement des avantages significatifs en termes de charge utile pour les secteurs d&rsquo;application sensibles au poids<\/em>\u00bb, lit-on dans le communiqu\u00e9 de presse d&rsquo;Alpha international Tunisie. <\/p>\n\n\n\n<h3 class=\"wp-block-heading\">Le conducteur au centre des pr\u00e9occupations<\/h3>\n\n\n\n<p>Dans le m\u00eame contexte, le concessionnaire affirme que MAN a conserv\u00e9 ce qui a d\u00e9j\u00e0 fait ses preuves dans le pass\u00e9, tout en s&rsquo;effor\u00e7ant de le rendre encore plus efficient, ajoutant que les nouveaux camions seront aussi performants que ceux d&rsquo;avant \u00ab<em>car la cha\u00eene cin\u00e9matique conserve les caract\u00e9ristiques de la g\u00e9n\u00e9ration pr\u00e9c\u00e9dente<\/em>\u00bb.<\/p>\n\n\n\n<div class=\"wp-block-image\"><figure class=\"aligncenter size-full is-resized\"><img decoding=\"async\" src=\"http:\/\/kapitalis.com\/tunisie\/wp-content\/uploads\/2022\/03\/man-tg-2.jpg\" alt=\"\" class=\"wp-image-386083\" width=\"500\"\/><\/figure><\/div>\n\n\n\n<p>L&rsquo;optimisation du temps de fonctionnement et disponibilit\u00e9 maximale tout au long de la dur\u00e9e d\u2019exploitation s&rsquo;illustre \u00e9galement, selon AIT, avec une nouvelle architecture \u00e9lectronique simplifi\u00e9e et fiable qui \u00ab<em>soutient encore mieux les fonctionnalit\u00e9s des camions et rend la nouvelle g\u00e9n\u00e9ration de camions MAN particuli\u00e8rement adapt\u00e9e \u00e0 l&rsquo;avenir<\/em>\u00bb.<\/p>\n\n\n\n<p>En somme,  la nouvelle g\u00e9n\u00e9ration des camions MAN TG place le conducteur au centre de ses pr\u00e9occupations, et tente de lui offrir une efficience, une rentabilit\u00e9 et un confort incontournables&#8230;<\/p>\n\n\n\n<p>\u00ab<em>Afin d\u2019optimiser le poste de travail dans le camion, les performances et la motivation du conducteur doivent \u00eatre mises au premier plan. C&rsquo;est pourquoi la nouvelle g\u00e9n\u00e9ration de camions MAN fait des termes convivialit\u00e9, ergonomie optimale, utilisation plus intuitive et fiabilit\u00e9, des standards. Il y a aussi l&rsquo;aspect de l&rsquo;espace optimal &#8211; un concept de rangement bien pens\u00e9 et un confort de sommeil parfait. Le r\u00e9sultat final est un conducteur bien repos\u00e9, confortable et alerte \u00e0 tout moment, ce qui conduit \u00e0 des op\u00e9rations plus s\u00fbres et efficaces \u00e0 chaque fois. Par ailleurs, Alpha International Tunisie propose de les aider \u00e0 adopter des m\u00e9thodes de conduite plus efficaces en termes de consommation et plus s\u00fbres<\/em>\u00bb, d\u00e9taille le concessionnaire.<\/p>\n\n\n\n<h3 class=\"wp-block-heading\">Des camions qui ont d\u00e9j\u00e0 fait leurs preuves<\/h3>\n\n\n\n<p>AIT a \u00e9galement soulign\u00e9 le r\u00f4le des partenaires dans le succ\u00e8s de MAN, \u00e0 l&rsquo;instar du concessionnaire tunisien lui-m\u00eame, qui assure avoir r\u00e9alis\u00e9 un excellent travail pour obtenir la satisfaction des clients.<\/p>\n\n\n\n<p>\u00ab<em>Dot\u00e9e d\u2019un nouveau style d\u2019habitacle, la nouvelle gamme TG arbore un aspect qui le distingue de ses concurrents, alliant l\u2019esth\u00e9tique \u00e0 l\u2019efficacit\u00e9 fonctionnelle. Ces v\u00e9hicules offrent les plus hauts niveaux de fiabilit\u00e9 et d&rsquo;efficacit\u00e9 dans diverses applications et conditions d&rsquo;utilisation<\/em>\u00bb, souligne, par ailleurs, le concessionnaire. <\/p>\n\n\n\n<div class=\"wp-block-image\"><figure class=\"aligncenter size-large is-resized\"><img decoding=\"async\" src=\"http:\/\/kapitalis.com\/tunisie\/wp-content\/uploads\/2022\/03\/International-Truck-Of-The-Year-2021-1024x576.png\" alt=\"\" class=\"wp-image-386072\" width=\"500\"\/><\/figure><\/div>\n\n\n\n<p>Notons enfin que MAN a obtenu le prix du Camion International de l&rsquo;Ann\u00e9e en 2021, soit la r\u00e9compense la plus prestigieuse pour les v\u00e9hicules commerciaux. En effet, 24 journalistes de la presse professionnelle, \u00e0 travers le monde, ont \u00e9lu le TGX de MAN comme meilleur nouveau camion. Ce dernier ayant convaincu le jury, notamment, gr\u00e2ce \u00e0 ses \u00e9quipements multim\u00e9dia et ses fonctions d&rsquo;aide \u00e0 la conduite intuitive, en plus du confort qu&rsquo;il offre.<\/p>\n\n\n\n<p><br><\/p>\n","protected":false},"excerpt":{"rendered":"<p>Pour le lancement de la nouvelle g\u00e9n\u00e9ration des camions MAN TG, le concessionnaire Alpha International Tunisie (AIT) a organis\u00e9 hier, mercredi 31 mars 2022, une r\u00e9ception et une conf\u00e9rence de presse anim\u00e9e par Moncef Klibi, directeur g\u00e9n\u00e9ral, Jimmy El-Khoury, responsable ing\u00e9nierie produits et commerciale, et Imen Makni, directrice marketing et communication chez AIT, et ce,&#8230;<\/p>\n","protected":false},"author":24,"featured_media":386070,"comment_status":"open","ping_status":"open","sticky":false,"template":"","format":"standard","meta":{"footnotes":""},"categories":[992,54707,995,2433],"tags":[12587,136,98570,98567,98568,98569,98574,98571,98572,98573],"class_list":["post-386040","post","type-post","status-publish","format-standard","has-post-thumbnail","hentry","category-a-la-une","category-auto","category-economie","category-tunisie","tag-alpha-international-tunisie","tag-beja","tag-borj-lella","tag-camions-man-tg","tag-imen-makni","tag-jimmy-el-khoury","tag-man","tag-meala","tag-noel-macaron","tag-tgx-de-man"],"yoast_head":"<!-- This site is optimized with the Yoast SEO plugin v26.6 - https:\/\/yoast.com\/wordpress\/plugins\/seo\/ -->\n<title>Lancement des nouveaux camions MAN TG : L&#039;objectif est de consolider la fiabilit\u00e9 et de la robustesse de la g\u00e9n\u00e9ration pr\u00e9c\u00e9dente - Kapitalis<\/title>\n<meta name=\"robots\" content=\"index, follow, max-snippet:-1, max-image-preview:large, max-video-preview:-1\" \/>\n<link rel=\"canonical\" href=\"https:\/\/kapitalis.com\/tunisie\/2022\/03\/31\/lancement-des-nouveaux-camions-man-tg-lobjectif-est-de-consolider-la-fiabilite-et-de-la-robustesse-de-la-generation-precedente\/\" \/>\n<meta property=\"og:locale\" content=\"fr_FR\" \/>\n<meta property=\"og:type\" content=\"article\" \/>\n<meta property=\"og:title\" content=\"Lancement des nouveaux camions MAN TG : L&#039;objectif est de consolider la fiabilit\u00e9 et de la robustesse de la g\u00e9n\u00e9ration pr\u00e9c\u00e9dente - Kapitalis\" \/>\n<meta property=\"og:description\" content=\"Pour le lancement de la nouvelle g\u00e9n\u00e9ration des camions MAN TG, le concessionnaire Alpha International Tunisie (AIT) a organis\u00e9 hier, mercredi 31 mars 2022, une r\u00e9ception et une conf\u00e9rence de presse anim\u00e9e par Moncef Klibi, directeur g\u00e9n\u00e9ral, Jimmy El-Khoury, responsable ing\u00e9nierie produits et commerciale, et Imen Makni, directrice marketing et communication chez AIT, et ce,...\" \/>\n<meta property=\"og:url\" content=\"https:\/\/kapitalis.com\/tunisie\/2022\/03\/31\/lancement-des-nouveaux-camions-man-tg-lobjectif-est-de-consolider-la-fiabilite-et-de-la-robustesse-de-la-generation-precedente\/\" \/>\n<meta property=\"og:site_name\" content=\"Kapitalis\" \/>\n<meta property=\"article:publisher\" content=\"https:\/\/www.facebook.com\/KapitalisInfo\/\" \/>\n<meta property=\"article:published_time\" content=\"2022-03-31T11:57:45+00:00\" \/>\n<meta property=\"article:modified_time\" content=\"2022-03-31T13:32:28+00:00\" \/>\n<meta property=\"og:image\" content=\"https:\/\/kapitalis.com\/tunisie\/wp-content\/uploads\/2022\/05\/kapitalis-logo-fb.png\" \/>\n\t<meta property=\"og:image:width\" content=\"1200\" \/>\n\t<meta property=\"og:image:height\" content=\"630\" \/>\n\t<meta property=\"og:image:type\" content=\"image\/png\" \/>\n<meta name=\"author\" content=\"Cherif Benyounes\" \/>\n<meta name=\"twitter:card\" content=\"summary_large_image\" \/>\n<meta name=\"twitter:creator\" content=\"@KapitalisInfo\" \/>\n<meta name=\"twitter:site\" content=\"@KapitalisInfo\" \/>\n<meta name=\"twitter:label1\" content=\"\u00c9crit par\" \/>\n\t<meta name=\"twitter:data1\" content=\"Cherif Benyounes\" \/>\n\t<meta name=\"twitter:label2\" content=\"Dur\u00e9e de lecture estim\u00e9e\" \/>\n\t<meta name=\"twitter:data2\" content=\"6 minutes\" \/>\n<script type=\"application\/ld+json\" class=\"yoast-schema-graph\">{\"@context\":\"https:\/\/schema.org\",\"@graph\":[{\"@type\":\"Article\",\"@id\":\"https:\/\/kapitalis.com\/tunisie\/2022\/03\/31\/lancement-des-nouveaux-camions-man-tg-lobjectif-est-de-consolider-la-fiabilite-et-de-la-robustesse-de-la-generation-precedente\/#article\",\"isPartOf\":{\"@id\":\"https:\/\/kapitalis.com\/tunisie\/2022\/03\/31\/lancement-des-nouveaux-camions-man-tg-lobjectif-est-de-consolider-la-fiabilite-et-de-la-robustesse-de-la-generation-precedente\/\"},\"author\":{\"name\":\"Cherif Benyounes\",\"@id\":\"https:\/\/kapitalis.com\/tunisie\/#\/schema\/person\/b35b8d631961131107263178aeb8019e\"},\"headline\":\"Lancement des nouveaux camions MAN TG : L&rsquo;objectif est de consolider la fiabilit\u00e9 et de la robustesse de la g\u00e9n\u00e9ration pr\u00e9c\u00e9dente\",\"datePublished\":\"2022-03-31T11:57:45+00:00\",\"dateModified\":\"2022-03-31T13:32:28+00:00\",\"mainEntityOfPage\":{\"@id\":\"https:\/\/kapitalis.com\/tunisie\/2022\/03\/31\/lancement-des-nouveaux-camions-man-tg-lobjectif-est-de-consolider-la-fiabilite-et-de-la-robustesse-de-la-generation-precedente\/\"},\"wordCount\":1183,\"commentCount\":0,\"publisher\":{\"@id\":\"https:\/\/kapitalis.com\/tunisie\/#organization\"},\"image\":{\"@id\":\"https:\/\/kapitalis.com\/tunisie\/2022\/03\/31\/lancement-des-nouveaux-camions-man-tg-lobjectif-est-de-consolider-la-fiabilite-et-de-la-robustesse-de-la-generation-precedente\/#primaryimage\"},\"thumbnailUrl\":\"\",\"keywords\":[\"Alpha International Tunisie\",\"B\u00e9ja\",\"Borj Lella\",\"camions MAN TG\",\"Imen Makni\",\"Jimmy El-Khoury\",\"MAN\",\"MEA&amp;LA\",\"Noel Macaron\",\"TGX de MAN\"],\"articleSection\":[\"A LA UNE\",\"AUTO\",\"ECONOMIE\",\"Tunisie\"],\"inLanguage\":\"fr-FR\",\"potentialAction\":[{\"@type\":\"CommentAction\",\"name\":\"Comment\",\"target\":[\"https:\/\/kapitalis.com\/tunisie\/2022\/03\/31\/lancement-des-nouveaux-camions-man-tg-lobjectif-est-de-consolider-la-fiabilite-et-de-la-robustesse-de-la-generation-precedente\/#respond\"]}]},{\"@type\":\"WebPage\",\"@id\":\"https:\/\/kapitalis.com\/tunisie\/2022\/03\/31\/lancement-des-nouveaux-camions-man-tg-lobjectif-est-de-consolider-la-fiabilite-et-de-la-robustesse-de-la-generation-precedente\/\",\"url\":\"https:\/\/kapitalis.com\/tunisie\/2022\/03\/31\/lancement-des-nouveaux-camions-man-tg-lobjectif-est-de-consolider-la-fiabilite-et-de-la-robustesse-de-la-generation-precedente\/\",\"name\":\"Lancement des nouveaux camions MAN TG : L'objectif est de consolider la fiabilit\u00e9 et de la robustesse de la g\u00e9n\u00e9ration pr\u00e9c\u00e9dente - Kapitalis\",\"isPartOf\":{\"@id\":\"https:\/\/kapitalis.com\/tunisie\/#website\"},\"primaryImageOfPage\":{\"@id\":\"https:\/\/kapitalis.com\/tunisie\/2022\/03\/31\/lancement-des-nouveaux-camions-man-tg-lobjectif-est-de-consolider-la-fiabilite-et-de-la-robustesse-de-la-generation-precedente\/#primaryimage\"},\"image\":{\"@id\":\"https:\/\/kapitalis.com\/tunisie\/2022\/03\/31\/lancement-des-nouveaux-camions-man-tg-lobjectif-est-de-consolider-la-fiabilite-et-de-la-robustesse-de-la-generation-precedente\/#primaryimage\"},\"thumbnailUrl\":\"\",\"datePublished\":\"2022-03-31T11:57:45+00:00\",\"dateModified\":\"2022-03-31T13:32:28+00:00\",\"breadcrumb\":{\"@id\":\"https:\/\/kapitalis.com\/tunisie\/2022\/03\/31\/lancement-des-nouveaux-camions-man-tg-lobjectif-est-de-consolider-la-fiabilite-et-de-la-robustesse-de-la-generation-precedente\/#breadcrumb\"},\"inLanguage\":\"fr-FR\",\"potentialAction\":[{\"@type\":\"ReadAction\",\"target\":[\"https:\/\/kapitalis.com\/tunisie\/2022\/03\/31\/lancement-des-nouveaux-camions-man-tg-lobjectif-est-de-consolider-la-fiabilite-et-de-la-robustesse-de-la-generation-precedente\/\"]}]},{\"@type\":\"ImageObject\",\"inLanguage\":\"fr-FR\",\"@id\":\"https:\/\/kapitalis.com\/tunisie\/2022\/03\/31\/lancement-des-nouveaux-camions-man-tg-lobjectif-est-de-consolider-la-fiabilite-et-de-la-robustesse-de-la-generation-precedente\/#primaryimage\",\"url\":\"\",\"contentUrl\":\"\"},{\"@type\":\"BreadcrumbList\",\"@id\":\"https:\/\/kapitalis.com\/tunisie\/2022\/03\/31\/lancement-des-nouveaux-camions-man-tg-lobjectif-est-de-consolider-la-fiabilite-et-de-la-robustesse-de-la-generation-precedente\/#breadcrumb\",\"itemListElement\":[{\"@type\":\"ListItem\",\"position\":1,\"name\":\"Accueil\",\"item\":\"https:\/\/kapitalis.com\/tunisie\/\"},{\"@type\":\"ListItem\",\"position\":2,\"name\":\"Lancement des nouveaux camions MAN TG : L&rsquo;objectif est de consolider la fiabilit\u00e9 et de la robustesse de la g\u00e9n\u00e9ration pr\u00e9c\u00e9dente\"}]},{\"@type\":\"WebSite\",\"@id\":\"https:\/\/kapitalis.com\/tunisie\/#website\",\"url\":\"https:\/\/kapitalis.com\/tunisie\/\",\"name\":\"Kapitalis\",\"description\":\"L&#039;actualit\u00e9 en Tunisie et dans le monde\",\"publisher\":{\"@id\":\"https:\/\/kapitalis.com\/tunisie\/#organization\"},\"potentialAction\":[{\"@type\":\"SearchAction\",\"target\":{\"@type\":\"EntryPoint\",\"urlTemplate\":\"https:\/\/kapitalis.com\/tunisie\/?s={search_term_string}\"},\"query-input\":{\"@type\":\"PropertyValueSpecification\",\"valueRequired\":true,\"valueName\":\"search_term_string\"}}],\"inLanguage\":\"fr-FR\"},{\"@type\":\"Organization\",\"@id\":\"https:\/\/kapitalis.com\/tunisie\/#organization\",\"name\":\"Kapitalis\",\"url\":\"https:\/\/kapitalis.com\/tunisie\/\",\"logo\":{\"@type\":\"ImageObject\",\"inLanguage\":\"fr-FR\",\"@id\":\"https:\/\/kapitalis.com\/tunisie\/#\/schema\/logo\/image\/\",\"url\":\"https:\/\/kapitalis.com\/tunisie\/wp-content\/uploads\/2022\/05\/Kapitalis-big-size.png\",\"contentUrl\":\"https:\/\/kapitalis.com\/tunisie\/wp-content\/uploads\/2022\/05\/Kapitalis-big-size.png\",\"width\":5000,\"height\":1500,\"caption\":\"Kapitalis\"},\"image\":{\"@id\":\"https:\/\/kapitalis.com\/tunisie\/#\/schema\/logo\/image\/\"},\"sameAs\":[\"https:\/\/www.facebook.com\/KapitalisInfo\/\",\"https:\/\/x.com\/KapitalisInfo\",\"https:\/\/www.youtube.com\/channel\/UC-yDYrHyfFBWWZaOw3FPg9Q\"]},{\"@type\":\"Person\",\"@id\":\"https:\/\/kapitalis.com\/tunisie\/#\/schema\/person\/b35b8d631961131107263178aeb8019e\",\"name\":\"Cherif Benyounes\",\"url\":\"https:\/\/kapitalis.com\/tunisie\/author\/cherif\/\"}]}<\/script>\n<!-- \/ Yoast SEO plugin. -->","yoast_head_json":{"title":"Lancement des nouveaux camions MAN TG : L'objectif est de consolider la fiabilit\u00e9 et de la robustesse de la g\u00e9n\u00e9ration pr\u00e9c\u00e9dente - Kapitalis","robots":{"index":"index","follow":"follow","max-snippet":"max-snippet:-1","max-image-preview":"max-image-preview:large","max-video-preview":"max-video-preview:-1"},"canonical":"https:\/\/kapitalis.com\/tunisie\/2022\/03\/31\/lancement-des-nouveaux-camions-man-tg-lobjectif-est-de-consolider-la-fiabilite-et-de-la-robustesse-de-la-generation-precedente\/","og_locale":"fr_FR","og_type":"article","og_title":"Lancement des nouveaux camions MAN TG : L'objectif est de consolider la fiabilit\u00e9 et de la robustesse de la g\u00e9n\u00e9ration pr\u00e9c\u00e9dente - Kapitalis","og_description":"Pour le lancement de la nouvelle g\u00e9n\u00e9ration des camions MAN TG, le concessionnaire Alpha International Tunisie (AIT) a organis\u00e9 hier, mercredi 31 mars 2022, une r\u00e9ception et une conf\u00e9rence de presse anim\u00e9e par Moncef Klibi, directeur g\u00e9n\u00e9ral, Jimmy El-Khoury, responsable ing\u00e9nierie produits et commerciale, et Imen Makni, directrice marketing et communication chez AIT, et ce,...","og_url":"https:\/\/kapitalis.com\/tunisie\/2022\/03\/31\/lancement-des-nouveaux-camions-man-tg-lobjectif-est-de-consolider-la-fiabilite-et-de-la-robustesse-de-la-generation-precedente\/","og_site_name":"Kapitalis","article_publisher":"https:\/\/www.facebook.com\/KapitalisInfo\/","article_published_time":"2022-03-31T11:57:45+00:00","article_modified_time":"2022-03-31T13:32:28+00:00","og_image":[{"width":1200,"height":630,"url":"https:\/\/kapitalis.com\/tunisie\/wp-content\/uploads\/2022\/05\/kapitalis-logo-fb.png","type":"image\/png"}],"author":"Cherif Benyounes","twitter_card":"summary_large_image","twitter_creator":"@KapitalisInfo","twitter_site":"@KapitalisInfo","twitter_misc":{"\u00c9crit par":"Cherif Benyounes","Dur\u00e9e de lecture estim\u00e9e":"6 minutes"},"schema":{"@context":"https:\/\/schema.org","@graph":[{"@type":"Article","@id":"https:\/\/kapitalis.com\/tunisie\/2022\/03\/31\/lancement-des-nouveaux-camions-man-tg-lobjectif-est-de-consolider-la-fiabilite-et-de-la-robustesse-de-la-generation-precedente\/#article","isPartOf":{"@id":"https:\/\/kapitalis.com\/tunisie\/2022\/03\/31\/lancement-des-nouveaux-camions-man-tg-lobjectif-est-de-consolider-la-fiabilite-et-de-la-robustesse-de-la-generation-precedente\/"},"author":{"name":"Cherif Benyounes","@id":"https:\/\/kapitalis.com\/tunisie\/#\/schema\/person\/b35b8d631961131107263178aeb8019e"},"headline":"Lancement des nouveaux camions MAN TG : L&rsquo;objectif est de consolider la fiabilit\u00e9 et de la robustesse de la g\u00e9n\u00e9ration pr\u00e9c\u00e9dente","datePublished":"2022-03-31T11:57:45+00:00","dateModified":"2022-03-31T13:32:28+00:00","mainEntityOfPage":{"@id":"https:\/\/kapitalis.com\/tunisie\/2022\/03\/31\/lancement-des-nouveaux-camions-man-tg-lobjectif-est-de-consolider-la-fiabilite-et-de-la-robustesse-de-la-generation-precedente\/"},"wordCount":1183,"commentCount":0,"publisher":{"@id":"https:\/\/kapitalis.com\/tunisie\/#organization"},"image":{"@id":"https:\/\/kapitalis.com\/tunisie\/2022\/03\/31\/lancement-des-nouveaux-camions-man-tg-lobjectif-est-de-consolider-la-fiabilite-et-de-la-robustesse-de-la-generation-precedente\/#primaryimage"},"thumbnailUrl":"","keywords":["Alpha International Tunisie","B\u00e9ja","Borj Lella","camions MAN TG","Imen Makni","Jimmy El-Khoury","MAN","MEA&amp;LA","Noel Macaron","TGX de MAN"],"articleSection":["A LA UNE","AUTO","ECONOMIE","Tunisie"],"inLanguage":"fr-FR","potentialAction":[{"@type":"CommentAction","name":"Comment","target":["https:\/\/kapitalis.com\/tunisie\/2022\/03\/31\/lancement-des-nouveaux-camions-man-tg-lobjectif-est-de-consolider-la-fiabilite-et-de-la-robustesse-de-la-generation-precedente\/#respond"]}]},{"@type":"WebPage","@id":"https:\/\/kapitalis.com\/tunisie\/2022\/03\/31\/lancement-des-nouveaux-camions-man-tg-lobjectif-est-de-consolider-la-fiabilite-et-de-la-robustesse-de-la-generation-precedente\/","url":"https:\/\/kapitalis.com\/tunisie\/2022\/03\/31\/lancement-des-nouveaux-camions-man-tg-lobjectif-est-de-consolider-la-fiabilite-et-de-la-robustesse-de-la-generation-precedente\/","name":"Lancement des nouveaux camions MAN TG : L'objectif est de consolider la fiabilit\u00e9 et de la robustesse de la g\u00e9n\u00e9ration pr\u00e9c\u00e9dente - Kapitalis","isPartOf":{"@id":"https:\/\/kapitalis.com\/tunisie\/#website"},"primaryImageOfPage":{"@id":"https:\/\/kapitalis.com\/tunisie\/2022\/03\/31\/lancement-des-nouveaux-camions-man-tg-lobjectif-est-de-consolider-la-fiabilite-et-de-la-robustesse-de-la-generation-precedente\/#primaryimage"},"image":{"@id":"https:\/\/kapitalis.com\/tunisie\/2022\/03\/31\/lancement-des-nouveaux-camions-man-tg-lobjectif-est-de-consolider-la-fiabilite-et-de-la-robustesse-de-la-generation-precedente\/#primaryimage"},"thumbnailUrl":"","datePublished":"2022-03-31T11:57:45+00:00","dateModified":"2022-03-31T13:32:28+00:00","breadcrumb":{"@id":"https:\/\/kapitalis.com\/tunisie\/2022\/03\/31\/lancement-des-nouveaux-camions-man-tg-lobjectif-est-de-consolider-la-fiabilite-et-de-la-robustesse-de-la-generation-precedente\/#breadcrumb"},"inLanguage":"fr-FR","potentialAction":[{"@type":"ReadAction","target":["https:\/\/kapitalis.com\/tunisie\/2022\/03\/31\/lancement-des-nouveaux-camions-man-tg-lobjectif-est-de-consolider-la-fiabilite-et-de-la-robustesse-de-la-generation-precedente\/"]}]},{"@type":"ImageObject","inLanguage":"fr-FR","@id":"https:\/\/kapitalis.com\/tunisie\/2022\/03\/31\/lancement-des-nouveaux-camions-man-tg-lobjectif-est-de-consolider-la-fiabilite-et-de-la-robustesse-de-la-generation-precedente\/#primaryimage","url":"","contentUrl":""},{"@type":"BreadcrumbList","@id":"https:\/\/kapitalis.com\/tunisie\/2022\/03\/31\/lancement-des-nouveaux-camions-man-tg-lobjectif-est-de-consolider-la-fiabilite-et-de-la-robustesse-de-la-generation-precedente\/#breadcrumb","itemListElement":[{"@type":"ListItem","position":1,"name":"Accueil","item":"https:\/\/kapitalis.com\/tunisie\/"},{"@type":"ListItem","position":2,"name":"Lancement des nouveaux camions MAN TG : L&rsquo;objectif est de consolider la fiabilit\u00e9 et de la robustesse de la g\u00e9n\u00e9ration pr\u00e9c\u00e9dente"}]},{"@type":"WebSite","@id":"https:\/\/kapitalis.com\/tunisie\/#website","url":"https:\/\/kapitalis.com\/tunisie\/","name":"Kapitalis","description":"L&#039;actualit\u00e9 en Tunisie et dans le monde","publisher":{"@id":"https:\/\/kapitalis.com\/tunisie\/#organization"},"potentialAction":[{"@type":"SearchAction","target":{"@type":"EntryPoint","urlTemplate":"https:\/\/kapitalis.com\/tunisie\/?s={search_term_string}"},"query-input":{"@type":"PropertyValueSpecification","valueRequired":true,"valueName":"search_term_string"}}],"inLanguage":"fr-FR"},{"@type":"Organization","@id":"https:\/\/kapitalis.com\/tunisie\/#organization","name":"Kapitalis","url":"https:\/\/kapitalis.com\/tunisie\/","logo":{"@type":"ImageObject","inLanguage":"fr-FR","@id":"https:\/\/kapitalis.com\/tunisie\/#\/schema\/logo\/image\/","url":"https:\/\/kapitalis.com\/tunisie\/wp-content\/uploads\/2022\/05\/Kapitalis-big-size.png","contentUrl":"https:\/\/kapitalis.com\/tunisie\/wp-content\/uploads\/2022\/05\/Kapitalis-big-size.png","width":5000,"height":1500,"caption":"Kapitalis"},"image":{"@id":"https:\/\/kapitalis.com\/tunisie\/#\/schema\/logo\/image\/"},"sameAs":["https:\/\/www.facebook.com\/KapitalisInfo\/","https:\/\/x.com\/KapitalisInfo","https:\/\/www.youtube.com\/channel\/UC-yDYrHyfFBWWZaOw3FPg9Q"]},{"@type":"Person","@id":"https:\/\/kapitalis.com\/tunisie\/#\/schema\/person\/b35b8d631961131107263178aeb8019e","name":"Cherif Benyounes","url":"https:\/\/kapitalis.com\/tunisie\/author\/cherif\/"}]}},"_links":{"self":[{"href":"https:\/\/kapitalis.com\/tunisie\/wp-json\/wp\/v2\/posts\/386040","targetHints":{"allow":["GET"]}}],"collection":[{"href":"https:\/\/kapitalis.com\/tunisie\/wp-json\/wp\/v2\/posts"}],"about":[{"href":"https:\/\/kapitalis.com\/tunisie\/wp-json\/wp\/v2\/types\/post"}],"author":[{"embeddable":true,"href":"https:\/\/kapitalis.com\/tunisie\/wp-json\/wp\/v2\/users\/24"}],"replies":[{"embeddable":true,"href":"https:\/\/kapitalis.com\/tunisie\/wp-json\/wp\/v2\/comments?post=386040"}],"version-history":[{"count":0,"href":"https:\/\/kapitalis.com\/tunisie\/wp-json\/wp\/v2\/posts\/386040\/revisions"}],"wp:featuredmedia":[{"embeddable":true,"href":"https:\/\/kapitalis.com\/tunisie\/wp-json\/wp\/v2\/media\/386070"}],"wp:attachment":[{"href":"https:\/\/kapitalis.com\/tunisie\/wp-json\/wp\/v2\/media?parent=386040"}],"wp:term":[{"taxonomy":"category","embeddable":true,"href":"https:\/\/kapitalis.com\/tunisie\/wp-json\/wp\/v2\/categories?post=386040"},{"taxonomy":"post_tag","embeddable":true,"href":"https:\/\/kapitalis.com\/tunisie\/wp-json\/wp\/v2\/tags?post=386040"}],"curies":[{"name":"wp","href":"https:\/\/api.w.org\/{rel}","templated":true}]}}