{"id":386061,"date":"2022-03-31T13:54:59","date_gmt":"2022-03-31T12:54:59","guid":{"rendered":"http:\/\/kapitalis.com\/tunisie\/?p=386061"},"modified":"2022-03-31T13:56:34","modified_gmt":"2022-03-31T12:56:34","slug":"tunis-pour-une-approche-integree-de-la-mobilite-urbaine","status":"publish","type":"post","link":"https:\/\/kapitalis.com\/tunisie\/2022\/03\/31\/tunis-pour-une-approche-integree-de-la-mobilite-urbaine\/","title":{"rendered":"Tunis : Pour une approche int\u00e9gr\u00e9e de la mobilit\u00e9 urbaine"},"content":{"rendered":"\n<div class=\"wp-block-image\"><figure class=\"aligncenter size-full\"><img decoding=\"async\" src=\"http:\/\/kapitalis.com\/tunisie\/wp-content\/uploads\/2015\/11\/metro-tunis.jpg\" alt=\"\" class=\"wp-image-27213\"\/><\/figure><\/div>\n\n\n\n<p><strong><em>Le Forum de la mobilit\u00e9 urbaine, organis\u00e9 sous le patronage du ministre des transports, Rabie Majidi, se tiendra le 1er avril 2022 \u00e0 l&rsquo;h\u00f4tel El Mouradi \u00e0 Gammarth, au nord de Tunis: pour une approche int\u00e9gr\u00e9e pour un avenir de d\u00e9placement meilleur<\/em><\/strong>. <\/p>\n\n\n\n<!--more-->\n\n\n\n<p>La Politique nationale de la mobilit\u00e9 urbaine (PNMU) est une nouvelle d\u00e9marche intersectorielle qui d\u00e9passe l\u2019approche d\u00e9partementale classique du transport urbain pour couvrir l\u2019ensemble des aspects li\u00e9s au d\u00e9veloppement urbain, d\u00e9mographique, social, \u00e9conomique et environnemental. La PNMU est approuv\u00e9e par un conseil<br>minist\u00e9riel restreint le 7 mai 2020.<\/p>\n\n\n\n<p>Le forum de demain, auquel seront convi\u00e9s des repr\u00e9sentants des institutions financi\u00e8res internationales, des d\u00e9partements minist\u00e9riels et techniques concern\u00e9s, des op\u00e9rateurs publics et priv\u00e9s, des professionnels, des syndicats et de la soci\u00e9t\u00e9 civile constitue une occasion pour communiquer autour de la PNMU, informer \u00e0 grande \u00e9chelle des<br>principales r\u00e9alisations et discuter les meilleures modalit\u00e9s de mise en \u0153uvre des actions futures pour atteindre les objectifs escompt\u00e9s, dans un esprit de partage et de concertation.<\/p>\n\n\n\n<p>Le forum permettra de d\u00e9battre des priorit\u00e9s de mise en \u0153uvre de cette politique nationale notamment l\u2019am\u00e9lioration de la gouvernance et du financement de la mobilit\u00e9 urbaine, les mesures concr\u00e8tes pour am\u00e9liorer la performance du secteur et sa contribution au d\u00e9veloppement durable, et enfin la r\u00e9organisation du transport collectif.<\/p>\n\n\n\n<p>Cet \u00e9v\u00e9nement est organis\u00e9 avec l\u2019appui de l\u2019Agence fran\u00e7aise de d\u00e9veloppement (AFD) qui f\u00eate cette ann\u00e9e le 30e anniversaire de l\u2019ouverture de son bureau \u00e0 Tunis, et de l\u2019association Coop\u00e9ration pour le d\u00e9veloppement et l\u2019am\u00e9lioration des transports urbains et p\u00e9riurbains (Codatu).<\/p>\n\n\n\n<p><strong><em>Communiqu\u00e9. <\/em><\/strong><\/p>\n","protected":false},"excerpt":{"rendered":"<p>Le Forum de la mobilit\u00e9 urbaine, organis\u00e9 sous le patronage du ministre des transports, Rabie Majidi, se tiendra le 1er avril 2022 \u00e0 l&rsquo;h\u00f4tel El Mouradi \u00e0 Gammarth, au nord de Tunis: pour une approche int\u00e9gr\u00e9e pour un avenir de d\u00e9placement meilleur.<\/p>\n","protected":false},"author":8,"featured_media":0,"comment_status":"open","ping_status":"open","sticky":false,"template":"","format":"standard","meta":{"footnotes":""},"categories":[995,2433],"tags":[4924,98563,98561,98562,62643],"class_list":["post-386061","post","type-post","status-publish","format-standard","hentry","category-economie","category-tunisie","tag-afd","tag-codatu","tag-forum-de-la-mobilite-urbaine","tag-rabie-majidi","tag-tunisie"],"yoast_head":"<!-- This site is optimized with the Yoast SEO plugin v26.6 - https:\/\/yoast.com\/wordpress\/plugins\/seo\/ -->\n<title>Tunis : Pour une approche int\u00e9gr\u00e9e de la mobilit\u00e9 urbaine - Kapitalis<\/title>\n<meta name=\"robots\" content=\"index, follow, max-snippet:-1, max-image-preview:large, max-video-preview:-1\" \/>\n<link rel=\"canonical\" href=\"https:\/\/kapitalis.com\/tunisie\/2022\/03\/31\/tunis-pour-une-approche-integree-de-la-mobilite-urbaine\/\" \/>\n<meta property=\"og:locale\" content=\"fr_FR\" \/>\n<meta property=\"og:type\" content=\"article\" \/>\n<meta property=\"og:title\" content=\"Tunis : Pour une approche int\u00e9gr\u00e9e de la mobilit\u00e9 urbaine - Kapitalis\" \/>\n<meta property=\"og:description\" content=\"Le Forum de la mobilit\u00e9 urbaine, organis\u00e9 sous le patronage du ministre des transports, Rabie Majidi, se tiendra le 1er avril 2022 \u00e0 l&rsquo;h\u00f4tel El Mouradi \u00e0 Gammarth, au nord de Tunis: pour une approche int\u00e9gr\u00e9e pour un avenir de d\u00e9placement meilleur.\" \/>\n<meta property=\"og:url\" content=\"https:\/\/kapitalis.com\/tunisie\/2022\/03\/31\/tunis-pour-une-approche-integree-de-la-mobilite-urbaine\/\" \/>\n<meta property=\"og:site_name\" content=\"Kapitalis\" \/>\n<meta property=\"article:publisher\" content=\"https:\/\/www.facebook.com\/KapitalisInfo\/\" \/>\n<meta property=\"article:published_time\" content=\"2022-03-31T12:54:59+00:00\" \/>\n<meta property=\"article:modified_time\" content=\"2022-03-31T12:56:34+00:00\" \/>\n<meta property=\"og:image\" content=\"http:\/\/kapitalis.com\/tunisie\/wp-content\/uploads\/2015\/11\/metro-tunis.jpg\" \/>\n<meta name=\"author\" content=\"webmaster kapitalis\" \/>\n<meta name=\"twitter:card\" content=\"summary_large_image\" \/>\n<meta name=\"twitter:creator\" content=\"@KapitalisInfo\" \/>\n<meta name=\"twitter:site\" content=\"@KapitalisInfo\" \/>\n<meta name=\"twitter:label1\" content=\"\u00c9crit par\" \/>\n\t<meta name=\"twitter:data1\" content=\"webmaster kapitalis\" \/>\n\t<meta name=\"twitter:label2\" content=\"Dur\u00e9e de lecture estim\u00e9e\" \/>\n\t<meta name=\"twitter:data2\" content=\"1 minute\" \/>\n<script type=\"application\/ld+json\" class=\"yoast-schema-graph\">{\"@context\":\"https:\/\/schema.org\",\"@graph\":[{\"@type\":\"Article\",\"@id\":\"https:\/\/kapitalis.com\/tunisie\/2022\/03\/31\/tunis-pour-une-approche-integree-de-la-mobilite-urbaine\/#article\",\"isPartOf\":{\"@id\":\"https:\/\/kapitalis.com\/tunisie\/2022\/03\/31\/tunis-pour-une-approche-integree-de-la-mobilite-urbaine\/\"},\"author\":{\"name\":\"webmaster kapitalis\",\"@id\":\"https:\/\/kapitalis.com\/tunisie\/#\/schema\/person\/d71f33a9ca44f7bad4698210b480c8e9\"},\"headline\":\"Tunis : Pour une approche int\u00e9gr\u00e9e de la mobilit\u00e9 urbaine\",\"datePublished\":\"2022-03-31T12:54:59+00:00\",\"dateModified\":\"2022-03-31T12:56:34+00:00\",\"mainEntityOfPage\":{\"@id\":\"https:\/\/kapitalis.com\/tunisie\/2022\/03\/31\/tunis-pour-une-approche-integree-de-la-mobilite-urbaine\/\"},\"wordCount\":305,\"commentCount\":0,\"publisher\":{\"@id\":\"https:\/\/kapitalis.com\/tunisie\/#organization\"},\"image\":{\"@id\":\"https:\/\/kapitalis.com\/tunisie\/2022\/03\/31\/tunis-pour-une-approche-integree-de-la-mobilite-urbaine\/#primaryimage\"},\"thumbnailUrl\":\"http:\/\/kapitalis.com\/tunisie\/wp-content\/uploads\/2015\/11\/metro-tunis.jpg\",\"keywords\":[\"AFD\",\"Codatu\",\"Forum de la mobilit\u00e9 urbaine\",\"Rabie Majidi\",\"Tunisie\"],\"articleSection\":[\"ECONOMIE\",\"Tunisie\"],\"inLanguage\":\"fr-FR\",\"potentialAction\":[{\"@type\":\"CommentAction\",\"name\":\"Comment\",\"target\":[\"https:\/\/kapitalis.com\/tunisie\/2022\/03\/31\/tunis-pour-une-approche-integree-de-la-mobilite-urbaine\/#respond\"]}]},{\"@type\":\"WebPage\",\"@id\":\"https:\/\/kapitalis.com\/tunisie\/2022\/03\/31\/tunis-pour-une-approche-integree-de-la-mobilite-urbaine\/\",\"url\":\"https:\/\/kapitalis.com\/tunisie\/2022\/03\/31\/tunis-pour-une-approche-integree-de-la-mobilite-urbaine\/\",\"name\":\"Tunis : Pour une approche int\u00e9gr\u00e9e de la mobilit\u00e9 urbaine - Kapitalis\",\"isPartOf\":{\"@id\":\"https:\/\/kapitalis.com\/tunisie\/#website\"},\"primaryImageOfPage\":{\"@id\":\"https:\/\/kapitalis.com\/tunisie\/2022\/03\/31\/tunis-pour-une-approche-integree-de-la-mobilite-urbaine\/#primaryimage\"},\"image\":{\"@id\":\"https:\/\/kapitalis.com\/tunisie\/2022\/03\/31\/tunis-pour-une-approche-integree-de-la-mobilite-urbaine\/#primaryimage\"},\"thumbnailUrl\":\"http:\/\/kapitalis.com\/tunisie\/wp-content\/uploads\/2015\/11\/metro-tunis.jpg\",\"datePublished\":\"2022-03-31T12:54:59+00:00\",\"dateModified\":\"2022-03-31T12:56:34+00:00\",\"breadcrumb\":{\"@id\":\"https:\/\/kapitalis.com\/tunisie\/2022\/03\/31\/tunis-pour-une-approche-integree-de-la-mobilite-urbaine\/#breadcrumb\"},\"inLanguage\":\"fr-FR\",\"potentialAction\":[{\"@type\":\"ReadAction\",\"target\":[\"https:\/\/kapitalis.com\/tunisie\/2022\/03\/31\/tunis-pour-une-approche-integree-de-la-mobilite-urbaine\/\"]}]},{\"@type\":\"ImageObject\",\"inLanguage\":\"fr-FR\",\"@id\":\"https:\/\/kapitalis.com\/tunisie\/2022\/03\/31\/tunis-pour-une-approche-integree-de-la-mobilite-urbaine\/#primaryimage\",\"url\":\"http:\/\/kapitalis.com\/tunisie\/wp-content\/uploads\/2015\/11\/metro-tunis.jpg\",\"contentUrl\":\"http:\/\/kapitalis.com\/tunisie\/wp-content\/uploads\/2015\/11\/metro-tunis.jpg\"},{\"@type\":\"BreadcrumbList\",\"@id\":\"https:\/\/kapitalis.com\/tunisie\/2022\/03\/31\/tunis-pour-une-approche-integree-de-la-mobilite-urbaine\/#breadcrumb\",\"itemListElement\":[{\"@type\":\"ListItem\",\"position\":1,\"name\":\"Accueil\",\"item\":\"https:\/\/kapitalis.com\/tunisie\/\"},{\"@type\":\"ListItem\",\"position\":2,\"name\":\"Tunis : Pour une approche int\u00e9gr\u00e9e de la mobilit\u00e9 urbaine\"}]},{\"@type\":\"WebSite\",\"@id\":\"https:\/\/kapitalis.com\/tunisie\/#website\",\"url\":\"https:\/\/kapitalis.com\/tunisie\/\",\"name\":\"Kapitalis\",\"description\":\"L&#039;actualit\u00e9 en Tunisie et dans le monde\",\"publisher\":{\"@id\":\"https:\/\/kapitalis.com\/tunisie\/#organization\"},\"potentialAction\":[{\"@type\":\"SearchAction\",\"target\":{\"@type\":\"EntryPoint\",\"urlTemplate\":\"https:\/\/kapitalis.com\/tunisie\/?s={search_term_string}\"},\"query-input\":{\"@type\":\"PropertyValueSpecification\",\"valueRequired\":true,\"valueName\":\"search_term_string\"}}],\"inLanguage\":\"fr-FR\"},{\"@type\":\"Organization\",\"@id\":\"https:\/\/kapitalis.com\/tunisie\/#organization\",\"name\":\"Kapitalis\",\"url\":\"https:\/\/kapitalis.com\/tunisie\/\",\"logo\":{\"@type\":\"ImageObject\",\"inLanguage\":\"fr-FR\",\"@id\":\"https:\/\/kapitalis.com\/tunisie\/#\/schema\/logo\/image\/\",\"url\":\"https:\/\/kapitalis.com\/tunisie\/wp-content\/uploads\/2022\/05\/Kapitalis-big-size.png\",\"contentUrl\":\"https:\/\/kapitalis.com\/tunisie\/wp-content\/uploads\/2022\/05\/Kapitalis-big-size.png\",\"width\":5000,\"height\":1500,\"caption\":\"Kapitalis\"},\"image\":{\"@id\":\"https:\/\/kapitalis.com\/tunisie\/#\/schema\/logo\/image\/\"},\"sameAs\":[\"https:\/\/www.facebook.com\/KapitalisInfo\/\",\"https:\/\/x.com\/KapitalisInfo\",\"https:\/\/www.youtube.com\/channel\/UC-yDYrHyfFBWWZaOw3FPg9Q\"]},{\"@type\":\"Person\",\"@id\":\"https:\/\/kapitalis.com\/tunisie\/#\/schema\/person\/d71f33a9ca44f7bad4698210b480c8e9\",\"name\":\"webmaster kapitalis\",\"url\":\"https:\/\/kapitalis.com\/tunisie\/author\/webmaster-kapitalis\/\"}]}<\/script>\n<!-- \/ Yoast SEO plugin. -->","yoast_head_json":{"title":"Tunis : Pour une approche int\u00e9gr\u00e9e de la mobilit\u00e9 urbaine - Kapitalis","robots":{"index":"index","follow":"follow","max-snippet":"max-snippet:-1","max-image-preview":"max-image-preview:large","max-video-preview":"max-video-preview:-1"},"canonical":"https:\/\/kapitalis.com\/tunisie\/2022\/03\/31\/tunis-pour-une-approche-integree-de-la-mobilite-urbaine\/","og_locale":"fr_FR","og_type":"article","og_title":"Tunis : Pour une approche int\u00e9gr\u00e9e de la mobilit\u00e9 urbaine - Kapitalis","og_description":"Le Forum de la mobilit\u00e9 urbaine, organis\u00e9 sous le patronage du ministre des transports, Rabie Majidi, se tiendra le 1er avril 2022 \u00e0 l&rsquo;h\u00f4tel El Mouradi \u00e0 Gammarth, au nord de Tunis: pour une approche int\u00e9gr\u00e9e pour un avenir de d\u00e9placement meilleur.","og_url":"https:\/\/kapitalis.com\/tunisie\/2022\/03\/31\/tunis-pour-une-approche-integree-de-la-mobilite-urbaine\/","og_site_name":"Kapitalis","article_publisher":"https:\/\/www.facebook.com\/KapitalisInfo\/","article_published_time":"2022-03-31T12:54:59+00:00","article_modified_time":"2022-03-31T12:56:34+00:00","og_image":[{"url":"http:\/\/kapitalis.com\/tunisie\/wp-content\/uploads\/2015\/11\/metro-tunis.jpg","type":"","width":"","height":""}],"author":"webmaster kapitalis","twitter_card":"summary_large_image","twitter_creator":"@KapitalisInfo","twitter_site":"@KapitalisInfo","twitter_misc":{"\u00c9crit par":"webmaster kapitalis","Dur\u00e9e de lecture estim\u00e9e":"1 minute"},"schema":{"@context":"https:\/\/schema.org","@graph":[{"@type":"Article","@id":"https:\/\/kapitalis.com\/tunisie\/2022\/03\/31\/tunis-pour-une-approche-integree-de-la-mobilite-urbaine\/#article","isPartOf":{"@id":"https:\/\/kapitalis.com\/tunisie\/2022\/03\/31\/tunis-pour-une-approche-integree-de-la-mobilite-urbaine\/"},"author":{"name":"webmaster kapitalis","@id":"https:\/\/kapitalis.com\/tunisie\/#\/schema\/person\/d71f33a9ca44f7bad4698210b480c8e9"},"headline":"Tunis : Pour une approche int\u00e9gr\u00e9e de la mobilit\u00e9 urbaine","datePublished":"2022-03-31T12:54:59+00:00","dateModified":"2022-03-31T12:56:34+00:00","mainEntityOfPage":{"@id":"https:\/\/kapitalis.com\/tunisie\/2022\/03\/31\/tunis-pour-une-approche-integree-de-la-mobilite-urbaine\/"},"wordCount":305,"commentCount":0,"publisher":{"@id":"https:\/\/kapitalis.com\/tunisie\/#organization"},"image":{"@id":"https:\/\/kapitalis.com\/tunisie\/2022\/03\/31\/tunis-pour-une-approche-integree-de-la-mobilite-urbaine\/#primaryimage"},"thumbnailUrl":"http:\/\/kapitalis.com\/tunisie\/wp-content\/uploads\/2015\/11\/metro-tunis.jpg","keywords":["AFD","Codatu","Forum de la mobilit\u00e9 urbaine","Rabie Majidi","Tunisie"],"articleSection":["ECONOMIE","Tunisie"],"inLanguage":"fr-FR","potentialAction":[{"@type":"CommentAction","name":"Comment","target":["https:\/\/kapitalis.com\/tunisie\/2022\/03\/31\/tunis-pour-une-approche-integree-de-la-mobilite-urbaine\/#respond"]}]},{"@type":"WebPage","@id":"https:\/\/kapitalis.com\/tunisie\/2022\/03\/31\/tunis-pour-une-approche-integree-de-la-mobilite-urbaine\/","url":"https:\/\/kapitalis.com\/tunisie\/2022\/03\/31\/tunis-pour-une-approche-integree-de-la-mobilite-urbaine\/","name":"Tunis : Pour une approche int\u00e9gr\u00e9e de la mobilit\u00e9 urbaine - Kapitalis","isPartOf":{"@id":"https:\/\/kapitalis.com\/tunisie\/#website"},"primaryImageOfPage":{"@id":"https:\/\/kapitalis.com\/tunisie\/2022\/03\/31\/tunis-pour-une-approche-integree-de-la-mobilite-urbaine\/#primaryimage"},"image":{"@id":"https:\/\/kapitalis.com\/tunisie\/2022\/03\/31\/tunis-pour-une-approche-integree-de-la-mobilite-urbaine\/#primaryimage"},"thumbnailUrl":"http:\/\/kapitalis.com\/tunisie\/wp-content\/uploads\/2015\/11\/metro-tunis.jpg","datePublished":"2022-03-31T12:54:59+00:00","dateModified":"2022-03-31T12:56:34+00:00","breadcrumb":{"@id":"https:\/\/kapitalis.com\/tunisie\/2022\/03\/31\/tunis-pour-une-approche-integree-de-la-mobilite-urbaine\/#breadcrumb"},"inLanguage":"fr-FR","potentialAction":[{"@type":"ReadAction","target":["https:\/\/kapitalis.com\/tunisie\/2022\/03\/31\/tunis-pour-une-approche-integree-de-la-mobilite-urbaine\/"]}]},{"@type":"ImageObject","inLanguage":"fr-FR","@id":"https:\/\/kapitalis.com\/tunisie\/2022\/03\/31\/tunis-pour-une-approche-integree-de-la-mobilite-urbaine\/#primaryimage","url":"http:\/\/kapitalis.com\/tunisie\/wp-content\/uploads\/2015\/11\/metro-tunis.jpg","contentUrl":"http:\/\/kapitalis.com\/tunisie\/wp-content\/uploads\/2015\/11\/metro-tunis.jpg"},{"@type":"BreadcrumbList","@id":"https:\/\/kapitalis.com\/tunisie\/2022\/03\/31\/tunis-pour-une-approche-integree-de-la-mobilite-urbaine\/#breadcrumb","itemListElement":[{"@type":"ListItem","position":1,"name":"Accueil","item":"https:\/\/kapitalis.com\/tunisie\/"},{"@type":"ListItem","position":2,"name":"Tunis : Pour une approche int\u00e9gr\u00e9e de la mobilit\u00e9 urbaine"}]},{"@type":"WebSite","@id":"https:\/\/kapitalis.com\/tunisie\/#website","url":"https:\/\/kapitalis.com\/tunisie\/","name":"Kapitalis","description":"L&#039;actualit\u00e9 en Tunisie et dans le monde","publisher":{"@id":"https:\/\/kapitalis.com\/tunisie\/#organization"},"potentialAction":[{"@type":"SearchAction","target":{"@type":"EntryPoint","urlTemplate":"https:\/\/kapitalis.com\/tunisie\/?s={search_term_string}"},"query-input":{"@type":"PropertyValueSpecification","valueRequired":true,"valueName":"search_term_string"}}],"inLanguage":"fr-FR"},{"@type":"Organization","@id":"https:\/\/kapitalis.com\/tunisie\/#organization","name":"Kapitalis","url":"https:\/\/kapitalis.com\/tunisie\/","logo":{"@type":"ImageObject","inLanguage":"fr-FR","@id":"https:\/\/kapitalis.com\/tunisie\/#\/schema\/logo\/image\/","url":"https:\/\/kapitalis.com\/tunisie\/wp-content\/uploads\/2022\/05\/Kapitalis-big-size.png","contentUrl":"https:\/\/kapitalis.com\/tunisie\/wp-content\/uploads\/2022\/05\/Kapitalis-big-size.png","width":5000,"height":1500,"caption":"Kapitalis"},"image":{"@id":"https:\/\/kapitalis.com\/tunisie\/#\/schema\/logo\/image\/"},"sameAs":["https:\/\/www.facebook.com\/KapitalisInfo\/","https:\/\/x.com\/KapitalisInfo","https:\/\/www.youtube.com\/channel\/UC-yDYrHyfFBWWZaOw3FPg9Q"]},{"@type":"Person","@id":"https:\/\/kapitalis.com\/tunisie\/#\/schema\/person\/d71f33a9ca44f7bad4698210b480c8e9","name":"webmaster kapitalis","url":"https:\/\/kapitalis.com\/tunisie\/author\/webmaster-kapitalis\/"}]}},"_links":{"self":[{"href":"https:\/\/kapitalis.com\/tunisie\/wp-json\/wp\/v2\/posts\/386061","targetHints":{"allow":["GET"]}}],"collection":[{"href":"https:\/\/kapitalis.com\/tunisie\/wp-json\/wp\/v2\/posts"}],"about":[{"href":"https:\/\/kapitalis.com\/tunisie\/wp-json\/wp\/v2\/types\/post"}],"author":[{"embeddable":true,"href":"https:\/\/kapitalis.com\/tunisie\/wp-json\/wp\/v2\/users\/8"}],"replies":[{"embeddable":true,"href":"https:\/\/kapitalis.com\/tunisie\/wp-json\/wp\/v2\/comments?post=386061"}],"version-history":[{"count":0,"href":"https:\/\/kapitalis.com\/tunisie\/wp-json\/wp\/v2\/posts\/386061\/revisions"}],"wp:attachment":[{"href":"https:\/\/kapitalis.com\/tunisie\/wp-json\/wp\/v2\/media?parent=386061"}],"wp:term":[{"taxonomy":"category","embeddable":true,"href":"https:\/\/kapitalis.com\/tunisie\/wp-json\/wp\/v2\/categories?post=386061"},{"taxonomy":"post_tag","embeddable":true,"href":"https:\/\/kapitalis.com\/tunisie\/wp-json\/wp\/v2\/tags?post=386061"}],"curies":[{"name":"wp","href":"https:\/\/api.w.org\/{rel}","templated":true}]}}