{"id":386104,"date":"2022-03-31T18:13:38","date_gmt":"2022-03-31T17:13:38","guid":{"rendered":"http:\/\/kapitalis.com\/tunisie\/?p=386104"},"modified":"2022-03-31T18:18:46","modified_gmt":"2022-03-31T17:18:46","slug":"tunisie-lugtt-sexprime-sur-la-dissolution-de-lassemblee-par-le-president-saied","status":"publish","type":"post","link":"https:\/\/kapitalis.com\/tunisie\/2022\/03\/31\/tunisie-lugtt-sexprime-sur-la-dissolution-de-lassemblee-par-le-president-saied\/","title":{"rendered":"Tunisie : L&rsquo;UGTT s&rsquo;exprime sur la dissolution de l&rsquo;Assembl\u00e9e par le pr\u00e9sident Sa\u00efed"},"content":{"rendered":"\n<div class=\"wp-block-image\"><figure class=\"aligncenter size-full\"><img decoding=\"async\" src=\"http:\/\/kapitalis.com\/tunisie\/wp-content\/uploads\/2020\/03\/UGTT.jpg\" alt=\"\" class=\"wp-image-288189\"\/><\/figure><\/div>\n\n\n\n<p><em><strong>A l&rsquo;issue de la r\u00e9union de son bureau ex\u00e9cutif, l&rsquo;Union g\u00e9n\u00e9rale tunisienne du travail (UGTT), s&rsquo;est exprim\u00e9e, ce jeudi 31 mars 2022, sur la dissolution de l&rsquo;Assembl\u00e9e, annonc\u00e9e hier soir par le pr\u00e9sident de la r\u00e9publique, Ka\u00efs Sa\u00efed.<\/strong><\/em><\/p>\n\n\n\n<!--more-->\n\n\n\n<p>La centrale syndicale indique qu&rsquo;il n&rsquo;est plus n\u00e9cessaire que le parlement poursuive ses activit\u00e9s (qui avaient \u00e9t\u00e9 gel\u00e9es le 25 juillet), estimant que celui-ci a donn\u00e9 une mauvaise image qui refl\u00e8te la corruption dans la vie politique, tout en rappelant son opposition au recours par des parties influentes au Parlement \u00e0 des pays \u00e9trangers pour diviser davantage le pays et le pousser vers l&rsquo;inconnu.<\/p>\n\n\n\n<p>L&rsquo;UGTT estime de ce fait que la dissolution de l&rsquo;Assembl\u00e9e repr\u00e9sente une occasion, qui survient apr\u00e8s une p\u00e9riode de flottement, pour redonner espoir au peuple, notamment en entreprenant les r\u00e9formes n\u00e9cessaires : \u00ab<em>Ceci n\u00e9cessite de prendre des mesures visant \u00e0 r\u00e9unir les forces nationales et d\u00e9mocratiques pour un dialogue qui puisse garantir la capacit\u00e9 de transformer la volont\u00e9 en r\u00e9forme et en force capable de sauver la Tunisie et la sortir de la crise\u00bb.<\/em><\/p>\n\n\n\n<p>D&rsquo;autre part, la centrale syndicale estime que la dissolution du Parlement est un pas n\u00e9cessaire pour permettre \u00e0 certains d\u00e9put\u00e9s sanctionn\u00e9s par l&rsquo;interdiction de reprendre leur travail initial et aussi une occasion pour couper la route devant l&rsquo;exploitation ill\u00e9gale de cette fonction, par certains autres pour porter atteinte au pays.<\/p>\n\n\n\n<p>Dans son communiqu\u00e9 l&rsquo;UGTT a \u00e9galement appel\u00e9 la justice \u00e0 ne pas s&rsquo;immiscer dans les tiraillements et les conflits politiques, tout en r\u00e9clamant, par ailleurs, <em>\u00abdes garanties permettant de mettre fin \u00e0 la situation exceptionnelle, qui a trop dur\u00e9\u00bb<\/em>, et en appelant le gouvernement \u00e0 r\u00e9pondre aux revendications des Tunisiennes et des Tunisiens, notamment sur le plan s\u00e9curitaire, l&#8217;emploi, le d\u00e9veloppement  et la justice sociale.<\/p>\n\n\n\n<p class=\"has-text-align-right\"><strong>Y. N.<\/strong><\/p>\n\n\n\n<figure class=\"wp-block-embed is-type-wp-embed is-provider-kapitalis wp-block-embed-kapitalis\"><div class=\"wp-block-embed__wrapper\">\n<blockquote class=\"wp-embedded-content\" data-secret=\"ScQ0kau27U\"><a href=\"https:\/\/kapitalis.com\/tunisie\/2022\/03\/31\/tunisie-sami-tahri-la-dissolution-de-lassemblee-etait-absolument-necessaire\/\">Tunisie &#8211; Sami Tahri: \u00ab\u00a0La dissolution de l&rsquo;Assembl\u00e9e \u00e9tait absolument n\u00e9cessaire\u00a0\u00bb<\/a><\/blockquote><iframe loading=\"lazy\" class=\"wp-embedded-content\" sandbox=\"allow-scripts\" security=\"restricted\" style=\"position: absolute; clip: rect(1px, 1px, 1px, 1px);\" title=\"\u00ab\u00a0Tunisie &#8211; Sami Tahri: \u00ab\u00a0La dissolution de l&rsquo;Assembl\u00e9e \u00e9tait absolument n\u00e9cessaire\u00a0\u00bb\u00a0\u00bb &#8212; Kapitalis\" src=\"https:\/\/kapitalis.com\/tunisie\/2022\/03\/31\/tunisie-sami-tahri-la-dissolution-de-lassemblee-etait-absolument-necessaire\/embed\/#?secret=98u8yeGCaw#?secret=ScQ0kau27U\" data-secret=\"ScQ0kau27U\" width=\"600\" height=\"338\" frameborder=\"0\" marginwidth=\"0\" marginheight=\"0\" scrolling=\"no\"><\/iframe>\n<\/div><\/figure>\n\n\n\n<figure class=\"wp-block-embed is-type-wp-embed is-provider-kapitalis wp-block-embed-kapitalis\"><div class=\"wp-block-embed__wrapper\">\n<blockquote class=\"wp-embedded-content\" data-secret=\"wyNBstKDUZ\"><a href=\"https:\/\/kapitalis.com\/tunisie\/2022\/03\/30\/pleniere-de-lassemblee-gelee-les-deputes-seront-poursuivis-pour-complot-contre-la-surete-de-letat\/\">Pl\u00e9ni\u00e8re de l&rsquo;Assembl\u00e9e gel\u00e9e : Les d\u00e9put\u00e9s seront poursuivis pour complot contre la s\u00fbret\u00e9 de l\u2019\u00c9tat<\/a><\/blockquote><iframe loading=\"lazy\" class=\"wp-embedded-content\" sandbox=\"allow-scripts\" security=\"restricted\" style=\"position: absolute; clip: rect(1px, 1px, 1px, 1px);\" title=\"\u00ab\u00a0Pl\u00e9ni\u00e8re de l&rsquo;Assembl\u00e9e gel\u00e9e : Les d\u00e9put\u00e9s seront poursuivis pour complot contre la s\u00fbret\u00e9 de l\u2019\u00c9tat\u00a0\u00bb &#8212; Kapitalis\" src=\"https:\/\/kapitalis.com\/tunisie\/2022\/03\/30\/pleniere-de-lassemblee-gelee-les-deputes-seront-poursuivis-pour-complot-contre-la-surete-de-letat\/embed\/#?secret=RFcxA6nchv#?secret=wyNBstKDUZ\" data-secret=\"wyNBstKDUZ\" width=\"600\" height=\"338\" frameborder=\"0\" marginwidth=\"0\" marginheight=\"0\" scrolling=\"no\"><\/iframe>\n<\/div><\/figure>\n","protected":false},"excerpt":{"rendered":"<p>A l&rsquo;issue de la r\u00e9union de son bureau ex\u00e9cutif, l&rsquo;Union g\u00e9n\u00e9rale tunisienne du travail (UGTT), s&rsquo;est exprim\u00e9e, ce jeudi 31 mars 2022, sur la dissolution de l&rsquo;Assembl\u00e9e, annonc\u00e9e hier soir par le pr\u00e9sident de la r\u00e9publique, Ka\u00efs Sa\u00efed.<\/p>\n","protected":false},"author":6,"featured_media":0,"comment_status":"open","ping_status":"open","sticky":false,"template":"","format":"standard","meta":{"footnotes":""},"categories":[997,998,2433],"tags":[93,6251,5848,98577,87935,62643,936],"class_list":["post-386104","post","type-post","status-publish","format-standard","hentry","category-politique","category-societe","category-tunisie","tag-assemblee","tag-centrale-syndicale","tag-parlement","tag-periode-dexception","tag-saied-2","tag-tunisie","tag-ugtt"],"yoast_head":"<!-- This site is optimized with the Yoast SEO plugin v26.6 - https:\/\/yoast.com\/wordpress\/plugins\/seo\/ -->\n<title>Tunisie : L&#039;UGTT s&#039;exprime sur la dissolution de l&#039;Assembl\u00e9e par le pr\u00e9sident Sa\u00efed - Kapitalis<\/title>\n<meta name=\"robots\" content=\"index, follow, max-snippet:-1, max-image-preview:large, max-video-preview:-1\" \/>\n<link rel=\"canonical\" href=\"https:\/\/kapitalis.com\/tunisie\/2022\/03\/31\/tunisie-lugtt-sexprime-sur-la-dissolution-de-lassemblee-par-le-president-saied\/\" \/>\n<meta property=\"og:locale\" content=\"fr_FR\" \/>\n<meta property=\"og:type\" content=\"article\" \/>\n<meta property=\"og:title\" content=\"Tunisie : L&#039;UGTT s&#039;exprime sur la dissolution de l&#039;Assembl\u00e9e par le pr\u00e9sident Sa\u00efed - Kapitalis\" \/>\n<meta property=\"og:description\" content=\"A l&rsquo;issue de la r\u00e9union de son bureau ex\u00e9cutif, l&rsquo;Union g\u00e9n\u00e9rale tunisienne du travail (UGTT), s&rsquo;est exprim\u00e9e, ce jeudi 31 mars 2022, sur la dissolution de l&rsquo;Assembl\u00e9e, annonc\u00e9e hier soir par le pr\u00e9sident de la r\u00e9publique, Ka\u00efs Sa\u00efed.\" \/>\n<meta property=\"og:url\" content=\"https:\/\/kapitalis.com\/tunisie\/2022\/03\/31\/tunisie-lugtt-sexprime-sur-la-dissolution-de-lassemblee-par-le-president-saied\/\" \/>\n<meta property=\"og:site_name\" content=\"Kapitalis\" \/>\n<meta property=\"article:publisher\" content=\"https:\/\/www.facebook.com\/KapitalisInfo\/\" \/>\n<meta property=\"article:published_time\" content=\"2022-03-31T17:13:38+00:00\" \/>\n<meta property=\"article:modified_time\" content=\"2022-03-31T17:18:46+00:00\" \/>\n<meta property=\"og:image\" content=\"http:\/\/kapitalis.com\/tunisie\/wp-content\/uploads\/2020\/03\/UGTT.jpg\" \/>\n<meta name=\"author\" content=\"Yusra NY\" \/>\n<meta name=\"twitter:card\" content=\"summary_large_image\" \/>\n<meta name=\"twitter:creator\" content=\"@KapitalisInfo\" \/>\n<meta name=\"twitter:site\" content=\"@KapitalisInfo\" \/>\n<meta name=\"twitter:label1\" content=\"\u00c9crit par\" \/>\n\t<meta name=\"twitter:data1\" content=\"Yusra NY\" \/>\n\t<meta name=\"twitter:label2\" content=\"Dur\u00e9e de lecture estim\u00e9e\" \/>\n\t<meta name=\"twitter:data2\" content=\"2 minutes\" \/>\n<script type=\"application\/ld+json\" class=\"yoast-schema-graph\">{\"@context\":\"https:\/\/schema.org\",\"@graph\":[{\"@type\":\"Article\",\"@id\":\"https:\/\/kapitalis.com\/tunisie\/2022\/03\/31\/tunisie-lugtt-sexprime-sur-la-dissolution-de-lassemblee-par-le-president-saied\/#article\",\"isPartOf\":{\"@id\":\"https:\/\/kapitalis.com\/tunisie\/2022\/03\/31\/tunisie-lugtt-sexprime-sur-la-dissolution-de-lassemblee-par-le-president-saied\/\"},\"author\":{\"name\":\"Yusra NY\",\"@id\":\"https:\/\/kapitalis.com\/tunisie\/#\/schema\/person\/74bbde0154d49d790a92aaeac5bc01d5\"},\"headline\":\"Tunisie : L&rsquo;UGTT s&rsquo;exprime sur la dissolution de l&rsquo;Assembl\u00e9e par le pr\u00e9sident Sa\u00efed\",\"datePublished\":\"2022-03-31T17:13:38+00:00\",\"dateModified\":\"2022-03-31T17:18:46+00:00\",\"mainEntityOfPage\":{\"@id\":\"https:\/\/kapitalis.com\/tunisie\/2022\/03\/31\/tunisie-lugtt-sexprime-sur-la-dissolution-de-lassemblee-par-le-president-saied\/\"},\"wordCount\":342,\"commentCount\":2,\"publisher\":{\"@id\":\"https:\/\/kapitalis.com\/tunisie\/#organization\"},\"image\":{\"@id\":\"https:\/\/kapitalis.com\/tunisie\/2022\/03\/31\/tunisie-lugtt-sexprime-sur-la-dissolution-de-lassemblee-par-le-president-saied\/#primaryimage\"},\"thumbnailUrl\":\"http:\/\/kapitalis.com\/tunisie\/wp-content\/uploads\/2020\/03\/UGTT.jpg\",\"keywords\":[\"Assembl\u00e9e\",\"centrale syndicale\",\"parlement\",\"p\u00e9riode d&#039;exception\",\"Sa\u00efed\",\"Tunisie\",\"UGTT\"],\"articleSection\":[\"POLITIQUE\",\"SOCIETE\",\"Tunisie\"],\"inLanguage\":\"fr-FR\",\"potentialAction\":[{\"@type\":\"CommentAction\",\"name\":\"Comment\",\"target\":[\"https:\/\/kapitalis.com\/tunisie\/2022\/03\/31\/tunisie-lugtt-sexprime-sur-la-dissolution-de-lassemblee-par-le-president-saied\/#respond\"]}]},{\"@type\":\"WebPage\",\"@id\":\"https:\/\/kapitalis.com\/tunisie\/2022\/03\/31\/tunisie-lugtt-sexprime-sur-la-dissolution-de-lassemblee-par-le-president-saied\/\",\"url\":\"https:\/\/kapitalis.com\/tunisie\/2022\/03\/31\/tunisie-lugtt-sexprime-sur-la-dissolution-de-lassemblee-par-le-president-saied\/\",\"name\":\"Tunisie : L'UGTT s'exprime sur la dissolution de l'Assembl\u00e9e par le pr\u00e9sident Sa\u00efed - Kapitalis\",\"isPartOf\":{\"@id\":\"https:\/\/kapitalis.com\/tunisie\/#website\"},\"primaryImageOfPage\":{\"@id\":\"https:\/\/kapitalis.com\/tunisie\/2022\/03\/31\/tunisie-lugtt-sexprime-sur-la-dissolution-de-lassemblee-par-le-president-saied\/#primaryimage\"},\"image\":{\"@id\":\"https:\/\/kapitalis.com\/tunisie\/2022\/03\/31\/tunisie-lugtt-sexprime-sur-la-dissolution-de-lassemblee-par-le-president-saied\/#primaryimage\"},\"thumbnailUrl\":\"http:\/\/kapitalis.com\/tunisie\/wp-content\/uploads\/2020\/03\/UGTT.jpg\",\"datePublished\":\"2022-03-31T17:13:38+00:00\",\"dateModified\":\"2022-03-31T17:18:46+00:00\",\"breadcrumb\":{\"@id\":\"https:\/\/kapitalis.com\/tunisie\/2022\/03\/31\/tunisie-lugtt-sexprime-sur-la-dissolution-de-lassemblee-par-le-president-saied\/#breadcrumb\"},\"inLanguage\":\"fr-FR\",\"potentialAction\":[{\"@type\":\"ReadAction\",\"target\":[\"https:\/\/kapitalis.com\/tunisie\/2022\/03\/31\/tunisie-lugtt-sexprime-sur-la-dissolution-de-lassemblee-par-le-president-saied\/\"]}]},{\"@type\":\"ImageObject\",\"inLanguage\":\"fr-FR\",\"@id\":\"https:\/\/kapitalis.com\/tunisie\/2022\/03\/31\/tunisie-lugtt-sexprime-sur-la-dissolution-de-lassemblee-par-le-president-saied\/#primaryimage\",\"url\":\"\",\"contentUrl\":\"\"},{\"@type\":\"BreadcrumbList\",\"@id\":\"https:\/\/kapitalis.com\/tunisie\/2022\/03\/31\/tunisie-lugtt-sexprime-sur-la-dissolution-de-lassemblee-par-le-president-saied\/#breadcrumb\",\"itemListElement\":[{\"@type\":\"ListItem\",\"position\":1,\"name\":\"Accueil\",\"item\":\"https:\/\/kapitalis.com\/tunisie\/\"},{\"@type\":\"ListItem\",\"position\":2,\"name\":\"Tunisie : L&rsquo;UGTT s&rsquo;exprime sur la dissolution de l&rsquo;Assembl\u00e9e par le pr\u00e9sident Sa\u00efed\"}]},{\"@type\":\"WebSite\",\"@id\":\"https:\/\/kapitalis.com\/tunisie\/#website\",\"url\":\"https:\/\/kapitalis.com\/tunisie\/\",\"name\":\"Kapitalis\",\"description\":\"L&#039;actualit\u00e9 en Tunisie et dans le monde\",\"publisher\":{\"@id\":\"https:\/\/kapitalis.com\/tunisie\/#organization\"},\"potentialAction\":[{\"@type\":\"SearchAction\",\"target\":{\"@type\":\"EntryPoint\",\"urlTemplate\":\"https:\/\/kapitalis.com\/tunisie\/?s={search_term_string}\"},\"query-input\":{\"@type\":\"PropertyValueSpecification\",\"valueRequired\":true,\"valueName\":\"search_term_string\"}}],\"inLanguage\":\"fr-FR\"},{\"@type\":\"Organization\",\"@id\":\"https:\/\/kapitalis.com\/tunisie\/#organization\",\"name\":\"Kapitalis\",\"url\":\"https:\/\/kapitalis.com\/tunisie\/\",\"logo\":{\"@type\":\"ImageObject\",\"inLanguage\":\"fr-FR\",\"@id\":\"https:\/\/kapitalis.com\/tunisie\/#\/schema\/logo\/image\/\",\"url\":\"https:\/\/kapitalis.com\/tunisie\/wp-content\/uploads\/2022\/05\/Kapitalis-big-size.png\",\"contentUrl\":\"https:\/\/kapitalis.com\/tunisie\/wp-content\/uploads\/2022\/05\/Kapitalis-big-size.png\",\"width\":5000,\"height\":1500,\"caption\":\"Kapitalis\"},\"image\":{\"@id\":\"https:\/\/kapitalis.com\/tunisie\/#\/schema\/logo\/image\/\"},\"sameAs\":[\"https:\/\/www.facebook.com\/KapitalisInfo\/\",\"https:\/\/x.com\/KapitalisInfo\",\"https:\/\/www.youtube.com\/channel\/UC-yDYrHyfFBWWZaOw3FPg9Q\"]},{\"@type\":\"Person\",\"@id\":\"https:\/\/kapitalis.com\/tunisie\/#\/schema\/person\/74bbde0154d49d790a92aaeac5bc01d5\",\"name\":\"Yusra NY\",\"url\":\"https:\/\/kapitalis.com\/tunisie\/author\/yuza_adam\/\"}]}<\/script>\n<!-- \/ Yoast SEO plugin. -->","yoast_head_json":{"title":"Tunisie : L'UGTT s'exprime sur la dissolution de l'Assembl\u00e9e par le pr\u00e9sident Sa\u00efed - Kapitalis","robots":{"index":"index","follow":"follow","max-snippet":"max-snippet:-1","max-image-preview":"max-image-preview:large","max-video-preview":"max-video-preview:-1"},"canonical":"https:\/\/kapitalis.com\/tunisie\/2022\/03\/31\/tunisie-lugtt-sexprime-sur-la-dissolution-de-lassemblee-par-le-president-saied\/","og_locale":"fr_FR","og_type":"article","og_title":"Tunisie : L'UGTT s'exprime sur la dissolution de l'Assembl\u00e9e par le pr\u00e9sident Sa\u00efed - Kapitalis","og_description":"A l&rsquo;issue de la r\u00e9union de son bureau ex\u00e9cutif, l&rsquo;Union g\u00e9n\u00e9rale tunisienne du travail (UGTT), s&rsquo;est exprim\u00e9e, ce jeudi 31 mars 2022, sur la dissolution de l&rsquo;Assembl\u00e9e, annonc\u00e9e hier soir par le pr\u00e9sident de la r\u00e9publique, Ka\u00efs Sa\u00efed.","og_url":"https:\/\/kapitalis.com\/tunisie\/2022\/03\/31\/tunisie-lugtt-sexprime-sur-la-dissolution-de-lassemblee-par-le-president-saied\/","og_site_name":"Kapitalis","article_publisher":"https:\/\/www.facebook.com\/KapitalisInfo\/","article_published_time":"2022-03-31T17:13:38+00:00","article_modified_time":"2022-03-31T17:18:46+00:00","og_image":[{"url":"http:\/\/kapitalis.com\/tunisie\/wp-content\/uploads\/2020\/03\/UGTT.jpg","type":"","width":"","height":""}],"author":"Yusra NY","twitter_card":"summary_large_image","twitter_creator":"@KapitalisInfo","twitter_site":"@KapitalisInfo","twitter_misc":{"\u00c9crit par":"Yusra NY","Dur\u00e9e de lecture estim\u00e9e":"2 minutes"},"schema":{"@context":"https:\/\/schema.org","@graph":[{"@type":"Article","@id":"https:\/\/kapitalis.com\/tunisie\/2022\/03\/31\/tunisie-lugtt-sexprime-sur-la-dissolution-de-lassemblee-par-le-president-saied\/#article","isPartOf":{"@id":"https:\/\/kapitalis.com\/tunisie\/2022\/03\/31\/tunisie-lugtt-sexprime-sur-la-dissolution-de-lassemblee-par-le-president-saied\/"},"author":{"name":"Yusra NY","@id":"https:\/\/kapitalis.com\/tunisie\/#\/schema\/person\/74bbde0154d49d790a92aaeac5bc01d5"},"headline":"Tunisie : L&rsquo;UGTT s&rsquo;exprime sur la dissolution de l&rsquo;Assembl\u00e9e par le pr\u00e9sident Sa\u00efed","datePublished":"2022-03-31T17:13:38+00:00","dateModified":"2022-03-31T17:18:46+00:00","mainEntityOfPage":{"@id":"https:\/\/kapitalis.com\/tunisie\/2022\/03\/31\/tunisie-lugtt-sexprime-sur-la-dissolution-de-lassemblee-par-le-president-saied\/"},"wordCount":342,"commentCount":2,"publisher":{"@id":"https:\/\/kapitalis.com\/tunisie\/#organization"},"image":{"@id":"https:\/\/kapitalis.com\/tunisie\/2022\/03\/31\/tunisie-lugtt-sexprime-sur-la-dissolution-de-lassemblee-par-le-president-saied\/#primaryimage"},"thumbnailUrl":"http:\/\/kapitalis.com\/tunisie\/wp-content\/uploads\/2020\/03\/UGTT.jpg","keywords":["Assembl\u00e9e","centrale syndicale","parlement","p\u00e9riode d&#039;exception","Sa\u00efed","Tunisie","UGTT"],"articleSection":["POLITIQUE","SOCIETE","Tunisie"],"inLanguage":"fr-FR","potentialAction":[{"@type":"CommentAction","name":"Comment","target":["https:\/\/kapitalis.com\/tunisie\/2022\/03\/31\/tunisie-lugtt-sexprime-sur-la-dissolution-de-lassemblee-par-le-president-saied\/#respond"]}]},{"@type":"WebPage","@id":"https:\/\/kapitalis.com\/tunisie\/2022\/03\/31\/tunisie-lugtt-sexprime-sur-la-dissolution-de-lassemblee-par-le-president-saied\/","url":"https:\/\/kapitalis.com\/tunisie\/2022\/03\/31\/tunisie-lugtt-sexprime-sur-la-dissolution-de-lassemblee-par-le-president-saied\/","name":"Tunisie : L'UGTT s'exprime sur la dissolution de l'Assembl\u00e9e par le pr\u00e9sident Sa\u00efed - Kapitalis","isPartOf":{"@id":"https:\/\/kapitalis.com\/tunisie\/#website"},"primaryImageOfPage":{"@id":"https:\/\/kapitalis.com\/tunisie\/2022\/03\/31\/tunisie-lugtt-sexprime-sur-la-dissolution-de-lassemblee-par-le-president-saied\/#primaryimage"},"image":{"@id":"https:\/\/kapitalis.com\/tunisie\/2022\/03\/31\/tunisie-lugtt-sexprime-sur-la-dissolution-de-lassemblee-par-le-president-saied\/#primaryimage"},"thumbnailUrl":"http:\/\/kapitalis.com\/tunisie\/wp-content\/uploads\/2020\/03\/UGTT.jpg","datePublished":"2022-03-31T17:13:38+00:00","dateModified":"2022-03-31T17:18:46+00:00","breadcrumb":{"@id":"https:\/\/kapitalis.com\/tunisie\/2022\/03\/31\/tunisie-lugtt-sexprime-sur-la-dissolution-de-lassemblee-par-le-president-saied\/#breadcrumb"},"inLanguage":"fr-FR","potentialAction":[{"@type":"ReadAction","target":["https:\/\/kapitalis.com\/tunisie\/2022\/03\/31\/tunisie-lugtt-sexprime-sur-la-dissolution-de-lassemblee-par-le-president-saied\/"]}]},{"@type":"ImageObject","inLanguage":"fr-FR","@id":"https:\/\/kapitalis.com\/tunisie\/2022\/03\/31\/tunisie-lugtt-sexprime-sur-la-dissolution-de-lassemblee-par-le-president-saied\/#primaryimage","url":"","contentUrl":""},{"@type":"BreadcrumbList","@id":"https:\/\/kapitalis.com\/tunisie\/2022\/03\/31\/tunisie-lugtt-sexprime-sur-la-dissolution-de-lassemblee-par-le-president-saied\/#breadcrumb","itemListElement":[{"@type":"ListItem","position":1,"name":"Accueil","item":"https:\/\/kapitalis.com\/tunisie\/"},{"@type":"ListItem","position":2,"name":"Tunisie : L&rsquo;UGTT s&rsquo;exprime sur la dissolution de l&rsquo;Assembl\u00e9e par le pr\u00e9sident Sa\u00efed"}]},{"@type":"WebSite","@id":"https:\/\/kapitalis.com\/tunisie\/#website","url":"https:\/\/kapitalis.com\/tunisie\/","name":"Kapitalis","description":"L&#039;actualit\u00e9 en Tunisie et dans le monde","publisher":{"@id":"https:\/\/kapitalis.com\/tunisie\/#organization"},"potentialAction":[{"@type":"SearchAction","target":{"@type":"EntryPoint","urlTemplate":"https:\/\/kapitalis.com\/tunisie\/?s={search_term_string}"},"query-input":{"@type":"PropertyValueSpecification","valueRequired":true,"valueName":"search_term_string"}}],"inLanguage":"fr-FR"},{"@type":"Organization","@id":"https:\/\/kapitalis.com\/tunisie\/#organization","name":"Kapitalis","url":"https:\/\/kapitalis.com\/tunisie\/","logo":{"@type":"ImageObject","inLanguage":"fr-FR","@id":"https:\/\/kapitalis.com\/tunisie\/#\/schema\/logo\/image\/","url":"https:\/\/kapitalis.com\/tunisie\/wp-content\/uploads\/2022\/05\/Kapitalis-big-size.png","contentUrl":"https:\/\/kapitalis.com\/tunisie\/wp-content\/uploads\/2022\/05\/Kapitalis-big-size.png","width":5000,"height":1500,"caption":"Kapitalis"},"image":{"@id":"https:\/\/kapitalis.com\/tunisie\/#\/schema\/logo\/image\/"},"sameAs":["https:\/\/www.facebook.com\/KapitalisInfo\/","https:\/\/x.com\/KapitalisInfo","https:\/\/www.youtube.com\/channel\/UC-yDYrHyfFBWWZaOw3FPg9Q"]},{"@type":"Person","@id":"https:\/\/kapitalis.com\/tunisie\/#\/schema\/person\/74bbde0154d49d790a92aaeac5bc01d5","name":"Yusra NY","url":"https:\/\/kapitalis.com\/tunisie\/author\/yuza_adam\/"}]}},"_links":{"self":[{"href":"https:\/\/kapitalis.com\/tunisie\/wp-json\/wp\/v2\/posts\/386104","targetHints":{"allow":["GET"]}}],"collection":[{"href":"https:\/\/kapitalis.com\/tunisie\/wp-json\/wp\/v2\/posts"}],"about":[{"href":"https:\/\/kapitalis.com\/tunisie\/wp-json\/wp\/v2\/types\/post"}],"author":[{"embeddable":true,"href":"https:\/\/kapitalis.com\/tunisie\/wp-json\/wp\/v2\/users\/6"}],"replies":[{"embeddable":true,"href":"https:\/\/kapitalis.com\/tunisie\/wp-json\/wp\/v2\/comments?post=386104"}],"version-history":[{"count":0,"href":"https:\/\/kapitalis.com\/tunisie\/wp-json\/wp\/v2\/posts\/386104\/revisions"}],"wp:attachment":[{"href":"https:\/\/kapitalis.com\/tunisie\/wp-json\/wp\/v2\/media?parent=386104"}],"wp:term":[{"taxonomy":"category","embeddable":true,"href":"https:\/\/kapitalis.com\/tunisie\/wp-json\/wp\/v2\/categories?post=386104"},{"taxonomy":"post_tag","embeddable":true,"href":"https:\/\/kapitalis.com\/tunisie\/wp-json\/wp\/v2\/tags?post=386104"}],"curies":[{"name":"wp","href":"https:\/\/api.w.org\/{rel}","templated":true}]}}