{"id":386116,"date":"2022-03-31T20:19:42","date_gmt":"2022-03-31T19:19:42","guid":{"rendered":"http:\/\/kapitalis.com\/tunisie\/?p=386116"},"modified":"2022-03-31T20:22:38","modified_gmt":"2022-03-31T19:22:38","slug":"dissolution-de-lassemblee-le-parti-de-ghannouchi-exprime-son-refus","status":"publish","type":"post","link":"https:\/\/kapitalis.com\/tunisie\/2022\/03\/31\/dissolution-de-lassemblee-le-parti-de-ghannouchi-exprime-son-refus\/","title":{"rendered":"Dissolution de l&rsquo;Assembl\u00e9e : Le parti de Ghannouchi exprime son refus"},"content":{"rendered":"\n<div class=\"wp-block-image\"><figure class=\"aligncenter size-full\"><img decoding=\"async\" src=\"http:\/\/kapitalis.com\/tunisie\/wp-content\/uploads\/2021\/03\/Rached-Ghannouchi.jpg\" alt=\"\" class=\"wp-image-343268\"\/><\/figure><\/div>\n\n\n\n<p><strong><em>Le parti islamiste Ennahdha a annonc\u00e9, ce jeudi 31 mats, son refus de la d\u00e9cision relative \u00e0 la dissolution de l\u2019Assembl\u00e9e, annonc\u00e9e hier par le pr\u00e9sident de la r\u00e9publique Ka\u00efs Sa\u00efed.<\/em><\/strong><\/p>\n\n\n\n<!--more-->\n\n\n\n<p>Dans un communiqu\u00e9 publi\u00e9 ce jeudi 31 mars 2022, \u00e0 l&rsquo;issue de la r\u00e9union de son bureau ex\u00e9cutif, Ennahdha a indiqu\u00e9 que cette d\u00e9cision repr\u00e9sente une \u00ab<em>persistance dans le d\u00e9mant\u00e8lement de l\u2019\u00c9tat et de ses institutions et une nouvelle violation de la Constitution qui stipule clairement dans son article 80 que le Parlem<\/em>ent reste ouvert\u00bb.<\/p>\n\n\n\n<p>Le parti islamiste est \u00e9galement revenu sur la s\u00e9ance pl\u00e9ni\u00e8re organis\u00e9e, mercredi matin, en affirmant que celle-ci est <em>\u00abl\u00e9gale et l\u00e9gitime\u00bb<\/em>, tout en rappelant que sur les 121 d\u00e9put\u00e9s (gel\u00e9s) 116 ont vot\u00e9 pour l&rsquo;annulation des mesures exceptionnelles d\u00e9cid\u00e9es le 25 juillet dernier par le chef de l&rsquo;Etat.<\/p>\n\n\n\n<p><em>\u00abMettre fin \u00e0 l\u2019\u00c9tat d\u2019exception ne constitue pas un conflit de l\u00e9gitimit\u00e9 mais un retour \u00e0 une institution \u00e9lue par le peuple<\/em> \u00bb, lit-on encore dans le communiqu\u00e9 du parti de Ghannouchi, qui a appel\u00e9 \u00e0 tenir les institutions de l\u2019Etat \u00e0 l\u2019\u00e9cart de tous les conflits politique et des r\u00e8glements de compte.<\/p>\n\n\n\n<p>On notera que le pr\u00e9sident de la R\u00e9publique Ka\u00efs Sa\u00efed a annonc\u00e9, hier soir, \u00e0 l&rsquo;issue de la r\u00e9union du Conseil de s\u00e9curit\u00e9 nationale, la dissolution du Parlement dont les activit\u00e9s avaient \u00e9t\u00e9 suspendues le 25 juillet dernier et qu&rsquo;un d\u00e9cret pr\u00e9sidentiel \u00e0 ce propos a \u00e9t\u00e9 publi\u00e9, le soir m\u00eame, dans le Journal officiel de la R\u00e9publique tunisienne (Jort).<\/p>\n\n\n\n<p class=\"has-text-align-right\"><strong>Y. N.<\/strong><\/p>\n\n\n\n<figure class=\"wp-block-embed is-type-wp-embed is-provider-kapitalis wp-block-embed-kapitalis\"><div class=\"wp-block-embed__wrapper\">\n<blockquote class=\"wp-embedded-content\" data-secret=\"0DFcN9Rfkz\"><a href=\"https:\/\/kapitalis.com\/tunisie\/2022\/03\/31\/tunisie-lugtt-sexprime-sur-la-dissolution-de-lassemblee-par-le-president-saied\/\">Tunisie : L&rsquo;UGTT s&rsquo;exprime sur la dissolution de l&rsquo;Assembl\u00e9e par le pr\u00e9sident Sa\u00efed<\/a><\/blockquote><iframe loading=\"lazy\" class=\"wp-embedded-content\" sandbox=\"allow-scripts\" security=\"restricted\" style=\"position: absolute; clip: rect(1px, 1px, 1px, 1px);\" title=\"\u00ab\u00a0Tunisie : L&rsquo;UGTT s&rsquo;exprime sur la dissolution de l&rsquo;Assembl\u00e9e par le pr\u00e9sident Sa\u00efed\u00a0\u00bb &#8212; Kapitalis\" src=\"https:\/\/kapitalis.com\/tunisie\/2022\/03\/31\/tunisie-lugtt-sexprime-sur-la-dissolution-de-lassemblee-par-le-president-saied\/embed\/#?secret=J6cR5IUPhB#?secret=0DFcN9Rfkz\" data-secret=\"0DFcN9Rfkz\" width=\"600\" height=\"338\" frameborder=\"0\" marginwidth=\"0\" marginheight=\"0\" scrolling=\"no\"><\/iframe>\n<\/div><\/figure>\n","protected":false},"excerpt":{"rendered":"<p>Le parti islamiste Ennahdha a annonc\u00e9, ce jeudi 31 mats, son refus de la d\u00e9cision relative \u00e0 la dissolution de l\u2019Assembl\u00e9e, annonc\u00e9e hier par le pr\u00e9sident de la r\u00e9publique Ka\u00efs Sa\u00efed.<\/p>\n","protected":false},"author":6,"featured_media":0,"comment_status":"open","ping_status":"open","sticky":false,"template":"","format":"standard","meta":{"footnotes":""},"categories":[997,2433],"tags":[76920,93,49543,413,76012,758,62643],"class_list":["post-386116","post","type-post","status-publish","format-standard","hentry","category-politique","category-tunisie","tag-25-juillet","tag-assemblee","tag-ennahdha","tag-ghannouchi","tag-kais-saied-2","tag-rached-ghannouchi","tag-tunisie"],"yoast_head":"<!-- This site is optimized with the Yoast SEO plugin v26.6 - https:\/\/yoast.com\/wordpress\/plugins\/seo\/ -->\n<title>Dissolution de l&#039;Assembl\u00e9e : Le parti de Ghannouchi exprime son refus - Kapitalis<\/title>\n<meta name=\"robots\" content=\"index, follow, max-snippet:-1, max-image-preview:large, max-video-preview:-1\" \/>\n<link rel=\"canonical\" href=\"https:\/\/kapitalis.com\/tunisie\/2022\/03\/31\/dissolution-de-lassemblee-le-parti-de-ghannouchi-exprime-son-refus\/\" \/>\n<meta property=\"og:locale\" content=\"fr_FR\" \/>\n<meta property=\"og:type\" content=\"article\" \/>\n<meta property=\"og:title\" content=\"Dissolution de l&#039;Assembl\u00e9e : Le parti de Ghannouchi exprime son refus - Kapitalis\" \/>\n<meta property=\"og:description\" content=\"Le parti islamiste Ennahdha a annonc\u00e9, ce jeudi 31 mats, son refus de la d\u00e9cision relative \u00e0 la dissolution de l\u2019Assembl\u00e9e, annonc\u00e9e hier par le pr\u00e9sident de la r\u00e9publique Ka\u00efs Sa\u00efed.\" \/>\n<meta property=\"og:url\" content=\"https:\/\/kapitalis.com\/tunisie\/2022\/03\/31\/dissolution-de-lassemblee-le-parti-de-ghannouchi-exprime-son-refus\/\" \/>\n<meta property=\"og:site_name\" content=\"Kapitalis\" \/>\n<meta property=\"article:publisher\" content=\"https:\/\/www.facebook.com\/KapitalisInfo\/\" \/>\n<meta property=\"article:published_time\" content=\"2022-03-31T19:19:42+00:00\" \/>\n<meta property=\"article:modified_time\" content=\"2022-03-31T19:22:38+00:00\" \/>\n<meta property=\"og:image\" content=\"http:\/\/kapitalis.com\/tunisie\/wp-content\/uploads\/2021\/03\/Rached-Ghannouchi.jpg\" \/>\n<meta name=\"author\" content=\"Yusra NY\" \/>\n<meta name=\"twitter:card\" content=\"summary_large_image\" \/>\n<meta name=\"twitter:creator\" content=\"@KapitalisInfo\" \/>\n<meta name=\"twitter:site\" content=\"@KapitalisInfo\" \/>\n<meta name=\"twitter:label1\" content=\"\u00c9crit par\" \/>\n\t<meta name=\"twitter:data1\" content=\"Yusra NY\" \/>\n\t<meta name=\"twitter:label2\" content=\"Dur\u00e9e de lecture estim\u00e9e\" \/>\n\t<meta name=\"twitter:data2\" content=\"1 minute\" \/>\n<script type=\"application\/ld+json\" class=\"yoast-schema-graph\">{\"@context\":\"https:\/\/schema.org\",\"@graph\":[{\"@type\":\"Article\",\"@id\":\"https:\/\/kapitalis.com\/tunisie\/2022\/03\/31\/dissolution-de-lassemblee-le-parti-de-ghannouchi-exprime-son-refus\/#article\",\"isPartOf\":{\"@id\":\"https:\/\/kapitalis.com\/tunisie\/2022\/03\/31\/dissolution-de-lassemblee-le-parti-de-ghannouchi-exprime-son-refus\/\"},\"author\":{\"name\":\"Yusra NY\",\"@id\":\"https:\/\/kapitalis.com\/tunisie\/#\/schema\/person\/74bbde0154d49d790a92aaeac5bc01d5\"},\"headline\":\"Dissolution de l&rsquo;Assembl\u00e9e : Le parti de Ghannouchi exprime son refus\",\"datePublished\":\"2022-03-31T19:19:42+00:00\",\"dateModified\":\"2022-03-31T19:22:38+00:00\",\"mainEntityOfPage\":{\"@id\":\"https:\/\/kapitalis.com\/tunisie\/2022\/03\/31\/dissolution-de-lassemblee-le-parti-de-ghannouchi-exprime-son-refus\/\"},\"wordCount\":291,\"commentCount\":8,\"publisher\":{\"@id\":\"https:\/\/kapitalis.com\/tunisie\/#organization\"},\"image\":{\"@id\":\"https:\/\/kapitalis.com\/tunisie\/2022\/03\/31\/dissolution-de-lassemblee-le-parti-de-ghannouchi-exprime-son-refus\/#primaryimage\"},\"thumbnailUrl\":\"http:\/\/kapitalis.com\/tunisie\/wp-content\/uploads\/2021\/03\/Rached-Ghannouchi.jpg\",\"keywords\":[\"25 juillet\",\"Assembl\u00e9e\",\"Ennahdha\",\"ghannouchi\",\"Ka\u00efs Sa\u00efed\",\"Rached Ghannouchi\",\"Tunisie\"],\"articleSection\":[\"POLITIQUE\",\"Tunisie\"],\"inLanguage\":\"fr-FR\",\"potentialAction\":[{\"@type\":\"CommentAction\",\"name\":\"Comment\",\"target\":[\"https:\/\/kapitalis.com\/tunisie\/2022\/03\/31\/dissolution-de-lassemblee-le-parti-de-ghannouchi-exprime-son-refus\/#respond\"]}]},{\"@type\":\"WebPage\",\"@id\":\"https:\/\/kapitalis.com\/tunisie\/2022\/03\/31\/dissolution-de-lassemblee-le-parti-de-ghannouchi-exprime-son-refus\/\",\"url\":\"https:\/\/kapitalis.com\/tunisie\/2022\/03\/31\/dissolution-de-lassemblee-le-parti-de-ghannouchi-exprime-son-refus\/\",\"name\":\"Dissolution de l'Assembl\u00e9e : Le parti de Ghannouchi exprime son refus - Kapitalis\",\"isPartOf\":{\"@id\":\"https:\/\/kapitalis.com\/tunisie\/#website\"},\"primaryImageOfPage\":{\"@id\":\"https:\/\/kapitalis.com\/tunisie\/2022\/03\/31\/dissolution-de-lassemblee-le-parti-de-ghannouchi-exprime-son-refus\/#primaryimage\"},\"image\":{\"@id\":\"https:\/\/kapitalis.com\/tunisie\/2022\/03\/31\/dissolution-de-lassemblee-le-parti-de-ghannouchi-exprime-son-refus\/#primaryimage\"},\"thumbnailUrl\":\"http:\/\/kapitalis.com\/tunisie\/wp-content\/uploads\/2021\/03\/Rached-Ghannouchi.jpg\",\"datePublished\":\"2022-03-31T19:19:42+00:00\",\"dateModified\":\"2022-03-31T19:22:38+00:00\",\"breadcrumb\":{\"@id\":\"https:\/\/kapitalis.com\/tunisie\/2022\/03\/31\/dissolution-de-lassemblee-le-parti-de-ghannouchi-exprime-son-refus\/#breadcrumb\"},\"inLanguage\":\"fr-FR\",\"potentialAction\":[{\"@type\":\"ReadAction\",\"target\":[\"https:\/\/kapitalis.com\/tunisie\/2022\/03\/31\/dissolution-de-lassemblee-le-parti-de-ghannouchi-exprime-son-refus\/\"]}]},{\"@type\":\"ImageObject\",\"inLanguage\":\"fr-FR\",\"@id\":\"https:\/\/kapitalis.com\/tunisie\/2022\/03\/31\/dissolution-de-lassemblee-le-parti-de-ghannouchi-exprime-son-refus\/#primaryimage\",\"url\":\"\",\"contentUrl\":\"\"},{\"@type\":\"BreadcrumbList\",\"@id\":\"https:\/\/kapitalis.com\/tunisie\/2022\/03\/31\/dissolution-de-lassemblee-le-parti-de-ghannouchi-exprime-son-refus\/#breadcrumb\",\"itemListElement\":[{\"@type\":\"ListItem\",\"position\":1,\"name\":\"Accueil\",\"item\":\"https:\/\/kapitalis.com\/tunisie\/\"},{\"@type\":\"ListItem\",\"position\":2,\"name\":\"Dissolution de l&rsquo;Assembl\u00e9e : Le parti de Ghannouchi exprime son refus\"}]},{\"@type\":\"WebSite\",\"@id\":\"https:\/\/kapitalis.com\/tunisie\/#website\",\"url\":\"https:\/\/kapitalis.com\/tunisie\/\",\"name\":\"Kapitalis\",\"description\":\"L&#039;actualit\u00e9 en Tunisie et dans le monde\",\"publisher\":{\"@id\":\"https:\/\/kapitalis.com\/tunisie\/#organization\"},\"potentialAction\":[{\"@type\":\"SearchAction\",\"target\":{\"@type\":\"EntryPoint\",\"urlTemplate\":\"https:\/\/kapitalis.com\/tunisie\/?s={search_term_string}\"},\"query-input\":{\"@type\":\"PropertyValueSpecification\",\"valueRequired\":true,\"valueName\":\"search_term_string\"}}],\"inLanguage\":\"fr-FR\"},{\"@type\":\"Organization\",\"@id\":\"https:\/\/kapitalis.com\/tunisie\/#organization\",\"name\":\"Kapitalis\",\"url\":\"https:\/\/kapitalis.com\/tunisie\/\",\"logo\":{\"@type\":\"ImageObject\",\"inLanguage\":\"fr-FR\",\"@id\":\"https:\/\/kapitalis.com\/tunisie\/#\/schema\/logo\/image\/\",\"url\":\"https:\/\/kapitalis.com\/tunisie\/wp-content\/uploads\/2022\/05\/Kapitalis-big-size.png\",\"contentUrl\":\"https:\/\/kapitalis.com\/tunisie\/wp-content\/uploads\/2022\/05\/Kapitalis-big-size.png\",\"width\":5000,\"height\":1500,\"caption\":\"Kapitalis\"},\"image\":{\"@id\":\"https:\/\/kapitalis.com\/tunisie\/#\/schema\/logo\/image\/\"},\"sameAs\":[\"https:\/\/www.facebook.com\/KapitalisInfo\/\",\"https:\/\/x.com\/KapitalisInfo\",\"https:\/\/www.youtube.com\/channel\/UC-yDYrHyfFBWWZaOw3FPg9Q\"]},{\"@type\":\"Person\",\"@id\":\"https:\/\/kapitalis.com\/tunisie\/#\/schema\/person\/74bbde0154d49d790a92aaeac5bc01d5\",\"name\":\"Yusra NY\",\"url\":\"https:\/\/kapitalis.com\/tunisie\/author\/yuza_adam\/\"}]}<\/script>\n<!-- \/ Yoast SEO plugin. -->","yoast_head_json":{"title":"Dissolution de l'Assembl\u00e9e : Le parti de Ghannouchi exprime son refus - Kapitalis","robots":{"index":"index","follow":"follow","max-snippet":"max-snippet:-1","max-image-preview":"max-image-preview:large","max-video-preview":"max-video-preview:-1"},"canonical":"https:\/\/kapitalis.com\/tunisie\/2022\/03\/31\/dissolution-de-lassemblee-le-parti-de-ghannouchi-exprime-son-refus\/","og_locale":"fr_FR","og_type":"article","og_title":"Dissolution de l'Assembl\u00e9e : Le parti de Ghannouchi exprime son refus - Kapitalis","og_description":"Le parti islamiste Ennahdha a annonc\u00e9, ce jeudi 31 mats, son refus de la d\u00e9cision relative \u00e0 la dissolution de l\u2019Assembl\u00e9e, annonc\u00e9e hier par le pr\u00e9sident de la r\u00e9publique Ka\u00efs Sa\u00efed.","og_url":"https:\/\/kapitalis.com\/tunisie\/2022\/03\/31\/dissolution-de-lassemblee-le-parti-de-ghannouchi-exprime-son-refus\/","og_site_name":"Kapitalis","article_publisher":"https:\/\/www.facebook.com\/KapitalisInfo\/","article_published_time":"2022-03-31T19:19:42+00:00","article_modified_time":"2022-03-31T19:22:38+00:00","og_image":[{"url":"http:\/\/kapitalis.com\/tunisie\/wp-content\/uploads\/2021\/03\/Rached-Ghannouchi.jpg","type":"","width":"","height":""}],"author":"Yusra NY","twitter_card":"summary_large_image","twitter_creator":"@KapitalisInfo","twitter_site":"@KapitalisInfo","twitter_misc":{"\u00c9crit par":"Yusra NY","Dur\u00e9e de lecture estim\u00e9e":"1 minute"},"schema":{"@context":"https:\/\/schema.org","@graph":[{"@type":"Article","@id":"https:\/\/kapitalis.com\/tunisie\/2022\/03\/31\/dissolution-de-lassemblee-le-parti-de-ghannouchi-exprime-son-refus\/#article","isPartOf":{"@id":"https:\/\/kapitalis.com\/tunisie\/2022\/03\/31\/dissolution-de-lassemblee-le-parti-de-ghannouchi-exprime-son-refus\/"},"author":{"name":"Yusra NY","@id":"https:\/\/kapitalis.com\/tunisie\/#\/schema\/person\/74bbde0154d49d790a92aaeac5bc01d5"},"headline":"Dissolution de l&rsquo;Assembl\u00e9e : Le parti de Ghannouchi exprime son refus","datePublished":"2022-03-31T19:19:42+00:00","dateModified":"2022-03-31T19:22:38+00:00","mainEntityOfPage":{"@id":"https:\/\/kapitalis.com\/tunisie\/2022\/03\/31\/dissolution-de-lassemblee-le-parti-de-ghannouchi-exprime-son-refus\/"},"wordCount":291,"commentCount":8,"publisher":{"@id":"https:\/\/kapitalis.com\/tunisie\/#organization"},"image":{"@id":"https:\/\/kapitalis.com\/tunisie\/2022\/03\/31\/dissolution-de-lassemblee-le-parti-de-ghannouchi-exprime-son-refus\/#primaryimage"},"thumbnailUrl":"http:\/\/kapitalis.com\/tunisie\/wp-content\/uploads\/2021\/03\/Rached-Ghannouchi.jpg","keywords":["25 juillet","Assembl\u00e9e","Ennahdha","ghannouchi","Ka\u00efs Sa\u00efed","Rached Ghannouchi","Tunisie"],"articleSection":["POLITIQUE","Tunisie"],"inLanguage":"fr-FR","potentialAction":[{"@type":"CommentAction","name":"Comment","target":["https:\/\/kapitalis.com\/tunisie\/2022\/03\/31\/dissolution-de-lassemblee-le-parti-de-ghannouchi-exprime-son-refus\/#respond"]}]},{"@type":"WebPage","@id":"https:\/\/kapitalis.com\/tunisie\/2022\/03\/31\/dissolution-de-lassemblee-le-parti-de-ghannouchi-exprime-son-refus\/","url":"https:\/\/kapitalis.com\/tunisie\/2022\/03\/31\/dissolution-de-lassemblee-le-parti-de-ghannouchi-exprime-son-refus\/","name":"Dissolution de l'Assembl\u00e9e : Le parti de Ghannouchi exprime son refus - Kapitalis","isPartOf":{"@id":"https:\/\/kapitalis.com\/tunisie\/#website"},"primaryImageOfPage":{"@id":"https:\/\/kapitalis.com\/tunisie\/2022\/03\/31\/dissolution-de-lassemblee-le-parti-de-ghannouchi-exprime-son-refus\/#primaryimage"},"image":{"@id":"https:\/\/kapitalis.com\/tunisie\/2022\/03\/31\/dissolution-de-lassemblee-le-parti-de-ghannouchi-exprime-son-refus\/#primaryimage"},"thumbnailUrl":"http:\/\/kapitalis.com\/tunisie\/wp-content\/uploads\/2021\/03\/Rached-Ghannouchi.jpg","datePublished":"2022-03-31T19:19:42+00:00","dateModified":"2022-03-31T19:22:38+00:00","breadcrumb":{"@id":"https:\/\/kapitalis.com\/tunisie\/2022\/03\/31\/dissolution-de-lassemblee-le-parti-de-ghannouchi-exprime-son-refus\/#breadcrumb"},"inLanguage":"fr-FR","potentialAction":[{"@type":"ReadAction","target":["https:\/\/kapitalis.com\/tunisie\/2022\/03\/31\/dissolution-de-lassemblee-le-parti-de-ghannouchi-exprime-son-refus\/"]}]},{"@type":"ImageObject","inLanguage":"fr-FR","@id":"https:\/\/kapitalis.com\/tunisie\/2022\/03\/31\/dissolution-de-lassemblee-le-parti-de-ghannouchi-exprime-son-refus\/#primaryimage","url":"","contentUrl":""},{"@type":"BreadcrumbList","@id":"https:\/\/kapitalis.com\/tunisie\/2022\/03\/31\/dissolution-de-lassemblee-le-parti-de-ghannouchi-exprime-son-refus\/#breadcrumb","itemListElement":[{"@type":"ListItem","position":1,"name":"Accueil","item":"https:\/\/kapitalis.com\/tunisie\/"},{"@type":"ListItem","position":2,"name":"Dissolution de l&rsquo;Assembl\u00e9e : Le parti de Ghannouchi exprime son refus"}]},{"@type":"WebSite","@id":"https:\/\/kapitalis.com\/tunisie\/#website","url":"https:\/\/kapitalis.com\/tunisie\/","name":"Kapitalis","description":"L&#039;actualit\u00e9 en Tunisie et dans le monde","publisher":{"@id":"https:\/\/kapitalis.com\/tunisie\/#organization"},"potentialAction":[{"@type":"SearchAction","target":{"@type":"EntryPoint","urlTemplate":"https:\/\/kapitalis.com\/tunisie\/?s={search_term_string}"},"query-input":{"@type":"PropertyValueSpecification","valueRequired":true,"valueName":"search_term_string"}}],"inLanguage":"fr-FR"},{"@type":"Organization","@id":"https:\/\/kapitalis.com\/tunisie\/#organization","name":"Kapitalis","url":"https:\/\/kapitalis.com\/tunisie\/","logo":{"@type":"ImageObject","inLanguage":"fr-FR","@id":"https:\/\/kapitalis.com\/tunisie\/#\/schema\/logo\/image\/","url":"https:\/\/kapitalis.com\/tunisie\/wp-content\/uploads\/2022\/05\/Kapitalis-big-size.png","contentUrl":"https:\/\/kapitalis.com\/tunisie\/wp-content\/uploads\/2022\/05\/Kapitalis-big-size.png","width":5000,"height":1500,"caption":"Kapitalis"},"image":{"@id":"https:\/\/kapitalis.com\/tunisie\/#\/schema\/logo\/image\/"},"sameAs":["https:\/\/www.facebook.com\/KapitalisInfo\/","https:\/\/x.com\/KapitalisInfo","https:\/\/www.youtube.com\/channel\/UC-yDYrHyfFBWWZaOw3FPg9Q"]},{"@type":"Person","@id":"https:\/\/kapitalis.com\/tunisie\/#\/schema\/person\/74bbde0154d49d790a92aaeac5bc01d5","name":"Yusra NY","url":"https:\/\/kapitalis.com\/tunisie\/author\/yuza_adam\/"}]}},"_links":{"self":[{"href":"https:\/\/kapitalis.com\/tunisie\/wp-json\/wp\/v2\/posts\/386116","targetHints":{"allow":["GET"]}}],"collection":[{"href":"https:\/\/kapitalis.com\/tunisie\/wp-json\/wp\/v2\/posts"}],"about":[{"href":"https:\/\/kapitalis.com\/tunisie\/wp-json\/wp\/v2\/types\/post"}],"author":[{"embeddable":true,"href":"https:\/\/kapitalis.com\/tunisie\/wp-json\/wp\/v2\/users\/6"}],"replies":[{"embeddable":true,"href":"https:\/\/kapitalis.com\/tunisie\/wp-json\/wp\/v2\/comments?post=386116"}],"version-history":[{"count":0,"href":"https:\/\/kapitalis.com\/tunisie\/wp-json\/wp\/v2\/posts\/386116\/revisions"}],"wp:attachment":[{"href":"https:\/\/kapitalis.com\/tunisie\/wp-json\/wp\/v2\/media?parent=386116"}],"wp:term":[{"taxonomy":"category","embeddable":true,"href":"https:\/\/kapitalis.com\/tunisie\/wp-json\/wp\/v2\/categories?post=386116"},{"taxonomy":"post_tag","embeddable":true,"href":"https:\/\/kapitalis.com\/tunisie\/wp-json\/wp\/v2\/tags?post=386116"}],"curies":[{"name":"wp","href":"https:\/\/api.w.org\/{rel}","templated":true}]}}