{"id":386128,"date":"2022-03-31T22:17:10","date_gmt":"2022-03-31T21:17:10","guid":{"rendered":"http:\/\/kapitalis.com\/tunisie\/?p=386128"},"modified":"2022-03-31T22:26:27","modified_gmt":"2022-03-31T21:26:27","slug":"tunisie-les-etats-unis-profondement-preoccupes-par-la-dissolution-de-lassemblee-par-le-president-saied","status":"publish","type":"post","link":"https:\/\/kapitalis.com\/tunisie\/2022\/03\/31\/tunisie-les-etats-unis-profondement-preoccupes-par-la-dissolution-de-lassemblee-par-le-president-saied\/","title":{"rendered":"Tunisie : Les \u00c9tats-Unis \u00abprofond\u00e9ment pr\u00e9occup\u00e9s\u00bb par la dissolution de l&rsquo;Assembl\u00e9e par le pr\u00e9sident Sa\u00efed"},"content":{"rendered":"\n<div class=\"wp-block-image\"><figure class=\"aligncenter size-full\"><img decoding=\"async\" src=\"http:\/\/kapitalis.com\/tunisie\/wp-content\/uploads\/2021\/09\/Ned-Price.jpg\" alt=\"\" class=\"wp-image-363962\"\/><figcaption><em>Ned Price.<\/em><\/figcaption><\/figure><\/div>\n\n\n\n<p><strong><em>\u00abLes \u00c9tats-Unis sont profond\u00e9ment pr\u00e9occup\u00e9s par la d\u00e9cision du pr\u00e9sident tunisien de dissoudre unilat\u00e9ralement le parlement et notent que les autorit\u00e9s tunisiennes envisagent des mesures juridiques contre des parlementaires\u00bb, indique le porte-parole du D\u00e9partement d\u2019\u00c9tat Ned Price, ce jeudi 31 mars 2022.<\/em><\/strong><\/p>\n\n\n\n<!--more-->\n\n\n\n<p>R\u00e9agissant \u00e0 la dissolution du parlement annonc\u00e9e par le chef de l&rsquo;Etat Ka\u00efs Sa\u00efed, hier soir apr\u00e8s que les d\u00e9put\u00e9s gel\u00e9s aient organis\u00e9 une pl\u00e9ni\u00e8re au cours de laquelle ils ont vot\u00e9 pour l&rsquo;annulation des mesures exceptionnelles du 25 juillet, le d\u00e9partement d\u2019\u00c9tat am\u00e9ricain a \u00e9galement rappel\u00e9 avoir \u00ab<em>constamment inform\u00e9 les responsables tunisiens que tout processus de r\u00e9forme politique doit \u00eatre transparent et inclusif, et qu\u2019il doit \u00eatre entrepris en coordination avec les partis politiques, les syndicats et de la soci\u00e9t\u00e9 civile\u00bb<\/em><\/p>\n\n\n\n<p>\u00ab<em>Un retour rapide \u00e0 la gouvernance constitutionnelle, y compris un Parlement \u00e9lu, est essentiel \u00e0 la gouvernance d\u00e9mocratique et garantira un soutien g\u00e9n\u00e9ralis\u00e9 et durable aux r\u00e9formes n\u00e9cessaires pour aider l&rsquo;\u00e9conomie tunisienne \u00e0 rebondir <\/em>\u00bb ajoute encore la m\u00eame source.<\/p>\n\n\n\n<p>Notons que le parti islamiste Ennahdha a exprim\u00e9 son refus de cette d\u00e9cision, alors que la centrale syndicale (UGTT) a salu\u00e9 la dissolution de l&rsquo;Assembl\u00e9e, estimant que celle-ci n&rsquo;est plus n\u00e9cessaire, ayant donn\u00e9 <em>\u00abune mauvaise image qui refl\u00e8te la corruption dans la vie politique\u00bb<\/em>, et en rappelant, son opposition<em> \u00abau recours par des parties influentes au Parlement \u00e0 des pays \u00e9trangers pour diviser davantage le pays et le pousser vers l\u2019inconnu\u00bb<\/em>.<\/p>\n\n\n\n<p class=\"has-text-align-right\"><strong>Y. N.<\/strong><\/p>\n\n\n\n<figure class=\"wp-block-embed is-type-wp-embed is-provider-kapitalis wp-block-embed-kapitalis\"><div class=\"wp-block-embed__wrapper\">\n<blockquote class=\"wp-embedded-content\" data-secret=\"BAeT2gQTSt\"><a href=\"https:\/\/kapitalis.com\/tunisie\/2022\/03\/31\/tunisie-lugtt-sexprime-sur-la-dissolution-de-lassemblee-par-le-president-saied\/\">Tunisie : L&rsquo;UGTT s&rsquo;exprime sur la dissolution de l&rsquo;Assembl\u00e9e par le pr\u00e9sident Sa\u00efed<\/a><\/blockquote><iframe loading=\"lazy\" class=\"wp-embedded-content\" sandbox=\"allow-scripts\" security=\"restricted\" style=\"position: absolute; clip: rect(1px, 1px, 1px, 1px);\" title=\"\u00ab\u00a0Tunisie : L&rsquo;UGTT s&rsquo;exprime sur la dissolution de l&rsquo;Assembl\u00e9e par le pr\u00e9sident Sa\u00efed\u00a0\u00bb &#8212; Kapitalis\" src=\"https:\/\/kapitalis.com\/tunisie\/2022\/03\/31\/tunisie-lugtt-sexprime-sur-la-dissolution-de-lassemblee-par-le-president-saied\/embed\/#?secret=ntiH7vAN8j#?secret=BAeT2gQTSt\" data-secret=\"BAeT2gQTSt\" width=\"600\" height=\"338\" frameborder=\"0\" marginwidth=\"0\" marginheight=\"0\" scrolling=\"no\"><\/iframe>\n<\/div><\/figure>\n\n\n\n<figure class=\"wp-block-embed is-type-wp-embed is-provider-kapitalis wp-block-embed-kapitalis\"><div class=\"wp-block-embed__wrapper\">\n<blockquote class=\"wp-embedded-content\" data-secret=\"bRph8icfA3\"><a href=\"https:\/\/kapitalis.com\/tunisie\/2022\/03\/31\/tunisie-sami-tahri-la-dissolution-de-lassemblee-etait-absolument-necessaire\/\">Tunisie &#8211; Sami Tahri: \u00ab\u00a0La dissolution de l&rsquo;Assembl\u00e9e \u00e9tait absolument n\u00e9cessaire\u00a0\u00bb<\/a><\/blockquote><iframe loading=\"lazy\" class=\"wp-embedded-content\" sandbox=\"allow-scripts\" security=\"restricted\" style=\"position: absolute; clip: rect(1px, 1px, 1px, 1px);\" title=\"\u00ab\u00a0Tunisie &#8211; Sami Tahri: \u00ab\u00a0La dissolution de l&rsquo;Assembl\u00e9e \u00e9tait absolument n\u00e9cessaire\u00a0\u00bb\u00a0\u00bb &#8212; Kapitalis\" src=\"https:\/\/kapitalis.com\/tunisie\/2022\/03\/31\/tunisie-sami-tahri-la-dissolution-de-lassemblee-etait-absolument-necessaire\/embed\/#?secret=WhYK8VykAQ#?secret=bRph8icfA3\" data-secret=\"bRph8icfA3\" width=\"600\" height=\"338\" frameborder=\"0\" marginwidth=\"0\" marginheight=\"0\" scrolling=\"no\"><\/iframe>\n<\/div><\/figure>\n","protected":false},"excerpt":{"rendered":"<p>\u00abLes \u00c9tats-Unis sont profond\u00e9ment pr\u00e9occup\u00e9s par la d\u00e9cision du pr\u00e9sident tunisien de dissoudre unilat\u00e9ralement le parlement et notent que les autorit\u00e9s tunisiennes envisagent des mesures juridiques contre des parlementaires\u00bb, indique le porte-parole du D\u00e9partement d\u2019\u00c9tat Ned Price, ce jeudi 31 mars 2022.<\/p>\n","protected":false},"author":6,"featured_media":0,"comment_status":"open","ping_status":"open","sticky":false,"template":"","format":"standard","meta":{"footnotes":""},"categories":[997,2433],"tags":[76920,93,98579,75918,93574,85178,87935,62643],"class_list":["post-386128","post","type-post","status-publish","format-standard","hentry","category-politique","category-tunisie","tag-25-juillet","tag-assemblee","tag-departement-detat-americain-2","tag-etats-unis-2","tag-ned-price","tag-parlement-tunisien","tag-saied-2","tag-tunisie"],"yoast_head":"<!-- This site is optimized with the Yoast SEO plugin v26.6 - https:\/\/yoast.com\/wordpress\/plugins\/seo\/ -->\n<title>Tunisie : Les \u00c9tats-Unis \u00abprofond\u00e9ment pr\u00e9occup\u00e9s\u00bb par la dissolution de l&#039;Assembl\u00e9e par le pr\u00e9sident Sa\u00efed - Kapitalis<\/title>\n<meta name=\"robots\" content=\"index, follow, max-snippet:-1, max-image-preview:large, max-video-preview:-1\" \/>\n<link rel=\"canonical\" href=\"https:\/\/kapitalis.com\/tunisie\/2022\/03\/31\/tunisie-les-etats-unis-profondement-preoccupes-par-la-dissolution-de-lassemblee-par-le-president-saied\/\" \/>\n<meta property=\"og:locale\" content=\"fr_FR\" \/>\n<meta property=\"og:type\" content=\"article\" \/>\n<meta property=\"og:title\" content=\"Tunisie : Les \u00c9tats-Unis \u00abprofond\u00e9ment pr\u00e9occup\u00e9s\u00bb par la dissolution de l&#039;Assembl\u00e9e par le pr\u00e9sident Sa\u00efed - Kapitalis\" \/>\n<meta property=\"og:description\" content=\"\u00abLes \u00c9tats-Unis sont profond\u00e9ment pr\u00e9occup\u00e9s par la d\u00e9cision du pr\u00e9sident tunisien de dissoudre unilat\u00e9ralement le parlement et notent que les autorit\u00e9s tunisiennes envisagent des mesures juridiques contre des parlementaires\u00bb, indique le porte-parole du D\u00e9partement d\u2019\u00c9tat Ned Price, ce jeudi 31 mars 2022.\" \/>\n<meta property=\"og:url\" content=\"https:\/\/kapitalis.com\/tunisie\/2022\/03\/31\/tunisie-les-etats-unis-profondement-preoccupes-par-la-dissolution-de-lassemblee-par-le-president-saied\/\" \/>\n<meta property=\"og:site_name\" content=\"Kapitalis\" \/>\n<meta property=\"article:publisher\" content=\"https:\/\/www.facebook.com\/KapitalisInfo\/\" \/>\n<meta property=\"article:published_time\" content=\"2022-03-31T21:17:10+00:00\" \/>\n<meta property=\"article:modified_time\" content=\"2022-03-31T21:26:27+00:00\" \/>\n<meta property=\"og:image\" content=\"http:\/\/kapitalis.com\/tunisie\/wp-content\/uploads\/2021\/09\/Ned-Price.jpg\" \/>\n<meta name=\"author\" content=\"Yusra NY\" \/>\n<meta name=\"twitter:card\" content=\"summary_large_image\" \/>\n<meta name=\"twitter:creator\" content=\"@KapitalisInfo\" \/>\n<meta name=\"twitter:site\" content=\"@KapitalisInfo\" \/>\n<meta name=\"twitter:label1\" content=\"\u00c9crit par\" \/>\n\t<meta name=\"twitter:data1\" content=\"Yusra NY\" \/>\n\t<meta name=\"twitter:label2\" content=\"Dur\u00e9e de lecture estim\u00e9e\" \/>\n\t<meta name=\"twitter:data2\" content=\"1 minute\" \/>\n<script type=\"application\/ld+json\" class=\"yoast-schema-graph\">{\"@context\":\"https:\/\/schema.org\",\"@graph\":[{\"@type\":\"Article\",\"@id\":\"https:\/\/kapitalis.com\/tunisie\/2022\/03\/31\/tunisie-les-etats-unis-profondement-preoccupes-par-la-dissolution-de-lassemblee-par-le-president-saied\/#article\",\"isPartOf\":{\"@id\":\"https:\/\/kapitalis.com\/tunisie\/2022\/03\/31\/tunisie-les-etats-unis-profondement-preoccupes-par-la-dissolution-de-lassemblee-par-le-president-saied\/\"},\"author\":{\"name\":\"Yusra NY\",\"@id\":\"https:\/\/kapitalis.com\/tunisie\/#\/schema\/person\/74bbde0154d49d790a92aaeac5bc01d5\"},\"headline\":\"Tunisie : Les \u00c9tats-Unis \u00abprofond\u00e9ment pr\u00e9occup\u00e9s\u00bb par la dissolution de l&rsquo;Assembl\u00e9e par le pr\u00e9sident Sa\u00efed\",\"datePublished\":\"2022-03-31T21:17:10+00:00\",\"dateModified\":\"2022-03-31T21:26:27+00:00\",\"mainEntityOfPage\":{\"@id\":\"https:\/\/kapitalis.com\/tunisie\/2022\/03\/31\/tunisie-les-etats-unis-profondement-preoccupes-par-la-dissolution-de-lassemblee-par-le-president-saied\/\"},\"wordCount\":297,\"commentCount\":9,\"publisher\":{\"@id\":\"https:\/\/kapitalis.com\/tunisie\/#organization\"},\"image\":{\"@id\":\"https:\/\/kapitalis.com\/tunisie\/2022\/03\/31\/tunisie-les-etats-unis-profondement-preoccupes-par-la-dissolution-de-lassemblee-par-le-president-saied\/#primaryimage\"},\"thumbnailUrl\":\"http:\/\/kapitalis.com\/tunisie\/wp-content\/uploads\/2021\/09\/Ned-Price.jpg\",\"keywords\":[\"25 juillet\",\"Assembl\u00e9e\",\"D\u00e9partement d\u2019\u00c9tat am\u00e9ricain\",\"Etats-Unis\",\"Ned Price\",\"Parlement tunisien\",\"Sa\u00efed\",\"Tunisie\"],\"articleSection\":[\"POLITIQUE\",\"Tunisie\"],\"inLanguage\":\"fr-FR\",\"potentialAction\":[{\"@type\":\"CommentAction\",\"name\":\"Comment\",\"target\":[\"https:\/\/kapitalis.com\/tunisie\/2022\/03\/31\/tunisie-les-etats-unis-profondement-preoccupes-par-la-dissolution-de-lassemblee-par-le-president-saied\/#respond\"]}]},{\"@type\":\"WebPage\",\"@id\":\"https:\/\/kapitalis.com\/tunisie\/2022\/03\/31\/tunisie-les-etats-unis-profondement-preoccupes-par-la-dissolution-de-lassemblee-par-le-president-saied\/\",\"url\":\"https:\/\/kapitalis.com\/tunisie\/2022\/03\/31\/tunisie-les-etats-unis-profondement-preoccupes-par-la-dissolution-de-lassemblee-par-le-president-saied\/\",\"name\":\"Tunisie : Les \u00c9tats-Unis \u00abprofond\u00e9ment pr\u00e9occup\u00e9s\u00bb par la dissolution de l'Assembl\u00e9e par le pr\u00e9sident Sa\u00efed - Kapitalis\",\"isPartOf\":{\"@id\":\"https:\/\/kapitalis.com\/tunisie\/#website\"},\"primaryImageOfPage\":{\"@id\":\"https:\/\/kapitalis.com\/tunisie\/2022\/03\/31\/tunisie-les-etats-unis-profondement-preoccupes-par-la-dissolution-de-lassemblee-par-le-president-saied\/#primaryimage\"},\"image\":{\"@id\":\"https:\/\/kapitalis.com\/tunisie\/2022\/03\/31\/tunisie-les-etats-unis-profondement-preoccupes-par-la-dissolution-de-lassemblee-par-le-president-saied\/#primaryimage\"},\"thumbnailUrl\":\"http:\/\/kapitalis.com\/tunisie\/wp-content\/uploads\/2021\/09\/Ned-Price.jpg\",\"datePublished\":\"2022-03-31T21:17:10+00:00\",\"dateModified\":\"2022-03-31T21:26:27+00:00\",\"breadcrumb\":{\"@id\":\"https:\/\/kapitalis.com\/tunisie\/2022\/03\/31\/tunisie-les-etats-unis-profondement-preoccupes-par-la-dissolution-de-lassemblee-par-le-president-saied\/#breadcrumb\"},\"inLanguage\":\"fr-FR\",\"potentialAction\":[{\"@type\":\"ReadAction\",\"target\":[\"https:\/\/kapitalis.com\/tunisie\/2022\/03\/31\/tunisie-les-etats-unis-profondement-preoccupes-par-la-dissolution-de-lassemblee-par-le-president-saied\/\"]}]},{\"@type\":\"ImageObject\",\"inLanguage\":\"fr-FR\",\"@id\":\"https:\/\/kapitalis.com\/tunisie\/2022\/03\/31\/tunisie-les-etats-unis-profondement-preoccupes-par-la-dissolution-de-lassemblee-par-le-president-saied\/#primaryimage\",\"url\":\"\",\"contentUrl\":\"\"},{\"@type\":\"BreadcrumbList\",\"@id\":\"https:\/\/kapitalis.com\/tunisie\/2022\/03\/31\/tunisie-les-etats-unis-profondement-preoccupes-par-la-dissolution-de-lassemblee-par-le-president-saied\/#breadcrumb\",\"itemListElement\":[{\"@type\":\"ListItem\",\"position\":1,\"name\":\"Accueil\",\"item\":\"https:\/\/kapitalis.com\/tunisie\/\"},{\"@type\":\"ListItem\",\"position\":2,\"name\":\"Tunisie : Les \u00c9tats-Unis \u00abprofond\u00e9ment pr\u00e9occup\u00e9s\u00bb par la dissolution de l&rsquo;Assembl\u00e9e par le pr\u00e9sident Sa\u00efed\"}]},{\"@type\":\"WebSite\",\"@id\":\"https:\/\/kapitalis.com\/tunisie\/#website\",\"url\":\"https:\/\/kapitalis.com\/tunisie\/\",\"name\":\"Kapitalis\",\"description\":\"L&#039;actualit\u00e9 en Tunisie et dans le monde\",\"publisher\":{\"@id\":\"https:\/\/kapitalis.com\/tunisie\/#organization\"},\"potentialAction\":[{\"@type\":\"SearchAction\",\"target\":{\"@type\":\"EntryPoint\",\"urlTemplate\":\"https:\/\/kapitalis.com\/tunisie\/?s={search_term_string}\"},\"query-input\":{\"@type\":\"PropertyValueSpecification\",\"valueRequired\":true,\"valueName\":\"search_term_string\"}}],\"inLanguage\":\"fr-FR\"},{\"@type\":\"Organization\",\"@id\":\"https:\/\/kapitalis.com\/tunisie\/#organization\",\"name\":\"Kapitalis\",\"url\":\"https:\/\/kapitalis.com\/tunisie\/\",\"logo\":{\"@type\":\"ImageObject\",\"inLanguage\":\"fr-FR\",\"@id\":\"https:\/\/kapitalis.com\/tunisie\/#\/schema\/logo\/image\/\",\"url\":\"https:\/\/kapitalis.com\/tunisie\/wp-content\/uploads\/2022\/05\/Kapitalis-big-size.png\",\"contentUrl\":\"https:\/\/kapitalis.com\/tunisie\/wp-content\/uploads\/2022\/05\/Kapitalis-big-size.png\",\"width\":5000,\"height\":1500,\"caption\":\"Kapitalis\"},\"image\":{\"@id\":\"https:\/\/kapitalis.com\/tunisie\/#\/schema\/logo\/image\/\"},\"sameAs\":[\"https:\/\/www.facebook.com\/KapitalisInfo\/\",\"https:\/\/x.com\/KapitalisInfo\",\"https:\/\/www.youtube.com\/channel\/UC-yDYrHyfFBWWZaOw3FPg9Q\"]},{\"@type\":\"Person\",\"@id\":\"https:\/\/kapitalis.com\/tunisie\/#\/schema\/person\/74bbde0154d49d790a92aaeac5bc01d5\",\"name\":\"Yusra NY\",\"url\":\"https:\/\/kapitalis.com\/tunisie\/author\/yuza_adam\/\"}]}<\/script>\n<!-- \/ Yoast SEO plugin. -->","yoast_head_json":{"title":"Tunisie : Les \u00c9tats-Unis \u00abprofond\u00e9ment pr\u00e9occup\u00e9s\u00bb par la dissolution de l'Assembl\u00e9e par le pr\u00e9sident Sa\u00efed - Kapitalis","robots":{"index":"index","follow":"follow","max-snippet":"max-snippet:-1","max-image-preview":"max-image-preview:large","max-video-preview":"max-video-preview:-1"},"canonical":"https:\/\/kapitalis.com\/tunisie\/2022\/03\/31\/tunisie-les-etats-unis-profondement-preoccupes-par-la-dissolution-de-lassemblee-par-le-president-saied\/","og_locale":"fr_FR","og_type":"article","og_title":"Tunisie : Les \u00c9tats-Unis \u00abprofond\u00e9ment pr\u00e9occup\u00e9s\u00bb par la dissolution de l'Assembl\u00e9e par le pr\u00e9sident Sa\u00efed - Kapitalis","og_description":"\u00abLes \u00c9tats-Unis sont profond\u00e9ment pr\u00e9occup\u00e9s par la d\u00e9cision du pr\u00e9sident tunisien de dissoudre unilat\u00e9ralement le parlement et notent que les autorit\u00e9s tunisiennes envisagent des mesures juridiques contre des parlementaires\u00bb, indique le porte-parole du D\u00e9partement d\u2019\u00c9tat Ned Price, ce jeudi 31 mars 2022.","og_url":"https:\/\/kapitalis.com\/tunisie\/2022\/03\/31\/tunisie-les-etats-unis-profondement-preoccupes-par-la-dissolution-de-lassemblee-par-le-president-saied\/","og_site_name":"Kapitalis","article_publisher":"https:\/\/www.facebook.com\/KapitalisInfo\/","article_published_time":"2022-03-31T21:17:10+00:00","article_modified_time":"2022-03-31T21:26:27+00:00","og_image":[{"url":"http:\/\/kapitalis.com\/tunisie\/wp-content\/uploads\/2021\/09\/Ned-Price.jpg","type":"","width":"","height":""}],"author":"Yusra NY","twitter_card":"summary_large_image","twitter_creator":"@KapitalisInfo","twitter_site":"@KapitalisInfo","twitter_misc":{"\u00c9crit par":"Yusra NY","Dur\u00e9e de lecture estim\u00e9e":"1 minute"},"schema":{"@context":"https:\/\/schema.org","@graph":[{"@type":"Article","@id":"https:\/\/kapitalis.com\/tunisie\/2022\/03\/31\/tunisie-les-etats-unis-profondement-preoccupes-par-la-dissolution-de-lassemblee-par-le-president-saied\/#article","isPartOf":{"@id":"https:\/\/kapitalis.com\/tunisie\/2022\/03\/31\/tunisie-les-etats-unis-profondement-preoccupes-par-la-dissolution-de-lassemblee-par-le-president-saied\/"},"author":{"name":"Yusra NY","@id":"https:\/\/kapitalis.com\/tunisie\/#\/schema\/person\/74bbde0154d49d790a92aaeac5bc01d5"},"headline":"Tunisie : Les \u00c9tats-Unis \u00abprofond\u00e9ment pr\u00e9occup\u00e9s\u00bb par la dissolution de l&rsquo;Assembl\u00e9e par le pr\u00e9sident Sa\u00efed","datePublished":"2022-03-31T21:17:10+00:00","dateModified":"2022-03-31T21:26:27+00:00","mainEntityOfPage":{"@id":"https:\/\/kapitalis.com\/tunisie\/2022\/03\/31\/tunisie-les-etats-unis-profondement-preoccupes-par-la-dissolution-de-lassemblee-par-le-president-saied\/"},"wordCount":297,"commentCount":9,"publisher":{"@id":"https:\/\/kapitalis.com\/tunisie\/#organization"},"image":{"@id":"https:\/\/kapitalis.com\/tunisie\/2022\/03\/31\/tunisie-les-etats-unis-profondement-preoccupes-par-la-dissolution-de-lassemblee-par-le-president-saied\/#primaryimage"},"thumbnailUrl":"http:\/\/kapitalis.com\/tunisie\/wp-content\/uploads\/2021\/09\/Ned-Price.jpg","keywords":["25 juillet","Assembl\u00e9e","D\u00e9partement d\u2019\u00c9tat am\u00e9ricain","Etats-Unis","Ned Price","Parlement tunisien","Sa\u00efed","Tunisie"],"articleSection":["POLITIQUE","Tunisie"],"inLanguage":"fr-FR","potentialAction":[{"@type":"CommentAction","name":"Comment","target":["https:\/\/kapitalis.com\/tunisie\/2022\/03\/31\/tunisie-les-etats-unis-profondement-preoccupes-par-la-dissolution-de-lassemblee-par-le-president-saied\/#respond"]}]},{"@type":"WebPage","@id":"https:\/\/kapitalis.com\/tunisie\/2022\/03\/31\/tunisie-les-etats-unis-profondement-preoccupes-par-la-dissolution-de-lassemblee-par-le-president-saied\/","url":"https:\/\/kapitalis.com\/tunisie\/2022\/03\/31\/tunisie-les-etats-unis-profondement-preoccupes-par-la-dissolution-de-lassemblee-par-le-president-saied\/","name":"Tunisie : Les \u00c9tats-Unis \u00abprofond\u00e9ment pr\u00e9occup\u00e9s\u00bb par la dissolution de l'Assembl\u00e9e par le pr\u00e9sident Sa\u00efed - Kapitalis","isPartOf":{"@id":"https:\/\/kapitalis.com\/tunisie\/#website"},"primaryImageOfPage":{"@id":"https:\/\/kapitalis.com\/tunisie\/2022\/03\/31\/tunisie-les-etats-unis-profondement-preoccupes-par-la-dissolution-de-lassemblee-par-le-president-saied\/#primaryimage"},"image":{"@id":"https:\/\/kapitalis.com\/tunisie\/2022\/03\/31\/tunisie-les-etats-unis-profondement-preoccupes-par-la-dissolution-de-lassemblee-par-le-president-saied\/#primaryimage"},"thumbnailUrl":"http:\/\/kapitalis.com\/tunisie\/wp-content\/uploads\/2021\/09\/Ned-Price.jpg","datePublished":"2022-03-31T21:17:10+00:00","dateModified":"2022-03-31T21:26:27+00:00","breadcrumb":{"@id":"https:\/\/kapitalis.com\/tunisie\/2022\/03\/31\/tunisie-les-etats-unis-profondement-preoccupes-par-la-dissolution-de-lassemblee-par-le-president-saied\/#breadcrumb"},"inLanguage":"fr-FR","potentialAction":[{"@type":"ReadAction","target":["https:\/\/kapitalis.com\/tunisie\/2022\/03\/31\/tunisie-les-etats-unis-profondement-preoccupes-par-la-dissolution-de-lassemblee-par-le-president-saied\/"]}]},{"@type":"ImageObject","inLanguage":"fr-FR","@id":"https:\/\/kapitalis.com\/tunisie\/2022\/03\/31\/tunisie-les-etats-unis-profondement-preoccupes-par-la-dissolution-de-lassemblee-par-le-president-saied\/#primaryimage","url":"","contentUrl":""},{"@type":"BreadcrumbList","@id":"https:\/\/kapitalis.com\/tunisie\/2022\/03\/31\/tunisie-les-etats-unis-profondement-preoccupes-par-la-dissolution-de-lassemblee-par-le-president-saied\/#breadcrumb","itemListElement":[{"@type":"ListItem","position":1,"name":"Accueil","item":"https:\/\/kapitalis.com\/tunisie\/"},{"@type":"ListItem","position":2,"name":"Tunisie : Les \u00c9tats-Unis \u00abprofond\u00e9ment pr\u00e9occup\u00e9s\u00bb par la dissolution de l&rsquo;Assembl\u00e9e par le pr\u00e9sident Sa\u00efed"}]},{"@type":"WebSite","@id":"https:\/\/kapitalis.com\/tunisie\/#website","url":"https:\/\/kapitalis.com\/tunisie\/","name":"Kapitalis","description":"L&#039;actualit\u00e9 en Tunisie et dans le monde","publisher":{"@id":"https:\/\/kapitalis.com\/tunisie\/#organization"},"potentialAction":[{"@type":"SearchAction","target":{"@type":"EntryPoint","urlTemplate":"https:\/\/kapitalis.com\/tunisie\/?s={search_term_string}"},"query-input":{"@type":"PropertyValueSpecification","valueRequired":true,"valueName":"search_term_string"}}],"inLanguage":"fr-FR"},{"@type":"Organization","@id":"https:\/\/kapitalis.com\/tunisie\/#organization","name":"Kapitalis","url":"https:\/\/kapitalis.com\/tunisie\/","logo":{"@type":"ImageObject","inLanguage":"fr-FR","@id":"https:\/\/kapitalis.com\/tunisie\/#\/schema\/logo\/image\/","url":"https:\/\/kapitalis.com\/tunisie\/wp-content\/uploads\/2022\/05\/Kapitalis-big-size.png","contentUrl":"https:\/\/kapitalis.com\/tunisie\/wp-content\/uploads\/2022\/05\/Kapitalis-big-size.png","width":5000,"height":1500,"caption":"Kapitalis"},"image":{"@id":"https:\/\/kapitalis.com\/tunisie\/#\/schema\/logo\/image\/"},"sameAs":["https:\/\/www.facebook.com\/KapitalisInfo\/","https:\/\/x.com\/KapitalisInfo","https:\/\/www.youtube.com\/channel\/UC-yDYrHyfFBWWZaOw3FPg9Q"]},{"@type":"Person","@id":"https:\/\/kapitalis.com\/tunisie\/#\/schema\/person\/74bbde0154d49d790a92aaeac5bc01d5","name":"Yusra NY","url":"https:\/\/kapitalis.com\/tunisie\/author\/yuza_adam\/"}]}},"_links":{"self":[{"href":"https:\/\/kapitalis.com\/tunisie\/wp-json\/wp\/v2\/posts\/386128","targetHints":{"allow":["GET"]}}],"collection":[{"href":"https:\/\/kapitalis.com\/tunisie\/wp-json\/wp\/v2\/posts"}],"about":[{"href":"https:\/\/kapitalis.com\/tunisie\/wp-json\/wp\/v2\/types\/post"}],"author":[{"embeddable":true,"href":"https:\/\/kapitalis.com\/tunisie\/wp-json\/wp\/v2\/users\/6"}],"replies":[{"embeddable":true,"href":"https:\/\/kapitalis.com\/tunisie\/wp-json\/wp\/v2\/comments?post=386128"}],"version-history":[{"count":0,"href":"https:\/\/kapitalis.com\/tunisie\/wp-json\/wp\/v2\/posts\/386128\/revisions"}],"wp:attachment":[{"href":"https:\/\/kapitalis.com\/tunisie\/wp-json\/wp\/v2\/media?parent=386128"}],"wp:term":[{"taxonomy":"category","embeddable":true,"href":"https:\/\/kapitalis.com\/tunisie\/wp-json\/wp\/v2\/categories?post=386128"},{"taxonomy":"post_tag","embeddable":true,"href":"https:\/\/kapitalis.com\/tunisie\/wp-json\/wp\/v2\/tags?post=386128"}],"curies":[{"name":"wp","href":"https:\/\/api.w.org\/{rel}","templated":true}]}}