{"id":386209,"date":"2022-04-01T20:38:45","date_gmt":"2022-04-01T19:38:45","guid":{"rendered":"http:\/\/kapitalis.com\/tunisie\/?p=386209"},"modified":"2022-04-01T20:45:30","modified_gmt":"2022-04-01T19:45:30","slug":"tunisie-nouvelles-nominations-au-ministere-des-affaires-culturelles","status":"publish","type":"post","link":"https:\/\/kapitalis.com\/tunisie\/2022\/04\/01\/tunisie-nouvelles-nominations-au-ministere-des-affaires-culturelles\/","title":{"rendered":"Tunisie : Nouvelles nominations au minist\u00e8re des Affaires culturelles"},"content":{"rendered":"\n<div class=\"wp-block-image\"><figure class=\"aligncenter size-full\"><img decoding=\"async\" src=\"http:\/\/kapitalis.com\/tunisie\/wp-content\/uploads\/2022\/04\/nominations-ministere-des-Affaires-culturelles.jpg\" alt=\"\" class=\"wp-image-386218\"\/><\/figure><\/div>\n\n\n\n<p><strong><em>Le minist\u00e8re des Affaires culturelles a annonc\u00e9, aujourd&rsquo;hui vendredi 1er avril 2022, de nouvelles nominations, \u00e0 la t\u00eates des Journ\u00e9es cin\u00e9matographiques de Carthage (JCC), des Journ\u00e9es th\u00e9\u00e2trales de Carthage (JTC), des Journ\u00e9es musicales de Carthage (JMC) ainsi que de la Foire nationale du livre.<\/em><\/strong><\/p>\n\n\n\n<!--more-->\n\n\n\n<p>Dans son communiqu\u00e9, le minist\u00e8re a de ce fait annonc\u00e9 les nominations suivantes :<\/p>\n\n\n\n<ul class=\"wp-block-list\"><li>Sonia Chamkhi, directrice de la 33e \u00e9dition des Journ\u00e9es cin\u00e9matographiques de Carthage;<\/li><li>Nissaf Ben Hafsia, directrice de la 23e session des Journ\u00e9es th\u00e9\u00e2trales de Carthage;<\/li><li>Dorsaf Hamdani, directrice de la troisi\u00e8me session des Journ\u00e9es musicales de Carthage ;<\/li><li>Younes Soltani, directeur de la 4e \u00e9dition de la Foire nationale du livre tunisien.<\/li><\/ul>\n\n\n\n<p class=\"has-text-align-right\"><strong>Y. N.<\/strong><\/p>\n","protected":false},"excerpt":{"rendered":"<p>Le minist\u00e8re des Affaires culturelles a annonc\u00e9, aujourd&rsquo;hui vendredi 1er avril 2022, de nouvelles nominations, \u00e0 la t\u00eates des Journ\u00e9es cin\u00e9matographiques de Carthage (JCC), des Journ\u00e9es th\u00e9\u00e2trales de Carthage (JTC), des Journ\u00e9es musicales de Carthage (JMC) ainsi que de la Foire nationale du livre.<\/p>\n","protected":false},"author":6,"featured_media":386218,"comment_status":"open","ping_status":"open","sticky":false,"template":"","format":"standard","meta":{"footnotes":""},"categories":[994,2433],"tags":[510,10705,5952,22337,2894,62643],"class_list":["post-386209","post","type-post","status-publish","format-standard","has-post-thumbnail","hentry","category-culture","category-tunisie","tag-jcc","tag-jmc","tag-jtc","tag-ministere-des-affaires-culturelles","tag-nominations","tag-tunisie"],"yoast_head":"<!-- This site is optimized with the Yoast SEO plugin v26.6 - https:\/\/yoast.com\/wordpress\/plugins\/seo\/ -->\n<title>Tunisie : Nouvelles nominations au minist\u00e8re des Affaires culturelles - Kapitalis<\/title>\n<meta name=\"robots\" content=\"index, follow, max-snippet:-1, max-image-preview:large, max-video-preview:-1\" \/>\n<link rel=\"canonical\" href=\"https:\/\/kapitalis.com\/tunisie\/2022\/04\/01\/tunisie-nouvelles-nominations-au-ministere-des-affaires-culturelles\/\" \/>\n<meta property=\"og:locale\" content=\"fr_FR\" \/>\n<meta property=\"og:type\" content=\"article\" \/>\n<meta property=\"og:title\" content=\"Tunisie : Nouvelles nominations au minist\u00e8re des Affaires culturelles - Kapitalis\" \/>\n<meta property=\"og:description\" content=\"Le minist\u00e8re des Affaires culturelles a annonc\u00e9, aujourd&rsquo;hui vendredi 1er avril 2022, de nouvelles nominations, \u00e0 la t\u00eates des Journ\u00e9es cin\u00e9matographiques de Carthage (JCC), des Journ\u00e9es th\u00e9\u00e2trales de Carthage (JTC), des Journ\u00e9es musicales de Carthage (JMC) ainsi que de la Foire nationale du livre.\" \/>\n<meta property=\"og:url\" content=\"https:\/\/kapitalis.com\/tunisie\/2022\/04\/01\/tunisie-nouvelles-nominations-au-ministere-des-affaires-culturelles\/\" \/>\n<meta property=\"og:site_name\" content=\"Kapitalis\" \/>\n<meta property=\"article:publisher\" content=\"https:\/\/www.facebook.com\/KapitalisInfo\/\" \/>\n<meta property=\"article:published_time\" content=\"2022-04-01T19:38:45+00:00\" \/>\n<meta property=\"article:modified_time\" content=\"2022-04-01T19:45:30+00:00\" \/>\n<meta property=\"og:image\" content=\"https:\/\/kapitalis.com\/tunisie\/wp-content\/uploads\/2022\/05\/kapitalis-logo-fb.png\" \/>\n\t<meta property=\"og:image:width\" content=\"1200\" \/>\n\t<meta property=\"og:image:height\" content=\"630\" \/>\n\t<meta property=\"og:image:type\" content=\"image\/png\" \/>\n<meta name=\"author\" content=\"Yusra NY\" \/>\n<meta name=\"twitter:card\" content=\"summary_large_image\" \/>\n<meta name=\"twitter:creator\" content=\"@KapitalisInfo\" \/>\n<meta name=\"twitter:site\" content=\"@KapitalisInfo\" \/>\n<meta name=\"twitter:label1\" content=\"\u00c9crit par\" \/>\n\t<meta name=\"twitter:data1\" content=\"Yusra NY\" \/>\n\t<meta name=\"twitter:label2\" content=\"Dur\u00e9e de lecture estim\u00e9e\" \/>\n\t<meta name=\"twitter:data2\" content=\"1 minute\" \/>\n<script type=\"application\/ld+json\" class=\"yoast-schema-graph\">{\"@context\":\"https:\/\/schema.org\",\"@graph\":[{\"@type\":\"Article\",\"@id\":\"https:\/\/kapitalis.com\/tunisie\/2022\/04\/01\/tunisie-nouvelles-nominations-au-ministere-des-affaires-culturelles\/#article\",\"isPartOf\":{\"@id\":\"https:\/\/kapitalis.com\/tunisie\/2022\/04\/01\/tunisie-nouvelles-nominations-au-ministere-des-affaires-culturelles\/\"},\"author\":{\"name\":\"Yusra NY\",\"@id\":\"https:\/\/kapitalis.com\/tunisie\/#\/schema\/person\/74bbde0154d49d790a92aaeac5bc01d5\"},\"headline\":\"Tunisie : Nouvelles nominations au minist\u00e8re des Affaires culturelles\",\"datePublished\":\"2022-04-01T19:38:45+00:00\",\"dateModified\":\"2022-04-01T19:45:30+00:00\",\"mainEntityOfPage\":{\"@id\":\"https:\/\/kapitalis.com\/tunisie\/2022\/04\/01\/tunisie-nouvelles-nominations-au-ministere-des-affaires-culturelles\/\"},\"wordCount\":131,\"commentCount\":0,\"publisher\":{\"@id\":\"https:\/\/kapitalis.com\/tunisie\/#organization\"},\"image\":{\"@id\":\"https:\/\/kapitalis.com\/tunisie\/2022\/04\/01\/tunisie-nouvelles-nominations-au-ministere-des-affaires-culturelles\/#primaryimage\"},\"thumbnailUrl\":\"\",\"keywords\":[\"JCC\",\"JMC\",\"JTC\",\"minist\u00e8re des Affaires culturelles\",\"nominations\",\"Tunisie\"],\"articleSection\":[\"CULTURE\",\"Tunisie\"],\"inLanguage\":\"fr-FR\",\"potentialAction\":[{\"@type\":\"CommentAction\",\"name\":\"Comment\",\"target\":[\"https:\/\/kapitalis.com\/tunisie\/2022\/04\/01\/tunisie-nouvelles-nominations-au-ministere-des-affaires-culturelles\/#respond\"]}]},{\"@type\":\"WebPage\",\"@id\":\"https:\/\/kapitalis.com\/tunisie\/2022\/04\/01\/tunisie-nouvelles-nominations-au-ministere-des-affaires-culturelles\/\",\"url\":\"https:\/\/kapitalis.com\/tunisie\/2022\/04\/01\/tunisie-nouvelles-nominations-au-ministere-des-affaires-culturelles\/\",\"name\":\"Tunisie : Nouvelles nominations au minist\u00e8re des Affaires culturelles - Kapitalis\",\"isPartOf\":{\"@id\":\"https:\/\/kapitalis.com\/tunisie\/#website\"},\"primaryImageOfPage\":{\"@id\":\"https:\/\/kapitalis.com\/tunisie\/2022\/04\/01\/tunisie-nouvelles-nominations-au-ministere-des-affaires-culturelles\/#primaryimage\"},\"image\":{\"@id\":\"https:\/\/kapitalis.com\/tunisie\/2022\/04\/01\/tunisie-nouvelles-nominations-au-ministere-des-affaires-culturelles\/#primaryimage\"},\"thumbnailUrl\":\"\",\"datePublished\":\"2022-04-01T19:38:45+00:00\",\"dateModified\":\"2022-04-01T19:45:30+00:00\",\"breadcrumb\":{\"@id\":\"https:\/\/kapitalis.com\/tunisie\/2022\/04\/01\/tunisie-nouvelles-nominations-au-ministere-des-affaires-culturelles\/#breadcrumb\"},\"inLanguage\":\"fr-FR\",\"potentialAction\":[{\"@type\":\"ReadAction\",\"target\":[\"https:\/\/kapitalis.com\/tunisie\/2022\/04\/01\/tunisie-nouvelles-nominations-au-ministere-des-affaires-culturelles\/\"]}]},{\"@type\":\"ImageObject\",\"inLanguage\":\"fr-FR\",\"@id\":\"https:\/\/kapitalis.com\/tunisie\/2022\/04\/01\/tunisie-nouvelles-nominations-au-ministere-des-affaires-culturelles\/#primaryimage\",\"url\":\"\",\"contentUrl\":\"\"},{\"@type\":\"BreadcrumbList\",\"@id\":\"https:\/\/kapitalis.com\/tunisie\/2022\/04\/01\/tunisie-nouvelles-nominations-au-ministere-des-affaires-culturelles\/#breadcrumb\",\"itemListElement\":[{\"@type\":\"ListItem\",\"position\":1,\"name\":\"Accueil\",\"item\":\"https:\/\/kapitalis.com\/tunisie\/\"},{\"@type\":\"ListItem\",\"position\":2,\"name\":\"Tunisie : Nouvelles nominations au minist\u00e8re des Affaires culturelles\"}]},{\"@type\":\"WebSite\",\"@id\":\"https:\/\/kapitalis.com\/tunisie\/#website\",\"url\":\"https:\/\/kapitalis.com\/tunisie\/\",\"name\":\"Kapitalis\",\"description\":\"L&#039;actualit\u00e9 en Tunisie et dans le monde\",\"publisher\":{\"@id\":\"https:\/\/kapitalis.com\/tunisie\/#organization\"},\"potentialAction\":[{\"@type\":\"SearchAction\",\"target\":{\"@type\":\"EntryPoint\",\"urlTemplate\":\"https:\/\/kapitalis.com\/tunisie\/?s={search_term_string}\"},\"query-input\":{\"@type\":\"PropertyValueSpecification\",\"valueRequired\":true,\"valueName\":\"search_term_string\"}}],\"inLanguage\":\"fr-FR\"},{\"@type\":\"Organization\",\"@id\":\"https:\/\/kapitalis.com\/tunisie\/#organization\",\"name\":\"Kapitalis\",\"url\":\"https:\/\/kapitalis.com\/tunisie\/\",\"logo\":{\"@type\":\"ImageObject\",\"inLanguage\":\"fr-FR\",\"@id\":\"https:\/\/kapitalis.com\/tunisie\/#\/schema\/logo\/image\/\",\"url\":\"https:\/\/kapitalis.com\/tunisie\/wp-content\/uploads\/2022\/05\/Kapitalis-big-size.png\",\"contentUrl\":\"https:\/\/kapitalis.com\/tunisie\/wp-content\/uploads\/2022\/05\/Kapitalis-big-size.png\",\"width\":5000,\"height\":1500,\"caption\":\"Kapitalis\"},\"image\":{\"@id\":\"https:\/\/kapitalis.com\/tunisie\/#\/schema\/logo\/image\/\"},\"sameAs\":[\"https:\/\/www.facebook.com\/KapitalisInfo\/\",\"https:\/\/x.com\/KapitalisInfo\",\"https:\/\/www.youtube.com\/channel\/UC-yDYrHyfFBWWZaOw3FPg9Q\"]},{\"@type\":\"Person\",\"@id\":\"https:\/\/kapitalis.com\/tunisie\/#\/schema\/person\/74bbde0154d49d790a92aaeac5bc01d5\",\"name\":\"Yusra NY\",\"url\":\"https:\/\/kapitalis.com\/tunisie\/author\/yuza_adam\/\"}]}<\/script>\n<!-- \/ Yoast SEO plugin. -->","yoast_head_json":{"title":"Tunisie : Nouvelles nominations au minist\u00e8re des Affaires culturelles - Kapitalis","robots":{"index":"index","follow":"follow","max-snippet":"max-snippet:-1","max-image-preview":"max-image-preview:large","max-video-preview":"max-video-preview:-1"},"canonical":"https:\/\/kapitalis.com\/tunisie\/2022\/04\/01\/tunisie-nouvelles-nominations-au-ministere-des-affaires-culturelles\/","og_locale":"fr_FR","og_type":"article","og_title":"Tunisie : Nouvelles nominations au minist\u00e8re des Affaires culturelles - Kapitalis","og_description":"Le minist\u00e8re des Affaires culturelles a annonc\u00e9, aujourd&rsquo;hui vendredi 1er avril 2022, de nouvelles nominations, \u00e0 la t\u00eates des Journ\u00e9es cin\u00e9matographiques de Carthage (JCC), des Journ\u00e9es th\u00e9\u00e2trales de Carthage (JTC), des Journ\u00e9es musicales de Carthage (JMC) ainsi que de la Foire nationale du livre.","og_url":"https:\/\/kapitalis.com\/tunisie\/2022\/04\/01\/tunisie-nouvelles-nominations-au-ministere-des-affaires-culturelles\/","og_site_name":"Kapitalis","article_publisher":"https:\/\/www.facebook.com\/KapitalisInfo\/","article_published_time":"2022-04-01T19:38:45+00:00","article_modified_time":"2022-04-01T19:45:30+00:00","og_image":[{"width":1200,"height":630,"url":"https:\/\/kapitalis.com\/tunisie\/wp-content\/uploads\/2022\/05\/kapitalis-logo-fb.png","type":"image\/png"}],"author":"Yusra NY","twitter_card":"summary_large_image","twitter_creator":"@KapitalisInfo","twitter_site":"@KapitalisInfo","twitter_misc":{"\u00c9crit par":"Yusra NY","Dur\u00e9e de lecture estim\u00e9e":"1 minute"},"schema":{"@context":"https:\/\/schema.org","@graph":[{"@type":"Article","@id":"https:\/\/kapitalis.com\/tunisie\/2022\/04\/01\/tunisie-nouvelles-nominations-au-ministere-des-affaires-culturelles\/#article","isPartOf":{"@id":"https:\/\/kapitalis.com\/tunisie\/2022\/04\/01\/tunisie-nouvelles-nominations-au-ministere-des-affaires-culturelles\/"},"author":{"name":"Yusra NY","@id":"https:\/\/kapitalis.com\/tunisie\/#\/schema\/person\/74bbde0154d49d790a92aaeac5bc01d5"},"headline":"Tunisie : Nouvelles nominations au minist\u00e8re des Affaires culturelles","datePublished":"2022-04-01T19:38:45+00:00","dateModified":"2022-04-01T19:45:30+00:00","mainEntityOfPage":{"@id":"https:\/\/kapitalis.com\/tunisie\/2022\/04\/01\/tunisie-nouvelles-nominations-au-ministere-des-affaires-culturelles\/"},"wordCount":131,"commentCount":0,"publisher":{"@id":"https:\/\/kapitalis.com\/tunisie\/#organization"},"image":{"@id":"https:\/\/kapitalis.com\/tunisie\/2022\/04\/01\/tunisie-nouvelles-nominations-au-ministere-des-affaires-culturelles\/#primaryimage"},"thumbnailUrl":"","keywords":["JCC","JMC","JTC","minist\u00e8re des Affaires culturelles","nominations","Tunisie"],"articleSection":["CULTURE","Tunisie"],"inLanguage":"fr-FR","potentialAction":[{"@type":"CommentAction","name":"Comment","target":["https:\/\/kapitalis.com\/tunisie\/2022\/04\/01\/tunisie-nouvelles-nominations-au-ministere-des-affaires-culturelles\/#respond"]}]},{"@type":"WebPage","@id":"https:\/\/kapitalis.com\/tunisie\/2022\/04\/01\/tunisie-nouvelles-nominations-au-ministere-des-affaires-culturelles\/","url":"https:\/\/kapitalis.com\/tunisie\/2022\/04\/01\/tunisie-nouvelles-nominations-au-ministere-des-affaires-culturelles\/","name":"Tunisie : Nouvelles nominations au minist\u00e8re des Affaires culturelles - Kapitalis","isPartOf":{"@id":"https:\/\/kapitalis.com\/tunisie\/#website"},"primaryImageOfPage":{"@id":"https:\/\/kapitalis.com\/tunisie\/2022\/04\/01\/tunisie-nouvelles-nominations-au-ministere-des-affaires-culturelles\/#primaryimage"},"image":{"@id":"https:\/\/kapitalis.com\/tunisie\/2022\/04\/01\/tunisie-nouvelles-nominations-au-ministere-des-affaires-culturelles\/#primaryimage"},"thumbnailUrl":"","datePublished":"2022-04-01T19:38:45+00:00","dateModified":"2022-04-01T19:45:30+00:00","breadcrumb":{"@id":"https:\/\/kapitalis.com\/tunisie\/2022\/04\/01\/tunisie-nouvelles-nominations-au-ministere-des-affaires-culturelles\/#breadcrumb"},"inLanguage":"fr-FR","potentialAction":[{"@type":"ReadAction","target":["https:\/\/kapitalis.com\/tunisie\/2022\/04\/01\/tunisie-nouvelles-nominations-au-ministere-des-affaires-culturelles\/"]}]},{"@type":"ImageObject","inLanguage":"fr-FR","@id":"https:\/\/kapitalis.com\/tunisie\/2022\/04\/01\/tunisie-nouvelles-nominations-au-ministere-des-affaires-culturelles\/#primaryimage","url":"","contentUrl":""},{"@type":"BreadcrumbList","@id":"https:\/\/kapitalis.com\/tunisie\/2022\/04\/01\/tunisie-nouvelles-nominations-au-ministere-des-affaires-culturelles\/#breadcrumb","itemListElement":[{"@type":"ListItem","position":1,"name":"Accueil","item":"https:\/\/kapitalis.com\/tunisie\/"},{"@type":"ListItem","position":2,"name":"Tunisie : Nouvelles nominations au minist\u00e8re des Affaires culturelles"}]},{"@type":"WebSite","@id":"https:\/\/kapitalis.com\/tunisie\/#website","url":"https:\/\/kapitalis.com\/tunisie\/","name":"Kapitalis","description":"L&#039;actualit\u00e9 en Tunisie et dans le monde","publisher":{"@id":"https:\/\/kapitalis.com\/tunisie\/#organization"},"potentialAction":[{"@type":"SearchAction","target":{"@type":"EntryPoint","urlTemplate":"https:\/\/kapitalis.com\/tunisie\/?s={search_term_string}"},"query-input":{"@type":"PropertyValueSpecification","valueRequired":true,"valueName":"search_term_string"}}],"inLanguage":"fr-FR"},{"@type":"Organization","@id":"https:\/\/kapitalis.com\/tunisie\/#organization","name":"Kapitalis","url":"https:\/\/kapitalis.com\/tunisie\/","logo":{"@type":"ImageObject","inLanguage":"fr-FR","@id":"https:\/\/kapitalis.com\/tunisie\/#\/schema\/logo\/image\/","url":"https:\/\/kapitalis.com\/tunisie\/wp-content\/uploads\/2022\/05\/Kapitalis-big-size.png","contentUrl":"https:\/\/kapitalis.com\/tunisie\/wp-content\/uploads\/2022\/05\/Kapitalis-big-size.png","width":5000,"height":1500,"caption":"Kapitalis"},"image":{"@id":"https:\/\/kapitalis.com\/tunisie\/#\/schema\/logo\/image\/"},"sameAs":["https:\/\/www.facebook.com\/KapitalisInfo\/","https:\/\/x.com\/KapitalisInfo","https:\/\/www.youtube.com\/channel\/UC-yDYrHyfFBWWZaOw3FPg9Q"]},{"@type":"Person","@id":"https:\/\/kapitalis.com\/tunisie\/#\/schema\/person\/74bbde0154d49d790a92aaeac5bc01d5","name":"Yusra NY","url":"https:\/\/kapitalis.com\/tunisie\/author\/yuza_adam\/"}]}},"_links":{"self":[{"href":"https:\/\/kapitalis.com\/tunisie\/wp-json\/wp\/v2\/posts\/386209","targetHints":{"allow":["GET"]}}],"collection":[{"href":"https:\/\/kapitalis.com\/tunisie\/wp-json\/wp\/v2\/posts"}],"about":[{"href":"https:\/\/kapitalis.com\/tunisie\/wp-json\/wp\/v2\/types\/post"}],"author":[{"embeddable":true,"href":"https:\/\/kapitalis.com\/tunisie\/wp-json\/wp\/v2\/users\/6"}],"replies":[{"embeddable":true,"href":"https:\/\/kapitalis.com\/tunisie\/wp-json\/wp\/v2\/comments?post=386209"}],"version-history":[{"count":0,"href":"https:\/\/kapitalis.com\/tunisie\/wp-json\/wp\/v2\/posts\/386209\/revisions"}],"wp:featuredmedia":[{"embeddable":true,"href":"https:\/\/kapitalis.com\/tunisie\/wp-json\/wp\/v2\/media\/386218"}],"wp:attachment":[{"href":"https:\/\/kapitalis.com\/tunisie\/wp-json\/wp\/v2\/media?parent=386209"}],"wp:term":[{"taxonomy":"category","embeddable":true,"href":"https:\/\/kapitalis.com\/tunisie\/wp-json\/wp\/v2\/categories?post=386209"},{"taxonomy":"post_tag","embeddable":true,"href":"https:\/\/kapitalis.com\/tunisie\/wp-json\/wp\/v2\/tags?post=386209"}],"curies":[{"name":"wp","href":"https:\/\/api.w.org\/{rel}","templated":true}]}}