{"id":386297,"date":"2022-04-02T10:35:42","date_gmt":"2022-04-02T09:35:42","guid":{"rendered":"http:\/\/kapitalis.com\/tunisie\/?p=386297"},"modified":"2022-04-02T10:37:24","modified_gmt":"2022-04-02T09:37:24","slug":"demarrage-de-la-construction-de-la-station-de-dessalement-de-leau-de-mer-a-sfax","status":"publish","type":"post","link":"https:\/\/kapitalis.com\/tunisie\/2022\/04\/02\/demarrage-de-la-construction-de-la-station-de-dessalement-de-leau-de-mer-a-sfax\/","title":{"rendered":"D\u00e9marrage de la construction de la station de dessalement de l\u2019eau de mer \u00e0 Sfax"},"content":{"rendered":"\n<div class=\"wp-block-image\"><figure class=\"aligncenter size-full\"><img decoding=\"async\" src=\"http:\/\/kapitalis.com\/tunisie\/wp-content\/uploads\/2022\/04\/Najla-Bouden-Sfax.jpg\" alt=\"\" class=\"wp-image-386298\"\/><\/figure><\/div>\n\n\n\n<p><strong><em>Une c\u00e9r\u00e9monie officielle s&rsquo;est tenue vendredi 1<sup>er<\/sup> avril 2022, \u00e0 Sfax, pour annoncer le d\u00e9marrage des travaux du projet construction de la station de dessalement de l\u2019eau de mer dans la capitale du sud tunisien, en pr\u00e9sence de la la cheffe du gouvernement, Najla Bouden, du ministre de l\u2019Agriculture, des Ressources hydrauliques et de la P\u00eache, Mahmoud Elyes Hamza, et de l&rsquo;ambassadeur du Japon en Tunisie, Shimizu Shinsuke.<\/em><\/strong><\/p>\n\n\n\n<!--more-->\n\n\n\n<p>Ce projet, qui b\u00e9n\u00e9ficiera \u00e0 environ 600 000 citoyens de la ville de Sfax, est financ\u00e9 par un pr\u00eat de l&rsquo;Etat du Japon qui s\u2019\u00e9l\u00e8ve \u00e0 36,676 milliard de yen (environ 800 millions de dinars tunisiens, MDT), remboursable sur 25 ans, dont 7 ans de gr\u00e2ce, avec un taux d\u2019int\u00e9r\u00eat de 1,7%.<\/p>\n\n\n\n<p>Ce projet permettra \u00e0 la Sonede de renforcer la capacit\u00e9 de l\u2019approvisionnement de l\u2019eau et de sa qualit\u00e9. La soci\u00e9t\u00e9 publique pourra ainsi fournir 100 000 tonnes d\u2019eaux par jour, chiffre qui passera ensuite \u00e0 200 000 tonnes, pour le grand Sfax, deuxi\u00e8me grande agglom\u00e9ration urbaine en Tunisie.<\/p>\n\n\n\n<p><em>\u00abLe Japon esp\u00e8re que ce projet contribuera \u00e0 am\u00e9liorer l\u2019environnement et les conditions de vie des Tunisiens en vue de soutenir le d\u00e9veloppement \u00e9conomique et social de la Tunisie\u00bb<\/em>, souligne un communiqu\u00e9 de l&rsquo;ambassade du Japon en Tunisie.<\/p>\n\n\n\n<p>La cheffe du gouvernement a exprim\u00e9 ses attentes vis-\u00e0-vis du projet, notamment l&rsquo;am\u00e9lioration des conditions de vie des citoyens surtout dans les r\u00e9gions du centre et du sud de la Tunisie. Elle a consid\u00e9r\u00e9 la Ticad8, qui se tiendra cette ann\u00e9e en Tunisie, comme un nouveau jalon dans les relations entre le Japon et la Tunisie et a esp\u00e9r\u00e9 que cet \u00e9v\u00e9nement va concourir \u00e0 \u00e9tablir un partenariat novateur.<\/p>\n\n\n\n<div class=\"wp-block-image\"><figure class=\"aligncenter size-full is-resized\"><img decoding=\"async\" src=\"http:\/\/kapitalis.com\/tunisie\/wp-content\/uploads\/2022\/04\/Najla-Bouden-Sfax-2.jpg\" alt=\"\" class=\"wp-image-386299\" width=\"500\"\/><\/figure><\/div>\n\n\n\n<p>Le ministre d\u2019Agriculture a mis en valeur l&rsquo;intensit\u00e9 de la coop\u00e9ration avec Japon qu&rsquo;il a consid\u00e9r\u00e9 comme pays ami et l&rsquo;ambassadeur japonais a rappel\u00e9 que la Ticad 8, qui se tiendra en Tunisie les 27 et 28 ao\u00fbt prochain, va constituer une belle opportunit\u00e9 pour les investisseurs japonais en vue d&rsquo;investir en Tunisie et en Afrique.<\/p>\n\n\n\n<p><em>\u00abLe Japon aide la Tunisie \u00e0 am\u00e9liorer les conditions de vie et \u00e0 promouvoir l&rsquo;industrie par le d\u00e9veloppement d&rsquo;infrastructures sociales et \u00e9conomiques dans les villes locales, \u00e0 l\u2019image de ce projet\u00bb,<\/em> pr\u00e9cise encore le communiqu\u00e9 de l&rsquo;ambassade, en rappelant que les projets de pr\u00eat en yen contribuent aux infrastructures tunisiens dans les domaines de l\u2019eau, de l\u2019\u00e9nergie, de la pr\u00e9vention des inondations, de l\u2019agriculture, etc. Ces projets ont d\u00e9marr\u00e9 en 1977 afin de permettre au gouvernement tunisien de r\u00e9pondre efficacement \u00e0 divers besoins de d\u00e9veloppement.<br>Depuis 1977, 41 projets ont \u00e9t\u00e9 r\u00e9alis\u00e9s pour un montant total&nbsp;d&rsquo;environ 6 500 MDT (304,501 milliard yen). Parmi les projets r\u00e9cents, on citera la construction de la centrale \u00e9lectrique \u00e0 cycle combin\u00e9 de Rad\u00e8s, la protection contre les inondations de l&rsquo;Oued Mejerda et la construction d&rsquo;autoroute trans-maghr\u00e9bine Gab\u00e8s-M\u00e9denine.<\/p>\n","protected":false},"excerpt":{"rendered":"<p>Une c\u00e9r\u00e9monie officielle s&rsquo;est tenue vendredi 1er avril 2022, \u00e0 Sfax, pour annoncer le d\u00e9marrage des travaux du projet construction de la station de dessalement de l\u2019eau de mer dans la capitale du sud tunisien, en pr\u00e9sence de la la cheffe du gouvernement, Najla Bouden, du ministre de l\u2019Agriculture, des Ressources hydrauliques et de la&#8230;<\/p>\n","protected":false},"author":8,"featured_media":386298,"comment_status":"open","ping_status":"open","sticky":false,"template":"","format":"standard","meta":{"footnotes":""},"categories":[995,2433],"tags":[22762,4855,95003,93702,823,79649,849,62643],"class_list":["post-386297","post","type-post","status-publish","format-standard","has-post-thumbnail","hentry","category-economie","category-tunisie","tag-dessalement-de-leau-de-mer","tag-japon","tag-mahmoud-elyes-hamza","tag-najla-bouden","tag-sfax","tag-shimizu-shinsuke","tag-sonede","tag-tunisie"],"yoast_head":"<!-- This site is optimized with the Yoast SEO plugin v26.6 - https:\/\/yoast.com\/wordpress\/plugins\/seo\/ -->\n<title>D\u00e9marrage de la construction de la station de dessalement de l\u2019eau de mer \u00e0 Sfax - Kapitalis<\/title>\n<meta name=\"robots\" content=\"index, follow, max-snippet:-1, max-image-preview:large, max-video-preview:-1\" \/>\n<link rel=\"canonical\" href=\"https:\/\/kapitalis.com\/tunisie\/2022\/04\/02\/demarrage-de-la-construction-de-la-station-de-dessalement-de-leau-de-mer-a-sfax\/\" \/>\n<meta property=\"og:locale\" content=\"fr_FR\" \/>\n<meta property=\"og:type\" content=\"article\" \/>\n<meta property=\"og:title\" content=\"D\u00e9marrage de la construction de la station de dessalement de l\u2019eau de mer \u00e0 Sfax - Kapitalis\" \/>\n<meta property=\"og:description\" content=\"Une c\u00e9r\u00e9monie officielle s&rsquo;est tenue vendredi 1er avril 2022, \u00e0 Sfax, pour annoncer le d\u00e9marrage des travaux du projet construction de la station de dessalement de l\u2019eau de mer dans la capitale du sud tunisien, en pr\u00e9sence de la la cheffe du gouvernement, Najla Bouden, du ministre de l\u2019Agriculture, des Ressources hydrauliques et de la...\" \/>\n<meta property=\"og:url\" content=\"https:\/\/kapitalis.com\/tunisie\/2022\/04\/02\/demarrage-de-la-construction-de-la-station-de-dessalement-de-leau-de-mer-a-sfax\/\" \/>\n<meta property=\"og:site_name\" content=\"Kapitalis\" \/>\n<meta property=\"article:publisher\" content=\"https:\/\/www.facebook.com\/KapitalisInfo\/\" \/>\n<meta property=\"article:published_time\" content=\"2022-04-02T09:35:42+00:00\" \/>\n<meta property=\"article:modified_time\" content=\"2022-04-02T09:37:24+00:00\" \/>\n<meta property=\"og:image\" content=\"https:\/\/kapitalis.com\/tunisie\/wp-content\/uploads\/2022\/05\/kapitalis-logo-fb.png\" \/>\n\t<meta property=\"og:image:width\" content=\"1200\" \/>\n\t<meta property=\"og:image:height\" content=\"630\" \/>\n\t<meta property=\"og:image:type\" content=\"image\/png\" \/>\n<meta name=\"author\" content=\"webmaster kapitalis\" \/>\n<meta name=\"twitter:card\" content=\"summary_large_image\" \/>\n<meta name=\"twitter:creator\" content=\"@KapitalisInfo\" \/>\n<meta name=\"twitter:site\" content=\"@KapitalisInfo\" \/>\n<meta name=\"twitter:label1\" content=\"\u00c9crit par\" \/>\n\t<meta name=\"twitter:data1\" content=\"webmaster kapitalis\" \/>\n\t<meta name=\"twitter:label2\" content=\"Dur\u00e9e de lecture estim\u00e9e\" \/>\n\t<meta name=\"twitter:data2\" content=\"2 minutes\" \/>\n<script type=\"application\/ld+json\" class=\"yoast-schema-graph\">{\"@context\":\"https:\/\/schema.org\",\"@graph\":[{\"@type\":\"Article\",\"@id\":\"https:\/\/kapitalis.com\/tunisie\/2022\/04\/02\/demarrage-de-la-construction-de-la-station-de-dessalement-de-leau-de-mer-a-sfax\/#article\",\"isPartOf\":{\"@id\":\"https:\/\/kapitalis.com\/tunisie\/2022\/04\/02\/demarrage-de-la-construction-de-la-station-de-dessalement-de-leau-de-mer-a-sfax\/\"},\"author\":{\"name\":\"webmaster kapitalis\",\"@id\":\"https:\/\/kapitalis.com\/tunisie\/#\/schema\/person\/d71f33a9ca44f7bad4698210b480c8e9\"},\"headline\":\"D\u00e9marrage de la construction de la station de dessalement de l\u2019eau de mer \u00e0 Sfax\",\"datePublished\":\"2022-04-02T09:35:42+00:00\",\"dateModified\":\"2022-04-02T09:37:24+00:00\",\"mainEntityOfPage\":{\"@id\":\"https:\/\/kapitalis.com\/tunisie\/2022\/04\/02\/demarrage-de-la-construction-de-la-station-de-dessalement-de-leau-de-mer-a-sfax\/\"},\"wordCount\":505,\"commentCount\":5,\"publisher\":{\"@id\":\"https:\/\/kapitalis.com\/tunisie\/#organization\"},\"image\":{\"@id\":\"https:\/\/kapitalis.com\/tunisie\/2022\/04\/02\/demarrage-de-la-construction-de-la-station-de-dessalement-de-leau-de-mer-a-sfax\/#primaryimage\"},\"thumbnailUrl\":\"\",\"keywords\":[\"dessalement de l\u2019eau de mer\",\"Japon\",\"Mahmoud Elyes Hamza\",\"Najla Bouden\",\"Sfax\",\"Shimizu Shinsuke\",\"Sonede\",\"Tunisie\"],\"articleSection\":[\"ECONOMIE\",\"Tunisie\"],\"inLanguage\":\"fr-FR\",\"potentialAction\":[{\"@type\":\"CommentAction\",\"name\":\"Comment\",\"target\":[\"https:\/\/kapitalis.com\/tunisie\/2022\/04\/02\/demarrage-de-la-construction-de-la-station-de-dessalement-de-leau-de-mer-a-sfax\/#respond\"]}]},{\"@type\":\"WebPage\",\"@id\":\"https:\/\/kapitalis.com\/tunisie\/2022\/04\/02\/demarrage-de-la-construction-de-la-station-de-dessalement-de-leau-de-mer-a-sfax\/\",\"url\":\"https:\/\/kapitalis.com\/tunisie\/2022\/04\/02\/demarrage-de-la-construction-de-la-station-de-dessalement-de-leau-de-mer-a-sfax\/\",\"name\":\"D\u00e9marrage de la construction de la station de dessalement de l\u2019eau de mer \u00e0 Sfax - Kapitalis\",\"isPartOf\":{\"@id\":\"https:\/\/kapitalis.com\/tunisie\/#website\"},\"primaryImageOfPage\":{\"@id\":\"https:\/\/kapitalis.com\/tunisie\/2022\/04\/02\/demarrage-de-la-construction-de-la-station-de-dessalement-de-leau-de-mer-a-sfax\/#primaryimage\"},\"image\":{\"@id\":\"https:\/\/kapitalis.com\/tunisie\/2022\/04\/02\/demarrage-de-la-construction-de-la-station-de-dessalement-de-leau-de-mer-a-sfax\/#primaryimage\"},\"thumbnailUrl\":\"\",\"datePublished\":\"2022-04-02T09:35:42+00:00\",\"dateModified\":\"2022-04-02T09:37:24+00:00\",\"breadcrumb\":{\"@id\":\"https:\/\/kapitalis.com\/tunisie\/2022\/04\/02\/demarrage-de-la-construction-de-la-station-de-dessalement-de-leau-de-mer-a-sfax\/#breadcrumb\"},\"inLanguage\":\"fr-FR\",\"potentialAction\":[{\"@type\":\"ReadAction\",\"target\":[\"https:\/\/kapitalis.com\/tunisie\/2022\/04\/02\/demarrage-de-la-construction-de-la-station-de-dessalement-de-leau-de-mer-a-sfax\/\"]}]},{\"@type\":\"ImageObject\",\"inLanguage\":\"fr-FR\",\"@id\":\"https:\/\/kapitalis.com\/tunisie\/2022\/04\/02\/demarrage-de-la-construction-de-la-station-de-dessalement-de-leau-de-mer-a-sfax\/#primaryimage\",\"url\":\"\",\"contentUrl\":\"\"},{\"@type\":\"BreadcrumbList\",\"@id\":\"https:\/\/kapitalis.com\/tunisie\/2022\/04\/02\/demarrage-de-la-construction-de-la-station-de-dessalement-de-leau-de-mer-a-sfax\/#breadcrumb\",\"itemListElement\":[{\"@type\":\"ListItem\",\"position\":1,\"name\":\"Accueil\",\"item\":\"https:\/\/kapitalis.com\/tunisie\/\"},{\"@type\":\"ListItem\",\"position\":2,\"name\":\"D\u00e9marrage de la construction de la station de dessalement de l\u2019eau de mer \u00e0 Sfax\"}]},{\"@type\":\"WebSite\",\"@id\":\"https:\/\/kapitalis.com\/tunisie\/#website\",\"url\":\"https:\/\/kapitalis.com\/tunisie\/\",\"name\":\"Kapitalis\",\"description\":\"L&#039;actualit\u00e9 en Tunisie et dans le monde\",\"publisher\":{\"@id\":\"https:\/\/kapitalis.com\/tunisie\/#organization\"},\"potentialAction\":[{\"@type\":\"SearchAction\",\"target\":{\"@type\":\"EntryPoint\",\"urlTemplate\":\"https:\/\/kapitalis.com\/tunisie\/?s={search_term_string}\"},\"query-input\":{\"@type\":\"PropertyValueSpecification\",\"valueRequired\":true,\"valueName\":\"search_term_string\"}}],\"inLanguage\":\"fr-FR\"},{\"@type\":\"Organization\",\"@id\":\"https:\/\/kapitalis.com\/tunisie\/#organization\",\"name\":\"Kapitalis\",\"url\":\"https:\/\/kapitalis.com\/tunisie\/\",\"logo\":{\"@type\":\"ImageObject\",\"inLanguage\":\"fr-FR\",\"@id\":\"https:\/\/kapitalis.com\/tunisie\/#\/schema\/logo\/image\/\",\"url\":\"https:\/\/kapitalis.com\/tunisie\/wp-content\/uploads\/2022\/05\/Kapitalis-big-size.png\",\"contentUrl\":\"https:\/\/kapitalis.com\/tunisie\/wp-content\/uploads\/2022\/05\/Kapitalis-big-size.png\",\"width\":5000,\"height\":1500,\"caption\":\"Kapitalis\"},\"image\":{\"@id\":\"https:\/\/kapitalis.com\/tunisie\/#\/schema\/logo\/image\/\"},\"sameAs\":[\"https:\/\/www.facebook.com\/KapitalisInfo\/\",\"https:\/\/x.com\/KapitalisInfo\",\"https:\/\/www.youtube.com\/channel\/UC-yDYrHyfFBWWZaOw3FPg9Q\"]},{\"@type\":\"Person\",\"@id\":\"https:\/\/kapitalis.com\/tunisie\/#\/schema\/person\/d71f33a9ca44f7bad4698210b480c8e9\",\"name\":\"webmaster kapitalis\",\"url\":\"https:\/\/kapitalis.com\/tunisie\/author\/webmaster-kapitalis\/\"}]}<\/script>\n<!-- \/ Yoast SEO plugin. -->","yoast_head_json":{"title":"D\u00e9marrage de la construction de la station de dessalement de l\u2019eau de mer \u00e0 Sfax - Kapitalis","robots":{"index":"index","follow":"follow","max-snippet":"max-snippet:-1","max-image-preview":"max-image-preview:large","max-video-preview":"max-video-preview:-1"},"canonical":"https:\/\/kapitalis.com\/tunisie\/2022\/04\/02\/demarrage-de-la-construction-de-la-station-de-dessalement-de-leau-de-mer-a-sfax\/","og_locale":"fr_FR","og_type":"article","og_title":"D\u00e9marrage de la construction de la station de dessalement de l\u2019eau de mer \u00e0 Sfax - Kapitalis","og_description":"Une c\u00e9r\u00e9monie officielle s&rsquo;est tenue vendredi 1er avril 2022, \u00e0 Sfax, pour annoncer le d\u00e9marrage des travaux du projet construction de la station de dessalement de l\u2019eau de mer dans la capitale du sud tunisien, en pr\u00e9sence de la la cheffe du gouvernement, Najla Bouden, du ministre de l\u2019Agriculture, des Ressources hydrauliques et de la...","og_url":"https:\/\/kapitalis.com\/tunisie\/2022\/04\/02\/demarrage-de-la-construction-de-la-station-de-dessalement-de-leau-de-mer-a-sfax\/","og_site_name":"Kapitalis","article_publisher":"https:\/\/www.facebook.com\/KapitalisInfo\/","article_published_time":"2022-04-02T09:35:42+00:00","article_modified_time":"2022-04-02T09:37:24+00:00","og_image":[{"width":1200,"height":630,"url":"https:\/\/kapitalis.com\/tunisie\/wp-content\/uploads\/2022\/05\/kapitalis-logo-fb.png","type":"image\/png"}],"author":"webmaster kapitalis","twitter_card":"summary_large_image","twitter_creator":"@KapitalisInfo","twitter_site":"@KapitalisInfo","twitter_misc":{"\u00c9crit par":"webmaster kapitalis","Dur\u00e9e de lecture estim\u00e9e":"2 minutes"},"schema":{"@context":"https:\/\/schema.org","@graph":[{"@type":"Article","@id":"https:\/\/kapitalis.com\/tunisie\/2022\/04\/02\/demarrage-de-la-construction-de-la-station-de-dessalement-de-leau-de-mer-a-sfax\/#article","isPartOf":{"@id":"https:\/\/kapitalis.com\/tunisie\/2022\/04\/02\/demarrage-de-la-construction-de-la-station-de-dessalement-de-leau-de-mer-a-sfax\/"},"author":{"name":"webmaster kapitalis","@id":"https:\/\/kapitalis.com\/tunisie\/#\/schema\/person\/d71f33a9ca44f7bad4698210b480c8e9"},"headline":"D\u00e9marrage de la construction de la station de dessalement de l\u2019eau de mer \u00e0 Sfax","datePublished":"2022-04-02T09:35:42+00:00","dateModified":"2022-04-02T09:37:24+00:00","mainEntityOfPage":{"@id":"https:\/\/kapitalis.com\/tunisie\/2022\/04\/02\/demarrage-de-la-construction-de-la-station-de-dessalement-de-leau-de-mer-a-sfax\/"},"wordCount":505,"commentCount":5,"publisher":{"@id":"https:\/\/kapitalis.com\/tunisie\/#organization"},"image":{"@id":"https:\/\/kapitalis.com\/tunisie\/2022\/04\/02\/demarrage-de-la-construction-de-la-station-de-dessalement-de-leau-de-mer-a-sfax\/#primaryimage"},"thumbnailUrl":"","keywords":["dessalement de l\u2019eau de mer","Japon","Mahmoud Elyes Hamza","Najla Bouden","Sfax","Shimizu Shinsuke","Sonede","Tunisie"],"articleSection":["ECONOMIE","Tunisie"],"inLanguage":"fr-FR","potentialAction":[{"@type":"CommentAction","name":"Comment","target":["https:\/\/kapitalis.com\/tunisie\/2022\/04\/02\/demarrage-de-la-construction-de-la-station-de-dessalement-de-leau-de-mer-a-sfax\/#respond"]}]},{"@type":"WebPage","@id":"https:\/\/kapitalis.com\/tunisie\/2022\/04\/02\/demarrage-de-la-construction-de-la-station-de-dessalement-de-leau-de-mer-a-sfax\/","url":"https:\/\/kapitalis.com\/tunisie\/2022\/04\/02\/demarrage-de-la-construction-de-la-station-de-dessalement-de-leau-de-mer-a-sfax\/","name":"D\u00e9marrage de la construction de la station de dessalement de l\u2019eau de mer \u00e0 Sfax - Kapitalis","isPartOf":{"@id":"https:\/\/kapitalis.com\/tunisie\/#website"},"primaryImageOfPage":{"@id":"https:\/\/kapitalis.com\/tunisie\/2022\/04\/02\/demarrage-de-la-construction-de-la-station-de-dessalement-de-leau-de-mer-a-sfax\/#primaryimage"},"image":{"@id":"https:\/\/kapitalis.com\/tunisie\/2022\/04\/02\/demarrage-de-la-construction-de-la-station-de-dessalement-de-leau-de-mer-a-sfax\/#primaryimage"},"thumbnailUrl":"","datePublished":"2022-04-02T09:35:42+00:00","dateModified":"2022-04-02T09:37:24+00:00","breadcrumb":{"@id":"https:\/\/kapitalis.com\/tunisie\/2022\/04\/02\/demarrage-de-la-construction-de-la-station-de-dessalement-de-leau-de-mer-a-sfax\/#breadcrumb"},"inLanguage":"fr-FR","potentialAction":[{"@type":"ReadAction","target":["https:\/\/kapitalis.com\/tunisie\/2022\/04\/02\/demarrage-de-la-construction-de-la-station-de-dessalement-de-leau-de-mer-a-sfax\/"]}]},{"@type":"ImageObject","inLanguage":"fr-FR","@id":"https:\/\/kapitalis.com\/tunisie\/2022\/04\/02\/demarrage-de-la-construction-de-la-station-de-dessalement-de-leau-de-mer-a-sfax\/#primaryimage","url":"","contentUrl":""},{"@type":"BreadcrumbList","@id":"https:\/\/kapitalis.com\/tunisie\/2022\/04\/02\/demarrage-de-la-construction-de-la-station-de-dessalement-de-leau-de-mer-a-sfax\/#breadcrumb","itemListElement":[{"@type":"ListItem","position":1,"name":"Accueil","item":"https:\/\/kapitalis.com\/tunisie\/"},{"@type":"ListItem","position":2,"name":"D\u00e9marrage de la construction de la station de dessalement de l\u2019eau de mer \u00e0 Sfax"}]},{"@type":"WebSite","@id":"https:\/\/kapitalis.com\/tunisie\/#website","url":"https:\/\/kapitalis.com\/tunisie\/","name":"Kapitalis","description":"L&#039;actualit\u00e9 en Tunisie et dans le monde","publisher":{"@id":"https:\/\/kapitalis.com\/tunisie\/#organization"},"potentialAction":[{"@type":"SearchAction","target":{"@type":"EntryPoint","urlTemplate":"https:\/\/kapitalis.com\/tunisie\/?s={search_term_string}"},"query-input":{"@type":"PropertyValueSpecification","valueRequired":true,"valueName":"search_term_string"}}],"inLanguage":"fr-FR"},{"@type":"Organization","@id":"https:\/\/kapitalis.com\/tunisie\/#organization","name":"Kapitalis","url":"https:\/\/kapitalis.com\/tunisie\/","logo":{"@type":"ImageObject","inLanguage":"fr-FR","@id":"https:\/\/kapitalis.com\/tunisie\/#\/schema\/logo\/image\/","url":"https:\/\/kapitalis.com\/tunisie\/wp-content\/uploads\/2022\/05\/Kapitalis-big-size.png","contentUrl":"https:\/\/kapitalis.com\/tunisie\/wp-content\/uploads\/2022\/05\/Kapitalis-big-size.png","width":5000,"height":1500,"caption":"Kapitalis"},"image":{"@id":"https:\/\/kapitalis.com\/tunisie\/#\/schema\/logo\/image\/"},"sameAs":["https:\/\/www.facebook.com\/KapitalisInfo\/","https:\/\/x.com\/KapitalisInfo","https:\/\/www.youtube.com\/channel\/UC-yDYrHyfFBWWZaOw3FPg9Q"]},{"@type":"Person","@id":"https:\/\/kapitalis.com\/tunisie\/#\/schema\/person\/d71f33a9ca44f7bad4698210b480c8e9","name":"webmaster kapitalis","url":"https:\/\/kapitalis.com\/tunisie\/author\/webmaster-kapitalis\/"}]}},"_links":{"self":[{"href":"https:\/\/kapitalis.com\/tunisie\/wp-json\/wp\/v2\/posts\/386297","targetHints":{"allow":["GET"]}}],"collection":[{"href":"https:\/\/kapitalis.com\/tunisie\/wp-json\/wp\/v2\/posts"}],"about":[{"href":"https:\/\/kapitalis.com\/tunisie\/wp-json\/wp\/v2\/types\/post"}],"author":[{"embeddable":true,"href":"https:\/\/kapitalis.com\/tunisie\/wp-json\/wp\/v2\/users\/8"}],"replies":[{"embeddable":true,"href":"https:\/\/kapitalis.com\/tunisie\/wp-json\/wp\/v2\/comments?post=386297"}],"version-history":[{"count":0,"href":"https:\/\/kapitalis.com\/tunisie\/wp-json\/wp\/v2\/posts\/386297\/revisions"}],"wp:featuredmedia":[{"embeddable":true,"href":"https:\/\/kapitalis.com\/tunisie\/wp-json\/wp\/v2\/media\/386298"}],"wp:attachment":[{"href":"https:\/\/kapitalis.com\/tunisie\/wp-json\/wp\/v2\/media?parent=386297"}],"wp:term":[{"taxonomy":"category","embeddable":true,"href":"https:\/\/kapitalis.com\/tunisie\/wp-json\/wp\/v2\/categories?post=386297"},{"taxonomy":"post_tag","embeddable":true,"href":"https:\/\/kapitalis.com\/tunisie\/wp-json\/wp\/v2\/tags?post=386297"}],"curies":[{"name":"wp","href":"https:\/\/api.w.org\/{rel}","templated":true}]}}