{"id":386640,"date":"2022-04-05T20:20:13","date_gmt":"2022-04-05T19:20:13","guid":{"rendered":"http:\/\/kapitalis.com\/tunisie\/?p=386640"},"modified":"2022-04-05T20:28:12","modified_gmt":"2022-04-05T19:28:12","slug":"le-president-saied-reaffirme-son-refus-de-toute-forme-dingerence-dans-les-affaires-internes-de-la-tunisie","status":"publish","type":"post","link":"https:\/\/kapitalis.com\/tunisie\/2022\/04\/05\/le-president-saied-reaffirme-son-refus-de-toute-forme-dingerence-dans-les-affaires-internes-de-la-tunisie\/","title":{"rendered":"Le pr\u00e9sident Sa\u00efed r\u00e9affirme son refus de toute forme d&rsquo;ing\u00e9rence dans les affaires internes de la Tunisie"},"content":{"rendered":"\n<div class=\"wp-block-image\"><figure class=\"aligncenter size-full\"><img decoding=\"async\" src=\"http:\/\/kapitalis.com\/tunisie\/wp-content\/uploads\/2022\/04\/Saied-Jerandi.jpg\" alt=\"\" class=\"wp-image-386641\"\/><\/figure><\/div>\n\n\n\n<p><strong><em>Le pr\u00e9sident de la R\u00e9publique Ka\u00efs Sa\u00efed a re\u00e7u, ce mardi 5 avril 2022, le ministre des Affaires \u00e9trang\u00e8res Othman Jerandi, \u00e0 qui il a soulign\u00e9 la n\u00e9cessit\u00e9 de renforcer les relations \u00abavec les pays fr\u00e8res et amis, dans le respect mutuel et l\u2019int\u00e9r\u00eat commun\u00bb.<\/em><\/strong><\/p>\n\n\n\n<!--more-->\n\n\n\n<p>A l&rsquo;occasion le chef de l&rsquo;Etat a r\u00e9it\u00e9r\u00e9 son refus de toute forme d\u2019ing\u00e9rence dans les affaires internes de la Tunisie, faisant r\u00e9f\u00e9rence aux r\u00e9actions de diff\u00e9rents pays et organisations \u00e9trang\u00e8res, qui ont comment\u00e9 les derniers \u00e9v\u00e8nements politiques en Tunisie, en exprimant notamment leur inqui\u00e9tude suite \u00e0 la dissolution du parlement, qu&rsquo;il a annonc\u00e9 le 30 mars dernier et appelant \u00e0 la tenue d&rsquo;un dialogue \u00e9largi, comprenant toutes les parties prenantes et tous les partis politiques.<\/p>\n\n\n\n<p>Rappelons que le pr\u00e9sident avait annonc\u00e9 la dissolution du parlement sur la base de l\u2019article 72 de la Constitution, et dont les travaux avait \u00e9t\u00e9 gel\u00e9s depuis le 25 juillet dernier, date \u00e0 laquelle il avait annonc\u00e9 des mesures exceptionnelles pour sortir le pays de la cris.<\/p>\n\n\n\n<p>Or, la semaine derni\u00e8re, les d\u00e9put\u00e9s alors gel\u00e9s avait organis\u00e9 une s\u00e9ance pl\u00e9ni\u00e8re \u00e0 distance, suite \u00e0 laquelle, ils ont vot\u00e9 pour l&rsquo;annulation des mesures du 25 juillet, ce que le pr\u00e9sident a qualifi\u00e9 de <em>\u00abcomplot contre la s\u00fbret\u00e9 int\u00e9rieure et ext\u00e9rieure de la Tunisie\u00bb.<\/em><\/p>\n\n\n\n<p class=\"has-text-align-right\"><strong>Y. N.<\/strong><\/p>\n","protected":false},"excerpt":{"rendered":"<p>Le pr\u00e9sident de la R\u00e9publique Ka\u00efs Sa\u00efed a re\u00e7u, ce mardi 5 avril 2022, le ministre des Affaires \u00e9trang\u00e8res Othman Jerandi, \u00e0 qui il a soulign\u00e9 la n\u00e9cessit\u00e9 de renforcer les relations \u00abavec les pays fr\u00e8res et amis, dans le respect mutuel et l\u2019int\u00e9r\u00eat commun\u00bb.<\/p>\n","protected":false},"author":6,"featured_media":386641,"comment_status":"open","ping_status":"open","sticky":false,"template":"","format":"standard","meta":{"footnotes":""},"categories":[997,2433],"tags":[98686,93,49543,76012,98685,62643],"class_list":["post-386640","post","type-post","status-publish","format-standard","has-post-thumbnail","hentry","category-politique","category-tunisie","tag-affaires-internes","tag-assemblee","tag-ennahdha","tag-kais-saied-2","tag-pays-etrangers","tag-tunisie"],"yoast_head":"<!-- This site is optimized with the Yoast SEO plugin v26.6 - https:\/\/yoast.com\/wordpress\/plugins\/seo\/ -->\n<title>Le pr\u00e9sident Sa\u00efed r\u00e9affirme son refus de toute forme d&#039;ing\u00e9rence dans les affaires internes de la Tunisie - Kapitalis<\/title>\n<meta name=\"robots\" content=\"index, follow, max-snippet:-1, max-image-preview:large, max-video-preview:-1\" \/>\n<link rel=\"canonical\" href=\"https:\/\/kapitalis.com\/tunisie\/2022\/04\/05\/le-president-saied-reaffirme-son-refus-de-toute-forme-dingerence-dans-les-affaires-internes-de-la-tunisie\/\" \/>\n<meta property=\"og:locale\" content=\"fr_FR\" \/>\n<meta property=\"og:type\" content=\"article\" \/>\n<meta property=\"og:title\" content=\"Le pr\u00e9sident Sa\u00efed r\u00e9affirme son refus de toute forme d&#039;ing\u00e9rence dans les affaires internes de la Tunisie - Kapitalis\" \/>\n<meta property=\"og:description\" content=\"Le pr\u00e9sident de la R\u00e9publique Ka\u00efs Sa\u00efed a re\u00e7u, ce mardi 5 avril 2022, le ministre des Affaires \u00e9trang\u00e8res Othman Jerandi, \u00e0 qui il a soulign\u00e9 la n\u00e9cessit\u00e9 de renforcer les relations \u00abavec les pays fr\u00e8res et amis, dans le respect mutuel et l\u2019int\u00e9r\u00eat commun\u00bb.\" \/>\n<meta property=\"og:url\" content=\"https:\/\/kapitalis.com\/tunisie\/2022\/04\/05\/le-president-saied-reaffirme-son-refus-de-toute-forme-dingerence-dans-les-affaires-internes-de-la-tunisie\/\" \/>\n<meta property=\"og:site_name\" content=\"Kapitalis\" \/>\n<meta property=\"article:publisher\" content=\"https:\/\/www.facebook.com\/KapitalisInfo\/\" \/>\n<meta property=\"article:published_time\" content=\"2022-04-05T19:20:13+00:00\" \/>\n<meta property=\"article:modified_time\" content=\"2022-04-05T19:28:12+00:00\" \/>\n<meta property=\"og:image\" content=\"https:\/\/kapitalis.com\/tunisie\/wp-content\/uploads\/2022\/05\/kapitalis-logo-fb.png\" \/>\n\t<meta property=\"og:image:width\" content=\"1200\" \/>\n\t<meta property=\"og:image:height\" content=\"630\" \/>\n\t<meta property=\"og:image:type\" content=\"image\/png\" \/>\n<meta name=\"author\" content=\"Yusra NY\" \/>\n<meta name=\"twitter:card\" content=\"summary_large_image\" \/>\n<meta name=\"twitter:creator\" content=\"@KapitalisInfo\" \/>\n<meta name=\"twitter:site\" content=\"@KapitalisInfo\" \/>\n<meta name=\"twitter:label1\" content=\"\u00c9crit par\" \/>\n\t<meta name=\"twitter:data1\" content=\"Yusra NY\" \/>\n\t<meta name=\"twitter:label2\" content=\"Dur\u00e9e de lecture estim\u00e9e\" \/>\n\t<meta name=\"twitter:data2\" content=\"1 minute\" \/>\n<script type=\"application\/ld+json\" class=\"yoast-schema-graph\">{\"@context\":\"https:\/\/schema.org\",\"@graph\":[{\"@type\":\"Article\",\"@id\":\"https:\/\/kapitalis.com\/tunisie\/2022\/04\/05\/le-president-saied-reaffirme-son-refus-de-toute-forme-dingerence-dans-les-affaires-internes-de-la-tunisie\/#article\",\"isPartOf\":{\"@id\":\"https:\/\/kapitalis.com\/tunisie\/2022\/04\/05\/le-president-saied-reaffirme-son-refus-de-toute-forme-dingerence-dans-les-affaires-internes-de-la-tunisie\/\"},\"author\":{\"name\":\"Yusra NY\",\"@id\":\"https:\/\/kapitalis.com\/tunisie\/#\/schema\/person\/74bbde0154d49d790a92aaeac5bc01d5\"},\"headline\":\"Le pr\u00e9sident Sa\u00efed r\u00e9affirme son refus de toute forme d&rsquo;ing\u00e9rence dans les affaires internes de la Tunisie\",\"datePublished\":\"2022-04-05T19:20:13+00:00\",\"dateModified\":\"2022-04-05T19:28:12+00:00\",\"mainEntityOfPage\":{\"@id\":\"https:\/\/kapitalis.com\/tunisie\/2022\/04\/05\/le-president-saied-reaffirme-son-refus-de-toute-forme-dingerence-dans-les-affaires-internes-de-la-tunisie\/\"},\"wordCount\":260,\"commentCount\":2,\"publisher\":{\"@id\":\"https:\/\/kapitalis.com\/tunisie\/#organization\"},\"image\":{\"@id\":\"https:\/\/kapitalis.com\/tunisie\/2022\/04\/05\/le-president-saied-reaffirme-son-refus-de-toute-forme-dingerence-dans-les-affaires-internes-de-la-tunisie\/#primaryimage\"},\"thumbnailUrl\":\"\",\"keywords\":[\"affaires internes\",\"Assembl\u00e9e\",\"Ennahdha\",\"Ka\u00efs Sa\u00efed\",\"pays \u00e9trangers\",\"Tunisie\"],\"articleSection\":[\"POLITIQUE\",\"Tunisie\"],\"inLanguage\":\"fr-FR\",\"potentialAction\":[{\"@type\":\"CommentAction\",\"name\":\"Comment\",\"target\":[\"https:\/\/kapitalis.com\/tunisie\/2022\/04\/05\/le-president-saied-reaffirme-son-refus-de-toute-forme-dingerence-dans-les-affaires-internes-de-la-tunisie\/#respond\"]}]},{\"@type\":\"WebPage\",\"@id\":\"https:\/\/kapitalis.com\/tunisie\/2022\/04\/05\/le-president-saied-reaffirme-son-refus-de-toute-forme-dingerence-dans-les-affaires-internes-de-la-tunisie\/\",\"url\":\"https:\/\/kapitalis.com\/tunisie\/2022\/04\/05\/le-president-saied-reaffirme-son-refus-de-toute-forme-dingerence-dans-les-affaires-internes-de-la-tunisie\/\",\"name\":\"Le pr\u00e9sident Sa\u00efed r\u00e9affirme son refus de toute forme d'ing\u00e9rence dans les affaires internes de la Tunisie - Kapitalis\",\"isPartOf\":{\"@id\":\"https:\/\/kapitalis.com\/tunisie\/#website\"},\"primaryImageOfPage\":{\"@id\":\"https:\/\/kapitalis.com\/tunisie\/2022\/04\/05\/le-president-saied-reaffirme-son-refus-de-toute-forme-dingerence-dans-les-affaires-internes-de-la-tunisie\/#primaryimage\"},\"image\":{\"@id\":\"https:\/\/kapitalis.com\/tunisie\/2022\/04\/05\/le-president-saied-reaffirme-son-refus-de-toute-forme-dingerence-dans-les-affaires-internes-de-la-tunisie\/#primaryimage\"},\"thumbnailUrl\":\"\",\"datePublished\":\"2022-04-05T19:20:13+00:00\",\"dateModified\":\"2022-04-05T19:28:12+00:00\",\"breadcrumb\":{\"@id\":\"https:\/\/kapitalis.com\/tunisie\/2022\/04\/05\/le-president-saied-reaffirme-son-refus-de-toute-forme-dingerence-dans-les-affaires-internes-de-la-tunisie\/#breadcrumb\"},\"inLanguage\":\"fr-FR\",\"potentialAction\":[{\"@type\":\"ReadAction\",\"target\":[\"https:\/\/kapitalis.com\/tunisie\/2022\/04\/05\/le-president-saied-reaffirme-son-refus-de-toute-forme-dingerence-dans-les-affaires-internes-de-la-tunisie\/\"]}]},{\"@type\":\"ImageObject\",\"inLanguage\":\"fr-FR\",\"@id\":\"https:\/\/kapitalis.com\/tunisie\/2022\/04\/05\/le-president-saied-reaffirme-son-refus-de-toute-forme-dingerence-dans-les-affaires-internes-de-la-tunisie\/#primaryimage\",\"url\":\"\",\"contentUrl\":\"\"},{\"@type\":\"BreadcrumbList\",\"@id\":\"https:\/\/kapitalis.com\/tunisie\/2022\/04\/05\/le-president-saied-reaffirme-son-refus-de-toute-forme-dingerence-dans-les-affaires-internes-de-la-tunisie\/#breadcrumb\",\"itemListElement\":[{\"@type\":\"ListItem\",\"position\":1,\"name\":\"Accueil\",\"item\":\"https:\/\/kapitalis.com\/tunisie\/\"},{\"@type\":\"ListItem\",\"position\":2,\"name\":\"Le pr\u00e9sident Sa\u00efed r\u00e9affirme son refus de toute forme d&rsquo;ing\u00e9rence dans les affaires internes de la Tunisie\"}]},{\"@type\":\"WebSite\",\"@id\":\"https:\/\/kapitalis.com\/tunisie\/#website\",\"url\":\"https:\/\/kapitalis.com\/tunisie\/\",\"name\":\"Kapitalis\",\"description\":\"L&#039;actualit\u00e9 en Tunisie et dans le monde\",\"publisher\":{\"@id\":\"https:\/\/kapitalis.com\/tunisie\/#organization\"},\"potentialAction\":[{\"@type\":\"SearchAction\",\"target\":{\"@type\":\"EntryPoint\",\"urlTemplate\":\"https:\/\/kapitalis.com\/tunisie\/?s={search_term_string}\"},\"query-input\":{\"@type\":\"PropertyValueSpecification\",\"valueRequired\":true,\"valueName\":\"search_term_string\"}}],\"inLanguage\":\"fr-FR\"},{\"@type\":\"Organization\",\"@id\":\"https:\/\/kapitalis.com\/tunisie\/#organization\",\"name\":\"Kapitalis\",\"url\":\"https:\/\/kapitalis.com\/tunisie\/\",\"logo\":{\"@type\":\"ImageObject\",\"inLanguage\":\"fr-FR\",\"@id\":\"https:\/\/kapitalis.com\/tunisie\/#\/schema\/logo\/image\/\",\"url\":\"https:\/\/kapitalis.com\/tunisie\/wp-content\/uploads\/2022\/05\/Kapitalis-big-size.png\",\"contentUrl\":\"https:\/\/kapitalis.com\/tunisie\/wp-content\/uploads\/2022\/05\/Kapitalis-big-size.png\",\"width\":5000,\"height\":1500,\"caption\":\"Kapitalis\"},\"image\":{\"@id\":\"https:\/\/kapitalis.com\/tunisie\/#\/schema\/logo\/image\/\"},\"sameAs\":[\"https:\/\/www.facebook.com\/KapitalisInfo\/\",\"https:\/\/x.com\/KapitalisInfo\",\"https:\/\/www.youtube.com\/channel\/UC-yDYrHyfFBWWZaOw3FPg9Q\"]},{\"@type\":\"Person\",\"@id\":\"https:\/\/kapitalis.com\/tunisie\/#\/schema\/person\/74bbde0154d49d790a92aaeac5bc01d5\",\"name\":\"Yusra NY\",\"url\":\"https:\/\/kapitalis.com\/tunisie\/author\/yuza_adam\/\"}]}<\/script>\n<!-- \/ Yoast SEO plugin. -->","yoast_head_json":{"title":"Le pr\u00e9sident Sa\u00efed r\u00e9affirme son refus de toute forme d'ing\u00e9rence dans les affaires internes de la Tunisie - Kapitalis","robots":{"index":"index","follow":"follow","max-snippet":"max-snippet:-1","max-image-preview":"max-image-preview:large","max-video-preview":"max-video-preview:-1"},"canonical":"https:\/\/kapitalis.com\/tunisie\/2022\/04\/05\/le-president-saied-reaffirme-son-refus-de-toute-forme-dingerence-dans-les-affaires-internes-de-la-tunisie\/","og_locale":"fr_FR","og_type":"article","og_title":"Le pr\u00e9sident Sa\u00efed r\u00e9affirme son refus de toute forme d'ing\u00e9rence dans les affaires internes de la Tunisie - Kapitalis","og_description":"Le pr\u00e9sident de la R\u00e9publique Ka\u00efs Sa\u00efed a re\u00e7u, ce mardi 5 avril 2022, le ministre des Affaires \u00e9trang\u00e8res Othman Jerandi, \u00e0 qui il a soulign\u00e9 la n\u00e9cessit\u00e9 de renforcer les relations \u00abavec les pays fr\u00e8res et amis, dans le respect mutuel et l\u2019int\u00e9r\u00eat commun\u00bb.","og_url":"https:\/\/kapitalis.com\/tunisie\/2022\/04\/05\/le-president-saied-reaffirme-son-refus-de-toute-forme-dingerence-dans-les-affaires-internes-de-la-tunisie\/","og_site_name":"Kapitalis","article_publisher":"https:\/\/www.facebook.com\/KapitalisInfo\/","article_published_time":"2022-04-05T19:20:13+00:00","article_modified_time":"2022-04-05T19:28:12+00:00","og_image":[{"width":1200,"height":630,"url":"https:\/\/kapitalis.com\/tunisie\/wp-content\/uploads\/2022\/05\/kapitalis-logo-fb.png","type":"image\/png"}],"author":"Yusra NY","twitter_card":"summary_large_image","twitter_creator":"@KapitalisInfo","twitter_site":"@KapitalisInfo","twitter_misc":{"\u00c9crit par":"Yusra NY","Dur\u00e9e de lecture estim\u00e9e":"1 minute"},"schema":{"@context":"https:\/\/schema.org","@graph":[{"@type":"Article","@id":"https:\/\/kapitalis.com\/tunisie\/2022\/04\/05\/le-president-saied-reaffirme-son-refus-de-toute-forme-dingerence-dans-les-affaires-internes-de-la-tunisie\/#article","isPartOf":{"@id":"https:\/\/kapitalis.com\/tunisie\/2022\/04\/05\/le-president-saied-reaffirme-son-refus-de-toute-forme-dingerence-dans-les-affaires-internes-de-la-tunisie\/"},"author":{"name":"Yusra NY","@id":"https:\/\/kapitalis.com\/tunisie\/#\/schema\/person\/74bbde0154d49d790a92aaeac5bc01d5"},"headline":"Le pr\u00e9sident Sa\u00efed r\u00e9affirme son refus de toute forme d&rsquo;ing\u00e9rence dans les affaires internes de la Tunisie","datePublished":"2022-04-05T19:20:13+00:00","dateModified":"2022-04-05T19:28:12+00:00","mainEntityOfPage":{"@id":"https:\/\/kapitalis.com\/tunisie\/2022\/04\/05\/le-president-saied-reaffirme-son-refus-de-toute-forme-dingerence-dans-les-affaires-internes-de-la-tunisie\/"},"wordCount":260,"commentCount":2,"publisher":{"@id":"https:\/\/kapitalis.com\/tunisie\/#organization"},"image":{"@id":"https:\/\/kapitalis.com\/tunisie\/2022\/04\/05\/le-president-saied-reaffirme-son-refus-de-toute-forme-dingerence-dans-les-affaires-internes-de-la-tunisie\/#primaryimage"},"thumbnailUrl":"","keywords":["affaires internes","Assembl\u00e9e","Ennahdha","Ka\u00efs Sa\u00efed","pays \u00e9trangers","Tunisie"],"articleSection":["POLITIQUE","Tunisie"],"inLanguage":"fr-FR","potentialAction":[{"@type":"CommentAction","name":"Comment","target":["https:\/\/kapitalis.com\/tunisie\/2022\/04\/05\/le-president-saied-reaffirme-son-refus-de-toute-forme-dingerence-dans-les-affaires-internes-de-la-tunisie\/#respond"]}]},{"@type":"WebPage","@id":"https:\/\/kapitalis.com\/tunisie\/2022\/04\/05\/le-president-saied-reaffirme-son-refus-de-toute-forme-dingerence-dans-les-affaires-internes-de-la-tunisie\/","url":"https:\/\/kapitalis.com\/tunisie\/2022\/04\/05\/le-president-saied-reaffirme-son-refus-de-toute-forme-dingerence-dans-les-affaires-internes-de-la-tunisie\/","name":"Le pr\u00e9sident Sa\u00efed r\u00e9affirme son refus de toute forme d'ing\u00e9rence dans les affaires internes de la Tunisie - Kapitalis","isPartOf":{"@id":"https:\/\/kapitalis.com\/tunisie\/#website"},"primaryImageOfPage":{"@id":"https:\/\/kapitalis.com\/tunisie\/2022\/04\/05\/le-president-saied-reaffirme-son-refus-de-toute-forme-dingerence-dans-les-affaires-internes-de-la-tunisie\/#primaryimage"},"image":{"@id":"https:\/\/kapitalis.com\/tunisie\/2022\/04\/05\/le-president-saied-reaffirme-son-refus-de-toute-forme-dingerence-dans-les-affaires-internes-de-la-tunisie\/#primaryimage"},"thumbnailUrl":"","datePublished":"2022-04-05T19:20:13+00:00","dateModified":"2022-04-05T19:28:12+00:00","breadcrumb":{"@id":"https:\/\/kapitalis.com\/tunisie\/2022\/04\/05\/le-president-saied-reaffirme-son-refus-de-toute-forme-dingerence-dans-les-affaires-internes-de-la-tunisie\/#breadcrumb"},"inLanguage":"fr-FR","potentialAction":[{"@type":"ReadAction","target":["https:\/\/kapitalis.com\/tunisie\/2022\/04\/05\/le-president-saied-reaffirme-son-refus-de-toute-forme-dingerence-dans-les-affaires-internes-de-la-tunisie\/"]}]},{"@type":"ImageObject","inLanguage":"fr-FR","@id":"https:\/\/kapitalis.com\/tunisie\/2022\/04\/05\/le-president-saied-reaffirme-son-refus-de-toute-forme-dingerence-dans-les-affaires-internes-de-la-tunisie\/#primaryimage","url":"","contentUrl":""},{"@type":"BreadcrumbList","@id":"https:\/\/kapitalis.com\/tunisie\/2022\/04\/05\/le-president-saied-reaffirme-son-refus-de-toute-forme-dingerence-dans-les-affaires-internes-de-la-tunisie\/#breadcrumb","itemListElement":[{"@type":"ListItem","position":1,"name":"Accueil","item":"https:\/\/kapitalis.com\/tunisie\/"},{"@type":"ListItem","position":2,"name":"Le pr\u00e9sident Sa\u00efed r\u00e9affirme son refus de toute forme d&rsquo;ing\u00e9rence dans les affaires internes de la Tunisie"}]},{"@type":"WebSite","@id":"https:\/\/kapitalis.com\/tunisie\/#website","url":"https:\/\/kapitalis.com\/tunisie\/","name":"Kapitalis","description":"L&#039;actualit\u00e9 en Tunisie et dans le monde","publisher":{"@id":"https:\/\/kapitalis.com\/tunisie\/#organization"},"potentialAction":[{"@type":"SearchAction","target":{"@type":"EntryPoint","urlTemplate":"https:\/\/kapitalis.com\/tunisie\/?s={search_term_string}"},"query-input":{"@type":"PropertyValueSpecification","valueRequired":true,"valueName":"search_term_string"}}],"inLanguage":"fr-FR"},{"@type":"Organization","@id":"https:\/\/kapitalis.com\/tunisie\/#organization","name":"Kapitalis","url":"https:\/\/kapitalis.com\/tunisie\/","logo":{"@type":"ImageObject","inLanguage":"fr-FR","@id":"https:\/\/kapitalis.com\/tunisie\/#\/schema\/logo\/image\/","url":"https:\/\/kapitalis.com\/tunisie\/wp-content\/uploads\/2022\/05\/Kapitalis-big-size.png","contentUrl":"https:\/\/kapitalis.com\/tunisie\/wp-content\/uploads\/2022\/05\/Kapitalis-big-size.png","width":5000,"height":1500,"caption":"Kapitalis"},"image":{"@id":"https:\/\/kapitalis.com\/tunisie\/#\/schema\/logo\/image\/"},"sameAs":["https:\/\/www.facebook.com\/KapitalisInfo\/","https:\/\/x.com\/KapitalisInfo","https:\/\/www.youtube.com\/channel\/UC-yDYrHyfFBWWZaOw3FPg9Q"]},{"@type":"Person","@id":"https:\/\/kapitalis.com\/tunisie\/#\/schema\/person\/74bbde0154d49d790a92aaeac5bc01d5","name":"Yusra NY","url":"https:\/\/kapitalis.com\/tunisie\/author\/yuza_adam\/"}]}},"_links":{"self":[{"href":"https:\/\/kapitalis.com\/tunisie\/wp-json\/wp\/v2\/posts\/386640","targetHints":{"allow":["GET"]}}],"collection":[{"href":"https:\/\/kapitalis.com\/tunisie\/wp-json\/wp\/v2\/posts"}],"about":[{"href":"https:\/\/kapitalis.com\/tunisie\/wp-json\/wp\/v2\/types\/post"}],"author":[{"embeddable":true,"href":"https:\/\/kapitalis.com\/tunisie\/wp-json\/wp\/v2\/users\/6"}],"replies":[{"embeddable":true,"href":"https:\/\/kapitalis.com\/tunisie\/wp-json\/wp\/v2\/comments?post=386640"}],"version-history":[{"count":0,"href":"https:\/\/kapitalis.com\/tunisie\/wp-json\/wp\/v2\/posts\/386640\/revisions"}],"wp:featuredmedia":[{"embeddable":true,"href":"https:\/\/kapitalis.com\/tunisie\/wp-json\/wp\/v2\/media\/386641"}],"wp:attachment":[{"href":"https:\/\/kapitalis.com\/tunisie\/wp-json\/wp\/v2\/media?parent=386640"}],"wp:term":[{"taxonomy":"category","embeddable":true,"href":"https:\/\/kapitalis.com\/tunisie\/wp-json\/wp\/v2\/categories?post=386640"},{"taxonomy":"post_tag","embeddable":true,"href":"https:\/\/kapitalis.com\/tunisie\/wp-json\/wp\/v2\/tags?post=386640"}],"curies":[{"name":"wp","href":"https:\/\/api.w.org\/{rel}","templated":true}]}}