{"id":386662,"date":"2022-04-05T23:18:48","date_gmt":"2022-04-05T22:18:48","guid":{"rendered":"http:\/\/kapitalis.com\/tunisie\/?p=386662"},"modified":"2022-04-05T23:23:44","modified_gmt":"2022-04-05T22:23:44","slug":"tunisie-hommage-au-poete-disparu-sghaier-ouled-ahmed","status":"publish","type":"post","link":"https:\/\/kapitalis.com\/tunisie\/2022\/04\/05\/tunisie-hommage-au-poete-disparu-sghaier-ouled-ahmed\/","title":{"rendered":"Tunisie : Hommage au po\u00e8te disparu Sghaier Ouled Ahmed"},"content":{"rendered":"\n<div class=\"wp-block-image\"><figure class=\"aligncenter size-full\"><img decoding=\"async\" src=\"http:\/\/kapitalis.com\/tunisie\/wp-content\/uploads\/2016\/04\/Mohamed-Sghaier-ouled-Ahmed.jpg\" alt=\"\" class=\"wp-image-45815\"\/><\/figure><\/div>\n\n\n\n<p><strong><em>Il y a 6 ans, jour pour jour, le po\u00e8te engag\u00e9 Mohamed Sghaier Ouled Ahmed, n\u00e9 le 4 avril 1955 \u00e0 Sidi Bouzid, a disparu, au lendemain de son 61e anniversaire, des suites d&rsquo;un long combat contre la maladie.<\/em><\/strong><\/p>\n\n\n\n<!--more-->\n\n\n\n<p>Militant de gauche engag\u00e9 dans la d\u00e9fense des libert\u00e9s Ouled Ahmed qui <em>\u00abaime le pays, comme personne ne l\u2019a jamais aim\u00e9\u00bb<\/em> a lutt\u00e9 contre la dictature et l&rsquo;oppression et essentiellement contre l\u2019obscurantisme, l&rsquo;extr\u00e9misme religieux et le parti islamiste Ennahdha.<\/p>\n\n\n\n<p>Ouled Ahmed, qui \u00e9crivait avec son c\u0153ur, comme il aimait le dire, motiv\u00e9 par un amour incommensurable pour la Tunisie et pour la justice et les libert\u00e9s, est le po\u00e8te tunisien le plus populaire, apr\u00e8s le po\u00e8te national Aboul Kacem Chebbi.<\/p>\n\n\n\n<div class=\"wp-block-image\"><figure class=\"aligncenter size-full is-resized\"><img decoding=\"async\" src=\"http:\/\/kapitalis.com\/tunisie\/wp-content\/uploads\/2019\/03\/Ouled-Ahmed-Paris-1989-par-Abdelatif-Ben-Salem..jpg\" alt=\"\" class=\"wp-image-204399\" width=\"500\"\/><\/figure><\/div>\n\n\n\n<p>Il laisse une \u0153uvre po\u00e9tique de premier ordre, dont son fameux po\u00e8me que les Tunisiens aimaient particuli\u00e8rement \u00ab<em>J\u2019aime le pays comme personne ne peut l\u2019aimer\u00bb <\/em>et qui d&rsquo;ailleurs a \u00e9t\u00e9 chant\u00e9, en 2015, par la chanteuse syrienne engag\u00e9e Faian Younan.<\/p>\n\n\n\n<p>En 2015, la mauvaise nouvelle est tomb\u00e9e : Ouled Ahmed est atteint d&rsquo;un cancer, contre lequel il s&rsquo;est battu avec dignit\u00e9, et bien que diminu\u00e9 physiquement, le po\u00e8te sensible et insatiable a toujours gard\u00e9 le moral et la maladie ne l&rsquo;a jamais d\u00e9courag\u00e9, poursuivant son chemin \u00e0 d\u00e9fendre, par sa plume, les libert\u00e9s et les droits des artistes, trouvant m\u00eame le temps, entre deux traitements, d\u2019\u00e9crire des ouvrages\u2026 Il avait aussi encore beaucoup de projets&#8230;<\/p>\n\n\n\n<p>\u00ab<em>Je continuerai mon combat et je sais que gr\u00e2ce \u00e0 tous ceux qui m\u2019ont soutenu, je pourrais m\u2019en sortir et continuer \u00e0 \u00e9crire, \u00e0 r\u00eaver et \u00e0 faire r\u00eaver<\/em>\u00bb, avait-il d\u00e9clar\u00e9 avec sa d\u00e9termination habituelle, quelques mois avant son d\u00e9c\u00e8s&#8230;mais le destin en a d\u00e9cid\u00e9 autrement\u2026<\/p>\n\n\n\n<div class=\"wp-block-image\"><figure class=\"aligncenter size-full\"><img decoding=\"async\" src=\"http:\/\/kapitalis.com\/tunisie\/wp-content\/uploads\/2017\/04\/Ouled-Ahmed-Tunisie-.jpg\" alt=\"\" class=\"wp-image-89780\"\/><\/figure><\/div>\n\n\n\n<p>Mohamed Sghaier Ouled Ahmed est d\u00e9c\u00e9d\u00e9 il y a 6 ans, mais ses \u00e9crits, son nom et son souvenir resteront grav\u00e9s, dans la m\u00e9moire collective, \u00e0 jamais.<\/p>\n\n\n\n<p class=\"has-text-align-right\"><strong>Y\u00fbsra Nemlaghi<\/strong><\/p>\n","protected":false},"excerpt":{"rendered":"<p>Il y a 6 ans, jour pour jour, le po\u00e8te engag\u00e9 Mohamed Sghaier Ouled Ahmed, n\u00e9 le 4 avril 1955 \u00e0 Sidi Bouzid, a disparu, au lendemain de son 61e anniversaire, des suites d&rsquo;un long combat contre la maladie.<\/p>\n","protected":false},"author":6,"featured_media":0,"comment_status":"open","ping_status":"open","sticky":false,"template":"","format":"standard","meta":{"footnotes":""},"categories":[994,2433],"tags":[64263,3258,97281,62643],"class_list":["post-386662","post","type-post","status-publish","format-standard","hentry","category-culture","category-tunisie","tag-deces","tag-poete","tag-sghaier-ouled-ahmed-2","tag-tunisie"],"yoast_head":"<!-- This site is optimized with the Yoast SEO plugin v26.6 - https:\/\/yoast.com\/wordpress\/plugins\/seo\/ -->\n<title>Tunisie : Hommage au po\u00e8te disparu Sghaier Ouled Ahmed - Kapitalis<\/title>\n<meta name=\"robots\" content=\"index, follow, max-snippet:-1, max-image-preview:large, max-video-preview:-1\" \/>\n<link rel=\"canonical\" href=\"https:\/\/kapitalis.com\/tunisie\/2022\/04\/05\/tunisie-hommage-au-poete-disparu-sghaier-ouled-ahmed\/\" \/>\n<meta property=\"og:locale\" content=\"fr_FR\" \/>\n<meta property=\"og:type\" content=\"article\" \/>\n<meta property=\"og:title\" content=\"Tunisie : Hommage au po\u00e8te disparu Sghaier Ouled Ahmed - Kapitalis\" \/>\n<meta property=\"og:description\" content=\"Il y a 6 ans, jour pour jour, le po\u00e8te engag\u00e9 Mohamed Sghaier Ouled Ahmed, n\u00e9 le 4 avril 1955 \u00e0 Sidi Bouzid, a disparu, au lendemain de son 61e anniversaire, des suites d&rsquo;un long combat contre la maladie.\" \/>\n<meta property=\"og:url\" content=\"https:\/\/kapitalis.com\/tunisie\/2022\/04\/05\/tunisie-hommage-au-poete-disparu-sghaier-ouled-ahmed\/\" \/>\n<meta property=\"og:site_name\" content=\"Kapitalis\" \/>\n<meta property=\"article:publisher\" content=\"https:\/\/www.facebook.com\/KapitalisInfo\/\" \/>\n<meta property=\"article:published_time\" content=\"2022-04-05T22:18:48+00:00\" \/>\n<meta property=\"article:modified_time\" content=\"2022-04-05T22:23:44+00:00\" \/>\n<meta property=\"og:image\" content=\"http:\/\/kapitalis.com\/tunisie\/wp-content\/uploads\/2016\/04\/Mohamed-Sghaier-ouled-Ahmed.jpg\" \/>\n<meta name=\"author\" content=\"Yusra NY\" \/>\n<meta name=\"twitter:card\" content=\"summary_large_image\" \/>\n<meta name=\"twitter:creator\" content=\"@KapitalisInfo\" \/>\n<meta name=\"twitter:site\" content=\"@KapitalisInfo\" \/>\n<meta name=\"twitter:label1\" content=\"\u00c9crit par\" \/>\n\t<meta name=\"twitter:data1\" content=\"Yusra NY\" \/>\n\t<meta name=\"twitter:label2\" content=\"Dur\u00e9e de lecture estim\u00e9e\" \/>\n\t<meta name=\"twitter:data2\" content=\"2 minutes\" \/>\n<script type=\"application\/ld+json\" class=\"yoast-schema-graph\">{\"@context\":\"https:\/\/schema.org\",\"@graph\":[{\"@type\":\"Article\",\"@id\":\"https:\/\/kapitalis.com\/tunisie\/2022\/04\/05\/tunisie-hommage-au-poete-disparu-sghaier-ouled-ahmed\/#article\",\"isPartOf\":{\"@id\":\"https:\/\/kapitalis.com\/tunisie\/2022\/04\/05\/tunisie-hommage-au-poete-disparu-sghaier-ouled-ahmed\/\"},\"author\":{\"name\":\"Yusra NY\",\"@id\":\"https:\/\/kapitalis.com\/tunisie\/#\/schema\/person\/74bbde0154d49d790a92aaeac5bc01d5\"},\"headline\":\"Tunisie : Hommage au po\u00e8te disparu Sghaier Ouled Ahmed\",\"datePublished\":\"2022-04-05T22:18:48+00:00\",\"dateModified\":\"2022-04-05T22:23:44+00:00\",\"mainEntityOfPage\":{\"@id\":\"https:\/\/kapitalis.com\/tunisie\/2022\/04\/05\/tunisie-hommage-au-poete-disparu-sghaier-ouled-ahmed\/\"},\"wordCount\":344,\"commentCount\":0,\"publisher\":{\"@id\":\"https:\/\/kapitalis.com\/tunisie\/#organization\"},\"image\":{\"@id\":\"https:\/\/kapitalis.com\/tunisie\/2022\/04\/05\/tunisie-hommage-au-poete-disparu-sghaier-ouled-ahmed\/#primaryimage\"},\"thumbnailUrl\":\"http:\/\/kapitalis.com\/tunisie\/wp-content\/uploads\/2016\/04\/Mohamed-Sghaier-ouled-Ahmed.jpg\",\"keywords\":[\"d\u00e9c\u00e8s\",\"po\u00e8te\",\"Sghaier Ouled Ahmed\",\"Tunisie\"],\"articleSection\":[\"CULTURE\",\"Tunisie\"],\"inLanguage\":\"fr-FR\",\"potentialAction\":[{\"@type\":\"CommentAction\",\"name\":\"Comment\",\"target\":[\"https:\/\/kapitalis.com\/tunisie\/2022\/04\/05\/tunisie-hommage-au-poete-disparu-sghaier-ouled-ahmed\/#respond\"]}]},{\"@type\":\"WebPage\",\"@id\":\"https:\/\/kapitalis.com\/tunisie\/2022\/04\/05\/tunisie-hommage-au-poete-disparu-sghaier-ouled-ahmed\/\",\"url\":\"https:\/\/kapitalis.com\/tunisie\/2022\/04\/05\/tunisie-hommage-au-poete-disparu-sghaier-ouled-ahmed\/\",\"name\":\"Tunisie : Hommage au po\u00e8te disparu Sghaier Ouled Ahmed - Kapitalis\",\"isPartOf\":{\"@id\":\"https:\/\/kapitalis.com\/tunisie\/#website\"},\"primaryImageOfPage\":{\"@id\":\"https:\/\/kapitalis.com\/tunisie\/2022\/04\/05\/tunisie-hommage-au-poete-disparu-sghaier-ouled-ahmed\/#primaryimage\"},\"image\":{\"@id\":\"https:\/\/kapitalis.com\/tunisie\/2022\/04\/05\/tunisie-hommage-au-poete-disparu-sghaier-ouled-ahmed\/#primaryimage\"},\"thumbnailUrl\":\"http:\/\/kapitalis.com\/tunisie\/wp-content\/uploads\/2016\/04\/Mohamed-Sghaier-ouled-Ahmed.jpg\",\"datePublished\":\"2022-04-05T22:18:48+00:00\",\"dateModified\":\"2022-04-05T22:23:44+00:00\",\"breadcrumb\":{\"@id\":\"https:\/\/kapitalis.com\/tunisie\/2022\/04\/05\/tunisie-hommage-au-poete-disparu-sghaier-ouled-ahmed\/#breadcrumb\"},\"inLanguage\":\"fr-FR\",\"potentialAction\":[{\"@type\":\"ReadAction\",\"target\":[\"https:\/\/kapitalis.com\/tunisie\/2022\/04\/05\/tunisie-hommage-au-poete-disparu-sghaier-ouled-ahmed\/\"]}]},{\"@type\":\"ImageObject\",\"inLanguage\":\"fr-FR\",\"@id\":\"https:\/\/kapitalis.com\/tunisie\/2022\/04\/05\/tunisie-hommage-au-poete-disparu-sghaier-ouled-ahmed\/#primaryimage\",\"url\":\"http:\/\/kapitalis.com\/tunisie\/wp-content\/uploads\/2016\/04\/Mohamed-Sghaier-ouled-Ahmed.jpg\",\"contentUrl\":\"http:\/\/kapitalis.com\/tunisie\/wp-content\/uploads\/2016\/04\/Mohamed-Sghaier-ouled-Ahmed.jpg\"},{\"@type\":\"BreadcrumbList\",\"@id\":\"https:\/\/kapitalis.com\/tunisie\/2022\/04\/05\/tunisie-hommage-au-poete-disparu-sghaier-ouled-ahmed\/#breadcrumb\",\"itemListElement\":[{\"@type\":\"ListItem\",\"position\":1,\"name\":\"Accueil\",\"item\":\"https:\/\/kapitalis.com\/tunisie\/\"},{\"@type\":\"ListItem\",\"position\":2,\"name\":\"Tunisie : Hommage au po\u00e8te disparu Sghaier Ouled Ahmed\"}]},{\"@type\":\"WebSite\",\"@id\":\"https:\/\/kapitalis.com\/tunisie\/#website\",\"url\":\"https:\/\/kapitalis.com\/tunisie\/\",\"name\":\"Kapitalis\",\"description\":\"L&#039;actualit\u00e9 en Tunisie et dans le monde\",\"publisher\":{\"@id\":\"https:\/\/kapitalis.com\/tunisie\/#organization\"},\"potentialAction\":[{\"@type\":\"SearchAction\",\"target\":{\"@type\":\"EntryPoint\",\"urlTemplate\":\"https:\/\/kapitalis.com\/tunisie\/?s={search_term_string}\"},\"query-input\":{\"@type\":\"PropertyValueSpecification\",\"valueRequired\":true,\"valueName\":\"search_term_string\"}}],\"inLanguage\":\"fr-FR\"},{\"@type\":\"Organization\",\"@id\":\"https:\/\/kapitalis.com\/tunisie\/#organization\",\"name\":\"Kapitalis\",\"url\":\"https:\/\/kapitalis.com\/tunisie\/\",\"logo\":{\"@type\":\"ImageObject\",\"inLanguage\":\"fr-FR\",\"@id\":\"https:\/\/kapitalis.com\/tunisie\/#\/schema\/logo\/image\/\",\"url\":\"https:\/\/kapitalis.com\/tunisie\/wp-content\/uploads\/2022\/05\/Kapitalis-big-size.png\",\"contentUrl\":\"https:\/\/kapitalis.com\/tunisie\/wp-content\/uploads\/2022\/05\/Kapitalis-big-size.png\",\"width\":5000,\"height\":1500,\"caption\":\"Kapitalis\"},\"image\":{\"@id\":\"https:\/\/kapitalis.com\/tunisie\/#\/schema\/logo\/image\/\"},\"sameAs\":[\"https:\/\/www.facebook.com\/KapitalisInfo\/\",\"https:\/\/x.com\/KapitalisInfo\",\"https:\/\/www.youtube.com\/channel\/UC-yDYrHyfFBWWZaOw3FPg9Q\"]},{\"@type\":\"Person\",\"@id\":\"https:\/\/kapitalis.com\/tunisie\/#\/schema\/person\/74bbde0154d49d790a92aaeac5bc01d5\",\"name\":\"Yusra NY\",\"url\":\"https:\/\/kapitalis.com\/tunisie\/author\/yuza_adam\/\"}]}<\/script>\n<!-- \/ Yoast SEO plugin. -->","yoast_head_json":{"title":"Tunisie : Hommage au po\u00e8te disparu Sghaier Ouled Ahmed - Kapitalis","robots":{"index":"index","follow":"follow","max-snippet":"max-snippet:-1","max-image-preview":"max-image-preview:large","max-video-preview":"max-video-preview:-1"},"canonical":"https:\/\/kapitalis.com\/tunisie\/2022\/04\/05\/tunisie-hommage-au-poete-disparu-sghaier-ouled-ahmed\/","og_locale":"fr_FR","og_type":"article","og_title":"Tunisie : Hommage au po\u00e8te disparu Sghaier Ouled Ahmed - Kapitalis","og_description":"Il y a 6 ans, jour pour jour, le po\u00e8te engag\u00e9 Mohamed Sghaier Ouled Ahmed, n\u00e9 le 4 avril 1955 \u00e0 Sidi Bouzid, a disparu, au lendemain de son 61e anniversaire, des suites d&rsquo;un long combat contre la maladie.","og_url":"https:\/\/kapitalis.com\/tunisie\/2022\/04\/05\/tunisie-hommage-au-poete-disparu-sghaier-ouled-ahmed\/","og_site_name":"Kapitalis","article_publisher":"https:\/\/www.facebook.com\/KapitalisInfo\/","article_published_time":"2022-04-05T22:18:48+00:00","article_modified_time":"2022-04-05T22:23:44+00:00","og_image":[{"url":"http:\/\/kapitalis.com\/tunisie\/wp-content\/uploads\/2016\/04\/Mohamed-Sghaier-ouled-Ahmed.jpg","type":"","width":"","height":""}],"author":"Yusra NY","twitter_card":"summary_large_image","twitter_creator":"@KapitalisInfo","twitter_site":"@KapitalisInfo","twitter_misc":{"\u00c9crit par":"Yusra NY","Dur\u00e9e de lecture estim\u00e9e":"2 minutes"},"schema":{"@context":"https:\/\/schema.org","@graph":[{"@type":"Article","@id":"https:\/\/kapitalis.com\/tunisie\/2022\/04\/05\/tunisie-hommage-au-poete-disparu-sghaier-ouled-ahmed\/#article","isPartOf":{"@id":"https:\/\/kapitalis.com\/tunisie\/2022\/04\/05\/tunisie-hommage-au-poete-disparu-sghaier-ouled-ahmed\/"},"author":{"name":"Yusra NY","@id":"https:\/\/kapitalis.com\/tunisie\/#\/schema\/person\/74bbde0154d49d790a92aaeac5bc01d5"},"headline":"Tunisie : Hommage au po\u00e8te disparu Sghaier Ouled Ahmed","datePublished":"2022-04-05T22:18:48+00:00","dateModified":"2022-04-05T22:23:44+00:00","mainEntityOfPage":{"@id":"https:\/\/kapitalis.com\/tunisie\/2022\/04\/05\/tunisie-hommage-au-poete-disparu-sghaier-ouled-ahmed\/"},"wordCount":344,"commentCount":0,"publisher":{"@id":"https:\/\/kapitalis.com\/tunisie\/#organization"},"image":{"@id":"https:\/\/kapitalis.com\/tunisie\/2022\/04\/05\/tunisie-hommage-au-poete-disparu-sghaier-ouled-ahmed\/#primaryimage"},"thumbnailUrl":"http:\/\/kapitalis.com\/tunisie\/wp-content\/uploads\/2016\/04\/Mohamed-Sghaier-ouled-Ahmed.jpg","keywords":["d\u00e9c\u00e8s","po\u00e8te","Sghaier Ouled Ahmed","Tunisie"],"articleSection":["CULTURE","Tunisie"],"inLanguage":"fr-FR","potentialAction":[{"@type":"CommentAction","name":"Comment","target":["https:\/\/kapitalis.com\/tunisie\/2022\/04\/05\/tunisie-hommage-au-poete-disparu-sghaier-ouled-ahmed\/#respond"]}]},{"@type":"WebPage","@id":"https:\/\/kapitalis.com\/tunisie\/2022\/04\/05\/tunisie-hommage-au-poete-disparu-sghaier-ouled-ahmed\/","url":"https:\/\/kapitalis.com\/tunisie\/2022\/04\/05\/tunisie-hommage-au-poete-disparu-sghaier-ouled-ahmed\/","name":"Tunisie : Hommage au po\u00e8te disparu Sghaier Ouled Ahmed - Kapitalis","isPartOf":{"@id":"https:\/\/kapitalis.com\/tunisie\/#website"},"primaryImageOfPage":{"@id":"https:\/\/kapitalis.com\/tunisie\/2022\/04\/05\/tunisie-hommage-au-poete-disparu-sghaier-ouled-ahmed\/#primaryimage"},"image":{"@id":"https:\/\/kapitalis.com\/tunisie\/2022\/04\/05\/tunisie-hommage-au-poete-disparu-sghaier-ouled-ahmed\/#primaryimage"},"thumbnailUrl":"http:\/\/kapitalis.com\/tunisie\/wp-content\/uploads\/2016\/04\/Mohamed-Sghaier-ouled-Ahmed.jpg","datePublished":"2022-04-05T22:18:48+00:00","dateModified":"2022-04-05T22:23:44+00:00","breadcrumb":{"@id":"https:\/\/kapitalis.com\/tunisie\/2022\/04\/05\/tunisie-hommage-au-poete-disparu-sghaier-ouled-ahmed\/#breadcrumb"},"inLanguage":"fr-FR","potentialAction":[{"@type":"ReadAction","target":["https:\/\/kapitalis.com\/tunisie\/2022\/04\/05\/tunisie-hommage-au-poete-disparu-sghaier-ouled-ahmed\/"]}]},{"@type":"ImageObject","inLanguage":"fr-FR","@id":"https:\/\/kapitalis.com\/tunisie\/2022\/04\/05\/tunisie-hommage-au-poete-disparu-sghaier-ouled-ahmed\/#primaryimage","url":"http:\/\/kapitalis.com\/tunisie\/wp-content\/uploads\/2016\/04\/Mohamed-Sghaier-ouled-Ahmed.jpg","contentUrl":"http:\/\/kapitalis.com\/tunisie\/wp-content\/uploads\/2016\/04\/Mohamed-Sghaier-ouled-Ahmed.jpg"},{"@type":"BreadcrumbList","@id":"https:\/\/kapitalis.com\/tunisie\/2022\/04\/05\/tunisie-hommage-au-poete-disparu-sghaier-ouled-ahmed\/#breadcrumb","itemListElement":[{"@type":"ListItem","position":1,"name":"Accueil","item":"https:\/\/kapitalis.com\/tunisie\/"},{"@type":"ListItem","position":2,"name":"Tunisie : Hommage au po\u00e8te disparu Sghaier Ouled Ahmed"}]},{"@type":"WebSite","@id":"https:\/\/kapitalis.com\/tunisie\/#website","url":"https:\/\/kapitalis.com\/tunisie\/","name":"Kapitalis","description":"L&#039;actualit\u00e9 en Tunisie et dans le monde","publisher":{"@id":"https:\/\/kapitalis.com\/tunisie\/#organization"},"potentialAction":[{"@type":"SearchAction","target":{"@type":"EntryPoint","urlTemplate":"https:\/\/kapitalis.com\/tunisie\/?s={search_term_string}"},"query-input":{"@type":"PropertyValueSpecification","valueRequired":true,"valueName":"search_term_string"}}],"inLanguage":"fr-FR"},{"@type":"Organization","@id":"https:\/\/kapitalis.com\/tunisie\/#organization","name":"Kapitalis","url":"https:\/\/kapitalis.com\/tunisie\/","logo":{"@type":"ImageObject","inLanguage":"fr-FR","@id":"https:\/\/kapitalis.com\/tunisie\/#\/schema\/logo\/image\/","url":"https:\/\/kapitalis.com\/tunisie\/wp-content\/uploads\/2022\/05\/Kapitalis-big-size.png","contentUrl":"https:\/\/kapitalis.com\/tunisie\/wp-content\/uploads\/2022\/05\/Kapitalis-big-size.png","width":5000,"height":1500,"caption":"Kapitalis"},"image":{"@id":"https:\/\/kapitalis.com\/tunisie\/#\/schema\/logo\/image\/"},"sameAs":["https:\/\/www.facebook.com\/KapitalisInfo\/","https:\/\/x.com\/KapitalisInfo","https:\/\/www.youtube.com\/channel\/UC-yDYrHyfFBWWZaOw3FPg9Q"]},{"@type":"Person","@id":"https:\/\/kapitalis.com\/tunisie\/#\/schema\/person\/74bbde0154d49d790a92aaeac5bc01d5","name":"Yusra NY","url":"https:\/\/kapitalis.com\/tunisie\/author\/yuza_adam\/"}]}},"_links":{"self":[{"href":"https:\/\/kapitalis.com\/tunisie\/wp-json\/wp\/v2\/posts\/386662","targetHints":{"allow":["GET"]}}],"collection":[{"href":"https:\/\/kapitalis.com\/tunisie\/wp-json\/wp\/v2\/posts"}],"about":[{"href":"https:\/\/kapitalis.com\/tunisie\/wp-json\/wp\/v2\/types\/post"}],"author":[{"embeddable":true,"href":"https:\/\/kapitalis.com\/tunisie\/wp-json\/wp\/v2\/users\/6"}],"replies":[{"embeddable":true,"href":"https:\/\/kapitalis.com\/tunisie\/wp-json\/wp\/v2\/comments?post=386662"}],"version-history":[{"count":0,"href":"https:\/\/kapitalis.com\/tunisie\/wp-json\/wp\/v2\/posts\/386662\/revisions"}],"wp:attachment":[{"href":"https:\/\/kapitalis.com\/tunisie\/wp-json\/wp\/v2\/media?parent=386662"}],"wp:term":[{"taxonomy":"category","embeddable":true,"href":"https:\/\/kapitalis.com\/tunisie\/wp-json\/wp\/v2\/categories?post=386662"},{"taxonomy":"post_tag","embeddable":true,"href":"https:\/\/kapitalis.com\/tunisie\/wp-json\/wp\/v2\/tags?post=386662"}],"curies":[{"name":"wp","href":"https:\/\/api.w.org\/{rel}","templated":true}]}}