{"id":386713,"date":"2022-04-06T11:15:09","date_gmt":"2022-04-06T10:15:09","guid":{"rendered":"http:\/\/kapitalis.com\/tunisie\/?p=386713"},"modified":"2022-04-06T11:18:50","modified_gmt":"2022-04-06T10:18:50","slug":"kais-saied-nous-avons-deja-entame-le-dialogue","status":"publish","type":"post","link":"https:\/\/kapitalis.com\/tunisie\/2022\/04\/06\/kais-saied-nous-avons-deja-entame-le-dialogue\/","title":{"rendered":"Ka\u00efs Sa\u00efed : \u00abNous avons d\u00e9j\u00e0 entam\u00e9 le dialogue\u00bb"},"content":{"rendered":"\n<div class=\"wp-block-image\"><figure class=\"aligncenter size-full\"><img decoding=\"async\" src=\"http:\/\/kapitalis.com\/tunisie\/wp-content\/uploads\/2022\/04\/saied-a-monastir.jpg\" alt=\"\" class=\"wp-image-386718\"\/><\/figure><\/div>\n\n\n\n<p><strong><em>En marge de sa visite \u00e0 Monastir pour comm\u00e9morer le 22e anniversaire du d\u00e9c\u00e8s de Habib Bourguiba, ce mercredi 6 avril 2022, le pr\u00e9sident de la r\u00e9publique, Ka\u00efs Sa\u00efed, a affirm\u00e9 qu&rsquo;il a d\u00e9j\u00e0 entam\u00e9 le dialogue avec les organisations nationales sur la base de la consultation nationale.<\/em><\/strong><\/p>\n\n\n\n<!--more-->\n\n\n\n<p>Pourtant, rien qu&rsquo;avant-hier, le porte-parole de la plus grande organisation nationale (l&rsquo;UGTT), Sami Tahri, avait <a href=\"http:\/\/kapitalis.com\/tunisie\/2022\/04\/05\/sami-tahri-un-dialogue-auquel-les-partis-ne-participent-pas-na-aucun-sens\/\"><strong>assur\u00e9 le contraire<\/strong><\/a>.<\/p>\n\n\n\n<p>Sa\u00efed a, par ailleurs, estim\u00e9 que la consultation nationale \u00e9lectronique avait connu un succ\u00e8s (bien que tout le monde sait que c&rsquo;est loin d&rsquo;\u00eatre vrai), expliquant que le nombre de personnes y ayant particip\u00e9 (500.000) d\u00e9passe celui qu&rsquo;ont r\u00e9colt\u00e9 \u00ab<em>certaines parties<\/em>\u00bb lors des \u00e9lections.<\/p>\n\n\n\n<p>Encore une fois donc, le chef de l&rsquo;Etat abandonne son r\u00f4le de rassembler les Tunisiens et se met \u00e0 se comparer avec certains d&rsquo;entre eux et \u00e0 les provoquer avec arrogance et pu\u00e9rilit\u00e9.<\/p>\n\n\n\n<p>Le pr\u00e9sident Sa\u00efed a, sur un autre plan, r\u00e9affirm\u00e9 que la Tunisie tient \u00e0 sa souverainet\u00e9, critiquant ceux qui \u00ab<em>parlent de la souverainet\u00e9 de l&rsquo;\u00c9tat et se collent aux portes des ambassades \u00e9trang\u00e8res<\/em>\u00bb.<\/p>\n\n\n\n<p class=\"has-text-align-right\"><strong>C. B. Y.<\/strong><\/p>\n","protected":false},"excerpt":{"rendered":"<p>En marge de sa visite \u00e0 Monastir pour comm\u00e9morer le 22e anniversaire du d\u00e9c\u00e8s de Habib Bourguiba, ce mercredi 6 avril 2022, le pr\u00e9sident de la r\u00e9publique, Ka\u00efs Sa\u00efed, a affirm\u00e9 qu&rsquo;il a d\u00e9j\u00e0 entam\u00e9 le dialogue avec les organisations nationales sur la base de la consultation nationale.<\/p>\n","protected":false},"author":24,"featured_media":386718,"comment_status":"open","ping_status":"open","sticky":false,"template":"","format":"standard","meta":{"footnotes":""},"categories":[997,2433],"tags":[232,76012,98692,11862,62643],"class_list":["post-386713","post","type-post","status-publish","format-standard","has-post-thumbnail","hentry","category-politique","category-tunisie","tag-consultation-nationale","tag-kais-saied-2","tag-lugtt","tag-sami-tahri","tag-tunisie"],"yoast_head":"<!-- This site is optimized with the Yoast SEO plugin v26.6 - https:\/\/yoast.com\/wordpress\/plugins\/seo\/ -->\n<title>Ka\u00efs Sa\u00efed : \u00abNous avons d\u00e9j\u00e0 entam\u00e9 le dialogue\u00bb - Kapitalis<\/title>\n<meta name=\"robots\" content=\"index, follow, max-snippet:-1, max-image-preview:large, max-video-preview:-1\" \/>\n<link rel=\"canonical\" href=\"https:\/\/kapitalis.com\/tunisie\/2022\/04\/06\/kais-saied-nous-avons-deja-entame-le-dialogue\/\" \/>\n<meta property=\"og:locale\" content=\"fr_FR\" \/>\n<meta property=\"og:type\" content=\"article\" \/>\n<meta property=\"og:title\" content=\"Ka\u00efs Sa\u00efed : \u00abNous avons d\u00e9j\u00e0 entam\u00e9 le dialogue\u00bb - Kapitalis\" \/>\n<meta property=\"og:description\" content=\"En marge de sa visite \u00e0 Monastir pour comm\u00e9morer le 22e anniversaire du d\u00e9c\u00e8s de Habib Bourguiba, ce mercredi 6 avril 2022, le pr\u00e9sident de la r\u00e9publique, Ka\u00efs Sa\u00efed, a affirm\u00e9 qu&rsquo;il a d\u00e9j\u00e0 entam\u00e9 le dialogue avec les organisations nationales sur la base de la consultation nationale.\" \/>\n<meta property=\"og:url\" content=\"https:\/\/kapitalis.com\/tunisie\/2022\/04\/06\/kais-saied-nous-avons-deja-entame-le-dialogue\/\" \/>\n<meta property=\"og:site_name\" content=\"Kapitalis\" \/>\n<meta property=\"article:publisher\" content=\"https:\/\/www.facebook.com\/KapitalisInfo\/\" \/>\n<meta property=\"article:published_time\" content=\"2022-04-06T10:15:09+00:00\" \/>\n<meta property=\"article:modified_time\" content=\"2022-04-06T10:18:50+00:00\" \/>\n<meta property=\"og:image\" content=\"https:\/\/kapitalis.com\/tunisie\/wp-content\/uploads\/2022\/05\/kapitalis-logo-fb.png\" \/>\n\t<meta property=\"og:image:width\" content=\"1200\" \/>\n\t<meta property=\"og:image:height\" content=\"630\" \/>\n\t<meta property=\"og:image:type\" content=\"image\/png\" \/>\n<meta name=\"author\" content=\"Cherif Benyounes\" \/>\n<meta name=\"twitter:card\" content=\"summary_large_image\" \/>\n<meta name=\"twitter:creator\" content=\"@KapitalisInfo\" \/>\n<meta name=\"twitter:site\" content=\"@KapitalisInfo\" \/>\n<meta name=\"twitter:label1\" content=\"\u00c9crit par\" \/>\n\t<meta name=\"twitter:data1\" content=\"Cherif Benyounes\" \/>\n\t<meta name=\"twitter:label2\" content=\"Dur\u00e9e de lecture estim\u00e9e\" \/>\n\t<meta name=\"twitter:data2\" content=\"1 minute\" \/>\n<script type=\"application\/ld+json\" class=\"yoast-schema-graph\">{\"@context\":\"https:\/\/schema.org\",\"@graph\":[{\"@type\":\"Article\",\"@id\":\"https:\/\/kapitalis.com\/tunisie\/2022\/04\/06\/kais-saied-nous-avons-deja-entame-le-dialogue\/#article\",\"isPartOf\":{\"@id\":\"https:\/\/kapitalis.com\/tunisie\/2022\/04\/06\/kais-saied-nous-avons-deja-entame-le-dialogue\/\"},\"author\":{\"name\":\"Cherif Benyounes\",\"@id\":\"https:\/\/kapitalis.com\/tunisie\/#\/schema\/person\/b35b8d631961131107263178aeb8019e\"},\"headline\":\"Ka\u00efs Sa\u00efed : \u00abNous avons d\u00e9j\u00e0 entam\u00e9 le dialogue\u00bb\",\"datePublished\":\"2022-04-06T10:15:09+00:00\",\"dateModified\":\"2022-04-06T10:18:50+00:00\",\"mainEntityOfPage\":{\"@id\":\"https:\/\/kapitalis.com\/tunisie\/2022\/04\/06\/kais-saied-nous-avons-deja-entame-le-dialogue\/\"},\"wordCount\":203,\"commentCount\":0,\"publisher\":{\"@id\":\"https:\/\/kapitalis.com\/tunisie\/#organization\"},\"image\":{\"@id\":\"https:\/\/kapitalis.com\/tunisie\/2022\/04\/06\/kais-saied-nous-avons-deja-entame-le-dialogue\/#primaryimage\"},\"thumbnailUrl\":\"\",\"keywords\":[\"consultation nationale\",\"Ka\u00efs Sa\u00efed\",\"l&#039;UGTT\",\"Sami Tahri\",\"Tunisie\"],\"articleSection\":[\"POLITIQUE\",\"Tunisie\"],\"inLanguage\":\"fr-FR\",\"potentialAction\":[{\"@type\":\"CommentAction\",\"name\":\"Comment\",\"target\":[\"https:\/\/kapitalis.com\/tunisie\/2022\/04\/06\/kais-saied-nous-avons-deja-entame-le-dialogue\/#respond\"]}]},{\"@type\":\"WebPage\",\"@id\":\"https:\/\/kapitalis.com\/tunisie\/2022\/04\/06\/kais-saied-nous-avons-deja-entame-le-dialogue\/\",\"url\":\"https:\/\/kapitalis.com\/tunisie\/2022\/04\/06\/kais-saied-nous-avons-deja-entame-le-dialogue\/\",\"name\":\"Ka\u00efs Sa\u00efed : \u00abNous avons d\u00e9j\u00e0 entam\u00e9 le dialogue\u00bb - Kapitalis\",\"isPartOf\":{\"@id\":\"https:\/\/kapitalis.com\/tunisie\/#website\"},\"primaryImageOfPage\":{\"@id\":\"https:\/\/kapitalis.com\/tunisie\/2022\/04\/06\/kais-saied-nous-avons-deja-entame-le-dialogue\/#primaryimage\"},\"image\":{\"@id\":\"https:\/\/kapitalis.com\/tunisie\/2022\/04\/06\/kais-saied-nous-avons-deja-entame-le-dialogue\/#primaryimage\"},\"thumbnailUrl\":\"\",\"datePublished\":\"2022-04-06T10:15:09+00:00\",\"dateModified\":\"2022-04-06T10:18:50+00:00\",\"breadcrumb\":{\"@id\":\"https:\/\/kapitalis.com\/tunisie\/2022\/04\/06\/kais-saied-nous-avons-deja-entame-le-dialogue\/#breadcrumb\"},\"inLanguage\":\"fr-FR\",\"potentialAction\":[{\"@type\":\"ReadAction\",\"target\":[\"https:\/\/kapitalis.com\/tunisie\/2022\/04\/06\/kais-saied-nous-avons-deja-entame-le-dialogue\/\"]}]},{\"@type\":\"ImageObject\",\"inLanguage\":\"fr-FR\",\"@id\":\"https:\/\/kapitalis.com\/tunisie\/2022\/04\/06\/kais-saied-nous-avons-deja-entame-le-dialogue\/#primaryimage\",\"url\":\"\",\"contentUrl\":\"\"},{\"@type\":\"BreadcrumbList\",\"@id\":\"https:\/\/kapitalis.com\/tunisie\/2022\/04\/06\/kais-saied-nous-avons-deja-entame-le-dialogue\/#breadcrumb\",\"itemListElement\":[{\"@type\":\"ListItem\",\"position\":1,\"name\":\"Accueil\",\"item\":\"https:\/\/kapitalis.com\/tunisie\/\"},{\"@type\":\"ListItem\",\"position\":2,\"name\":\"Ka\u00efs Sa\u00efed : \u00abNous avons d\u00e9j\u00e0 entam\u00e9 le dialogue\u00bb\"}]},{\"@type\":\"WebSite\",\"@id\":\"https:\/\/kapitalis.com\/tunisie\/#website\",\"url\":\"https:\/\/kapitalis.com\/tunisie\/\",\"name\":\"Kapitalis\",\"description\":\"L&#039;actualit\u00e9 en Tunisie et dans le monde\",\"publisher\":{\"@id\":\"https:\/\/kapitalis.com\/tunisie\/#organization\"},\"potentialAction\":[{\"@type\":\"SearchAction\",\"target\":{\"@type\":\"EntryPoint\",\"urlTemplate\":\"https:\/\/kapitalis.com\/tunisie\/?s={search_term_string}\"},\"query-input\":{\"@type\":\"PropertyValueSpecification\",\"valueRequired\":true,\"valueName\":\"search_term_string\"}}],\"inLanguage\":\"fr-FR\"},{\"@type\":\"Organization\",\"@id\":\"https:\/\/kapitalis.com\/tunisie\/#organization\",\"name\":\"Kapitalis\",\"url\":\"https:\/\/kapitalis.com\/tunisie\/\",\"logo\":{\"@type\":\"ImageObject\",\"inLanguage\":\"fr-FR\",\"@id\":\"https:\/\/kapitalis.com\/tunisie\/#\/schema\/logo\/image\/\",\"url\":\"https:\/\/kapitalis.com\/tunisie\/wp-content\/uploads\/2022\/05\/Kapitalis-big-size.png\",\"contentUrl\":\"https:\/\/kapitalis.com\/tunisie\/wp-content\/uploads\/2022\/05\/Kapitalis-big-size.png\",\"width\":5000,\"height\":1500,\"caption\":\"Kapitalis\"},\"image\":{\"@id\":\"https:\/\/kapitalis.com\/tunisie\/#\/schema\/logo\/image\/\"},\"sameAs\":[\"https:\/\/www.facebook.com\/KapitalisInfo\/\",\"https:\/\/x.com\/KapitalisInfo\",\"https:\/\/www.youtube.com\/channel\/UC-yDYrHyfFBWWZaOw3FPg9Q\"]},{\"@type\":\"Person\",\"@id\":\"https:\/\/kapitalis.com\/tunisie\/#\/schema\/person\/b35b8d631961131107263178aeb8019e\",\"name\":\"Cherif Benyounes\",\"url\":\"https:\/\/kapitalis.com\/tunisie\/author\/cherif\/\"}]}<\/script>\n<!-- \/ Yoast SEO plugin. -->","yoast_head_json":{"title":"Ka\u00efs Sa\u00efed : \u00abNous avons d\u00e9j\u00e0 entam\u00e9 le dialogue\u00bb - Kapitalis","robots":{"index":"index","follow":"follow","max-snippet":"max-snippet:-1","max-image-preview":"max-image-preview:large","max-video-preview":"max-video-preview:-1"},"canonical":"https:\/\/kapitalis.com\/tunisie\/2022\/04\/06\/kais-saied-nous-avons-deja-entame-le-dialogue\/","og_locale":"fr_FR","og_type":"article","og_title":"Ka\u00efs Sa\u00efed : \u00abNous avons d\u00e9j\u00e0 entam\u00e9 le dialogue\u00bb - Kapitalis","og_description":"En marge de sa visite \u00e0 Monastir pour comm\u00e9morer le 22e anniversaire du d\u00e9c\u00e8s de Habib Bourguiba, ce mercredi 6 avril 2022, le pr\u00e9sident de la r\u00e9publique, Ka\u00efs Sa\u00efed, a affirm\u00e9 qu&rsquo;il a d\u00e9j\u00e0 entam\u00e9 le dialogue avec les organisations nationales sur la base de la consultation nationale.","og_url":"https:\/\/kapitalis.com\/tunisie\/2022\/04\/06\/kais-saied-nous-avons-deja-entame-le-dialogue\/","og_site_name":"Kapitalis","article_publisher":"https:\/\/www.facebook.com\/KapitalisInfo\/","article_published_time":"2022-04-06T10:15:09+00:00","article_modified_time":"2022-04-06T10:18:50+00:00","og_image":[{"width":1200,"height":630,"url":"https:\/\/kapitalis.com\/tunisie\/wp-content\/uploads\/2022\/05\/kapitalis-logo-fb.png","type":"image\/png"}],"author":"Cherif Benyounes","twitter_card":"summary_large_image","twitter_creator":"@KapitalisInfo","twitter_site":"@KapitalisInfo","twitter_misc":{"\u00c9crit par":"Cherif Benyounes","Dur\u00e9e de lecture estim\u00e9e":"1 minute"},"schema":{"@context":"https:\/\/schema.org","@graph":[{"@type":"Article","@id":"https:\/\/kapitalis.com\/tunisie\/2022\/04\/06\/kais-saied-nous-avons-deja-entame-le-dialogue\/#article","isPartOf":{"@id":"https:\/\/kapitalis.com\/tunisie\/2022\/04\/06\/kais-saied-nous-avons-deja-entame-le-dialogue\/"},"author":{"name":"Cherif Benyounes","@id":"https:\/\/kapitalis.com\/tunisie\/#\/schema\/person\/b35b8d631961131107263178aeb8019e"},"headline":"Ka\u00efs Sa\u00efed : \u00abNous avons d\u00e9j\u00e0 entam\u00e9 le dialogue\u00bb","datePublished":"2022-04-06T10:15:09+00:00","dateModified":"2022-04-06T10:18:50+00:00","mainEntityOfPage":{"@id":"https:\/\/kapitalis.com\/tunisie\/2022\/04\/06\/kais-saied-nous-avons-deja-entame-le-dialogue\/"},"wordCount":203,"commentCount":0,"publisher":{"@id":"https:\/\/kapitalis.com\/tunisie\/#organization"},"image":{"@id":"https:\/\/kapitalis.com\/tunisie\/2022\/04\/06\/kais-saied-nous-avons-deja-entame-le-dialogue\/#primaryimage"},"thumbnailUrl":"","keywords":["consultation nationale","Ka\u00efs Sa\u00efed","l&#039;UGTT","Sami Tahri","Tunisie"],"articleSection":["POLITIQUE","Tunisie"],"inLanguage":"fr-FR","potentialAction":[{"@type":"CommentAction","name":"Comment","target":["https:\/\/kapitalis.com\/tunisie\/2022\/04\/06\/kais-saied-nous-avons-deja-entame-le-dialogue\/#respond"]}]},{"@type":"WebPage","@id":"https:\/\/kapitalis.com\/tunisie\/2022\/04\/06\/kais-saied-nous-avons-deja-entame-le-dialogue\/","url":"https:\/\/kapitalis.com\/tunisie\/2022\/04\/06\/kais-saied-nous-avons-deja-entame-le-dialogue\/","name":"Ka\u00efs Sa\u00efed : \u00abNous avons d\u00e9j\u00e0 entam\u00e9 le dialogue\u00bb - Kapitalis","isPartOf":{"@id":"https:\/\/kapitalis.com\/tunisie\/#website"},"primaryImageOfPage":{"@id":"https:\/\/kapitalis.com\/tunisie\/2022\/04\/06\/kais-saied-nous-avons-deja-entame-le-dialogue\/#primaryimage"},"image":{"@id":"https:\/\/kapitalis.com\/tunisie\/2022\/04\/06\/kais-saied-nous-avons-deja-entame-le-dialogue\/#primaryimage"},"thumbnailUrl":"","datePublished":"2022-04-06T10:15:09+00:00","dateModified":"2022-04-06T10:18:50+00:00","breadcrumb":{"@id":"https:\/\/kapitalis.com\/tunisie\/2022\/04\/06\/kais-saied-nous-avons-deja-entame-le-dialogue\/#breadcrumb"},"inLanguage":"fr-FR","potentialAction":[{"@type":"ReadAction","target":["https:\/\/kapitalis.com\/tunisie\/2022\/04\/06\/kais-saied-nous-avons-deja-entame-le-dialogue\/"]}]},{"@type":"ImageObject","inLanguage":"fr-FR","@id":"https:\/\/kapitalis.com\/tunisie\/2022\/04\/06\/kais-saied-nous-avons-deja-entame-le-dialogue\/#primaryimage","url":"","contentUrl":""},{"@type":"BreadcrumbList","@id":"https:\/\/kapitalis.com\/tunisie\/2022\/04\/06\/kais-saied-nous-avons-deja-entame-le-dialogue\/#breadcrumb","itemListElement":[{"@type":"ListItem","position":1,"name":"Accueil","item":"https:\/\/kapitalis.com\/tunisie\/"},{"@type":"ListItem","position":2,"name":"Ka\u00efs Sa\u00efed : \u00abNous avons d\u00e9j\u00e0 entam\u00e9 le dialogue\u00bb"}]},{"@type":"WebSite","@id":"https:\/\/kapitalis.com\/tunisie\/#website","url":"https:\/\/kapitalis.com\/tunisie\/","name":"Kapitalis","description":"L&#039;actualit\u00e9 en Tunisie et dans le monde","publisher":{"@id":"https:\/\/kapitalis.com\/tunisie\/#organization"},"potentialAction":[{"@type":"SearchAction","target":{"@type":"EntryPoint","urlTemplate":"https:\/\/kapitalis.com\/tunisie\/?s={search_term_string}"},"query-input":{"@type":"PropertyValueSpecification","valueRequired":true,"valueName":"search_term_string"}}],"inLanguage":"fr-FR"},{"@type":"Organization","@id":"https:\/\/kapitalis.com\/tunisie\/#organization","name":"Kapitalis","url":"https:\/\/kapitalis.com\/tunisie\/","logo":{"@type":"ImageObject","inLanguage":"fr-FR","@id":"https:\/\/kapitalis.com\/tunisie\/#\/schema\/logo\/image\/","url":"https:\/\/kapitalis.com\/tunisie\/wp-content\/uploads\/2022\/05\/Kapitalis-big-size.png","contentUrl":"https:\/\/kapitalis.com\/tunisie\/wp-content\/uploads\/2022\/05\/Kapitalis-big-size.png","width":5000,"height":1500,"caption":"Kapitalis"},"image":{"@id":"https:\/\/kapitalis.com\/tunisie\/#\/schema\/logo\/image\/"},"sameAs":["https:\/\/www.facebook.com\/KapitalisInfo\/","https:\/\/x.com\/KapitalisInfo","https:\/\/www.youtube.com\/channel\/UC-yDYrHyfFBWWZaOw3FPg9Q"]},{"@type":"Person","@id":"https:\/\/kapitalis.com\/tunisie\/#\/schema\/person\/b35b8d631961131107263178aeb8019e","name":"Cherif Benyounes","url":"https:\/\/kapitalis.com\/tunisie\/author\/cherif\/"}]}},"_links":{"self":[{"href":"https:\/\/kapitalis.com\/tunisie\/wp-json\/wp\/v2\/posts\/386713","targetHints":{"allow":["GET"]}}],"collection":[{"href":"https:\/\/kapitalis.com\/tunisie\/wp-json\/wp\/v2\/posts"}],"about":[{"href":"https:\/\/kapitalis.com\/tunisie\/wp-json\/wp\/v2\/types\/post"}],"author":[{"embeddable":true,"href":"https:\/\/kapitalis.com\/tunisie\/wp-json\/wp\/v2\/users\/24"}],"replies":[{"embeddable":true,"href":"https:\/\/kapitalis.com\/tunisie\/wp-json\/wp\/v2\/comments?post=386713"}],"version-history":[{"count":0,"href":"https:\/\/kapitalis.com\/tunisie\/wp-json\/wp\/v2\/posts\/386713\/revisions"}],"wp:featuredmedia":[{"embeddable":true,"href":"https:\/\/kapitalis.com\/tunisie\/wp-json\/wp\/v2\/media\/386718"}],"wp:attachment":[{"href":"https:\/\/kapitalis.com\/tunisie\/wp-json\/wp\/v2\/media?parent=386713"}],"wp:term":[{"taxonomy":"category","embeddable":true,"href":"https:\/\/kapitalis.com\/tunisie\/wp-json\/wp\/v2\/categories?post=386713"},{"taxonomy":"post_tag","embeddable":true,"href":"https:\/\/kapitalis.com\/tunisie\/wp-json\/wp\/v2\/tags?post=386713"}],"curies":[{"name":"wp","href":"https:\/\/api.w.org\/{rel}","templated":true}]}}