{"id":387361,"date":"2022-04-12T09:42:57","date_gmt":"2022-04-12T08:42:57","guid":{"rendered":"http:\/\/kapitalis.com\/tunisie\/?p=387361"},"modified":"2022-04-12T09:46:34","modified_gmt":"2022-04-12T08:46:34","slug":"hatem-el-euchi-ceux-qui-considerent-le-25-juillet-comme-un-coup-detat-ne-sont-pas-concernes-par-le-dialogue","status":"publish","type":"post","link":"https:\/\/kapitalis.com\/tunisie\/2022\/04\/12\/hatem-el-euchi-ceux-qui-considerent-le-25-juillet-comme-un-coup-detat-ne-sont-pas-concernes-par-le-dialogue\/","title":{"rendered":"Hatem El Euchi : \u00abCeux qui consid\u00e8rent le 25 juillet comme un coup d&rsquo;\u00c9tat ne sont pas concern\u00e9s par le dialogue\u00bb"},"content":{"rendered":"\n<div class=\"wp-block-image\"><figure class=\"aligncenter size-full\"><img decoding=\"async\" src=\"http:\/\/kapitalis.com\/tunisie\/wp-content\/uploads\/2016\/02\/HatemElEuchi-10.jpg\" alt=\"\" class=\"wp-image-39414\"\/><\/figure><\/div>\n\n\n\n<p><strong><em>L&rsquo;ancien ministre des Domaines de l&rsquo;Etat et des Affaires fonci\u00e8res, Hatem El Euchi, a affirm\u00e9, ce mardi 12 avril 2022, que ceux qui per\u00e7oivent les mesures pr\u00e9sidentielles exceptionnelles du 25 juillet comme \u00e9tant un coup d&rsquo;\u00c9tat ne seront pas concern\u00e9s par le dialogue. Elle est belle la d\u00e9mocratie de l&rsquo;apr\u00e8s \u00abcette date sacr\u00e9e\u00bb en Tunisie !<\/em><\/strong><\/p>\n\n\n\n<!--more-->\n\n\n\n<p>Intervenu sur Shems FM, El Euchi a, par ailleurs, indiqu\u00e9 qu&rsquo;il \u00e9tait probable que la composition de la commission juridique charg\u00e9e de g\u00e9rer le dialogue et de formuler des alternatives politiques soit annonc\u00e9e dans les prochains jours, avant d&rsquo;entamer r\u00e9ellement le dialogue.<\/p>\n\n\n\n<p>Il a, dans le m\u00eame cadre, soulign\u00e9 la n\u00e9cessit\u00e9, selon lui, d&rsquo;acc\u00e9l\u00e9rer la formation de cette commission, assurant son soutien au syst\u00e8me de vote uninominal, qui a \u00e9t\u00e9, pour rappel, annonc\u00e9 la semaine derni\u00e8re par le chef de l&rsquo;Etat Ka\u00efs Sa\u00efed, et ce, avant m\u00eame que le dialogue ne commence, et en se basant sur les r\u00e9sultats de la consultation \u00e9lectronique, dont la l\u00e9gitimit\u00e9 est plus que contestable.<\/p>\n\n\n\n<p>L&rsquo;ancien ministre a, sur un autre plan, exprim\u00e9 son rejet des appels \u00e0 la poursuite de l&rsquo;organisation des pl\u00e9ni\u00e8res parlementaires, \u00e9tant donn\u00e9e que l&rsquo;Assembl\u00e9e des repr\u00e9sentants du peuple (ARP) a \u00e9t\u00e9 dissoute et que, par cons\u00e9quent, toute session repr\u00e9sente une r\u00e9bellion et une d\u00e9sob\u00e9issance \u00e0 travers le recours aux \u00e9trangers.<\/p>\n\n\n\n<p>\u00ab<em>Il semble qu&rsquo;ils banalisent<\/em> <em>l&rsquo;enqu\u00eate ouverte<\/em> <em>concernant la pl\u00e9ni\u00e8re<\/em> [virtuelle] <em>du 30 mars<\/em>\u00bb, a-t-il ajout\u00e9.<\/p>\n\n\n\n<p class=\"has-text-align-right\"><strong>C. B. Y.<\/strong><\/p>\n","protected":false},"excerpt":{"rendered":"<p>L&rsquo;ancien ministre des Domaines de l&rsquo;Etat et des Affaires fonci\u00e8res, Hatem El Euchi, a affirm\u00e9, ce mardi 12 avril 2022, que ceux qui per\u00e7oivent les mesures pr\u00e9sidentielles exceptionnelles du 25 juillet comme \u00e9tant un coup d&rsquo;\u00c9tat ne seront pas concern\u00e9s par le dialogue. Elle est belle la d\u00e9mocratie de l&rsquo;apr\u00e8s \u00abcette date sacr\u00e9e\u00bb en Tunisie&#8230;<\/p>\n","protected":false},"author":24,"featured_media":0,"comment_status":"open","ping_status":"open","sticky":false,"template":"","format":"standard","meta":{"footnotes":""},"categories":[997,2433],"tags":[76920,98847,76012],"class_list":["post-387361","post","type-post","status-publish","format-standard","hentry","category-politique","category-tunisie","tag-25-juillet","tag-hatem-el-euchi-2","tag-kais-saied-2"],"yoast_head":"<!-- This site is optimized with the Yoast SEO plugin v26.6 - https:\/\/yoast.com\/wordpress\/plugins\/seo\/ -->\n<title>Hatem El Euchi : \u00abCeux qui consid\u00e8rent le 25 juillet comme un coup d&#039;\u00c9tat ne sont pas concern\u00e9s par le dialogue\u00bb - Kapitalis<\/title>\n<meta name=\"robots\" content=\"index, follow, max-snippet:-1, max-image-preview:large, max-video-preview:-1\" \/>\n<link rel=\"canonical\" href=\"https:\/\/kapitalis.com\/tunisie\/2022\/04\/12\/hatem-el-euchi-ceux-qui-considerent-le-25-juillet-comme-un-coup-detat-ne-sont-pas-concernes-par-le-dialogue\/\" \/>\n<meta property=\"og:locale\" content=\"fr_FR\" \/>\n<meta property=\"og:type\" content=\"article\" \/>\n<meta property=\"og:title\" content=\"Hatem El Euchi : \u00abCeux qui consid\u00e8rent le 25 juillet comme un coup d&#039;\u00c9tat ne sont pas concern\u00e9s par le dialogue\u00bb - Kapitalis\" \/>\n<meta property=\"og:description\" content=\"L&rsquo;ancien ministre des Domaines de l&rsquo;Etat et des Affaires fonci\u00e8res, Hatem El Euchi, a affirm\u00e9, ce mardi 12 avril 2022, que ceux qui per\u00e7oivent les mesures pr\u00e9sidentielles exceptionnelles du 25 juillet comme \u00e9tant un coup d&rsquo;\u00c9tat ne seront pas concern\u00e9s par le dialogue. Elle est belle la d\u00e9mocratie de l&rsquo;apr\u00e8s \u00abcette date sacr\u00e9e\u00bb en Tunisie...\" \/>\n<meta property=\"og:url\" content=\"https:\/\/kapitalis.com\/tunisie\/2022\/04\/12\/hatem-el-euchi-ceux-qui-considerent-le-25-juillet-comme-un-coup-detat-ne-sont-pas-concernes-par-le-dialogue\/\" \/>\n<meta property=\"og:site_name\" content=\"Kapitalis\" \/>\n<meta property=\"article:publisher\" content=\"https:\/\/www.facebook.com\/KapitalisInfo\/\" \/>\n<meta property=\"article:published_time\" content=\"2022-04-12T08:42:57+00:00\" \/>\n<meta property=\"article:modified_time\" content=\"2022-04-12T08:46:34+00:00\" \/>\n<meta property=\"og:image\" content=\"http:\/\/kapitalis.com\/tunisie\/wp-content\/uploads\/2016\/02\/HatemElEuchi-10.jpg\" \/>\n<meta name=\"author\" content=\"Cherif Benyounes\" \/>\n<meta name=\"twitter:card\" content=\"summary_large_image\" \/>\n<meta name=\"twitter:creator\" content=\"@KapitalisInfo\" \/>\n<meta name=\"twitter:site\" content=\"@KapitalisInfo\" \/>\n<meta name=\"twitter:label1\" content=\"\u00c9crit par\" \/>\n\t<meta name=\"twitter:data1\" content=\"Cherif Benyounes\" \/>\n\t<meta name=\"twitter:label2\" content=\"Dur\u00e9e de lecture estim\u00e9e\" \/>\n\t<meta name=\"twitter:data2\" content=\"1 minute\" \/>\n<script type=\"application\/ld+json\" class=\"yoast-schema-graph\">{\"@context\":\"https:\/\/schema.org\",\"@graph\":[{\"@type\":\"Article\",\"@id\":\"https:\/\/kapitalis.com\/tunisie\/2022\/04\/12\/hatem-el-euchi-ceux-qui-considerent-le-25-juillet-comme-un-coup-detat-ne-sont-pas-concernes-par-le-dialogue\/#article\",\"isPartOf\":{\"@id\":\"https:\/\/kapitalis.com\/tunisie\/2022\/04\/12\/hatem-el-euchi-ceux-qui-considerent-le-25-juillet-comme-un-coup-detat-ne-sont-pas-concernes-par-le-dialogue\/\"},\"author\":{\"name\":\"Cherif Benyounes\",\"@id\":\"https:\/\/kapitalis.com\/tunisie\/#\/schema\/person\/b35b8d631961131107263178aeb8019e\"},\"headline\":\"Hatem El Euchi : \u00abCeux qui consid\u00e8rent le 25 juillet comme un coup d&rsquo;\u00c9tat ne sont pas concern\u00e9s par le dialogue\u00bb\",\"datePublished\":\"2022-04-12T08:42:57+00:00\",\"dateModified\":\"2022-04-12T08:46:34+00:00\",\"mainEntityOfPage\":{\"@id\":\"https:\/\/kapitalis.com\/tunisie\/2022\/04\/12\/hatem-el-euchi-ceux-qui-considerent-le-25-juillet-comme-un-coup-detat-ne-sont-pas-concernes-par-le-dialogue\/\"},\"wordCount\":285,\"commentCount\":2,\"publisher\":{\"@id\":\"https:\/\/kapitalis.com\/tunisie\/#organization\"},\"image\":{\"@id\":\"https:\/\/kapitalis.com\/tunisie\/2022\/04\/12\/hatem-el-euchi-ceux-qui-considerent-le-25-juillet-comme-un-coup-detat-ne-sont-pas-concernes-par-le-dialogue\/#primaryimage\"},\"thumbnailUrl\":\"http:\/\/kapitalis.com\/tunisie\/wp-content\/uploads\/2016\/02\/HatemElEuchi-10.jpg\",\"keywords\":[\"25 juillet\",\"Hatem El Euchi\",\"Ka\u00efs Sa\u00efed\"],\"articleSection\":[\"POLITIQUE\",\"Tunisie\"],\"inLanguage\":\"fr-FR\",\"potentialAction\":[{\"@type\":\"CommentAction\",\"name\":\"Comment\",\"target\":[\"https:\/\/kapitalis.com\/tunisie\/2022\/04\/12\/hatem-el-euchi-ceux-qui-considerent-le-25-juillet-comme-un-coup-detat-ne-sont-pas-concernes-par-le-dialogue\/#respond\"]}]},{\"@type\":\"WebPage\",\"@id\":\"https:\/\/kapitalis.com\/tunisie\/2022\/04\/12\/hatem-el-euchi-ceux-qui-considerent-le-25-juillet-comme-un-coup-detat-ne-sont-pas-concernes-par-le-dialogue\/\",\"url\":\"https:\/\/kapitalis.com\/tunisie\/2022\/04\/12\/hatem-el-euchi-ceux-qui-considerent-le-25-juillet-comme-un-coup-detat-ne-sont-pas-concernes-par-le-dialogue\/\",\"name\":\"Hatem El Euchi : \u00abCeux qui consid\u00e8rent le 25 juillet comme un coup d'\u00c9tat ne sont pas concern\u00e9s par le dialogue\u00bb - Kapitalis\",\"isPartOf\":{\"@id\":\"https:\/\/kapitalis.com\/tunisie\/#website\"},\"primaryImageOfPage\":{\"@id\":\"https:\/\/kapitalis.com\/tunisie\/2022\/04\/12\/hatem-el-euchi-ceux-qui-considerent-le-25-juillet-comme-un-coup-detat-ne-sont-pas-concernes-par-le-dialogue\/#primaryimage\"},\"image\":{\"@id\":\"https:\/\/kapitalis.com\/tunisie\/2022\/04\/12\/hatem-el-euchi-ceux-qui-considerent-le-25-juillet-comme-un-coup-detat-ne-sont-pas-concernes-par-le-dialogue\/#primaryimage\"},\"thumbnailUrl\":\"http:\/\/kapitalis.com\/tunisie\/wp-content\/uploads\/2016\/02\/HatemElEuchi-10.jpg\",\"datePublished\":\"2022-04-12T08:42:57+00:00\",\"dateModified\":\"2022-04-12T08:46:34+00:00\",\"breadcrumb\":{\"@id\":\"https:\/\/kapitalis.com\/tunisie\/2022\/04\/12\/hatem-el-euchi-ceux-qui-considerent-le-25-juillet-comme-un-coup-detat-ne-sont-pas-concernes-par-le-dialogue\/#breadcrumb\"},\"inLanguage\":\"fr-FR\",\"potentialAction\":[{\"@type\":\"ReadAction\",\"target\":[\"https:\/\/kapitalis.com\/tunisie\/2022\/04\/12\/hatem-el-euchi-ceux-qui-considerent-le-25-juillet-comme-un-coup-detat-ne-sont-pas-concernes-par-le-dialogue\/\"]}]},{\"@type\":\"ImageObject\",\"inLanguage\":\"fr-FR\",\"@id\":\"https:\/\/kapitalis.com\/tunisie\/2022\/04\/12\/hatem-el-euchi-ceux-qui-considerent-le-25-juillet-comme-un-coup-detat-ne-sont-pas-concernes-par-le-dialogue\/#primaryimage\",\"url\":\"http:\/\/kapitalis.com\/tunisie\/wp-content\/uploads\/2016\/02\/HatemElEuchi-10.jpg\",\"contentUrl\":\"http:\/\/kapitalis.com\/tunisie\/wp-content\/uploads\/2016\/02\/HatemElEuchi-10.jpg\"},{\"@type\":\"BreadcrumbList\",\"@id\":\"https:\/\/kapitalis.com\/tunisie\/2022\/04\/12\/hatem-el-euchi-ceux-qui-considerent-le-25-juillet-comme-un-coup-detat-ne-sont-pas-concernes-par-le-dialogue\/#breadcrumb\",\"itemListElement\":[{\"@type\":\"ListItem\",\"position\":1,\"name\":\"Accueil\",\"item\":\"https:\/\/kapitalis.com\/tunisie\/\"},{\"@type\":\"ListItem\",\"position\":2,\"name\":\"Hatem El Euchi : \u00abCeux qui consid\u00e8rent le 25 juillet comme un coup d&rsquo;\u00c9tat ne sont pas concern\u00e9s par le dialogue\u00bb\"}]},{\"@type\":\"WebSite\",\"@id\":\"https:\/\/kapitalis.com\/tunisie\/#website\",\"url\":\"https:\/\/kapitalis.com\/tunisie\/\",\"name\":\"Kapitalis\",\"description\":\"L&#039;actualit\u00e9 en Tunisie et dans le monde\",\"publisher\":{\"@id\":\"https:\/\/kapitalis.com\/tunisie\/#organization\"},\"potentialAction\":[{\"@type\":\"SearchAction\",\"target\":{\"@type\":\"EntryPoint\",\"urlTemplate\":\"https:\/\/kapitalis.com\/tunisie\/?s={search_term_string}\"},\"query-input\":{\"@type\":\"PropertyValueSpecification\",\"valueRequired\":true,\"valueName\":\"search_term_string\"}}],\"inLanguage\":\"fr-FR\"},{\"@type\":\"Organization\",\"@id\":\"https:\/\/kapitalis.com\/tunisie\/#organization\",\"name\":\"Kapitalis\",\"url\":\"https:\/\/kapitalis.com\/tunisie\/\",\"logo\":{\"@type\":\"ImageObject\",\"inLanguage\":\"fr-FR\",\"@id\":\"https:\/\/kapitalis.com\/tunisie\/#\/schema\/logo\/image\/\",\"url\":\"https:\/\/kapitalis.com\/tunisie\/wp-content\/uploads\/2022\/05\/Kapitalis-big-size.png\",\"contentUrl\":\"https:\/\/kapitalis.com\/tunisie\/wp-content\/uploads\/2022\/05\/Kapitalis-big-size.png\",\"width\":5000,\"height\":1500,\"caption\":\"Kapitalis\"},\"image\":{\"@id\":\"https:\/\/kapitalis.com\/tunisie\/#\/schema\/logo\/image\/\"},\"sameAs\":[\"https:\/\/www.facebook.com\/KapitalisInfo\/\",\"https:\/\/x.com\/KapitalisInfo\",\"https:\/\/www.youtube.com\/channel\/UC-yDYrHyfFBWWZaOw3FPg9Q\"]},{\"@type\":\"Person\",\"@id\":\"https:\/\/kapitalis.com\/tunisie\/#\/schema\/person\/b35b8d631961131107263178aeb8019e\",\"name\":\"Cherif Benyounes\",\"url\":\"https:\/\/kapitalis.com\/tunisie\/author\/cherif\/\"}]}<\/script>\n<!-- \/ Yoast SEO plugin. -->","yoast_head_json":{"title":"Hatem El Euchi : \u00abCeux qui consid\u00e8rent le 25 juillet comme un coup d'\u00c9tat ne sont pas concern\u00e9s par le dialogue\u00bb - Kapitalis","robots":{"index":"index","follow":"follow","max-snippet":"max-snippet:-1","max-image-preview":"max-image-preview:large","max-video-preview":"max-video-preview:-1"},"canonical":"https:\/\/kapitalis.com\/tunisie\/2022\/04\/12\/hatem-el-euchi-ceux-qui-considerent-le-25-juillet-comme-un-coup-detat-ne-sont-pas-concernes-par-le-dialogue\/","og_locale":"fr_FR","og_type":"article","og_title":"Hatem El Euchi : \u00abCeux qui consid\u00e8rent le 25 juillet comme un coup d'\u00c9tat ne sont pas concern\u00e9s par le dialogue\u00bb - Kapitalis","og_description":"L&rsquo;ancien ministre des Domaines de l&rsquo;Etat et des Affaires fonci\u00e8res, Hatem El Euchi, a affirm\u00e9, ce mardi 12 avril 2022, que ceux qui per\u00e7oivent les mesures pr\u00e9sidentielles exceptionnelles du 25 juillet comme \u00e9tant un coup d&rsquo;\u00c9tat ne seront pas concern\u00e9s par le dialogue. Elle est belle la d\u00e9mocratie de l&rsquo;apr\u00e8s \u00abcette date sacr\u00e9e\u00bb en Tunisie...","og_url":"https:\/\/kapitalis.com\/tunisie\/2022\/04\/12\/hatem-el-euchi-ceux-qui-considerent-le-25-juillet-comme-un-coup-detat-ne-sont-pas-concernes-par-le-dialogue\/","og_site_name":"Kapitalis","article_publisher":"https:\/\/www.facebook.com\/KapitalisInfo\/","article_published_time":"2022-04-12T08:42:57+00:00","article_modified_time":"2022-04-12T08:46:34+00:00","og_image":[{"url":"http:\/\/kapitalis.com\/tunisie\/wp-content\/uploads\/2016\/02\/HatemElEuchi-10.jpg","type":"","width":"","height":""}],"author":"Cherif Benyounes","twitter_card":"summary_large_image","twitter_creator":"@KapitalisInfo","twitter_site":"@KapitalisInfo","twitter_misc":{"\u00c9crit par":"Cherif Benyounes","Dur\u00e9e de lecture estim\u00e9e":"1 minute"},"schema":{"@context":"https:\/\/schema.org","@graph":[{"@type":"Article","@id":"https:\/\/kapitalis.com\/tunisie\/2022\/04\/12\/hatem-el-euchi-ceux-qui-considerent-le-25-juillet-comme-un-coup-detat-ne-sont-pas-concernes-par-le-dialogue\/#article","isPartOf":{"@id":"https:\/\/kapitalis.com\/tunisie\/2022\/04\/12\/hatem-el-euchi-ceux-qui-considerent-le-25-juillet-comme-un-coup-detat-ne-sont-pas-concernes-par-le-dialogue\/"},"author":{"name":"Cherif Benyounes","@id":"https:\/\/kapitalis.com\/tunisie\/#\/schema\/person\/b35b8d631961131107263178aeb8019e"},"headline":"Hatem El Euchi : \u00abCeux qui consid\u00e8rent le 25 juillet comme un coup d&rsquo;\u00c9tat ne sont pas concern\u00e9s par le dialogue\u00bb","datePublished":"2022-04-12T08:42:57+00:00","dateModified":"2022-04-12T08:46:34+00:00","mainEntityOfPage":{"@id":"https:\/\/kapitalis.com\/tunisie\/2022\/04\/12\/hatem-el-euchi-ceux-qui-considerent-le-25-juillet-comme-un-coup-detat-ne-sont-pas-concernes-par-le-dialogue\/"},"wordCount":285,"commentCount":2,"publisher":{"@id":"https:\/\/kapitalis.com\/tunisie\/#organization"},"image":{"@id":"https:\/\/kapitalis.com\/tunisie\/2022\/04\/12\/hatem-el-euchi-ceux-qui-considerent-le-25-juillet-comme-un-coup-detat-ne-sont-pas-concernes-par-le-dialogue\/#primaryimage"},"thumbnailUrl":"http:\/\/kapitalis.com\/tunisie\/wp-content\/uploads\/2016\/02\/HatemElEuchi-10.jpg","keywords":["25 juillet","Hatem El Euchi","Ka\u00efs Sa\u00efed"],"articleSection":["POLITIQUE","Tunisie"],"inLanguage":"fr-FR","potentialAction":[{"@type":"CommentAction","name":"Comment","target":["https:\/\/kapitalis.com\/tunisie\/2022\/04\/12\/hatem-el-euchi-ceux-qui-considerent-le-25-juillet-comme-un-coup-detat-ne-sont-pas-concernes-par-le-dialogue\/#respond"]}]},{"@type":"WebPage","@id":"https:\/\/kapitalis.com\/tunisie\/2022\/04\/12\/hatem-el-euchi-ceux-qui-considerent-le-25-juillet-comme-un-coup-detat-ne-sont-pas-concernes-par-le-dialogue\/","url":"https:\/\/kapitalis.com\/tunisie\/2022\/04\/12\/hatem-el-euchi-ceux-qui-considerent-le-25-juillet-comme-un-coup-detat-ne-sont-pas-concernes-par-le-dialogue\/","name":"Hatem El Euchi : \u00abCeux qui consid\u00e8rent le 25 juillet comme un coup d'\u00c9tat ne sont pas concern\u00e9s par le dialogue\u00bb - Kapitalis","isPartOf":{"@id":"https:\/\/kapitalis.com\/tunisie\/#website"},"primaryImageOfPage":{"@id":"https:\/\/kapitalis.com\/tunisie\/2022\/04\/12\/hatem-el-euchi-ceux-qui-considerent-le-25-juillet-comme-un-coup-detat-ne-sont-pas-concernes-par-le-dialogue\/#primaryimage"},"image":{"@id":"https:\/\/kapitalis.com\/tunisie\/2022\/04\/12\/hatem-el-euchi-ceux-qui-considerent-le-25-juillet-comme-un-coup-detat-ne-sont-pas-concernes-par-le-dialogue\/#primaryimage"},"thumbnailUrl":"http:\/\/kapitalis.com\/tunisie\/wp-content\/uploads\/2016\/02\/HatemElEuchi-10.jpg","datePublished":"2022-04-12T08:42:57+00:00","dateModified":"2022-04-12T08:46:34+00:00","breadcrumb":{"@id":"https:\/\/kapitalis.com\/tunisie\/2022\/04\/12\/hatem-el-euchi-ceux-qui-considerent-le-25-juillet-comme-un-coup-detat-ne-sont-pas-concernes-par-le-dialogue\/#breadcrumb"},"inLanguage":"fr-FR","potentialAction":[{"@type":"ReadAction","target":["https:\/\/kapitalis.com\/tunisie\/2022\/04\/12\/hatem-el-euchi-ceux-qui-considerent-le-25-juillet-comme-un-coup-detat-ne-sont-pas-concernes-par-le-dialogue\/"]}]},{"@type":"ImageObject","inLanguage":"fr-FR","@id":"https:\/\/kapitalis.com\/tunisie\/2022\/04\/12\/hatem-el-euchi-ceux-qui-considerent-le-25-juillet-comme-un-coup-detat-ne-sont-pas-concernes-par-le-dialogue\/#primaryimage","url":"http:\/\/kapitalis.com\/tunisie\/wp-content\/uploads\/2016\/02\/HatemElEuchi-10.jpg","contentUrl":"http:\/\/kapitalis.com\/tunisie\/wp-content\/uploads\/2016\/02\/HatemElEuchi-10.jpg"},{"@type":"BreadcrumbList","@id":"https:\/\/kapitalis.com\/tunisie\/2022\/04\/12\/hatem-el-euchi-ceux-qui-considerent-le-25-juillet-comme-un-coup-detat-ne-sont-pas-concernes-par-le-dialogue\/#breadcrumb","itemListElement":[{"@type":"ListItem","position":1,"name":"Accueil","item":"https:\/\/kapitalis.com\/tunisie\/"},{"@type":"ListItem","position":2,"name":"Hatem El Euchi : \u00abCeux qui consid\u00e8rent le 25 juillet comme un coup d&rsquo;\u00c9tat ne sont pas concern\u00e9s par le dialogue\u00bb"}]},{"@type":"WebSite","@id":"https:\/\/kapitalis.com\/tunisie\/#website","url":"https:\/\/kapitalis.com\/tunisie\/","name":"Kapitalis","description":"L&#039;actualit\u00e9 en Tunisie et dans le monde","publisher":{"@id":"https:\/\/kapitalis.com\/tunisie\/#organization"},"potentialAction":[{"@type":"SearchAction","target":{"@type":"EntryPoint","urlTemplate":"https:\/\/kapitalis.com\/tunisie\/?s={search_term_string}"},"query-input":{"@type":"PropertyValueSpecification","valueRequired":true,"valueName":"search_term_string"}}],"inLanguage":"fr-FR"},{"@type":"Organization","@id":"https:\/\/kapitalis.com\/tunisie\/#organization","name":"Kapitalis","url":"https:\/\/kapitalis.com\/tunisie\/","logo":{"@type":"ImageObject","inLanguage":"fr-FR","@id":"https:\/\/kapitalis.com\/tunisie\/#\/schema\/logo\/image\/","url":"https:\/\/kapitalis.com\/tunisie\/wp-content\/uploads\/2022\/05\/Kapitalis-big-size.png","contentUrl":"https:\/\/kapitalis.com\/tunisie\/wp-content\/uploads\/2022\/05\/Kapitalis-big-size.png","width":5000,"height":1500,"caption":"Kapitalis"},"image":{"@id":"https:\/\/kapitalis.com\/tunisie\/#\/schema\/logo\/image\/"},"sameAs":["https:\/\/www.facebook.com\/KapitalisInfo\/","https:\/\/x.com\/KapitalisInfo","https:\/\/www.youtube.com\/channel\/UC-yDYrHyfFBWWZaOw3FPg9Q"]},{"@type":"Person","@id":"https:\/\/kapitalis.com\/tunisie\/#\/schema\/person\/b35b8d631961131107263178aeb8019e","name":"Cherif Benyounes","url":"https:\/\/kapitalis.com\/tunisie\/author\/cherif\/"}]}},"_links":{"self":[{"href":"https:\/\/kapitalis.com\/tunisie\/wp-json\/wp\/v2\/posts\/387361","targetHints":{"allow":["GET"]}}],"collection":[{"href":"https:\/\/kapitalis.com\/tunisie\/wp-json\/wp\/v2\/posts"}],"about":[{"href":"https:\/\/kapitalis.com\/tunisie\/wp-json\/wp\/v2\/types\/post"}],"author":[{"embeddable":true,"href":"https:\/\/kapitalis.com\/tunisie\/wp-json\/wp\/v2\/users\/24"}],"replies":[{"embeddable":true,"href":"https:\/\/kapitalis.com\/tunisie\/wp-json\/wp\/v2\/comments?post=387361"}],"version-history":[{"count":0,"href":"https:\/\/kapitalis.com\/tunisie\/wp-json\/wp\/v2\/posts\/387361\/revisions"}],"wp:attachment":[{"href":"https:\/\/kapitalis.com\/tunisie\/wp-json\/wp\/v2\/media?parent=387361"}],"wp:term":[{"taxonomy":"category","embeddable":true,"href":"https:\/\/kapitalis.com\/tunisie\/wp-json\/wp\/v2\/categories?post=387361"},{"taxonomy":"post_tag","embeddable":true,"href":"https:\/\/kapitalis.com\/tunisie\/wp-json\/wp\/v2\/tags?post=387361"}],"curies":[{"name":"wp","href":"https:\/\/api.w.org\/{rel}","templated":true}]}}