{"id":387545,"date":"2022-04-13T12:50:14","date_gmt":"2022-04-13T11:50:14","guid":{"rendered":"http:\/\/kapitalis.com\/tunisie\/?p=387545"},"modified":"2022-04-13T12:50:21","modified_gmt":"2022-04-13T11:50:21","slug":"abdellatif-mekki-soit-des-elections-anticipees-soit-le-retour-du-parlement","status":"publish","type":"post","link":"https:\/\/kapitalis.com\/tunisie\/2022\/04\/13\/abdellatif-mekki-soit-des-elections-anticipees-soit-le-retour-du-parlement\/","title":{"rendered":"Abdellatif Mekki : \u00abSoit des \u00e9lections anticip\u00e9es soit le retour du Parlement\u00bb"},"content":{"rendered":"\n<div class=\"wp-block-image\"><figure class=\"aligncenter size-full\"><img decoding=\"async\" src=\"http:\/\/kapitalis.com\/tunisie\/wp-content\/uploads\/2020\/04\/abdellatif-mekki.jpg\" alt=\"\" class=\"wp-image-292992\"\/><\/figure><\/div>\n\n\n\n<p><strong><em>A travers un post Facebook publi\u00e9 ce mercredi 13 avril 2022, l&rsquo;ancien dirigeant nahdhaoui, Abdellatif Mekki, a estim\u00e9 que sur le court terme, les deux seules options politiques pour la Tunisie sont les \u00e9lections anticip\u00e9es et le retour du Parlement.<\/em><\/strong><\/p>\n\n\n\n<!--more-->\n\n\n\n<p>\u00ab<em>L&rsquo;une des deux possibilit\u00e9s : ou bien aller \u00e0 des \u00e9lections anticip\u00e9es conform\u00e9ment \u00e0 la constitution dans les deux ou trois mois, puis entamer un dialogue sur les questions les plus importantes, ou bien le retour du Parlement pour une dur\u00e9e limit\u00e9e, pendant laquelle on d\u00e9bat et \u00e0 condition d&rsquo;am\u00e9liorer son rendement, puis des \u00e9lections l\u00e9gislatives et pr\u00e9sidentielle <\/em>anticip\u00e9es\u00bb, a-t-il \u00e9crit.<\/p>\n\n\n\n<p>Et d&rsquo;ajouter que dans les deux cas, il doit y avoir \u00ab<em>un gouvernement de salut<\/em> national convenu\u00bb.<\/p>\n\n\n\n<p>\u00ab<em>En l&rsquo;absence de cela, le pays est menac\u00e9 par de nouvelles ing\u00e9rences ext\u00e9rieures et une crise<\/em> <em>sociale \u00e9touffante<\/em>\u00bb, a-t-il conclu.<\/p>\n\n\n\n<p class=\"has-text-align-right\"><strong>C. B. Y.<\/strong><\/p>\n","protected":false},"excerpt":{"rendered":"<p>A travers un post Facebook publi\u00e9 ce mercredi 13 avril 2022, l&rsquo;ancien dirigeant nahdhaoui, Abdellatif Mekki, a estim\u00e9 que sur le court terme, les deux seules options politiques pour la Tunisie sont les \u00e9lections anticip\u00e9es et le retour du Parlement.<\/p>\n","protected":false},"author":24,"featured_media":0,"comment_status":"open","ping_status":"open","sticky":false,"template":"","format":"standard","meta":{"footnotes":""},"categories":[997,2433],"tags":[17],"class_list":["post-387545","post","type-post","status-publish","format-standard","hentry","category-politique","category-tunisie","tag-abdellatif-mekki"],"yoast_head":"<!-- This site is optimized with the Yoast SEO plugin v26.6 - https:\/\/yoast.com\/wordpress\/plugins\/seo\/ -->\n<title>Abdellatif Mekki : \u00abSoit des \u00e9lections anticip\u00e9es soit le retour du Parlement\u00bb - Kapitalis<\/title>\n<meta name=\"robots\" content=\"index, follow, max-snippet:-1, max-image-preview:large, max-video-preview:-1\" \/>\n<link rel=\"canonical\" href=\"https:\/\/kapitalis.com\/tunisie\/2022\/04\/13\/abdellatif-mekki-soit-des-elections-anticipees-soit-le-retour-du-parlement\/\" \/>\n<meta property=\"og:locale\" content=\"fr_FR\" \/>\n<meta property=\"og:type\" content=\"article\" \/>\n<meta property=\"og:title\" content=\"Abdellatif Mekki : \u00abSoit des \u00e9lections anticip\u00e9es soit le retour du Parlement\u00bb - Kapitalis\" \/>\n<meta property=\"og:description\" content=\"A travers un post Facebook publi\u00e9 ce mercredi 13 avril 2022, l&rsquo;ancien dirigeant nahdhaoui, Abdellatif Mekki, a estim\u00e9 que sur le court terme, les deux seules options politiques pour la Tunisie sont les \u00e9lections anticip\u00e9es et le retour du Parlement.\" \/>\n<meta property=\"og:url\" content=\"https:\/\/kapitalis.com\/tunisie\/2022\/04\/13\/abdellatif-mekki-soit-des-elections-anticipees-soit-le-retour-du-parlement\/\" \/>\n<meta property=\"og:site_name\" content=\"Kapitalis\" \/>\n<meta property=\"article:publisher\" content=\"https:\/\/www.facebook.com\/KapitalisInfo\/\" \/>\n<meta property=\"article:published_time\" content=\"2022-04-13T11:50:14+00:00\" \/>\n<meta property=\"article:modified_time\" content=\"2022-04-13T11:50:21+00:00\" \/>\n<meta property=\"og:image\" content=\"http:\/\/kapitalis.com\/tunisie\/wp-content\/uploads\/2020\/04\/abdellatif-mekki.jpg\" \/>\n<meta name=\"author\" content=\"Cherif Benyounes\" \/>\n<meta name=\"twitter:card\" content=\"summary_large_image\" \/>\n<meta name=\"twitter:creator\" content=\"@KapitalisInfo\" \/>\n<meta name=\"twitter:site\" content=\"@KapitalisInfo\" \/>\n<meta name=\"twitter:label1\" content=\"\u00c9crit par\" \/>\n\t<meta name=\"twitter:data1\" content=\"Cherif Benyounes\" \/>\n\t<meta name=\"twitter:label2\" content=\"Dur\u00e9e de lecture estim\u00e9e\" \/>\n\t<meta name=\"twitter:data2\" content=\"1 minute\" \/>\n<script type=\"application\/ld+json\" class=\"yoast-schema-graph\">{\"@context\":\"https:\/\/schema.org\",\"@graph\":[{\"@type\":\"Article\",\"@id\":\"https:\/\/kapitalis.com\/tunisie\/2022\/04\/13\/abdellatif-mekki-soit-des-elections-anticipees-soit-le-retour-du-parlement\/#article\",\"isPartOf\":{\"@id\":\"https:\/\/kapitalis.com\/tunisie\/2022\/04\/13\/abdellatif-mekki-soit-des-elections-anticipees-soit-le-retour-du-parlement\/\"},\"author\":{\"name\":\"Cherif Benyounes\",\"@id\":\"https:\/\/kapitalis.com\/tunisie\/#\/schema\/person\/b35b8d631961131107263178aeb8019e\"},\"headline\":\"Abdellatif Mekki : \u00abSoit des \u00e9lections anticip\u00e9es soit le retour du Parlement\u00bb\",\"datePublished\":\"2022-04-13T11:50:14+00:00\",\"dateModified\":\"2022-04-13T11:50:21+00:00\",\"mainEntityOfPage\":{\"@id\":\"https:\/\/kapitalis.com\/tunisie\/2022\/04\/13\/abdellatif-mekki-soit-des-elections-anticipees-soit-le-retour-du-parlement\/\"},\"wordCount\":160,\"commentCount\":8,\"publisher\":{\"@id\":\"https:\/\/kapitalis.com\/tunisie\/#organization\"},\"image\":{\"@id\":\"https:\/\/kapitalis.com\/tunisie\/2022\/04\/13\/abdellatif-mekki-soit-des-elections-anticipees-soit-le-retour-du-parlement\/#primaryimage\"},\"thumbnailUrl\":\"http:\/\/kapitalis.com\/tunisie\/wp-content\/uploads\/2020\/04\/abdellatif-mekki.jpg\",\"keywords\":[\"Abdellatif Mekki\"],\"articleSection\":[\"POLITIQUE\",\"Tunisie\"],\"inLanguage\":\"fr-FR\",\"potentialAction\":[{\"@type\":\"CommentAction\",\"name\":\"Comment\",\"target\":[\"https:\/\/kapitalis.com\/tunisie\/2022\/04\/13\/abdellatif-mekki-soit-des-elections-anticipees-soit-le-retour-du-parlement\/#respond\"]}]},{\"@type\":\"WebPage\",\"@id\":\"https:\/\/kapitalis.com\/tunisie\/2022\/04\/13\/abdellatif-mekki-soit-des-elections-anticipees-soit-le-retour-du-parlement\/\",\"url\":\"https:\/\/kapitalis.com\/tunisie\/2022\/04\/13\/abdellatif-mekki-soit-des-elections-anticipees-soit-le-retour-du-parlement\/\",\"name\":\"Abdellatif Mekki : \u00abSoit des \u00e9lections anticip\u00e9es soit le retour du Parlement\u00bb - Kapitalis\",\"isPartOf\":{\"@id\":\"https:\/\/kapitalis.com\/tunisie\/#website\"},\"primaryImageOfPage\":{\"@id\":\"https:\/\/kapitalis.com\/tunisie\/2022\/04\/13\/abdellatif-mekki-soit-des-elections-anticipees-soit-le-retour-du-parlement\/#primaryimage\"},\"image\":{\"@id\":\"https:\/\/kapitalis.com\/tunisie\/2022\/04\/13\/abdellatif-mekki-soit-des-elections-anticipees-soit-le-retour-du-parlement\/#primaryimage\"},\"thumbnailUrl\":\"http:\/\/kapitalis.com\/tunisie\/wp-content\/uploads\/2020\/04\/abdellatif-mekki.jpg\",\"datePublished\":\"2022-04-13T11:50:14+00:00\",\"dateModified\":\"2022-04-13T11:50:21+00:00\",\"breadcrumb\":{\"@id\":\"https:\/\/kapitalis.com\/tunisie\/2022\/04\/13\/abdellatif-mekki-soit-des-elections-anticipees-soit-le-retour-du-parlement\/#breadcrumb\"},\"inLanguage\":\"fr-FR\",\"potentialAction\":[{\"@type\":\"ReadAction\",\"target\":[\"https:\/\/kapitalis.com\/tunisie\/2022\/04\/13\/abdellatif-mekki-soit-des-elections-anticipees-soit-le-retour-du-parlement\/\"]}]},{\"@type\":\"ImageObject\",\"inLanguage\":\"fr-FR\",\"@id\":\"https:\/\/kapitalis.com\/tunisie\/2022\/04\/13\/abdellatif-mekki-soit-des-elections-anticipees-soit-le-retour-du-parlement\/#primaryimage\",\"url\":\"\",\"contentUrl\":\"\"},{\"@type\":\"BreadcrumbList\",\"@id\":\"https:\/\/kapitalis.com\/tunisie\/2022\/04\/13\/abdellatif-mekki-soit-des-elections-anticipees-soit-le-retour-du-parlement\/#breadcrumb\",\"itemListElement\":[{\"@type\":\"ListItem\",\"position\":1,\"name\":\"Accueil\",\"item\":\"https:\/\/kapitalis.com\/tunisie\/\"},{\"@type\":\"ListItem\",\"position\":2,\"name\":\"Abdellatif Mekki : \u00abSoit des \u00e9lections anticip\u00e9es soit le retour du Parlement\u00bb\"}]},{\"@type\":\"WebSite\",\"@id\":\"https:\/\/kapitalis.com\/tunisie\/#website\",\"url\":\"https:\/\/kapitalis.com\/tunisie\/\",\"name\":\"Kapitalis\",\"description\":\"L&#039;actualit\u00e9 en Tunisie et dans le monde\",\"publisher\":{\"@id\":\"https:\/\/kapitalis.com\/tunisie\/#organization\"},\"potentialAction\":[{\"@type\":\"SearchAction\",\"target\":{\"@type\":\"EntryPoint\",\"urlTemplate\":\"https:\/\/kapitalis.com\/tunisie\/?s={search_term_string}\"},\"query-input\":{\"@type\":\"PropertyValueSpecification\",\"valueRequired\":true,\"valueName\":\"search_term_string\"}}],\"inLanguage\":\"fr-FR\"},{\"@type\":\"Organization\",\"@id\":\"https:\/\/kapitalis.com\/tunisie\/#organization\",\"name\":\"Kapitalis\",\"url\":\"https:\/\/kapitalis.com\/tunisie\/\",\"logo\":{\"@type\":\"ImageObject\",\"inLanguage\":\"fr-FR\",\"@id\":\"https:\/\/kapitalis.com\/tunisie\/#\/schema\/logo\/image\/\",\"url\":\"https:\/\/kapitalis.com\/tunisie\/wp-content\/uploads\/2022\/05\/Kapitalis-big-size.png\",\"contentUrl\":\"https:\/\/kapitalis.com\/tunisie\/wp-content\/uploads\/2022\/05\/Kapitalis-big-size.png\",\"width\":5000,\"height\":1500,\"caption\":\"Kapitalis\"},\"image\":{\"@id\":\"https:\/\/kapitalis.com\/tunisie\/#\/schema\/logo\/image\/\"},\"sameAs\":[\"https:\/\/www.facebook.com\/KapitalisInfo\/\",\"https:\/\/x.com\/KapitalisInfo\",\"https:\/\/www.youtube.com\/channel\/UC-yDYrHyfFBWWZaOw3FPg9Q\"]},{\"@type\":\"Person\",\"@id\":\"https:\/\/kapitalis.com\/tunisie\/#\/schema\/person\/b35b8d631961131107263178aeb8019e\",\"name\":\"Cherif Benyounes\",\"url\":\"https:\/\/kapitalis.com\/tunisie\/author\/cherif\/\"}]}<\/script>\n<!-- \/ Yoast SEO plugin. -->","yoast_head_json":{"title":"Abdellatif Mekki : \u00abSoit des \u00e9lections anticip\u00e9es soit le retour du Parlement\u00bb - Kapitalis","robots":{"index":"index","follow":"follow","max-snippet":"max-snippet:-1","max-image-preview":"max-image-preview:large","max-video-preview":"max-video-preview:-1"},"canonical":"https:\/\/kapitalis.com\/tunisie\/2022\/04\/13\/abdellatif-mekki-soit-des-elections-anticipees-soit-le-retour-du-parlement\/","og_locale":"fr_FR","og_type":"article","og_title":"Abdellatif Mekki : \u00abSoit des \u00e9lections anticip\u00e9es soit le retour du Parlement\u00bb - Kapitalis","og_description":"A travers un post Facebook publi\u00e9 ce mercredi 13 avril 2022, l&rsquo;ancien dirigeant nahdhaoui, Abdellatif Mekki, a estim\u00e9 que sur le court terme, les deux seules options politiques pour la Tunisie sont les \u00e9lections anticip\u00e9es et le retour du Parlement.","og_url":"https:\/\/kapitalis.com\/tunisie\/2022\/04\/13\/abdellatif-mekki-soit-des-elections-anticipees-soit-le-retour-du-parlement\/","og_site_name":"Kapitalis","article_publisher":"https:\/\/www.facebook.com\/KapitalisInfo\/","article_published_time":"2022-04-13T11:50:14+00:00","article_modified_time":"2022-04-13T11:50:21+00:00","og_image":[{"url":"http:\/\/kapitalis.com\/tunisie\/wp-content\/uploads\/2020\/04\/abdellatif-mekki.jpg","type":"","width":"","height":""}],"author":"Cherif Benyounes","twitter_card":"summary_large_image","twitter_creator":"@KapitalisInfo","twitter_site":"@KapitalisInfo","twitter_misc":{"\u00c9crit par":"Cherif Benyounes","Dur\u00e9e de lecture estim\u00e9e":"1 minute"},"schema":{"@context":"https:\/\/schema.org","@graph":[{"@type":"Article","@id":"https:\/\/kapitalis.com\/tunisie\/2022\/04\/13\/abdellatif-mekki-soit-des-elections-anticipees-soit-le-retour-du-parlement\/#article","isPartOf":{"@id":"https:\/\/kapitalis.com\/tunisie\/2022\/04\/13\/abdellatif-mekki-soit-des-elections-anticipees-soit-le-retour-du-parlement\/"},"author":{"name":"Cherif Benyounes","@id":"https:\/\/kapitalis.com\/tunisie\/#\/schema\/person\/b35b8d631961131107263178aeb8019e"},"headline":"Abdellatif Mekki : \u00abSoit des \u00e9lections anticip\u00e9es soit le retour du Parlement\u00bb","datePublished":"2022-04-13T11:50:14+00:00","dateModified":"2022-04-13T11:50:21+00:00","mainEntityOfPage":{"@id":"https:\/\/kapitalis.com\/tunisie\/2022\/04\/13\/abdellatif-mekki-soit-des-elections-anticipees-soit-le-retour-du-parlement\/"},"wordCount":160,"commentCount":8,"publisher":{"@id":"https:\/\/kapitalis.com\/tunisie\/#organization"},"image":{"@id":"https:\/\/kapitalis.com\/tunisie\/2022\/04\/13\/abdellatif-mekki-soit-des-elections-anticipees-soit-le-retour-du-parlement\/#primaryimage"},"thumbnailUrl":"http:\/\/kapitalis.com\/tunisie\/wp-content\/uploads\/2020\/04\/abdellatif-mekki.jpg","keywords":["Abdellatif Mekki"],"articleSection":["POLITIQUE","Tunisie"],"inLanguage":"fr-FR","potentialAction":[{"@type":"CommentAction","name":"Comment","target":["https:\/\/kapitalis.com\/tunisie\/2022\/04\/13\/abdellatif-mekki-soit-des-elections-anticipees-soit-le-retour-du-parlement\/#respond"]}]},{"@type":"WebPage","@id":"https:\/\/kapitalis.com\/tunisie\/2022\/04\/13\/abdellatif-mekki-soit-des-elections-anticipees-soit-le-retour-du-parlement\/","url":"https:\/\/kapitalis.com\/tunisie\/2022\/04\/13\/abdellatif-mekki-soit-des-elections-anticipees-soit-le-retour-du-parlement\/","name":"Abdellatif Mekki : \u00abSoit des \u00e9lections anticip\u00e9es soit le retour du Parlement\u00bb - Kapitalis","isPartOf":{"@id":"https:\/\/kapitalis.com\/tunisie\/#website"},"primaryImageOfPage":{"@id":"https:\/\/kapitalis.com\/tunisie\/2022\/04\/13\/abdellatif-mekki-soit-des-elections-anticipees-soit-le-retour-du-parlement\/#primaryimage"},"image":{"@id":"https:\/\/kapitalis.com\/tunisie\/2022\/04\/13\/abdellatif-mekki-soit-des-elections-anticipees-soit-le-retour-du-parlement\/#primaryimage"},"thumbnailUrl":"http:\/\/kapitalis.com\/tunisie\/wp-content\/uploads\/2020\/04\/abdellatif-mekki.jpg","datePublished":"2022-04-13T11:50:14+00:00","dateModified":"2022-04-13T11:50:21+00:00","breadcrumb":{"@id":"https:\/\/kapitalis.com\/tunisie\/2022\/04\/13\/abdellatif-mekki-soit-des-elections-anticipees-soit-le-retour-du-parlement\/#breadcrumb"},"inLanguage":"fr-FR","potentialAction":[{"@type":"ReadAction","target":["https:\/\/kapitalis.com\/tunisie\/2022\/04\/13\/abdellatif-mekki-soit-des-elections-anticipees-soit-le-retour-du-parlement\/"]}]},{"@type":"ImageObject","inLanguage":"fr-FR","@id":"https:\/\/kapitalis.com\/tunisie\/2022\/04\/13\/abdellatif-mekki-soit-des-elections-anticipees-soit-le-retour-du-parlement\/#primaryimage","url":"","contentUrl":""},{"@type":"BreadcrumbList","@id":"https:\/\/kapitalis.com\/tunisie\/2022\/04\/13\/abdellatif-mekki-soit-des-elections-anticipees-soit-le-retour-du-parlement\/#breadcrumb","itemListElement":[{"@type":"ListItem","position":1,"name":"Accueil","item":"https:\/\/kapitalis.com\/tunisie\/"},{"@type":"ListItem","position":2,"name":"Abdellatif Mekki : \u00abSoit des \u00e9lections anticip\u00e9es soit le retour du Parlement\u00bb"}]},{"@type":"WebSite","@id":"https:\/\/kapitalis.com\/tunisie\/#website","url":"https:\/\/kapitalis.com\/tunisie\/","name":"Kapitalis","description":"L&#039;actualit\u00e9 en Tunisie et dans le monde","publisher":{"@id":"https:\/\/kapitalis.com\/tunisie\/#organization"},"potentialAction":[{"@type":"SearchAction","target":{"@type":"EntryPoint","urlTemplate":"https:\/\/kapitalis.com\/tunisie\/?s={search_term_string}"},"query-input":{"@type":"PropertyValueSpecification","valueRequired":true,"valueName":"search_term_string"}}],"inLanguage":"fr-FR"},{"@type":"Organization","@id":"https:\/\/kapitalis.com\/tunisie\/#organization","name":"Kapitalis","url":"https:\/\/kapitalis.com\/tunisie\/","logo":{"@type":"ImageObject","inLanguage":"fr-FR","@id":"https:\/\/kapitalis.com\/tunisie\/#\/schema\/logo\/image\/","url":"https:\/\/kapitalis.com\/tunisie\/wp-content\/uploads\/2022\/05\/Kapitalis-big-size.png","contentUrl":"https:\/\/kapitalis.com\/tunisie\/wp-content\/uploads\/2022\/05\/Kapitalis-big-size.png","width":5000,"height":1500,"caption":"Kapitalis"},"image":{"@id":"https:\/\/kapitalis.com\/tunisie\/#\/schema\/logo\/image\/"},"sameAs":["https:\/\/www.facebook.com\/KapitalisInfo\/","https:\/\/x.com\/KapitalisInfo","https:\/\/www.youtube.com\/channel\/UC-yDYrHyfFBWWZaOw3FPg9Q"]},{"@type":"Person","@id":"https:\/\/kapitalis.com\/tunisie\/#\/schema\/person\/b35b8d631961131107263178aeb8019e","name":"Cherif Benyounes","url":"https:\/\/kapitalis.com\/tunisie\/author\/cherif\/"}]}},"_links":{"self":[{"href":"https:\/\/kapitalis.com\/tunisie\/wp-json\/wp\/v2\/posts\/387545","targetHints":{"allow":["GET"]}}],"collection":[{"href":"https:\/\/kapitalis.com\/tunisie\/wp-json\/wp\/v2\/posts"}],"about":[{"href":"https:\/\/kapitalis.com\/tunisie\/wp-json\/wp\/v2\/types\/post"}],"author":[{"embeddable":true,"href":"https:\/\/kapitalis.com\/tunisie\/wp-json\/wp\/v2\/users\/24"}],"replies":[{"embeddable":true,"href":"https:\/\/kapitalis.com\/tunisie\/wp-json\/wp\/v2\/comments?post=387545"}],"version-history":[{"count":0,"href":"https:\/\/kapitalis.com\/tunisie\/wp-json\/wp\/v2\/posts\/387545\/revisions"}],"wp:attachment":[{"href":"https:\/\/kapitalis.com\/tunisie\/wp-json\/wp\/v2\/media?parent=387545"}],"wp:term":[{"taxonomy":"category","embeddable":true,"href":"https:\/\/kapitalis.com\/tunisie\/wp-json\/wp\/v2\/categories?post=387545"},{"taxonomy":"post_tag","embeddable":true,"href":"https:\/\/kapitalis.com\/tunisie\/wp-json\/wp\/v2\/tags?post=387545"}],"curies":[{"name":"wp","href":"https:\/\/api.w.org\/{rel}","templated":true}]}}