{"id":387566,"date":"2022-04-13T15:15:00","date_gmt":"2022-04-13T14:15:00","guid":{"rendered":"http:\/\/kapitalis.com\/tunisie\/?p=387566"},"modified":"2022-04-13T15:35:54","modified_gmt":"2022-04-13T14:35:54","slug":"commercialisation-du-chocolat-kinder-en-tunisie-les-clarifications-des-ministeres-de-la-sante-et-du-commerce","status":"publish","type":"post","link":"https:\/\/kapitalis.com\/tunisie\/2022\/04\/13\/commercialisation-du-chocolat-kinder-en-tunisie-les-clarifications-des-ministeres-de-la-sante-et-du-commerce\/","title":{"rendered":"Commercialisation du chocolat Kinder en Tunisie : Les clarifications des minist\u00e8res de la Sant\u00e9 et du Commerce"},"content":{"rendered":"\n<div class=\"wp-block-image\"><figure class=\"aligncenter size-full\"><img decoding=\"async\" src=\"http:\/\/kapitalis.com\/tunisie\/wp-content\/uploads\/2016\/07\/Chocolat-Kinder.jpg\" alt=\"\" class=\"wp-image-57086\"\/><\/figure><\/div>\n\n\n\n<p><strong><em>Apr\u00e8s la d\u00e9couverte de nombreux cas d&rsquo;intoxication par des salmonelles (une bact\u00e9rie provoquant de violents maux de ventre et de la fi\u00e8vre, dangereuse pour les plus fragiles) en Europe, dus \u00e0 la consommation de certains produits belges de la marque de chocolat Kinder, les minist\u00e8res de la Sant\u00e9 et du Commerce tunisiens ont publi\u00e9 des clarifications quant \u00e0 la commercialisation de ces produits en Tunisie.<\/em><\/strong><\/p>\n\n\n\n<!--more-->\n\n\n\n<p>A travers un communiqu\u00e9 conjoint, publi\u00e9 ce mercredi 13 avril 2022, les deux minist\u00e8res ont assur\u00e9 qu&rsquo;aucun des produits causant cette intoxication (Kinder Surprise, Kinder Schoko-Bons, Kinder Mini Eggs et Kinder Happy Moments<em>) <\/em>n&rsquo;a \u00e9t\u00e9 import\u00e9, par les voies l\u00e9gales, de Belgique.<\/p>\n\n\n\n<p>Les d\u00e9partements gouvernementaux ont, par ailleurs, appel\u00e9 \u00e0 la vigilance \u00e0 ne pas acheter les produits commercialis\u00e9s dans les march\u00e9s parall\u00e8les.<\/p>\n\n\n\n<p class=\"has-text-align-right\"><strong>C. B. Y.<\/strong><\/p>\n\n\n\n<p> <blockquote class=\"wp-embedded-content\" data-secret=\"rFNFrsYDvN\"><a href=\"https:\/\/kapitalis.com\/tunisie\/2022\/04\/12\/intoxication-par-des-salmonelles-lotoc-demande-des-clarifications-concernant-la-commercialisation-de-kinder-en-tunisie\/\">Intoxication par des salmonelles : L&rsquo;OTOC demande des clarifications concernant la commercialisation de Kinder en Tunisie<\/a><\/blockquote><iframe loading=\"lazy\" class=\"wp-embedded-content\" sandbox=\"allow-scripts\" security=\"restricted\" style=\"position: absolute; clip: rect(1px, 1px, 1px, 1px);\" title=\"\u00ab\u00a0Intoxication par des salmonelles : L&rsquo;OTOC demande des clarifications concernant la commercialisation de Kinder en Tunisie\u00a0\u00bb &#8212; Kapitalis\" src=\"https:\/\/kapitalis.com\/tunisie\/2022\/04\/12\/intoxication-par-des-salmonelles-lotoc-demande-des-clarifications-concernant-la-commercialisation-de-kinder-en-tunisie\/embed\/#?secret=d7i8t1wqZ9#?secret=rFNFrsYDvN\" data-secret=\"rFNFrsYDvN\" width=\"600\" height=\"338\" frameborder=\"0\" marginwidth=\"0\" marginheight=\"0\" scrolling=\"no\"><\/iframe> <\/p>\n","protected":false},"excerpt":{"rendered":"<p>Apr\u00e8s la d\u00e9couverte de nombreux cas d&rsquo;intoxication par des salmonelles (une bact\u00e9rie provoquant de violents maux de ventre et de la fi\u00e8vre, dangereuse pour les plus fragiles) en Europe, dus \u00e0 la consommation de certains produits belges de la marque de chocolat Kinder, les minist\u00e8res de la Sant\u00e9 et du Commerce tunisiens ont publi\u00e9 des&#8230;<\/p>\n","protected":false},"author":24,"featured_media":0,"comment_status":"open","ping_status":"open","sticky":false,"template":"","format":"standard","meta":{"footnotes":""},"categories":[998,2433],"tags":[138,98856,98857,62643],"class_list":["post-387566","post","type-post","status-publish","format-standard","hentry","category-societe","category-tunisie","tag-belgique","tag-kinder","tag-salmonelles","tag-tunisie"],"yoast_head":"<!-- This site is optimized with the Yoast SEO plugin v26.6 - https:\/\/yoast.com\/wordpress\/plugins\/seo\/ -->\n<title>Commercialisation du chocolat Kinder en Tunisie : Les clarifications des minist\u00e8res de la Sant\u00e9 et du Commerce - Kapitalis<\/title>\n<meta name=\"robots\" content=\"index, follow, max-snippet:-1, max-image-preview:large, max-video-preview:-1\" \/>\n<link rel=\"canonical\" href=\"https:\/\/kapitalis.com\/tunisie\/2022\/04\/13\/commercialisation-du-chocolat-kinder-en-tunisie-les-clarifications-des-ministeres-de-la-sante-et-du-commerce\/\" \/>\n<meta property=\"og:locale\" content=\"fr_FR\" \/>\n<meta property=\"og:type\" content=\"article\" \/>\n<meta property=\"og:title\" content=\"Commercialisation du chocolat Kinder en Tunisie : Les clarifications des minist\u00e8res de la Sant\u00e9 et du Commerce - Kapitalis\" \/>\n<meta property=\"og:description\" content=\"Apr\u00e8s la d\u00e9couverte de nombreux cas d&rsquo;intoxication par des salmonelles (une bact\u00e9rie provoquant de violents maux de ventre et de la fi\u00e8vre, dangereuse pour les plus fragiles) en Europe, dus \u00e0 la consommation de certains produits belges de la marque de chocolat Kinder, les minist\u00e8res de la Sant\u00e9 et du Commerce tunisiens ont publi\u00e9 des...\" \/>\n<meta property=\"og:url\" content=\"https:\/\/kapitalis.com\/tunisie\/2022\/04\/13\/commercialisation-du-chocolat-kinder-en-tunisie-les-clarifications-des-ministeres-de-la-sante-et-du-commerce\/\" \/>\n<meta property=\"og:site_name\" content=\"Kapitalis\" \/>\n<meta property=\"article:publisher\" content=\"https:\/\/www.facebook.com\/KapitalisInfo\/\" \/>\n<meta property=\"article:published_time\" content=\"2022-04-13T14:15:00+00:00\" \/>\n<meta property=\"article:modified_time\" content=\"2022-04-13T14:35:54+00:00\" \/>\n<meta property=\"og:image\" content=\"http:\/\/kapitalis.com\/tunisie\/wp-content\/uploads\/2016\/07\/Chocolat-Kinder.jpg\" \/>\n<meta name=\"author\" content=\"Cherif Benyounes\" \/>\n<meta name=\"twitter:card\" content=\"summary_large_image\" \/>\n<meta name=\"twitter:creator\" content=\"@KapitalisInfo\" \/>\n<meta name=\"twitter:site\" content=\"@KapitalisInfo\" \/>\n<meta name=\"twitter:label1\" content=\"\u00c9crit par\" \/>\n\t<meta name=\"twitter:data1\" content=\"Cherif Benyounes\" \/>\n\t<meta name=\"twitter:label2\" content=\"Dur\u00e9e de lecture estim\u00e9e\" \/>\n\t<meta name=\"twitter:data2\" content=\"1 minute\" \/>\n<script type=\"application\/ld+json\" class=\"yoast-schema-graph\">{\"@context\":\"https:\/\/schema.org\",\"@graph\":[{\"@type\":\"Article\",\"@id\":\"https:\/\/kapitalis.com\/tunisie\/2022\/04\/13\/commercialisation-du-chocolat-kinder-en-tunisie-les-clarifications-des-ministeres-de-la-sante-et-du-commerce\/#article\",\"isPartOf\":{\"@id\":\"https:\/\/kapitalis.com\/tunisie\/2022\/04\/13\/commercialisation-du-chocolat-kinder-en-tunisie-les-clarifications-des-ministeres-de-la-sante-et-du-commerce\/\"},\"author\":{\"name\":\"Cherif Benyounes\",\"@id\":\"https:\/\/kapitalis.com\/tunisie\/#\/schema\/person\/b35b8d631961131107263178aeb8019e\"},\"headline\":\"Commercialisation du chocolat Kinder en Tunisie : Les clarifications des minist\u00e8res de la Sant\u00e9 et du Commerce\",\"datePublished\":\"2022-04-13T14:15:00+00:00\",\"dateModified\":\"2022-04-13T14:35:54+00:00\",\"mainEntityOfPage\":{\"@id\":\"https:\/\/kapitalis.com\/tunisie\/2022\/04\/13\/commercialisation-du-chocolat-kinder-en-tunisie-les-clarifications-des-ministeres-de-la-sante-et-du-commerce\/\"},\"wordCount\":158,\"commentCount\":0,\"publisher\":{\"@id\":\"https:\/\/kapitalis.com\/tunisie\/#organization\"},\"image\":{\"@id\":\"https:\/\/kapitalis.com\/tunisie\/2022\/04\/13\/commercialisation-du-chocolat-kinder-en-tunisie-les-clarifications-des-ministeres-de-la-sante-et-du-commerce\/#primaryimage\"},\"thumbnailUrl\":\"http:\/\/kapitalis.com\/tunisie\/wp-content\/uploads\/2016\/07\/Chocolat-Kinder.jpg\",\"keywords\":[\"Belgique\",\"Kinder\",\"salmonelles\",\"Tunisie\"],\"articleSection\":[\"SOCIETE\",\"Tunisie\"],\"inLanguage\":\"fr-FR\",\"potentialAction\":[{\"@type\":\"CommentAction\",\"name\":\"Comment\",\"target\":[\"https:\/\/kapitalis.com\/tunisie\/2022\/04\/13\/commercialisation-du-chocolat-kinder-en-tunisie-les-clarifications-des-ministeres-de-la-sante-et-du-commerce\/#respond\"]}]},{\"@type\":\"WebPage\",\"@id\":\"https:\/\/kapitalis.com\/tunisie\/2022\/04\/13\/commercialisation-du-chocolat-kinder-en-tunisie-les-clarifications-des-ministeres-de-la-sante-et-du-commerce\/\",\"url\":\"https:\/\/kapitalis.com\/tunisie\/2022\/04\/13\/commercialisation-du-chocolat-kinder-en-tunisie-les-clarifications-des-ministeres-de-la-sante-et-du-commerce\/\",\"name\":\"Commercialisation du chocolat Kinder en Tunisie : Les clarifications des minist\u00e8res de la Sant\u00e9 et du Commerce - Kapitalis\",\"isPartOf\":{\"@id\":\"https:\/\/kapitalis.com\/tunisie\/#website\"},\"primaryImageOfPage\":{\"@id\":\"https:\/\/kapitalis.com\/tunisie\/2022\/04\/13\/commercialisation-du-chocolat-kinder-en-tunisie-les-clarifications-des-ministeres-de-la-sante-et-du-commerce\/#primaryimage\"},\"image\":{\"@id\":\"https:\/\/kapitalis.com\/tunisie\/2022\/04\/13\/commercialisation-du-chocolat-kinder-en-tunisie-les-clarifications-des-ministeres-de-la-sante-et-du-commerce\/#primaryimage\"},\"thumbnailUrl\":\"http:\/\/kapitalis.com\/tunisie\/wp-content\/uploads\/2016\/07\/Chocolat-Kinder.jpg\",\"datePublished\":\"2022-04-13T14:15:00+00:00\",\"dateModified\":\"2022-04-13T14:35:54+00:00\",\"breadcrumb\":{\"@id\":\"https:\/\/kapitalis.com\/tunisie\/2022\/04\/13\/commercialisation-du-chocolat-kinder-en-tunisie-les-clarifications-des-ministeres-de-la-sante-et-du-commerce\/#breadcrumb\"},\"inLanguage\":\"fr-FR\",\"potentialAction\":[{\"@type\":\"ReadAction\",\"target\":[\"https:\/\/kapitalis.com\/tunisie\/2022\/04\/13\/commercialisation-du-chocolat-kinder-en-tunisie-les-clarifications-des-ministeres-de-la-sante-et-du-commerce\/\"]}]},{\"@type\":\"ImageObject\",\"inLanguage\":\"fr-FR\",\"@id\":\"https:\/\/kapitalis.com\/tunisie\/2022\/04\/13\/commercialisation-du-chocolat-kinder-en-tunisie-les-clarifications-des-ministeres-de-la-sante-et-du-commerce\/#primaryimage\",\"url\":\"http:\/\/kapitalis.com\/tunisie\/wp-content\/uploads\/2016\/07\/Chocolat-Kinder.jpg\",\"contentUrl\":\"http:\/\/kapitalis.com\/tunisie\/wp-content\/uploads\/2016\/07\/Chocolat-Kinder.jpg\"},{\"@type\":\"BreadcrumbList\",\"@id\":\"https:\/\/kapitalis.com\/tunisie\/2022\/04\/13\/commercialisation-du-chocolat-kinder-en-tunisie-les-clarifications-des-ministeres-de-la-sante-et-du-commerce\/#breadcrumb\",\"itemListElement\":[{\"@type\":\"ListItem\",\"position\":1,\"name\":\"Accueil\",\"item\":\"https:\/\/kapitalis.com\/tunisie\/\"},{\"@type\":\"ListItem\",\"position\":2,\"name\":\"Commercialisation du chocolat Kinder en Tunisie : Les clarifications des minist\u00e8res de la Sant\u00e9 et du Commerce\"}]},{\"@type\":\"WebSite\",\"@id\":\"https:\/\/kapitalis.com\/tunisie\/#website\",\"url\":\"https:\/\/kapitalis.com\/tunisie\/\",\"name\":\"Kapitalis\",\"description\":\"L&#039;actualit\u00e9 en Tunisie et dans le monde\",\"publisher\":{\"@id\":\"https:\/\/kapitalis.com\/tunisie\/#organization\"},\"potentialAction\":[{\"@type\":\"SearchAction\",\"target\":{\"@type\":\"EntryPoint\",\"urlTemplate\":\"https:\/\/kapitalis.com\/tunisie\/?s={search_term_string}\"},\"query-input\":{\"@type\":\"PropertyValueSpecification\",\"valueRequired\":true,\"valueName\":\"search_term_string\"}}],\"inLanguage\":\"fr-FR\"},{\"@type\":\"Organization\",\"@id\":\"https:\/\/kapitalis.com\/tunisie\/#organization\",\"name\":\"Kapitalis\",\"url\":\"https:\/\/kapitalis.com\/tunisie\/\",\"logo\":{\"@type\":\"ImageObject\",\"inLanguage\":\"fr-FR\",\"@id\":\"https:\/\/kapitalis.com\/tunisie\/#\/schema\/logo\/image\/\",\"url\":\"https:\/\/kapitalis.com\/tunisie\/wp-content\/uploads\/2022\/05\/Kapitalis-big-size.png\",\"contentUrl\":\"https:\/\/kapitalis.com\/tunisie\/wp-content\/uploads\/2022\/05\/Kapitalis-big-size.png\",\"width\":5000,\"height\":1500,\"caption\":\"Kapitalis\"},\"image\":{\"@id\":\"https:\/\/kapitalis.com\/tunisie\/#\/schema\/logo\/image\/\"},\"sameAs\":[\"https:\/\/www.facebook.com\/KapitalisInfo\/\",\"https:\/\/x.com\/KapitalisInfo\",\"https:\/\/www.youtube.com\/channel\/UC-yDYrHyfFBWWZaOw3FPg9Q\"]},{\"@type\":\"Person\",\"@id\":\"https:\/\/kapitalis.com\/tunisie\/#\/schema\/person\/b35b8d631961131107263178aeb8019e\",\"name\":\"Cherif Benyounes\",\"url\":\"https:\/\/kapitalis.com\/tunisie\/author\/cherif\/\"}]}<\/script>\n<!-- \/ Yoast SEO plugin. -->","yoast_head_json":{"title":"Commercialisation du chocolat Kinder en Tunisie : Les clarifications des minist\u00e8res de la Sant\u00e9 et du Commerce - Kapitalis","robots":{"index":"index","follow":"follow","max-snippet":"max-snippet:-1","max-image-preview":"max-image-preview:large","max-video-preview":"max-video-preview:-1"},"canonical":"https:\/\/kapitalis.com\/tunisie\/2022\/04\/13\/commercialisation-du-chocolat-kinder-en-tunisie-les-clarifications-des-ministeres-de-la-sante-et-du-commerce\/","og_locale":"fr_FR","og_type":"article","og_title":"Commercialisation du chocolat Kinder en Tunisie : Les clarifications des minist\u00e8res de la Sant\u00e9 et du Commerce - Kapitalis","og_description":"Apr\u00e8s la d\u00e9couverte de nombreux cas d&rsquo;intoxication par des salmonelles (une bact\u00e9rie provoquant de violents maux de ventre et de la fi\u00e8vre, dangereuse pour les plus fragiles) en Europe, dus \u00e0 la consommation de certains produits belges de la marque de chocolat Kinder, les minist\u00e8res de la Sant\u00e9 et du Commerce tunisiens ont publi\u00e9 des...","og_url":"https:\/\/kapitalis.com\/tunisie\/2022\/04\/13\/commercialisation-du-chocolat-kinder-en-tunisie-les-clarifications-des-ministeres-de-la-sante-et-du-commerce\/","og_site_name":"Kapitalis","article_publisher":"https:\/\/www.facebook.com\/KapitalisInfo\/","article_published_time":"2022-04-13T14:15:00+00:00","article_modified_time":"2022-04-13T14:35:54+00:00","og_image":[{"url":"http:\/\/kapitalis.com\/tunisie\/wp-content\/uploads\/2016\/07\/Chocolat-Kinder.jpg","type":"","width":"","height":""}],"author":"Cherif Benyounes","twitter_card":"summary_large_image","twitter_creator":"@KapitalisInfo","twitter_site":"@KapitalisInfo","twitter_misc":{"\u00c9crit par":"Cherif Benyounes","Dur\u00e9e de lecture estim\u00e9e":"1 minute"},"schema":{"@context":"https:\/\/schema.org","@graph":[{"@type":"Article","@id":"https:\/\/kapitalis.com\/tunisie\/2022\/04\/13\/commercialisation-du-chocolat-kinder-en-tunisie-les-clarifications-des-ministeres-de-la-sante-et-du-commerce\/#article","isPartOf":{"@id":"https:\/\/kapitalis.com\/tunisie\/2022\/04\/13\/commercialisation-du-chocolat-kinder-en-tunisie-les-clarifications-des-ministeres-de-la-sante-et-du-commerce\/"},"author":{"name":"Cherif Benyounes","@id":"https:\/\/kapitalis.com\/tunisie\/#\/schema\/person\/b35b8d631961131107263178aeb8019e"},"headline":"Commercialisation du chocolat Kinder en Tunisie : Les clarifications des minist\u00e8res de la Sant\u00e9 et du Commerce","datePublished":"2022-04-13T14:15:00+00:00","dateModified":"2022-04-13T14:35:54+00:00","mainEntityOfPage":{"@id":"https:\/\/kapitalis.com\/tunisie\/2022\/04\/13\/commercialisation-du-chocolat-kinder-en-tunisie-les-clarifications-des-ministeres-de-la-sante-et-du-commerce\/"},"wordCount":158,"commentCount":0,"publisher":{"@id":"https:\/\/kapitalis.com\/tunisie\/#organization"},"image":{"@id":"https:\/\/kapitalis.com\/tunisie\/2022\/04\/13\/commercialisation-du-chocolat-kinder-en-tunisie-les-clarifications-des-ministeres-de-la-sante-et-du-commerce\/#primaryimage"},"thumbnailUrl":"http:\/\/kapitalis.com\/tunisie\/wp-content\/uploads\/2016\/07\/Chocolat-Kinder.jpg","keywords":["Belgique","Kinder","salmonelles","Tunisie"],"articleSection":["SOCIETE","Tunisie"],"inLanguage":"fr-FR","potentialAction":[{"@type":"CommentAction","name":"Comment","target":["https:\/\/kapitalis.com\/tunisie\/2022\/04\/13\/commercialisation-du-chocolat-kinder-en-tunisie-les-clarifications-des-ministeres-de-la-sante-et-du-commerce\/#respond"]}]},{"@type":"WebPage","@id":"https:\/\/kapitalis.com\/tunisie\/2022\/04\/13\/commercialisation-du-chocolat-kinder-en-tunisie-les-clarifications-des-ministeres-de-la-sante-et-du-commerce\/","url":"https:\/\/kapitalis.com\/tunisie\/2022\/04\/13\/commercialisation-du-chocolat-kinder-en-tunisie-les-clarifications-des-ministeres-de-la-sante-et-du-commerce\/","name":"Commercialisation du chocolat Kinder en Tunisie : Les clarifications des minist\u00e8res de la Sant\u00e9 et du Commerce - Kapitalis","isPartOf":{"@id":"https:\/\/kapitalis.com\/tunisie\/#website"},"primaryImageOfPage":{"@id":"https:\/\/kapitalis.com\/tunisie\/2022\/04\/13\/commercialisation-du-chocolat-kinder-en-tunisie-les-clarifications-des-ministeres-de-la-sante-et-du-commerce\/#primaryimage"},"image":{"@id":"https:\/\/kapitalis.com\/tunisie\/2022\/04\/13\/commercialisation-du-chocolat-kinder-en-tunisie-les-clarifications-des-ministeres-de-la-sante-et-du-commerce\/#primaryimage"},"thumbnailUrl":"http:\/\/kapitalis.com\/tunisie\/wp-content\/uploads\/2016\/07\/Chocolat-Kinder.jpg","datePublished":"2022-04-13T14:15:00+00:00","dateModified":"2022-04-13T14:35:54+00:00","breadcrumb":{"@id":"https:\/\/kapitalis.com\/tunisie\/2022\/04\/13\/commercialisation-du-chocolat-kinder-en-tunisie-les-clarifications-des-ministeres-de-la-sante-et-du-commerce\/#breadcrumb"},"inLanguage":"fr-FR","potentialAction":[{"@type":"ReadAction","target":["https:\/\/kapitalis.com\/tunisie\/2022\/04\/13\/commercialisation-du-chocolat-kinder-en-tunisie-les-clarifications-des-ministeres-de-la-sante-et-du-commerce\/"]}]},{"@type":"ImageObject","inLanguage":"fr-FR","@id":"https:\/\/kapitalis.com\/tunisie\/2022\/04\/13\/commercialisation-du-chocolat-kinder-en-tunisie-les-clarifications-des-ministeres-de-la-sante-et-du-commerce\/#primaryimage","url":"http:\/\/kapitalis.com\/tunisie\/wp-content\/uploads\/2016\/07\/Chocolat-Kinder.jpg","contentUrl":"http:\/\/kapitalis.com\/tunisie\/wp-content\/uploads\/2016\/07\/Chocolat-Kinder.jpg"},{"@type":"BreadcrumbList","@id":"https:\/\/kapitalis.com\/tunisie\/2022\/04\/13\/commercialisation-du-chocolat-kinder-en-tunisie-les-clarifications-des-ministeres-de-la-sante-et-du-commerce\/#breadcrumb","itemListElement":[{"@type":"ListItem","position":1,"name":"Accueil","item":"https:\/\/kapitalis.com\/tunisie\/"},{"@type":"ListItem","position":2,"name":"Commercialisation du chocolat Kinder en Tunisie : Les clarifications des minist\u00e8res de la Sant\u00e9 et du Commerce"}]},{"@type":"WebSite","@id":"https:\/\/kapitalis.com\/tunisie\/#website","url":"https:\/\/kapitalis.com\/tunisie\/","name":"Kapitalis","description":"L&#039;actualit\u00e9 en Tunisie et dans le monde","publisher":{"@id":"https:\/\/kapitalis.com\/tunisie\/#organization"},"potentialAction":[{"@type":"SearchAction","target":{"@type":"EntryPoint","urlTemplate":"https:\/\/kapitalis.com\/tunisie\/?s={search_term_string}"},"query-input":{"@type":"PropertyValueSpecification","valueRequired":true,"valueName":"search_term_string"}}],"inLanguage":"fr-FR"},{"@type":"Organization","@id":"https:\/\/kapitalis.com\/tunisie\/#organization","name":"Kapitalis","url":"https:\/\/kapitalis.com\/tunisie\/","logo":{"@type":"ImageObject","inLanguage":"fr-FR","@id":"https:\/\/kapitalis.com\/tunisie\/#\/schema\/logo\/image\/","url":"https:\/\/kapitalis.com\/tunisie\/wp-content\/uploads\/2022\/05\/Kapitalis-big-size.png","contentUrl":"https:\/\/kapitalis.com\/tunisie\/wp-content\/uploads\/2022\/05\/Kapitalis-big-size.png","width":5000,"height":1500,"caption":"Kapitalis"},"image":{"@id":"https:\/\/kapitalis.com\/tunisie\/#\/schema\/logo\/image\/"},"sameAs":["https:\/\/www.facebook.com\/KapitalisInfo\/","https:\/\/x.com\/KapitalisInfo","https:\/\/www.youtube.com\/channel\/UC-yDYrHyfFBWWZaOw3FPg9Q"]},{"@type":"Person","@id":"https:\/\/kapitalis.com\/tunisie\/#\/schema\/person\/b35b8d631961131107263178aeb8019e","name":"Cherif Benyounes","url":"https:\/\/kapitalis.com\/tunisie\/author\/cherif\/"}]}},"_links":{"self":[{"href":"https:\/\/kapitalis.com\/tunisie\/wp-json\/wp\/v2\/posts\/387566","targetHints":{"allow":["GET"]}}],"collection":[{"href":"https:\/\/kapitalis.com\/tunisie\/wp-json\/wp\/v2\/posts"}],"about":[{"href":"https:\/\/kapitalis.com\/tunisie\/wp-json\/wp\/v2\/types\/post"}],"author":[{"embeddable":true,"href":"https:\/\/kapitalis.com\/tunisie\/wp-json\/wp\/v2\/users\/24"}],"replies":[{"embeddable":true,"href":"https:\/\/kapitalis.com\/tunisie\/wp-json\/wp\/v2\/comments?post=387566"}],"version-history":[{"count":0,"href":"https:\/\/kapitalis.com\/tunisie\/wp-json\/wp\/v2\/posts\/387566\/revisions"}],"wp:attachment":[{"href":"https:\/\/kapitalis.com\/tunisie\/wp-json\/wp\/v2\/media?parent=387566"}],"wp:term":[{"taxonomy":"category","embeddable":true,"href":"https:\/\/kapitalis.com\/tunisie\/wp-json\/wp\/v2\/categories?post=387566"},{"taxonomy":"post_tag","embeddable":true,"href":"https:\/\/kapitalis.com\/tunisie\/wp-json\/wp\/v2\/tags?post=387566"}],"curies":[{"name":"wp","href":"https:\/\/api.w.org\/{rel}","templated":true}]}}