{"id":387703,"date":"2022-04-14T15:01:58","date_gmt":"2022-04-14T14:01:58","guid":{"rendered":"http:\/\/kapitalis.com\/tunisie\/?p=387703"},"modified":"2022-04-14T15:07:04","modified_gmt":"2022-04-14T14:07:04","slug":"can-2023-la-caf-devoile-tous-les-details","status":"publish","type":"post","link":"https:\/\/kapitalis.com\/tunisie\/2022\/04\/14\/can-2023-la-caf-devoile-tous-les-details\/","title":{"rendered":"CAN 2023 : La CAF d\u00e9voile tous les d\u00e9tails"},"content":{"rendered":"\n<div class=\"wp-block-image\"><figure class=\"aligncenter size-full\"><img decoding=\"async\" src=\"http:\/\/kapitalis.com\/tunisie\/wp-content\/uploads\/2019\/11\/CAF-CAN.jpg\" alt=\"\" class=\"wp-image-253941\"\/><\/figure><\/div>\n\n\n\n<p><strong><em>La Conf\u00e9d\u00e9ration africaine de football (CAF) a d\u00e9voil\u00e9, ce jeudi 14 avril 2022, la date du tirage au sort de la prochaine Coupe d&rsquo;Afrique des nations (CAN), qui se d\u00e9roulera en C\u00f4te d&rsquo;Ivoire, en juin 2023, ainsi que la composition des chapeaux.<\/em><\/strong><\/p>\n\n\n\n<!--more-->\n\n\n\n<p>Le tirage au sort aura lieu le mardi 19 avril \u00e0 18h30\u00a0(heure tunisienne), \u00e0 Johannesburg, en Afrique du Sud.<\/p>\n\n\n\n<p>Au total, 48 \u00e9quipes vont \u00eatre r\u00e9parties dans 12 groupes de 4. Les deux premiers de chaque groupe seront qualifi\u00e9s pour la CAN 2023 sauf en ce qui concerne celui de la C\u00f4te d&rsquo;Ivoire, pays organisateur et automatiquement qualifi\u00e9, o\u00f9 une seule autre nation pourra obtenir son billet.<\/p>\n\n\n\n<p>La Tunisie sera, naturellement, t\u00eate de groupe et \u00e9vitera ainsi quasiment toutes les grosses \u00e9curies africaines, \u00e0 l&rsquo;instar du S\u00e9n\u00e9gal, l&rsquo;Alg\u00e9rie, le Nig\u00e9ria, le Cameroun ou encore le Maroc.<\/p>\n\n\n\n<p>Ci-apr\u00e8s la composition des chapeaux : <\/p>\n\n\n\n<div class=\"wp-block-image\"><figure class=\"aligncenter size-full is-resized\"><img decoding=\"async\" src=\"http:\/\/kapitalis.com\/tunisie\/wp-content\/uploads\/2022\/04\/chapeaux-eliminatoires-can-2023.jpg\" alt=\"\" class=\"wp-image-387710\" width=\"500\"\/><\/figure><\/div>\n\n\n\n<p class=\"has-text-align-right\"><strong>C. B. Y.<\/strong><\/p>\n","protected":false},"excerpt":{"rendered":"<p>La Conf\u00e9d\u00e9ration africaine de football (CAF) a d\u00e9voil\u00e9, ce jeudi 14 avril 2022, la date du tirage au sort de la prochaine Coupe d&rsquo;Afrique des nations (CAN), qui se d\u00e9roulera en C\u00f4te d&rsquo;Ivoire, en juin 2023, ainsi que la composition des chapeaux.<\/p>\n","protected":false},"author":24,"featured_media":387710,"comment_status":"open","ping_status":"open","sticky":false,"template":"","format":"standard","meta":{"footnotes":""},"categories":[999,2433],"tags":[176,98678],"class_list":["post-387703","post","type-post","status-publish","format-standard","has-post-thumbnail","hentry","category-sport","category-tunisie","tag-caf","tag-can-2023"],"yoast_head":"<!-- This site is optimized with the Yoast SEO plugin v26.6 - https:\/\/yoast.com\/wordpress\/plugins\/seo\/ -->\n<title>CAN 2023 : La CAF d\u00e9voile tous les d\u00e9tails - Kapitalis<\/title>\n<meta name=\"robots\" content=\"index, follow, max-snippet:-1, max-image-preview:large, max-video-preview:-1\" \/>\n<link rel=\"canonical\" href=\"https:\/\/kapitalis.com\/tunisie\/2022\/04\/14\/can-2023-la-caf-devoile-tous-les-details\/\" \/>\n<meta property=\"og:locale\" content=\"fr_FR\" \/>\n<meta property=\"og:type\" content=\"article\" \/>\n<meta property=\"og:title\" content=\"CAN 2023 : La CAF d\u00e9voile tous les d\u00e9tails - Kapitalis\" \/>\n<meta property=\"og:description\" content=\"La Conf\u00e9d\u00e9ration africaine de football (CAF) a d\u00e9voil\u00e9, ce jeudi 14 avril 2022, la date du tirage au sort de la prochaine Coupe d&rsquo;Afrique des nations (CAN), qui se d\u00e9roulera en C\u00f4te d&rsquo;Ivoire, en juin 2023, ainsi que la composition des chapeaux.\" \/>\n<meta property=\"og:url\" content=\"https:\/\/kapitalis.com\/tunisie\/2022\/04\/14\/can-2023-la-caf-devoile-tous-les-details\/\" \/>\n<meta property=\"og:site_name\" content=\"Kapitalis\" \/>\n<meta property=\"article:publisher\" content=\"https:\/\/www.facebook.com\/KapitalisInfo\/\" \/>\n<meta property=\"article:published_time\" content=\"2022-04-14T14:01:58+00:00\" \/>\n<meta property=\"article:modified_time\" content=\"2022-04-14T14:07:04+00:00\" \/>\n<meta property=\"og:image\" content=\"https:\/\/kapitalis.com\/tunisie\/wp-content\/uploads\/2022\/05\/kapitalis-logo-fb.png\" \/>\n\t<meta property=\"og:image:width\" content=\"1200\" \/>\n\t<meta property=\"og:image:height\" content=\"630\" \/>\n\t<meta property=\"og:image:type\" content=\"image\/png\" \/>\n<meta name=\"author\" content=\"Cherif Benyounes\" \/>\n<meta name=\"twitter:card\" content=\"summary_large_image\" \/>\n<meta name=\"twitter:creator\" content=\"@KapitalisInfo\" \/>\n<meta name=\"twitter:site\" content=\"@KapitalisInfo\" \/>\n<meta name=\"twitter:label1\" content=\"\u00c9crit par\" \/>\n\t<meta name=\"twitter:data1\" content=\"Cherif Benyounes\" \/>\n\t<meta name=\"twitter:label2\" content=\"Dur\u00e9e de lecture estim\u00e9e\" \/>\n\t<meta name=\"twitter:data2\" content=\"1 minute\" \/>\n<script type=\"application\/ld+json\" class=\"yoast-schema-graph\">{\"@context\":\"https:\/\/schema.org\",\"@graph\":[{\"@type\":\"Article\",\"@id\":\"https:\/\/kapitalis.com\/tunisie\/2022\/04\/14\/can-2023-la-caf-devoile-tous-les-details\/#article\",\"isPartOf\":{\"@id\":\"https:\/\/kapitalis.com\/tunisie\/2022\/04\/14\/can-2023-la-caf-devoile-tous-les-details\/\"},\"author\":{\"name\":\"Cherif Benyounes\",\"@id\":\"https:\/\/kapitalis.com\/tunisie\/#\/schema\/person\/b35b8d631961131107263178aeb8019e\"},\"headline\":\"CAN 2023 : La CAF d\u00e9voile tous les d\u00e9tails\",\"datePublished\":\"2022-04-14T14:01:58+00:00\",\"dateModified\":\"2022-04-14T14:07:04+00:00\",\"mainEntityOfPage\":{\"@id\":\"https:\/\/kapitalis.com\/tunisie\/2022\/04\/14\/can-2023-la-caf-devoile-tous-les-details\/\"},\"wordCount\":159,\"commentCount\":0,\"publisher\":{\"@id\":\"https:\/\/kapitalis.com\/tunisie\/#organization\"},\"image\":{\"@id\":\"https:\/\/kapitalis.com\/tunisie\/2022\/04\/14\/can-2023-la-caf-devoile-tous-les-details\/#primaryimage\"},\"thumbnailUrl\":\"\",\"keywords\":[\"CAF\",\"CAN 2023\"],\"articleSection\":[\"SPORT\",\"Tunisie\"],\"inLanguage\":\"fr-FR\",\"potentialAction\":[{\"@type\":\"CommentAction\",\"name\":\"Comment\",\"target\":[\"https:\/\/kapitalis.com\/tunisie\/2022\/04\/14\/can-2023-la-caf-devoile-tous-les-details\/#respond\"]}]},{\"@type\":\"WebPage\",\"@id\":\"https:\/\/kapitalis.com\/tunisie\/2022\/04\/14\/can-2023-la-caf-devoile-tous-les-details\/\",\"url\":\"https:\/\/kapitalis.com\/tunisie\/2022\/04\/14\/can-2023-la-caf-devoile-tous-les-details\/\",\"name\":\"CAN 2023 : La CAF d\u00e9voile tous les d\u00e9tails - Kapitalis\",\"isPartOf\":{\"@id\":\"https:\/\/kapitalis.com\/tunisie\/#website\"},\"primaryImageOfPage\":{\"@id\":\"https:\/\/kapitalis.com\/tunisie\/2022\/04\/14\/can-2023-la-caf-devoile-tous-les-details\/#primaryimage\"},\"image\":{\"@id\":\"https:\/\/kapitalis.com\/tunisie\/2022\/04\/14\/can-2023-la-caf-devoile-tous-les-details\/#primaryimage\"},\"thumbnailUrl\":\"\",\"datePublished\":\"2022-04-14T14:01:58+00:00\",\"dateModified\":\"2022-04-14T14:07:04+00:00\",\"breadcrumb\":{\"@id\":\"https:\/\/kapitalis.com\/tunisie\/2022\/04\/14\/can-2023-la-caf-devoile-tous-les-details\/#breadcrumb\"},\"inLanguage\":\"fr-FR\",\"potentialAction\":[{\"@type\":\"ReadAction\",\"target\":[\"https:\/\/kapitalis.com\/tunisie\/2022\/04\/14\/can-2023-la-caf-devoile-tous-les-details\/\"]}]},{\"@type\":\"ImageObject\",\"inLanguage\":\"fr-FR\",\"@id\":\"https:\/\/kapitalis.com\/tunisie\/2022\/04\/14\/can-2023-la-caf-devoile-tous-les-details\/#primaryimage\",\"url\":\"\",\"contentUrl\":\"\"},{\"@type\":\"BreadcrumbList\",\"@id\":\"https:\/\/kapitalis.com\/tunisie\/2022\/04\/14\/can-2023-la-caf-devoile-tous-les-details\/#breadcrumb\",\"itemListElement\":[{\"@type\":\"ListItem\",\"position\":1,\"name\":\"Accueil\",\"item\":\"https:\/\/kapitalis.com\/tunisie\/\"},{\"@type\":\"ListItem\",\"position\":2,\"name\":\"CAN 2023 : La CAF d\u00e9voile tous les d\u00e9tails\"}]},{\"@type\":\"WebSite\",\"@id\":\"https:\/\/kapitalis.com\/tunisie\/#website\",\"url\":\"https:\/\/kapitalis.com\/tunisie\/\",\"name\":\"Kapitalis\",\"description\":\"L&#039;actualit\u00e9 en Tunisie et dans le monde\",\"publisher\":{\"@id\":\"https:\/\/kapitalis.com\/tunisie\/#organization\"},\"potentialAction\":[{\"@type\":\"SearchAction\",\"target\":{\"@type\":\"EntryPoint\",\"urlTemplate\":\"https:\/\/kapitalis.com\/tunisie\/?s={search_term_string}\"},\"query-input\":{\"@type\":\"PropertyValueSpecification\",\"valueRequired\":true,\"valueName\":\"search_term_string\"}}],\"inLanguage\":\"fr-FR\"},{\"@type\":\"Organization\",\"@id\":\"https:\/\/kapitalis.com\/tunisie\/#organization\",\"name\":\"Kapitalis\",\"url\":\"https:\/\/kapitalis.com\/tunisie\/\",\"logo\":{\"@type\":\"ImageObject\",\"inLanguage\":\"fr-FR\",\"@id\":\"https:\/\/kapitalis.com\/tunisie\/#\/schema\/logo\/image\/\",\"url\":\"https:\/\/kapitalis.com\/tunisie\/wp-content\/uploads\/2022\/05\/Kapitalis-big-size.png\",\"contentUrl\":\"https:\/\/kapitalis.com\/tunisie\/wp-content\/uploads\/2022\/05\/Kapitalis-big-size.png\",\"width\":5000,\"height\":1500,\"caption\":\"Kapitalis\"},\"image\":{\"@id\":\"https:\/\/kapitalis.com\/tunisie\/#\/schema\/logo\/image\/\"},\"sameAs\":[\"https:\/\/www.facebook.com\/KapitalisInfo\/\",\"https:\/\/x.com\/KapitalisInfo\",\"https:\/\/www.youtube.com\/channel\/UC-yDYrHyfFBWWZaOw3FPg9Q\"]},{\"@type\":\"Person\",\"@id\":\"https:\/\/kapitalis.com\/tunisie\/#\/schema\/person\/b35b8d631961131107263178aeb8019e\",\"name\":\"Cherif Benyounes\",\"url\":\"https:\/\/kapitalis.com\/tunisie\/author\/cherif\/\"}]}<\/script>\n<!-- \/ Yoast SEO plugin. -->","yoast_head_json":{"title":"CAN 2023 : La CAF d\u00e9voile tous les d\u00e9tails - Kapitalis","robots":{"index":"index","follow":"follow","max-snippet":"max-snippet:-1","max-image-preview":"max-image-preview:large","max-video-preview":"max-video-preview:-1"},"canonical":"https:\/\/kapitalis.com\/tunisie\/2022\/04\/14\/can-2023-la-caf-devoile-tous-les-details\/","og_locale":"fr_FR","og_type":"article","og_title":"CAN 2023 : La CAF d\u00e9voile tous les d\u00e9tails - Kapitalis","og_description":"La Conf\u00e9d\u00e9ration africaine de football (CAF) a d\u00e9voil\u00e9, ce jeudi 14 avril 2022, la date du tirage au sort de la prochaine Coupe d&rsquo;Afrique des nations (CAN), qui se d\u00e9roulera en C\u00f4te d&rsquo;Ivoire, en juin 2023, ainsi que la composition des chapeaux.","og_url":"https:\/\/kapitalis.com\/tunisie\/2022\/04\/14\/can-2023-la-caf-devoile-tous-les-details\/","og_site_name":"Kapitalis","article_publisher":"https:\/\/www.facebook.com\/KapitalisInfo\/","article_published_time":"2022-04-14T14:01:58+00:00","article_modified_time":"2022-04-14T14:07:04+00:00","og_image":[{"width":1200,"height":630,"url":"https:\/\/kapitalis.com\/tunisie\/wp-content\/uploads\/2022\/05\/kapitalis-logo-fb.png","type":"image\/png"}],"author":"Cherif Benyounes","twitter_card":"summary_large_image","twitter_creator":"@KapitalisInfo","twitter_site":"@KapitalisInfo","twitter_misc":{"\u00c9crit par":"Cherif Benyounes","Dur\u00e9e de lecture estim\u00e9e":"1 minute"},"schema":{"@context":"https:\/\/schema.org","@graph":[{"@type":"Article","@id":"https:\/\/kapitalis.com\/tunisie\/2022\/04\/14\/can-2023-la-caf-devoile-tous-les-details\/#article","isPartOf":{"@id":"https:\/\/kapitalis.com\/tunisie\/2022\/04\/14\/can-2023-la-caf-devoile-tous-les-details\/"},"author":{"name":"Cherif Benyounes","@id":"https:\/\/kapitalis.com\/tunisie\/#\/schema\/person\/b35b8d631961131107263178aeb8019e"},"headline":"CAN 2023 : La CAF d\u00e9voile tous les d\u00e9tails","datePublished":"2022-04-14T14:01:58+00:00","dateModified":"2022-04-14T14:07:04+00:00","mainEntityOfPage":{"@id":"https:\/\/kapitalis.com\/tunisie\/2022\/04\/14\/can-2023-la-caf-devoile-tous-les-details\/"},"wordCount":159,"commentCount":0,"publisher":{"@id":"https:\/\/kapitalis.com\/tunisie\/#organization"},"image":{"@id":"https:\/\/kapitalis.com\/tunisie\/2022\/04\/14\/can-2023-la-caf-devoile-tous-les-details\/#primaryimage"},"thumbnailUrl":"","keywords":["CAF","CAN 2023"],"articleSection":["SPORT","Tunisie"],"inLanguage":"fr-FR","potentialAction":[{"@type":"CommentAction","name":"Comment","target":["https:\/\/kapitalis.com\/tunisie\/2022\/04\/14\/can-2023-la-caf-devoile-tous-les-details\/#respond"]}]},{"@type":"WebPage","@id":"https:\/\/kapitalis.com\/tunisie\/2022\/04\/14\/can-2023-la-caf-devoile-tous-les-details\/","url":"https:\/\/kapitalis.com\/tunisie\/2022\/04\/14\/can-2023-la-caf-devoile-tous-les-details\/","name":"CAN 2023 : La CAF d\u00e9voile tous les d\u00e9tails - Kapitalis","isPartOf":{"@id":"https:\/\/kapitalis.com\/tunisie\/#website"},"primaryImageOfPage":{"@id":"https:\/\/kapitalis.com\/tunisie\/2022\/04\/14\/can-2023-la-caf-devoile-tous-les-details\/#primaryimage"},"image":{"@id":"https:\/\/kapitalis.com\/tunisie\/2022\/04\/14\/can-2023-la-caf-devoile-tous-les-details\/#primaryimage"},"thumbnailUrl":"","datePublished":"2022-04-14T14:01:58+00:00","dateModified":"2022-04-14T14:07:04+00:00","breadcrumb":{"@id":"https:\/\/kapitalis.com\/tunisie\/2022\/04\/14\/can-2023-la-caf-devoile-tous-les-details\/#breadcrumb"},"inLanguage":"fr-FR","potentialAction":[{"@type":"ReadAction","target":["https:\/\/kapitalis.com\/tunisie\/2022\/04\/14\/can-2023-la-caf-devoile-tous-les-details\/"]}]},{"@type":"ImageObject","inLanguage":"fr-FR","@id":"https:\/\/kapitalis.com\/tunisie\/2022\/04\/14\/can-2023-la-caf-devoile-tous-les-details\/#primaryimage","url":"","contentUrl":""},{"@type":"BreadcrumbList","@id":"https:\/\/kapitalis.com\/tunisie\/2022\/04\/14\/can-2023-la-caf-devoile-tous-les-details\/#breadcrumb","itemListElement":[{"@type":"ListItem","position":1,"name":"Accueil","item":"https:\/\/kapitalis.com\/tunisie\/"},{"@type":"ListItem","position":2,"name":"CAN 2023 : La CAF d\u00e9voile tous les d\u00e9tails"}]},{"@type":"WebSite","@id":"https:\/\/kapitalis.com\/tunisie\/#website","url":"https:\/\/kapitalis.com\/tunisie\/","name":"Kapitalis","description":"L&#039;actualit\u00e9 en Tunisie et dans le monde","publisher":{"@id":"https:\/\/kapitalis.com\/tunisie\/#organization"},"potentialAction":[{"@type":"SearchAction","target":{"@type":"EntryPoint","urlTemplate":"https:\/\/kapitalis.com\/tunisie\/?s={search_term_string}"},"query-input":{"@type":"PropertyValueSpecification","valueRequired":true,"valueName":"search_term_string"}}],"inLanguage":"fr-FR"},{"@type":"Organization","@id":"https:\/\/kapitalis.com\/tunisie\/#organization","name":"Kapitalis","url":"https:\/\/kapitalis.com\/tunisie\/","logo":{"@type":"ImageObject","inLanguage":"fr-FR","@id":"https:\/\/kapitalis.com\/tunisie\/#\/schema\/logo\/image\/","url":"https:\/\/kapitalis.com\/tunisie\/wp-content\/uploads\/2022\/05\/Kapitalis-big-size.png","contentUrl":"https:\/\/kapitalis.com\/tunisie\/wp-content\/uploads\/2022\/05\/Kapitalis-big-size.png","width":5000,"height":1500,"caption":"Kapitalis"},"image":{"@id":"https:\/\/kapitalis.com\/tunisie\/#\/schema\/logo\/image\/"},"sameAs":["https:\/\/www.facebook.com\/KapitalisInfo\/","https:\/\/x.com\/KapitalisInfo","https:\/\/www.youtube.com\/channel\/UC-yDYrHyfFBWWZaOw3FPg9Q"]},{"@type":"Person","@id":"https:\/\/kapitalis.com\/tunisie\/#\/schema\/person\/b35b8d631961131107263178aeb8019e","name":"Cherif Benyounes","url":"https:\/\/kapitalis.com\/tunisie\/author\/cherif\/"}]}},"_links":{"self":[{"href":"https:\/\/kapitalis.com\/tunisie\/wp-json\/wp\/v2\/posts\/387703","targetHints":{"allow":["GET"]}}],"collection":[{"href":"https:\/\/kapitalis.com\/tunisie\/wp-json\/wp\/v2\/posts"}],"about":[{"href":"https:\/\/kapitalis.com\/tunisie\/wp-json\/wp\/v2\/types\/post"}],"author":[{"embeddable":true,"href":"https:\/\/kapitalis.com\/tunisie\/wp-json\/wp\/v2\/users\/24"}],"replies":[{"embeddable":true,"href":"https:\/\/kapitalis.com\/tunisie\/wp-json\/wp\/v2\/comments?post=387703"}],"version-history":[{"count":0,"href":"https:\/\/kapitalis.com\/tunisie\/wp-json\/wp\/v2\/posts\/387703\/revisions"}],"wp:featuredmedia":[{"embeddable":true,"href":"https:\/\/kapitalis.com\/tunisie\/wp-json\/wp\/v2\/media\/387710"}],"wp:attachment":[{"href":"https:\/\/kapitalis.com\/tunisie\/wp-json\/wp\/v2\/media?parent=387703"}],"wp:term":[{"taxonomy":"category","embeddable":true,"href":"https:\/\/kapitalis.com\/tunisie\/wp-json\/wp\/v2\/categories?post=387703"},{"taxonomy":"post_tag","embeddable":true,"href":"https:\/\/kapitalis.com\/tunisie\/wp-json\/wp\/v2\/tags?post=387703"}],"curies":[{"name":"wp","href":"https:\/\/api.w.org\/{rel}","templated":true}]}}