{"id":387882,"date":"2022-04-16T13:04:52","date_gmt":"2022-04-16T12:04:52","guid":{"rendered":"http:\/\/kapitalis.com\/tunisie\/?p=387882"},"modified":"2022-04-16T13:08:21","modified_gmt":"2022-04-16T12:08:21","slug":"tunisie-jaouhar-ben-mabrek-ne-sencombre-pas-de-nuances","status":"publish","type":"post","link":"https:\/\/kapitalis.com\/tunisie\/2022\/04\/16\/tunisie-jaouhar-ben-mabrek-ne-sencombre-pas-de-nuances\/","title":{"rendered":"Tunisie : Jaouhar Ben Mabrek ne s&rsquo;encombre pas de nuances"},"content":{"rendered":"\n<div class=\"wp-block-image\"><figure class=\"aligncenter size-full\"><img decoding=\"async\" src=\"http:\/\/kapitalis.com\/tunisie\/wp-content\/uploads\/2019\/09\/Jaouhar-Ben-Mbarek-Kais-Sa\u00efed.jpg\" alt=\"\" class=\"wp-image-240165\"\/><\/figure><\/div>\n\n\n\n<p><strong><em>L&rsquo;activiste politique Jaouhar Ben Mbarek, l&rsquo;un des initiateurs du mouvement Citoyens contre le coup d&rsquo;Etat, oppos\u00e9 aux mesures exceptionnelles proclam\u00e9es par le pr\u00e9sident de la r\u00e9publique Ka\u00efs Sa\u00efed, n&rsquo;aime pas les demi-mesures et ne s&rsquo;encombre pas de nuances.<\/em><\/strong><\/p>\n\n\n\n<!--more-->\n\n\n\n<p>Dans un post publi\u00e9 sur sa page Facebook aujourd&rsquo;hui, samedi 16 avril 2022, il persiste et signe et pousse d&rsquo;un cran son rejet de ce qu&rsquo;il qualifie <em>\u00abla tyrannie\u00bb.<\/em><\/p>\n\n\n\n<p><em>\u00abJe ne m&rsquo;oppose pas au r\u00e9gime de Ka\u00efs Sa\u00efed; je le rejette totalement et absolument. C&rsquo;est ainsi que la morale nous dicte de traiter avec les coups d&rsquo;Etat. Arrondir les angles n&rsquo;est qu&rsquo;une man\u0153uvre pour se positionner dans l&rsquo;ill\u00e9gitimit\u00e9 et une contribution active au maintien de la tyrannie\u00bb<\/em>, \u00e9crit-il, insensible aux critiques acerbes dont il fait l&rsquo;objet pour son alliance avec le mouvement islamiste Ennahdha et son pr\u00e9sident Rached Ghannouchi, que les mesures exceptionnelles de M. Sa\u00efed ont \u00e9ject\u00e9s du pouvoir, au grand bonheur d&rsquo;une grande majorit\u00e9 de Tunisiens, qui ont accueilli avec un ouf de soulagement le limogeage d&rsquo;un gouvernement et la dissolution d&rsquo;un parlement qu&rsquo;ils accusent de tous les maux dont la Tunisie est malade aujourd&rsquo;hui.<\/p>\n\n\n\n<p>Ce n&rsquo;est pas l&rsquo;avis de M. Ben Mbarek, qui n&rsquo;avait jamais manifest\u00e9 son opposition au r\u00e9gime autoritaire de Zine El-Abidine Ben Ali et qui, aujourd&rsquo;hui, se prend pour un grand combattant des droits et des libert\u00e9s.<\/p>\n\n\n\n<p>Qu&rsquo;il est loin le temps o\u00f9 le professeur de droit affichait son soutien inconditionnel \u00e0 Ka\u00efs Sa\u00efed et exprimait tapageusement sa joie pour le succ\u00e8s de ce dernier au second tour de la pr\u00e9sidentielle de 2019&nbsp;!<\/p>\n\n\n\n<p>Les mauvaises langues expliquent sa soudaine m\u00e9tamorphose par son attente d\u00e9\u00e7ue d&rsquo;un poste qui n&rsquo;est pas venu.<\/p>\n\n\n\n<p class=\"has-text-align-right\"><strong>I. B.<\/strong><\/p>\n","protected":false},"excerpt":{"rendered":"<p>L&rsquo;activiste politique Jaouhar Ben Mbarek, l&rsquo;un des initiateurs du mouvement Citoyens contre le coup d&rsquo;Etat, oppos\u00e9 aux mesures exceptionnelles proclam\u00e9es par le pr\u00e9sident de la r\u00e9publique Ka\u00efs Sa\u00efed, n&rsquo;aime pas les demi-mesures et ne s&rsquo;encombre pas de nuances.<\/p>\n","protected":false},"author":8,"featured_media":0,"comment_status":"open","ping_status":"open","sticky":false,"template":"","format":"standard","meta":{"footnotes":""},"categories":[997,2433],"tags":[95834,49543,71402,76012,98973,62643],"class_list":["post-387882","post","type-post","status-publish","format-standard","hentry","category-politique","category-tunisie","tag-citoyens-contre-le-coup-detat-2","tag-ennahdha","tag-jaouhar-ben-mbarek","tag-kais-saied-2","tag-rached-channouchi","tag-tunisie"],"yoast_head":"<!-- This site is optimized with the Yoast SEO plugin v26.6 - https:\/\/yoast.com\/wordpress\/plugins\/seo\/ -->\n<title>Tunisie : Jaouhar Ben Mabrek ne s&#039;encombre pas de nuances - Kapitalis<\/title>\n<meta name=\"robots\" content=\"index, follow, max-snippet:-1, max-image-preview:large, max-video-preview:-1\" \/>\n<link rel=\"canonical\" href=\"https:\/\/kapitalis.com\/tunisie\/2022\/04\/16\/tunisie-jaouhar-ben-mabrek-ne-sencombre-pas-de-nuances\/\" \/>\n<meta property=\"og:locale\" content=\"fr_FR\" \/>\n<meta property=\"og:type\" content=\"article\" \/>\n<meta property=\"og:title\" content=\"Tunisie : Jaouhar Ben Mabrek ne s&#039;encombre pas de nuances - Kapitalis\" \/>\n<meta property=\"og:description\" content=\"L&rsquo;activiste politique Jaouhar Ben Mbarek, l&rsquo;un des initiateurs du mouvement Citoyens contre le coup d&rsquo;Etat, oppos\u00e9 aux mesures exceptionnelles proclam\u00e9es par le pr\u00e9sident de la r\u00e9publique Ka\u00efs Sa\u00efed, n&rsquo;aime pas les demi-mesures et ne s&rsquo;encombre pas de nuances.\" \/>\n<meta property=\"og:url\" content=\"https:\/\/kapitalis.com\/tunisie\/2022\/04\/16\/tunisie-jaouhar-ben-mabrek-ne-sencombre-pas-de-nuances\/\" \/>\n<meta property=\"og:site_name\" content=\"Kapitalis\" \/>\n<meta property=\"article:publisher\" content=\"https:\/\/www.facebook.com\/KapitalisInfo\/\" \/>\n<meta property=\"article:published_time\" content=\"2022-04-16T12:04:52+00:00\" \/>\n<meta property=\"article:modified_time\" content=\"2022-04-16T12:08:21+00:00\" \/>\n<meta property=\"og:image\" content=\"https:\/\/kapitalis.com\/tunisie\/wp-content\/uploads\/2022\/05\/kapitalis-logo-fb.png\" \/>\n\t<meta property=\"og:image:width\" content=\"1200\" \/>\n\t<meta property=\"og:image:height\" content=\"630\" \/>\n\t<meta property=\"og:image:type\" content=\"image\/png\" \/>\n<meta name=\"author\" content=\"webmaster kapitalis\" \/>\n<meta name=\"twitter:card\" content=\"summary_large_image\" \/>\n<meta name=\"twitter:creator\" content=\"@KapitalisInfo\" \/>\n<meta name=\"twitter:site\" content=\"@KapitalisInfo\" \/>\n<meta name=\"twitter:label1\" content=\"\u00c9crit par\" \/>\n\t<meta name=\"twitter:data1\" content=\"webmaster kapitalis\" \/>\n\t<meta name=\"twitter:label2\" content=\"Dur\u00e9e de lecture estim\u00e9e\" \/>\n\t<meta name=\"twitter:data2\" content=\"1 minute\" \/>\n<script type=\"application\/ld+json\" class=\"yoast-schema-graph\">{\"@context\":\"https:\/\/schema.org\",\"@graph\":[{\"@type\":\"Article\",\"@id\":\"https:\/\/kapitalis.com\/tunisie\/2022\/04\/16\/tunisie-jaouhar-ben-mabrek-ne-sencombre-pas-de-nuances\/#article\",\"isPartOf\":{\"@id\":\"https:\/\/kapitalis.com\/tunisie\/2022\/04\/16\/tunisie-jaouhar-ben-mabrek-ne-sencombre-pas-de-nuances\/\"},\"author\":{\"name\":\"webmaster kapitalis\",\"@id\":\"https:\/\/kapitalis.com\/tunisie\/#\/schema\/person\/d71f33a9ca44f7bad4698210b480c8e9\"},\"headline\":\"Tunisie : Jaouhar Ben Mabrek ne s&rsquo;encombre pas de nuances\",\"datePublished\":\"2022-04-16T12:04:52+00:00\",\"dateModified\":\"2022-04-16T12:08:21+00:00\",\"mainEntityOfPage\":{\"@id\":\"https:\/\/kapitalis.com\/tunisie\/2022\/04\/16\/tunisie-jaouhar-ben-mabrek-ne-sencombre-pas-de-nuances\/\"},\"wordCount\":303,\"commentCount\":13,\"publisher\":{\"@id\":\"https:\/\/kapitalis.com\/tunisie\/#organization\"},\"keywords\":[\"Citoyens contre le coup d\u2019\u00c9tat\",\"Ennahdha\",\"jaouhar ben mbarek\",\"Ka\u00efs Sa\u00efed\",\"Rached Channouchi\",\"Tunisie\"],\"articleSection\":[\"POLITIQUE\",\"Tunisie\"],\"inLanguage\":\"fr-FR\",\"potentialAction\":[{\"@type\":\"CommentAction\",\"name\":\"Comment\",\"target\":[\"https:\/\/kapitalis.com\/tunisie\/2022\/04\/16\/tunisie-jaouhar-ben-mabrek-ne-sencombre-pas-de-nuances\/#respond\"]}]},{\"@type\":\"WebPage\",\"@id\":\"https:\/\/kapitalis.com\/tunisie\/2022\/04\/16\/tunisie-jaouhar-ben-mabrek-ne-sencombre-pas-de-nuances\/\",\"url\":\"https:\/\/kapitalis.com\/tunisie\/2022\/04\/16\/tunisie-jaouhar-ben-mabrek-ne-sencombre-pas-de-nuances\/\",\"name\":\"Tunisie : Jaouhar Ben Mabrek ne s'encombre pas de nuances - Kapitalis\",\"isPartOf\":{\"@id\":\"https:\/\/kapitalis.com\/tunisie\/#website\"},\"datePublished\":\"2022-04-16T12:04:52+00:00\",\"dateModified\":\"2022-04-16T12:08:21+00:00\",\"breadcrumb\":{\"@id\":\"https:\/\/kapitalis.com\/tunisie\/2022\/04\/16\/tunisie-jaouhar-ben-mabrek-ne-sencombre-pas-de-nuances\/#breadcrumb\"},\"inLanguage\":\"fr-FR\",\"potentialAction\":[{\"@type\":\"ReadAction\",\"target\":[\"https:\/\/kapitalis.com\/tunisie\/2022\/04\/16\/tunisie-jaouhar-ben-mabrek-ne-sencombre-pas-de-nuances\/\"]}]},{\"@type\":\"BreadcrumbList\",\"@id\":\"https:\/\/kapitalis.com\/tunisie\/2022\/04\/16\/tunisie-jaouhar-ben-mabrek-ne-sencombre-pas-de-nuances\/#breadcrumb\",\"itemListElement\":[{\"@type\":\"ListItem\",\"position\":1,\"name\":\"Accueil\",\"item\":\"https:\/\/kapitalis.com\/tunisie\/\"},{\"@type\":\"ListItem\",\"position\":2,\"name\":\"Tunisie : Jaouhar Ben Mabrek ne s&rsquo;encombre pas de nuances\"}]},{\"@type\":\"WebSite\",\"@id\":\"https:\/\/kapitalis.com\/tunisie\/#website\",\"url\":\"https:\/\/kapitalis.com\/tunisie\/\",\"name\":\"Kapitalis\",\"description\":\"L&#039;actualit\u00e9 en Tunisie et dans le monde\",\"publisher\":{\"@id\":\"https:\/\/kapitalis.com\/tunisie\/#organization\"},\"potentialAction\":[{\"@type\":\"SearchAction\",\"target\":{\"@type\":\"EntryPoint\",\"urlTemplate\":\"https:\/\/kapitalis.com\/tunisie\/?s={search_term_string}\"},\"query-input\":{\"@type\":\"PropertyValueSpecification\",\"valueRequired\":true,\"valueName\":\"search_term_string\"}}],\"inLanguage\":\"fr-FR\"},{\"@type\":\"Organization\",\"@id\":\"https:\/\/kapitalis.com\/tunisie\/#organization\",\"name\":\"Kapitalis\",\"url\":\"https:\/\/kapitalis.com\/tunisie\/\",\"logo\":{\"@type\":\"ImageObject\",\"inLanguage\":\"fr-FR\",\"@id\":\"https:\/\/kapitalis.com\/tunisie\/#\/schema\/logo\/image\/\",\"url\":\"https:\/\/kapitalis.com\/tunisie\/wp-content\/uploads\/2022\/05\/Kapitalis-big-size.png\",\"contentUrl\":\"https:\/\/kapitalis.com\/tunisie\/wp-content\/uploads\/2022\/05\/Kapitalis-big-size.png\",\"width\":5000,\"height\":1500,\"caption\":\"Kapitalis\"},\"image\":{\"@id\":\"https:\/\/kapitalis.com\/tunisie\/#\/schema\/logo\/image\/\"},\"sameAs\":[\"https:\/\/www.facebook.com\/KapitalisInfo\/\",\"https:\/\/x.com\/KapitalisInfo\",\"https:\/\/www.youtube.com\/channel\/UC-yDYrHyfFBWWZaOw3FPg9Q\"]},{\"@type\":\"Person\",\"@id\":\"https:\/\/kapitalis.com\/tunisie\/#\/schema\/person\/d71f33a9ca44f7bad4698210b480c8e9\",\"name\":\"webmaster kapitalis\",\"url\":\"https:\/\/kapitalis.com\/tunisie\/author\/webmaster-kapitalis\/\"}]}<\/script>\n<!-- \/ Yoast SEO plugin. -->","yoast_head_json":{"title":"Tunisie : Jaouhar Ben Mabrek ne s'encombre pas de nuances - Kapitalis","robots":{"index":"index","follow":"follow","max-snippet":"max-snippet:-1","max-image-preview":"max-image-preview:large","max-video-preview":"max-video-preview:-1"},"canonical":"https:\/\/kapitalis.com\/tunisie\/2022\/04\/16\/tunisie-jaouhar-ben-mabrek-ne-sencombre-pas-de-nuances\/","og_locale":"fr_FR","og_type":"article","og_title":"Tunisie : Jaouhar Ben Mabrek ne s'encombre pas de nuances - Kapitalis","og_description":"L&rsquo;activiste politique Jaouhar Ben Mbarek, l&rsquo;un des initiateurs du mouvement Citoyens contre le coup d&rsquo;Etat, oppos\u00e9 aux mesures exceptionnelles proclam\u00e9es par le pr\u00e9sident de la r\u00e9publique Ka\u00efs Sa\u00efed, n&rsquo;aime pas les demi-mesures et ne s&rsquo;encombre pas de nuances.","og_url":"https:\/\/kapitalis.com\/tunisie\/2022\/04\/16\/tunisie-jaouhar-ben-mabrek-ne-sencombre-pas-de-nuances\/","og_site_name":"Kapitalis","article_publisher":"https:\/\/www.facebook.com\/KapitalisInfo\/","article_published_time":"2022-04-16T12:04:52+00:00","article_modified_time":"2022-04-16T12:08:21+00:00","og_image":[{"width":1200,"height":630,"url":"https:\/\/kapitalis.com\/tunisie\/wp-content\/uploads\/2022\/05\/kapitalis-logo-fb.png","type":"image\/png"}],"author":"webmaster kapitalis","twitter_card":"summary_large_image","twitter_creator":"@KapitalisInfo","twitter_site":"@KapitalisInfo","twitter_misc":{"\u00c9crit par":"webmaster kapitalis","Dur\u00e9e de lecture estim\u00e9e":"1 minute"},"schema":{"@context":"https:\/\/schema.org","@graph":[{"@type":"Article","@id":"https:\/\/kapitalis.com\/tunisie\/2022\/04\/16\/tunisie-jaouhar-ben-mabrek-ne-sencombre-pas-de-nuances\/#article","isPartOf":{"@id":"https:\/\/kapitalis.com\/tunisie\/2022\/04\/16\/tunisie-jaouhar-ben-mabrek-ne-sencombre-pas-de-nuances\/"},"author":{"name":"webmaster kapitalis","@id":"https:\/\/kapitalis.com\/tunisie\/#\/schema\/person\/d71f33a9ca44f7bad4698210b480c8e9"},"headline":"Tunisie : Jaouhar Ben Mabrek ne s&rsquo;encombre pas de nuances","datePublished":"2022-04-16T12:04:52+00:00","dateModified":"2022-04-16T12:08:21+00:00","mainEntityOfPage":{"@id":"https:\/\/kapitalis.com\/tunisie\/2022\/04\/16\/tunisie-jaouhar-ben-mabrek-ne-sencombre-pas-de-nuances\/"},"wordCount":303,"commentCount":13,"publisher":{"@id":"https:\/\/kapitalis.com\/tunisie\/#organization"},"keywords":["Citoyens contre le coup d\u2019\u00c9tat","Ennahdha","jaouhar ben mbarek","Ka\u00efs Sa\u00efed","Rached Channouchi","Tunisie"],"articleSection":["POLITIQUE","Tunisie"],"inLanguage":"fr-FR","potentialAction":[{"@type":"CommentAction","name":"Comment","target":["https:\/\/kapitalis.com\/tunisie\/2022\/04\/16\/tunisie-jaouhar-ben-mabrek-ne-sencombre-pas-de-nuances\/#respond"]}]},{"@type":"WebPage","@id":"https:\/\/kapitalis.com\/tunisie\/2022\/04\/16\/tunisie-jaouhar-ben-mabrek-ne-sencombre-pas-de-nuances\/","url":"https:\/\/kapitalis.com\/tunisie\/2022\/04\/16\/tunisie-jaouhar-ben-mabrek-ne-sencombre-pas-de-nuances\/","name":"Tunisie : Jaouhar Ben Mabrek ne s'encombre pas de nuances - Kapitalis","isPartOf":{"@id":"https:\/\/kapitalis.com\/tunisie\/#website"},"datePublished":"2022-04-16T12:04:52+00:00","dateModified":"2022-04-16T12:08:21+00:00","breadcrumb":{"@id":"https:\/\/kapitalis.com\/tunisie\/2022\/04\/16\/tunisie-jaouhar-ben-mabrek-ne-sencombre-pas-de-nuances\/#breadcrumb"},"inLanguage":"fr-FR","potentialAction":[{"@type":"ReadAction","target":["https:\/\/kapitalis.com\/tunisie\/2022\/04\/16\/tunisie-jaouhar-ben-mabrek-ne-sencombre-pas-de-nuances\/"]}]},{"@type":"BreadcrumbList","@id":"https:\/\/kapitalis.com\/tunisie\/2022\/04\/16\/tunisie-jaouhar-ben-mabrek-ne-sencombre-pas-de-nuances\/#breadcrumb","itemListElement":[{"@type":"ListItem","position":1,"name":"Accueil","item":"https:\/\/kapitalis.com\/tunisie\/"},{"@type":"ListItem","position":2,"name":"Tunisie : Jaouhar Ben Mabrek ne s&rsquo;encombre pas de nuances"}]},{"@type":"WebSite","@id":"https:\/\/kapitalis.com\/tunisie\/#website","url":"https:\/\/kapitalis.com\/tunisie\/","name":"Kapitalis","description":"L&#039;actualit\u00e9 en Tunisie et dans le monde","publisher":{"@id":"https:\/\/kapitalis.com\/tunisie\/#organization"},"potentialAction":[{"@type":"SearchAction","target":{"@type":"EntryPoint","urlTemplate":"https:\/\/kapitalis.com\/tunisie\/?s={search_term_string}"},"query-input":{"@type":"PropertyValueSpecification","valueRequired":true,"valueName":"search_term_string"}}],"inLanguage":"fr-FR"},{"@type":"Organization","@id":"https:\/\/kapitalis.com\/tunisie\/#organization","name":"Kapitalis","url":"https:\/\/kapitalis.com\/tunisie\/","logo":{"@type":"ImageObject","inLanguage":"fr-FR","@id":"https:\/\/kapitalis.com\/tunisie\/#\/schema\/logo\/image\/","url":"https:\/\/kapitalis.com\/tunisie\/wp-content\/uploads\/2022\/05\/Kapitalis-big-size.png","contentUrl":"https:\/\/kapitalis.com\/tunisie\/wp-content\/uploads\/2022\/05\/Kapitalis-big-size.png","width":5000,"height":1500,"caption":"Kapitalis"},"image":{"@id":"https:\/\/kapitalis.com\/tunisie\/#\/schema\/logo\/image\/"},"sameAs":["https:\/\/www.facebook.com\/KapitalisInfo\/","https:\/\/x.com\/KapitalisInfo","https:\/\/www.youtube.com\/channel\/UC-yDYrHyfFBWWZaOw3FPg9Q"]},{"@type":"Person","@id":"https:\/\/kapitalis.com\/tunisie\/#\/schema\/person\/d71f33a9ca44f7bad4698210b480c8e9","name":"webmaster kapitalis","url":"https:\/\/kapitalis.com\/tunisie\/author\/webmaster-kapitalis\/"}]}},"_links":{"self":[{"href":"https:\/\/kapitalis.com\/tunisie\/wp-json\/wp\/v2\/posts\/387882","targetHints":{"allow":["GET"]}}],"collection":[{"href":"https:\/\/kapitalis.com\/tunisie\/wp-json\/wp\/v2\/posts"}],"about":[{"href":"https:\/\/kapitalis.com\/tunisie\/wp-json\/wp\/v2\/types\/post"}],"author":[{"embeddable":true,"href":"https:\/\/kapitalis.com\/tunisie\/wp-json\/wp\/v2\/users\/8"}],"replies":[{"embeddable":true,"href":"https:\/\/kapitalis.com\/tunisie\/wp-json\/wp\/v2\/comments?post=387882"}],"version-history":[{"count":0,"href":"https:\/\/kapitalis.com\/tunisie\/wp-json\/wp\/v2\/posts\/387882\/revisions"}],"wp:attachment":[{"href":"https:\/\/kapitalis.com\/tunisie\/wp-json\/wp\/v2\/media?parent=387882"}],"wp:term":[{"taxonomy":"category","embeddable":true,"href":"https:\/\/kapitalis.com\/tunisie\/wp-json\/wp\/v2\/categories?post=387882"},{"taxonomy":"post_tag","embeddable":true,"href":"https:\/\/kapitalis.com\/tunisie\/wp-json\/wp\/v2\/tags?post=387882"}],"curies":[{"name":"wp","href":"https:\/\/api.w.org\/{rel}","templated":true}]}}