{"id":387922,"date":"2022-04-16T19:58:49","date_gmt":"2022-04-16T18:58:49","guid":{"rendered":"http:\/\/kapitalis.com\/tunisie\/?p=387922"},"modified":"2022-04-16T20:06:49","modified_gmt":"2022-04-16T19:06:49","slug":"revision-de-la-loi-electorale-en-tunisie-le-pdl-manifeste-devant-le-siege-de-lisie","status":"publish","type":"post","link":"https:\/\/kapitalis.com\/tunisie\/2022\/04\/16\/revision-de-la-loi-electorale-en-tunisie-le-pdl-manifeste-devant-le-siege-de-lisie\/","title":{"rendered":"R\u00e9vision de la loi \u00e9lectorale en Tunisie : Le PDL manifeste devant le si\u00e8ge de l&rsquo;Isie"},"content":{"rendered":"\n<div class=\"wp-block-image\"><figure class=\"aligncenter size-full\"><img decoding=\"async\" src=\"http:\/\/kapitalis.com\/tunisie\/wp-content\/uploads\/2022\/04\/PDL-Abir-Moussi.jpg\" alt=\"\" class=\"wp-image-387925\"\/><\/figure><\/div>\n\n\n\n<p><strong><em>Le Parti destourien libre (PDL) a organis\u00e9 ce samedi 16 avril 2022 un rassemblement devant le si\u00e8ge de l\u2019Instance sup\u00e9rieure ind\u00e9pendant pour les \u00e9lections (Isie) pour protester contre la r\u00e9vision de la loi \u00e9lectorale que pr\u00e9voit le pr\u00e9sident de la r\u00e9publique, estimant que cette proc\u00e9dure ne doit pas \u00eatre op\u00e9r\u00e9e en dehors du cadre l\u00e9gal.<\/em><\/strong><\/p>\n\n\n\n<!--more-->\n\n\n\n<p>La pr\u00e9sidente du PDL, Abir Moussi estime que l&rsquo;Isie ne doit pas se soumettre aux volont\u00e9s du pr\u00e9sident de la r\u00e9publique Ka\u00efs Sa\u00efed, en le laissant imposer ses d\u00e9cisions, et doit intervenir et l&rsquo;appelle de ce fait, \u00e0 se conformer aux lois en vigueur en tant qu&rsquo;instance ind\u00e9pendante <em>\u00abau lieu de chercher \u00e0 avoir la paix et \u00e0 se positionner en tant qu&rsquo;agent d\u2019ex\u00e9cution\u00bb.<\/em><\/p>\n\n\n\n<p>Elle a en outre accus\u00e9 le chef de l&rsquo;Etat de vouloir exclure la famille destourienne de la sc\u00e8ne politique, et a soulign\u00e9 la necessit\u00e9 d&rsquo;assainir le climat \u00e9lectoral, consid\u00e9rant que le probl\u00e8me r\u00e9side dans le mode du scrutin et les bureaux r\u00e9gionaux, tout en affirmant que la situation de la Tunisie exige l\u2019organisation de l\u00e9gislatives dans les meilleurs d\u00e9lais, pour que le prochain Parlement entame toutes les r\u00e9formes n\u00e9cessaires, a-t-elle dit.<\/p>\n\n\n\n<p>Tout en d\u00e9non\u00e7ant le silence de l&rsquo;Isie face aux abus qui se pr\u00e9parent, Abir Moussi a r\u00e9affirm\u00e9 son rejet des d\u00e9marches pr\u00e9vues par Ka\u00efs Sa\u00efed :<em> \u00abOn ne peut pas \u00e0 la veille d&rsquo;une \u00e9ch\u00e9ance \u00e9lectorale, en changer les r\u00e8gles, d&rsquo;autant les l\u00e9gislatives sont un rendez-vous important pour le peuple tunisien qui attend de vrais changements\u00bb.<\/em><\/p>\n\n\n\n<p class=\"has-text-align-right\"><strong>Y. N.<\/strong><\/p>\n","protected":false},"excerpt":{"rendered":"<p>Le Parti destourien libre (PDL) a organis\u00e9 ce samedi 16 avril 2022 un rassemblement devant le si\u00e8ge de l\u2019Instance sup\u00e9rieure ind\u00e9pendant pour les \u00e9lections (Isie) pour protester contre la r\u00e9vision de la loi \u00e9lectorale que pr\u00e9voit le pr\u00e9sident de la r\u00e9publique, estimant que cette proc\u00e9dure ne doit pas \u00eatre op\u00e9r\u00e9e en dehors du cadre l\u00e9gal.<\/p>\n","protected":false},"author":6,"featured_media":387925,"comment_status":"open","ping_status":"open","sticky":false,"template":"","format":"standard","meta":{"footnotes":""},"categories":[997,2433],"tags":[15144,98978,313,9031,43626,62643],"class_list":["post-387922","post","type-post","status-publish","format-standard","has-post-thumbnail","hentry","category-politique","category-tunisie","tag-abir-moussi","tag-code-electoral","tag-elections","tag-legislatives","tag-loi-electorale","tag-tunisie"],"yoast_head":"<!-- This site is optimized with the Yoast SEO plugin v26.6 - https:\/\/yoast.com\/wordpress\/plugins\/seo\/ -->\n<title>R\u00e9vision de la loi \u00e9lectorale en Tunisie : Le PDL manifeste devant le si\u00e8ge de l&#039;Isie - Kapitalis<\/title>\n<meta name=\"robots\" content=\"index, follow, max-snippet:-1, max-image-preview:large, max-video-preview:-1\" \/>\n<link rel=\"canonical\" href=\"https:\/\/kapitalis.com\/tunisie\/2022\/04\/16\/revision-de-la-loi-electorale-en-tunisie-le-pdl-manifeste-devant-le-siege-de-lisie\/\" \/>\n<meta property=\"og:locale\" content=\"fr_FR\" \/>\n<meta property=\"og:type\" content=\"article\" \/>\n<meta property=\"og:title\" content=\"R\u00e9vision de la loi \u00e9lectorale en Tunisie : Le PDL manifeste devant le si\u00e8ge de l&#039;Isie - Kapitalis\" \/>\n<meta property=\"og:description\" content=\"Le Parti destourien libre (PDL) a organis\u00e9 ce samedi 16 avril 2022 un rassemblement devant le si\u00e8ge de l\u2019Instance sup\u00e9rieure ind\u00e9pendant pour les \u00e9lections (Isie) pour protester contre la r\u00e9vision de la loi \u00e9lectorale que pr\u00e9voit le pr\u00e9sident de la r\u00e9publique, estimant que cette proc\u00e9dure ne doit pas \u00eatre op\u00e9r\u00e9e en dehors du cadre l\u00e9gal.\" \/>\n<meta property=\"og:url\" content=\"https:\/\/kapitalis.com\/tunisie\/2022\/04\/16\/revision-de-la-loi-electorale-en-tunisie-le-pdl-manifeste-devant-le-siege-de-lisie\/\" \/>\n<meta property=\"og:site_name\" content=\"Kapitalis\" \/>\n<meta property=\"article:publisher\" content=\"https:\/\/www.facebook.com\/KapitalisInfo\/\" \/>\n<meta property=\"article:published_time\" content=\"2022-04-16T18:58:49+00:00\" \/>\n<meta property=\"article:modified_time\" content=\"2022-04-16T19:06:49+00:00\" \/>\n<meta property=\"og:image\" content=\"https:\/\/kapitalis.com\/tunisie\/wp-content\/uploads\/2022\/05\/kapitalis-logo-fb.png\" \/>\n\t<meta property=\"og:image:width\" content=\"1200\" \/>\n\t<meta property=\"og:image:height\" content=\"630\" \/>\n\t<meta property=\"og:image:type\" content=\"image\/png\" \/>\n<meta name=\"author\" content=\"Yusra NY\" \/>\n<meta name=\"twitter:card\" content=\"summary_large_image\" \/>\n<meta name=\"twitter:creator\" content=\"@KapitalisInfo\" \/>\n<meta name=\"twitter:site\" content=\"@KapitalisInfo\" \/>\n<meta name=\"twitter:label1\" content=\"\u00c9crit par\" \/>\n\t<meta name=\"twitter:data1\" content=\"Yusra NY\" \/>\n\t<meta name=\"twitter:label2\" content=\"Dur\u00e9e de lecture estim\u00e9e\" \/>\n\t<meta name=\"twitter:data2\" content=\"1 minute\" \/>\n<script type=\"application\/ld+json\" class=\"yoast-schema-graph\">{\"@context\":\"https:\/\/schema.org\",\"@graph\":[{\"@type\":\"Article\",\"@id\":\"https:\/\/kapitalis.com\/tunisie\/2022\/04\/16\/revision-de-la-loi-electorale-en-tunisie-le-pdl-manifeste-devant-le-siege-de-lisie\/#article\",\"isPartOf\":{\"@id\":\"https:\/\/kapitalis.com\/tunisie\/2022\/04\/16\/revision-de-la-loi-electorale-en-tunisie-le-pdl-manifeste-devant-le-siege-de-lisie\/\"},\"author\":{\"name\":\"Yusra NY\",\"@id\":\"https:\/\/kapitalis.com\/tunisie\/#\/schema\/person\/74bbde0154d49d790a92aaeac5bc01d5\"},\"headline\":\"R\u00e9vision de la loi \u00e9lectorale en Tunisie : Le PDL manifeste devant le si\u00e8ge de l&rsquo;Isie\",\"datePublished\":\"2022-04-16T18:58:49+00:00\",\"dateModified\":\"2022-04-16T19:06:49+00:00\",\"mainEntityOfPage\":{\"@id\":\"https:\/\/kapitalis.com\/tunisie\/2022\/04\/16\/revision-de-la-loi-electorale-en-tunisie-le-pdl-manifeste-devant-le-siege-de-lisie\/\"},\"wordCount\":301,\"commentCount\":6,\"publisher\":{\"@id\":\"https:\/\/kapitalis.com\/tunisie\/#organization\"},\"image\":{\"@id\":\"https:\/\/kapitalis.com\/tunisie\/2022\/04\/16\/revision-de-la-loi-electorale-en-tunisie-le-pdl-manifeste-devant-le-siege-de-lisie\/#primaryimage\"},\"thumbnailUrl\":\"\",\"keywords\":[\"Abir Moussi\",\"code \u00e9lectoral\",\"\u00e9lections\",\"l\u00e9gislatives\",\"loi \u00e9lectorale\",\"Tunisie\"],\"articleSection\":[\"POLITIQUE\",\"Tunisie\"],\"inLanguage\":\"fr-FR\",\"potentialAction\":[{\"@type\":\"CommentAction\",\"name\":\"Comment\",\"target\":[\"https:\/\/kapitalis.com\/tunisie\/2022\/04\/16\/revision-de-la-loi-electorale-en-tunisie-le-pdl-manifeste-devant-le-siege-de-lisie\/#respond\"]}]},{\"@type\":\"WebPage\",\"@id\":\"https:\/\/kapitalis.com\/tunisie\/2022\/04\/16\/revision-de-la-loi-electorale-en-tunisie-le-pdl-manifeste-devant-le-siege-de-lisie\/\",\"url\":\"https:\/\/kapitalis.com\/tunisie\/2022\/04\/16\/revision-de-la-loi-electorale-en-tunisie-le-pdl-manifeste-devant-le-siege-de-lisie\/\",\"name\":\"R\u00e9vision de la loi \u00e9lectorale en Tunisie : Le PDL manifeste devant le si\u00e8ge de l'Isie - Kapitalis\",\"isPartOf\":{\"@id\":\"https:\/\/kapitalis.com\/tunisie\/#website\"},\"primaryImageOfPage\":{\"@id\":\"https:\/\/kapitalis.com\/tunisie\/2022\/04\/16\/revision-de-la-loi-electorale-en-tunisie-le-pdl-manifeste-devant-le-siege-de-lisie\/#primaryimage\"},\"image\":{\"@id\":\"https:\/\/kapitalis.com\/tunisie\/2022\/04\/16\/revision-de-la-loi-electorale-en-tunisie-le-pdl-manifeste-devant-le-siege-de-lisie\/#primaryimage\"},\"thumbnailUrl\":\"\",\"datePublished\":\"2022-04-16T18:58:49+00:00\",\"dateModified\":\"2022-04-16T19:06:49+00:00\",\"breadcrumb\":{\"@id\":\"https:\/\/kapitalis.com\/tunisie\/2022\/04\/16\/revision-de-la-loi-electorale-en-tunisie-le-pdl-manifeste-devant-le-siege-de-lisie\/#breadcrumb\"},\"inLanguage\":\"fr-FR\",\"potentialAction\":[{\"@type\":\"ReadAction\",\"target\":[\"https:\/\/kapitalis.com\/tunisie\/2022\/04\/16\/revision-de-la-loi-electorale-en-tunisie-le-pdl-manifeste-devant-le-siege-de-lisie\/\"]}]},{\"@type\":\"ImageObject\",\"inLanguage\":\"fr-FR\",\"@id\":\"https:\/\/kapitalis.com\/tunisie\/2022\/04\/16\/revision-de-la-loi-electorale-en-tunisie-le-pdl-manifeste-devant-le-siege-de-lisie\/#primaryimage\",\"url\":\"\",\"contentUrl\":\"\"},{\"@type\":\"BreadcrumbList\",\"@id\":\"https:\/\/kapitalis.com\/tunisie\/2022\/04\/16\/revision-de-la-loi-electorale-en-tunisie-le-pdl-manifeste-devant-le-siege-de-lisie\/#breadcrumb\",\"itemListElement\":[{\"@type\":\"ListItem\",\"position\":1,\"name\":\"Accueil\",\"item\":\"https:\/\/kapitalis.com\/tunisie\/\"},{\"@type\":\"ListItem\",\"position\":2,\"name\":\"R\u00e9vision de la loi \u00e9lectorale en Tunisie : Le PDL manifeste devant le si\u00e8ge de l&rsquo;Isie\"}]},{\"@type\":\"WebSite\",\"@id\":\"https:\/\/kapitalis.com\/tunisie\/#website\",\"url\":\"https:\/\/kapitalis.com\/tunisie\/\",\"name\":\"Kapitalis\",\"description\":\"L&#039;actualit\u00e9 en Tunisie et dans le monde\",\"publisher\":{\"@id\":\"https:\/\/kapitalis.com\/tunisie\/#organization\"},\"potentialAction\":[{\"@type\":\"SearchAction\",\"target\":{\"@type\":\"EntryPoint\",\"urlTemplate\":\"https:\/\/kapitalis.com\/tunisie\/?s={search_term_string}\"},\"query-input\":{\"@type\":\"PropertyValueSpecification\",\"valueRequired\":true,\"valueName\":\"search_term_string\"}}],\"inLanguage\":\"fr-FR\"},{\"@type\":\"Organization\",\"@id\":\"https:\/\/kapitalis.com\/tunisie\/#organization\",\"name\":\"Kapitalis\",\"url\":\"https:\/\/kapitalis.com\/tunisie\/\",\"logo\":{\"@type\":\"ImageObject\",\"inLanguage\":\"fr-FR\",\"@id\":\"https:\/\/kapitalis.com\/tunisie\/#\/schema\/logo\/image\/\",\"url\":\"https:\/\/kapitalis.com\/tunisie\/wp-content\/uploads\/2022\/05\/Kapitalis-big-size.png\",\"contentUrl\":\"https:\/\/kapitalis.com\/tunisie\/wp-content\/uploads\/2022\/05\/Kapitalis-big-size.png\",\"width\":5000,\"height\":1500,\"caption\":\"Kapitalis\"},\"image\":{\"@id\":\"https:\/\/kapitalis.com\/tunisie\/#\/schema\/logo\/image\/\"},\"sameAs\":[\"https:\/\/www.facebook.com\/KapitalisInfo\/\",\"https:\/\/x.com\/KapitalisInfo\",\"https:\/\/www.youtube.com\/channel\/UC-yDYrHyfFBWWZaOw3FPg9Q\"]},{\"@type\":\"Person\",\"@id\":\"https:\/\/kapitalis.com\/tunisie\/#\/schema\/person\/74bbde0154d49d790a92aaeac5bc01d5\",\"name\":\"Yusra NY\",\"url\":\"https:\/\/kapitalis.com\/tunisie\/author\/yuza_adam\/\"}]}<\/script>\n<!-- \/ Yoast SEO plugin. -->","yoast_head_json":{"title":"R\u00e9vision de la loi \u00e9lectorale en Tunisie : Le PDL manifeste devant le si\u00e8ge de l'Isie - Kapitalis","robots":{"index":"index","follow":"follow","max-snippet":"max-snippet:-1","max-image-preview":"max-image-preview:large","max-video-preview":"max-video-preview:-1"},"canonical":"https:\/\/kapitalis.com\/tunisie\/2022\/04\/16\/revision-de-la-loi-electorale-en-tunisie-le-pdl-manifeste-devant-le-siege-de-lisie\/","og_locale":"fr_FR","og_type":"article","og_title":"R\u00e9vision de la loi \u00e9lectorale en Tunisie : Le PDL manifeste devant le si\u00e8ge de l'Isie - Kapitalis","og_description":"Le Parti destourien libre (PDL) a organis\u00e9 ce samedi 16 avril 2022 un rassemblement devant le si\u00e8ge de l\u2019Instance sup\u00e9rieure ind\u00e9pendant pour les \u00e9lections (Isie) pour protester contre la r\u00e9vision de la loi \u00e9lectorale que pr\u00e9voit le pr\u00e9sident de la r\u00e9publique, estimant que cette proc\u00e9dure ne doit pas \u00eatre op\u00e9r\u00e9e en dehors du cadre l\u00e9gal.","og_url":"https:\/\/kapitalis.com\/tunisie\/2022\/04\/16\/revision-de-la-loi-electorale-en-tunisie-le-pdl-manifeste-devant-le-siege-de-lisie\/","og_site_name":"Kapitalis","article_publisher":"https:\/\/www.facebook.com\/KapitalisInfo\/","article_published_time":"2022-04-16T18:58:49+00:00","article_modified_time":"2022-04-16T19:06:49+00:00","og_image":[{"width":1200,"height":630,"url":"https:\/\/kapitalis.com\/tunisie\/wp-content\/uploads\/2022\/05\/kapitalis-logo-fb.png","type":"image\/png"}],"author":"Yusra NY","twitter_card":"summary_large_image","twitter_creator":"@KapitalisInfo","twitter_site":"@KapitalisInfo","twitter_misc":{"\u00c9crit par":"Yusra NY","Dur\u00e9e de lecture estim\u00e9e":"1 minute"},"schema":{"@context":"https:\/\/schema.org","@graph":[{"@type":"Article","@id":"https:\/\/kapitalis.com\/tunisie\/2022\/04\/16\/revision-de-la-loi-electorale-en-tunisie-le-pdl-manifeste-devant-le-siege-de-lisie\/#article","isPartOf":{"@id":"https:\/\/kapitalis.com\/tunisie\/2022\/04\/16\/revision-de-la-loi-electorale-en-tunisie-le-pdl-manifeste-devant-le-siege-de-lisie\/"},"author":{"name":"Yusra NY","@id":"https:\/\/kapitalis.com\/tunisie\/#\/schema\/person\/74bbde0154d49d790a92aaeac5bc01d5"},"headline":"R\u00e9vision de la loi \u00e9lectorale en Tunisie : Le PDL manifeste devant le si\u00e8ge de l&rsquo;Isie","datePublished":"2022-04-16T18:58:49+00:00","dateModified":"2022-04-16T19:06:49+00:00","mainEntityOfPage":{"@id":"https:\/\/kapitalis.com\/tunisie\/2022\/04\/16\/revision-de-la-loi-electorale-en-tunisie-le-pdl-manifeste-devant-le-siege-de-lisie\/"},"wordCount":301,"commentCount":6,"publisher":{"@id":"https:\/\/kapitalis.com\/tunisie\/#organization"},"image":{"@id":"https:\/\/kapitalis.com\/tunisie\/2022\/04\/16\/revision-de-la-loi-electorale-en-tunisie-le-pdl-manifeste-devant-le-siege-de-lisie\/#primaryimage"},"thumbnailUrl":"","keywords":["Abir Moussi","code \u00e9lectoral","\u00e9lections","l\u00e9gislatives","loi \u00e9lectorale","Tunisie"],"articleSection":["POLITIQUE","Tunisie"],"inLanguage":"fr-FR","potentialAction":[{"@type":"CommentAction","name":"Comment","target":["https:\/\/kapitalis.com\/tunisie\/2022\/04\/16\/revision-de-la-loi-electorale-en-tunisie-le-pdl-manifeste-devant-le-siege-de-lisie\/#respond"]}]},{"@type":"WebPage","@id":"https:\/\/kapitalis.com\/tunisie\/2022\/04\/16\/revision-de-la-loi-electorale-en-tunisie-le-pdl-manifeste-devant-le-siege-de-lisie\/","url":"https:\/\/kapitalis.com\/tunisie\/2022\/04\/16\/revision-de-la-loi-electorale-en-tunisie-le-pdl-manifeste-devant-le-siege-de-lisie\/","name":"R\u00e9vision de la loi \u00e9lectorale en Tunisie : Le PDL manifeste devant le si\u00e8ge de l'Isie - Kapitalis","isPartOf":{"@id":"https:\/\/kapitalis.com\/tunisie\/#website"},"primaryImageOfPage":{"@id":"https:\/\/kapitalis.com\/tunisie\/2022\/04\/16\/revision-de-la-loi-electorale-en-tunisie-le-pdl-manifeste-devant-le-siege-de-lisie\/#primaryimage"},"image":{"@id":"https:\/\/kapitalis.com\/tunisie\/2022\/04\/16\/revision-de-la-loi-electorale-en-tunisie-le-pdl-manifeste-devant-le-siege-de-lisie\/#primaryimage"},"thumbnailUrl":"","datePublished":"2022-04-16T18:58:49+00:00","dateModified":"2022-04-16T19:06:49+00:00","breadcrumb":{"@id":"https:\/\/kapitalis.com\/tunisie\/2022\/04\/16\/revision-de-la-loi-electorale-en-tunisie-le-pdl-manifeste-devant-le-siege-de-lisie\/#breadcrumb"},"inLanguage":"fr-FR","potentialAction":[{"@type":"ReadAction","target":["https:\/\/kapitalis.com\/tunisie\/2022\/04\/16\/revision-de-la-loi-electorale-en-tunisie-le-pdl-manifeste-devant-le-siege-de-lisie\/"]}]},{"@type":"ImageObject","inLanguage":"fr-FR","@id":"https:\/\/kapitalis.com\/tunisie\/2022\/04\/16\/revision-de-la-loi-electorale-en-tunisie-le-pdl-manifeste-devant-le-siege-de-lisie\/#primaryimage","url":"","contentUrl":""},{"@type":"BreadcrumbList","@id":"https:\/\/kapitalis.com\/tunisie\/2022\/04\/16\/revision-de-la-loi-electorale-en-tunisie-le-pdl-manifeste-devant-le-siege-de-lisie\/#breadcrumb","itemListElement":[{"@type":"ListItem","position":1,"name":"Accueil","item":"https:\/\/kapitalis.com\/tunisie\/"},{"@type":"ListItem","position":2,"name":"R\u00e9vision de la loi \u00e9lectorale en Tunisie : Le PDL manifeste devant le si\u00e8ge de l&rsquo;Isie"}]},{"@type":"WebSite","@id":"https:\/\/kapitalis.com\/tunisie\/#website","url":"https:\/\/kapitalis.com\/tunisie\/","name":"Kapitalis","description":"L&#039;actualit\u00e9 en Tunisie et dans le monde","publisher":{"@id":"https:\/\/kapitalis.com\/tunisie\/#organization"},"potentialAction":[{"@type":"SearchAction","target":{"@type":"EntryPoint","urlTemplate":"https:\/\/kapitalis.com\/tunisie\/?s={search_term_string}"},"query-input":{"@type":"PropertyValueSpecification","valueRequired":true,"valueName":"search_term_string"}}],"inLanguage":"fr-FR"},{"@type":"Organization","@id":"https:\/\/kapitalis.com\/tunisie\/#organization","name":"Kapitalis","url":"https:\/\/kapitalis.com\/tunisie\/","logo":{"@type":"ImageObject","inLanguage":"fr-FR","@id":"https:\/\/kapitalis.com\/tunisie\/#\/schema\/logo\/image\/","url":"https:\/\/kapitalis.com\/tunisie\/wp-content\/uploads\/2022\/05\/Kapitalis-big-size.png","contentUrl":"https:\/\/kapitalis.com\/tunisie\/wp-content\/uploads\/2022\/05\/Kapitalis-big-size.png","width":5000,"height":1500,"caption":"Kapitalis"},"image":{"@id":"https:\/\/kapitalis.com\/tunisie\/#\/schema\/logo\/image\/"},"sameAs":["https:\/\/www.facebook.com\/KapitalisInfo\/","https:\/\/x.com\/KapitalisInfo","https:\/\/www.youtube.com\/channel\/UC-yDYrHyfFBWWZaOw3FPg9Q"]},{"@type":"Person","@id":"https:\/\/kapitalis.com\/tunisie\/#\/schema\/person\/74bbde0154d49d790a92aaeac5bc01d5","name":"Yusra NY","url":"https:\/\/kapitalis.com\/tunisie\/author\/yuza_adam\/"}]}},"_links":{"self":[{"href":"https:\/\/kapitalis.com\/tunisie\/wp-json\/wp\/v2\/posts\/387922","targetHints":{"allow":["GET"]}}],"collection":[{"href":"https:\/\/kapitalis.com\/tunisie\/wp-json\/wp\/v2\/posts"}],"about":[{"href":"https:\/\/kapitalis.com\/tunisie\/wp-json\/wp\/v2\/types\/post"}],"author":[{"embeddable":true,"href":"https:\/\/kapitalis.com\/tunisie\/wp-json\/wp\/v2\/users\/6"}],"replies":[{"embeddable":true,"href":"https:\/\/kapitalis.com\/tunisie\/wp-json\/wp\/v2\/comments?post=387922"}],"version-history":[{"count":0,"href":"https:\/\/kapitalis.com\/tunisie\/wp-json\/wp\/v2\/posts\/387922\/revisions"}],"wp:featuredmedia":[{"embeddable":true,"href":"https:\/\/kapitalis.com\/tunisie\/wp-json\/wp\/v2\/media\/387925"}],"wp:attachment":[{"href":"https:\/\/kapitalis.com\/tunisie\/wp-json\/wp\/v2\/media?parent=387922"}],"wp:term":[{"taxonomy":"category","embeddable":true,"href":"https:\/\/kapitalis.com\/tunisie\/wp-json\/wp\/v2\/categories?post=387922"},{"taxonomy":"post_tag","embeddable":true,"href":"https:\/\/kapitalis.com\/tunisie\/wp-json\/wp\/v2\/tags?post=387922"}],"curies":[{"name":"wp","href":"https:\/\/api.w.org\/{rel}","templated":true}]}}