{"id":388,"date":"2015-05-15T13:52:06","date_gmt":"2015-05-15T12:52:06","guid":{"rendered":"http:\/\/www.kapitalis.com\/tunisie\/?p=388"},"modified":"2015-05-15T13:52:06","modified_gmt":"2015-05-15T12:52:06","slug":"il-y-a-60-ans-naissait-mohamed-brahmi-le-martyr-de-la-nation","status":"publish","type":"post","link":"https:\/\/kapitalis.com\/tunisie\/2015\/05\/15\/il-y-a-60-ans-naissait-mohamed-brahmi-le-martyr-de-la-nation\/","title":{"rendered":"Il y a 60 ans naissait Mohamed Brahmi, le martyr de la nation"},"content":{"rendered":"<p><a href=\"http:\/\/kapitalis.net\/wordpress\/wp-content\/uploads\/2015\/05\/Brahmi.jpg\"><img loading=\"lazy\" decoding=\"async\" class=\"aligncenter size-full wp-image-389\" src=\"http:\/\/kapitalis.net\/wordpress\/wp-content\/uploads\/2015\/05\/Brahmi.jpg\" alt=\"Brahmi\" width=\"626\" height=\"380\" \/><\/a><\/p>\n<p><em><strong>Mohamed Brahmi aurait f\u00eat\u00e9 ses 60 ans, aujourd&rsquo;hui, s&rsquo;il n&rsquo;avait pas \u00e9t\u00e9 l\u00e2chement assassin\u00e9 par des extr\u00e9mistes religieux, le 25 juillet 2013.<\/strong><\/em><\/p>\n<p>Par <strong>Y\u00fcsra N. M&rsquo;hiri<\/strong><\/p>\n<p>N\u00e9 le 15 mai 1955, \u00e0 Sidi Bouzid (centre), Mohamed Brahmi a d\u00e9croch\u00e9 son baccalaur\u00e9at au lyc\u00e9e technique de Bizerte avant d&rsquo;obtenir une ma\u00eetrise en comptabilit\u00e9 \u00e0 l&rsquo;Institut sup\u00e9rieur de gestion (ISG) en 1982, et d&rsquo;enseigner au lyc\u00e9e technique de Menzel Bourguiba.<\/p>\n<p>Nationaliste arabe de tendance nass\u00e9rienne, membre du Mouvement des \u00e9tudiants arabes progressistes et unionistes, il s&rsquo;est fait arr\u00eater \u00e0 2 reprises, en 1981 et 1986, pour appartenance \u00e0 une organisation interdite.<\/p>\n<p>A la fin des ann\u00e9es 1990, Brahmi est parti enseigner en Arabie Saoudite. De retour en Tunisie, en 2005, il a int\u00e9gr\u00e9 l&rsquo;Agence fonci\u00e8re de l&rsquo;habitat (AFH). La m\u00eame ann\u00e9e, il a cr\u00e9\u00e9, dans la clandestinit\u00e9, le Mouvement unioniste nass\u00e9rien.<\/p>\n<p><a href=\"http:\/\/kapitalis.net\/wordpress\/wp-content\/uploads\/2015\/05\/Mohamed-Brahmi-sur-la-tombe-de-Chokri-Belaid.jpg\"><img loading=\"lazy\" decoding=\"async\" class=\"aligncenter size-full wp-image-390\" src=\"http:\/\/kapitalis.net\/wordpress\/wp-content\/uploads\/2015\/05\/Mohamed-Brahmi-sur-la-tombe-de-Chokri-Belaid.jpg\" alt=\"Mohamed-Brahmi-sur-la-tombe-de-Chokri-Belaid\" width=\"400\" height=\"250\" \/><\/a><\/p>\n<p style=\"text-align: center;\"><em>Mohamed Brahmi r\u00e9cite la Fatiha sur la tombe de son camarade Chokri Belaid, quelques mois avant d&rsquo;\u00eatre assassin\u00e9, \u00e0 son tour, par des extr\u00e9mistes religieux.<\/em><\/p>\n<p>Apr\u00e8s la r\u00e9volution, il a \u00e9t\u00e9 \u00e9lu, en octobre 2011, d\u00e9put\u00e9 \u00e0 l&rsquo;Assembl\u00e9e nationale constituante (ANC), sur une liste du Mouvement du peuple (MP), qui a rassembl\u00e9 la mosa\u00efque des mouvements nationalistes arabes et de la gauche nass\u00e9rienne. En 2012, il a contribu\u00e9 \u00e0 la cr\u00e9ation du Front populaire, une coalition de gauche dont il est devenu l&rsquo;un des principaux dirigeants.<\/p>\n<p>Peu avant son assassinat, Brahmi a d\u00e9missionn\u00e9 du MP, suite \u00e0 un diff\u00e9rend interne sur les relations avec Ennahdha, certains membres de son parti ayant pr\u00e9conis\u00e9 un rapprochement avec le parti islamiste. D\u00e9but juillet 2013, il a cr\u00e9\u00e9 le Courant populaire.<\/p>\n<p>Tout au long de son mandat de d\u00e9put\u00e9, Mohamed Brahmi s&rsquo;est illustr\u00e9 par ses critiques du gouvernement conduit par Ennahdha et averti l&rsquo;opinion contre la mont\u00e9e du terrorisme. Il a, notamment, r\u00e9v\u00e9l\u00e9 l&rsquo;existence d&rsquo;un trafic d&rsquo;armes, dans le sud de la Tunisie, dans lequel est impliqu\u00e9e une \u00abpolice parall\u00e8le\u00bb au service du parti islamiste.<\/p>\n<p>Le 25 juillet 2013, jour de la f\u00eate de la r\u00e9publique, Mohamed Brahmi est tu\u00e9 de 14 balles, devant son domicile, \u00e0 cit\u00e9 El-Ghazela, \u00e0 l&rsquo;Ariana, tir\u00e9es \u00e0 bout portant.<\/p>\n<p>Cet assassinat, le second en moins de 6 mois apr\u00e8s celui de son camarade Chokri Bela\u00efd, le 6 f\u00e9vrier de la m\u00eame ann\u00e9e, a d\u00e9clench\u00e9 un vaste mouvement de protestation dans tout le pays et contribu\u00e9 au d\u00e9part du gouvernement Ali Larayedh et \u00e0 la mise en place d&rsquo;un gouvernement de technocrates dirig\u00e9 par Mehdi Jomaa.<\/p>\n<p><a href=\"http:\/\/kapitalis.net\/wordpress\/wp-content\/uploads\/2015\/05\/Mbarka-Aounia-Brahmi.jpg\"><img loading=\"lazy\" decoding=\"async\" class=\"aligncenter size-full wp-image-391\" src=\"http:\/\/kapitalis.net\/wordpress\/wp-content\/uploads\/2015\/05\/Mbarka-Aounia-Brahmi.jpg\" alt=\"Mbarka-Aounia-Brahmi\" width=\"400\" height=\"250\" \/><\/a><\/p>\n<p style=\"text-align: center;\"><em>Mbarka Aounia Brahmi poursuit le combat de son d\u00e9funt \u00e9poux.<\/em><\/p>\n<p style=\"text-align: left;\">Mohamed Brahmi a laiss\u00e9 5 enfants et une \u00e9pouse, Mbarka Aouinia Brahmi, v\u00e9ritable femme courage, qui s&rsquo;est engag\u00e9 en politique pour aider \u00e0 r\u00e9v\u00e9ler la v\u00e9rit\u00e9 sur la mort de son mari. Elle s&rsquo;est fait \u00e9lire, en novembre dernier, \u00e0 l&rsquo;Assembl\u00e9e des repr\u00e9sentants du peuple (ARP) sur une liste du Front populaire.<\/p>\n<p>&nbsp;<\/p>\n","protected":false},"excerpt":{"rendered":"<p>Mohamed Brahmi aurait f\u00eat\u00e9 ses 60 ans, aujourd&rsquo;hui, s&rsquo;il n&rsquo;avait pas \u00e9t\u00e9 l\u00e2chement assassin\u00e9 par des extr\u00e9mistes religieux, le 25 juillet 2013. Par Y\u00fcsra N. M&rsquo;hiri N\u00e9 le 15 mai 1955, \u00e0 Sidi Bouzid (centre), Mohamed Brahmi a d\u00e9croch\u00e9 son baccalaur\u00e9at au lyc\u00e9e technique de Bizerte avant d&rsquo;obtenir une ma\u00eetrise en comptabilit\u00e9 \u00e0 l&rsquo;Institut sup\u00e9rieur&#8230;<\/p>\n","protected":false},"author":1,"featured_media":0,"comment_status":"open","ping_status":"open","sticky":false,"template":"","format":"standard","meta":{"footnotes":""},"categories":[997],"tags":[72,166,204],"class_list":["post-388","post","type-post","status-publish","format-standard","hentry","category-politique","tag-anc","tag-brahmi","tag-chokri-belaid"],"yoast_head":"<!-- This site is optimized with the Yoast SEO plugin v26.6 - https:\/\/yoast.com\/wordpress\/plugins\/seo\/ -->\n<title>Il y a 60 ans naissait Mohamed Brahmi, le martyr de la nation - Kapitalis<\/title>\n<meta name=\"robots\" content=\"index, follow, max-snippet:-1, max-image-preview:large, max-video-preview:-1\" \/>\n<link rel=\"canonical\" href=\"https:\/\/kapitalis.com\/tunisie\/2015\/05\/15\/il-y-a-60-ans-naissait-mohamed-brahmi-le-martyr-de-la-nation\/\" \/>\n<meta property=\"og:locale\" content=\"fr_FR\" \/>\n<meta property=\"og:type\" content=\"article\" \/>\n<meta property=\"og:title\" content=\"Il y a 60 ans naissait Mohamed Brahmi, le martyr de la nation - Kapitalis\" \/>\n<meta property=\"og:description\" content=\"Mohamed Brahmi aurait f\u00eat\u00e9 ses 60 ans, aujourd&rsquo;hui, s&rsquo;il n&rsquo;avait pas \u00e9t\u00e9 l\u00e2chement assassin\u00e9 par des extr\u00e9mistes religieux, le 25 juillet 2013. Par Y\u00fcsra N. M&rsquo;hiri N\u00e9 le 15 mai 1955, \u00e0 Sidi Bouzid (centre), Mohamed Brahmi a d\u00e9croch\u00e9 son baccalaur\u00e9at au lyc\u00e9e technique de Bizerte avant d&rsquo;obtenir une ma\u00eetrise en comptabilit\u00e9 \u00e0 l&rsquo;Institut sup\u00e9rieur...\" \/>\n<meta property=\"og:url\" content=\"https:\/\/kapitalis.com\/tunisie\/2015\/05\/15\/il-y-a-60-ans-naissait-mohamed-brahmi-le-martyr-de-la-nation\/\" \/>\n<meta property=\"og:site_name\" content=\"Kapitalis\" \/>\n<meta property=\"article:publisher\" content=\"https:\/\/www.facebook.com\/KapitalisInfo\/\" \/>\n<meta property=\"article:published_time\" content=\"2015-05-15T12:52:06+00:00\" \/>\n<meta property=\"og:image\" content=\"http:\/\/kapitalis.net\/wordpress\/wp-content\/uploads\/2015\/05\/Brahmi.jpg\" \/>\n<meta name=\"author\" content=\"mounir\" \/>\n<meta name=\"twitter:card\" content=\"summary_large_image\" \/>\n<meta name=\"twitter:creator\" content=\"@KapitalisInfo\" \/>\n<meta name=\"twitter:site\" content=\"@KapitalisInfo\" \/>\n<meta name=\"twitter:label1\" content=\"\u00c9crit par\" \/>\n\t<meta name=\"twitter:data1\" content=\"mounir\" \/>\n\t<meta name=\"twitter:label2\" content=\"Dur\u00e9e de lecture estim\u00e9e\" \/>\n\t<meta name=\"twitter:data2\" content=\"2 minutes\" \/>\n<script type=\"application\/ld+json\" class=\"yoast-schema-graph\">{\"@context\":\"https:\/\/schema.org\",\"@graph\":[{\"@type\":\"Article\",\"@id\":\"https:\/\/kapitalis.com\/tunisie\/2015\/05\/15\/il-y-a-60-ans-naissait-mohamed-brahmi-le-martyr-de-la-nation\/#article\",\"isPartOf\":{\"@id\":\"https:\/\/kapitalis.com\/tunisie\/2015\/05\/15\/il-y-a-60-ans-naissait-mohamed-brahmi-le-martyr-de-la-nation\/\"},\"author\":{\"name\":\"mounir\",\"@id\":\"https:\/\/kapitalis.com\/tunisie\/#\/schema\/person\/aa55121cdc1c0fa4794a24cff31f746f\"},\"headline\":\"Il y a 60 ans naissait Mohamed Brahmi, le martyr de la nation\",\"datePublished\":\"2015-05-15T12:52:06+00:00\",\"mainEntityOfPage\":{\"@id\":\"https:\/\/kapitalis.com\/tunisie\/2015\/05\/15\/il-y-a-60-ans-naissait-mohamed-brahmi-le-martyr-de-la-nation\/\"},\"wordCount\":502,\"commentCount\":0,\"publisher\":{\"@id\":\"https:\/\/kapitalis.com\/tunisie\/#organization\"},\"image\":{\"@id\":\"https:\/\/kapitalis.com\/tunisie\/2015\/05\/15\/il-y-a-60-ans-naissait-mohamed-brahmi-le-martyr-de-la-nation\/#primaryimage\"},\"thumbnailUrl\":\"http:\/\/kapitalis.net\/wordpress\/wp-content\/uploads\/2015\/05\/Brahmi.jpg\",\"keywords\":[\"ANC\",\"Brahmi\",\"Chokri Belaid\"],\"articleSection\":[\"POLITIQUE\"],\"inLanguage\":\"fr-FR\",\"potentialAction\":[{\"@type\":\"CommentAction\",\"name\":\"Comment\",\"target\":[\"https:\/\/kapitalis.com\/tunisie\/2015\/05\/15\/il-y-a-60-ans-naissait-mohamed-brahmi-le-martyr-de-la-nation\/#respond\"]}]},{\"@type\":\"WebPage\",\"@id\":\"https:\/\/kapitalis.com\/tunisie\/2015\/05\/15\/il-y-a-60-ans-naissait-mohamed-brahmi-le-martyr-de-la-nation\/\",\"url\":\"https:\/\/kapitalis.com\/tunisie\/2015\/05\/15\/il-y-a-60-ans-naissait-mohamed-brahmi-le-martyr-de-la-nation\/\",\"name\":\"Il y a 60 ans naissait Mohamed Brahmi, le martyr de la nation - Kapitalis\",\"isPartOf\":{\"@id\":\"https:\/\/kapitalis.com\/tunisie\/#website\"},\"primaryImageOfPage\":{\"@id\":\"https:\/\/kapitalis.com\/tunisie\/2015\/05\/15\/il-y-a-60-ans-naissait-mohamed-brahmi-le-martyr-de-la-nation\/#primaryimage\"},\"image\":{\"@id\":\"https:\/\/kapitalis.com\/tunisie\/2015\/05\/15\/il-y-a-60-ans-naissait-mohamed-brahmi-le-martyr-de-la-nation\/#primaryimage\"},\"thumbnailUrl\":\"http:\/\/kapitalis.net\/wordpress\/wp-content\/uploads\/2015\/05\/Brahmi.jpg\",\"datePublished\":\"2015-05-15T12:52:06+00:00\",\"breadcrumb\":{\"@id\":\"https:\/\/kapitalis.com\/tunisie\/2015\/05\/15\/il-y-a-60-ans-naissait-mohamed-brahmi-le-martyr-de-la-nation\/#breadcrumb\"},\"inLanguage\":\"fr-FR\",\"potentialAction\":[{\"@type\":\"ReadAction\",\"target\":[\"https:\/\/kapitalis.com\/tunisie\/2015\/05\/15\/il-y-a-60-ans-naissait-mohamed-brahmi-le-martyr-de-la-nation\/\"]}]},{\"@type\":\"ImageObject\",\"inLanguage\":\"fr-FR\",\"@id\":\"https:\/\/kapitalis.com\/tunisie\/2015\/05\/15\/il-y-a-60-ans-naissait-mohamed-brahmi-le-martyr-de-la-nation\/#primaryimage\",\"url\":\"http:\/\/kapitalis.net\/wordpress\/wp-content\/uploads\/2015\/05\/Brahmi.jpg\",\"contentUrl\":\"http:\/\/kapitalis.net\/wordpress\/wp-content\/uploads\/2015\/05\/Brahmi.jpg\"},{\"@type\":\"BreadcrumbList\",\"@id\":\"https:\/\/kapitalis.com\/tunisie\/2015\/05\/15\/il-y-a-60-ans-naissait-mohamed-brahmi-le-martyr-de-la-nation\/#breadcrumb\",\"itemListElement\":[{\"@type\":\"ListItem\",\"position\":1,\"name\":\"Accueil\",\"item\":\"https:\/\/kapitalis.com\/tunisie\/\"},{\"@type\":\"ListItem\",\"position\":2,\"name\":\"Il y a 60 ans naissait Mohamed Brahmi, le martyr de la nation\"}]},{\"@type\":\"WebSite\",\"@id\":\"https:\/\/kapitalis.com\/tunisie\/#website\",\"url\":\"https:\/\/kapitalis.com\/tunisie\/\",\"name\":\"Kapitalis\",\"description\":\"L&#039;actualit\u00e9 en Tunisie et dans le monde\",\"publisher\":{\"@id\":\"https:\/\/kapitalis.com\/tunisie\/#organization\"},\"potentialAction\":[{\"@type\":\"SearchAction\",\"target\":{\"@type\":\"EntryPoint\",\"urlTemplate\":\"https:\/\/kapitalis.com\/tunisie\/?s={search_term_string}\"},\"query-input\":{\"@type\":\"PropertyValueSpecification\",\"valueRequired\":true,\"valueName\":\"search_term_string\"}}],\"inLanguage\":\"fr-FR\"},{\"@type\":\"Organization\",\"@id\":\"https:\/\/kapitalis.com\/tunisie\/#organization\",\"name\":\"Kapitalis\",\"url\":\"https:\/\/kapitalis.com\/tunisie\/\",\"logo\":{\"@type\":\"ImageObject\",\"inLanguage\":\"fr-FR\",\"@id\":\"https:\/\/kapitalis.com\/tunisie\/#\/schema\/logo\/image\/\",\"url\":\"https:\/\/kapitalis.com\/tunisie\/wp-content\/uploads\/2022\/05\/Kapitalis-big-size.png\",\"contentUrl\":\"https:\/\/kapitalis.com\/tunisie\/wp-content\/uploads\/2022\/05\/Kapitalis-big-size.png\",\"width\":5000,\"height\":1500,\"caption\":\"Kapitalis\"},\"image\":{\"@id\":\"https:\/\/kapitalis.com\/tunisie\/#\/schema\/logo\/image\/\"},\"sameAs\":[\"https:\/\/www.facebook.com\/KapitalisInfo\/\",\"https:\/\/x.com\/KapitalisInfo\",\"https:\/\/www.youtube.com\/channel\/UC-yDYrHyfFBWWZaOw3FPg9Q\"]},{\"@type\":\"Person\",\"@id\":\"https:\/\/kapitalis.com\/tunisie\/#\/schema\/person\/aa55121cdc1c0fa4794a24cff31f746f\",\"name\":\"mounir\",\"sameAs\":[\"https:\/\/kapitalis.com\/tunisie\"],\"url\":\"https:\/\/kapitalis.com\/tunisie\/author\/mounir\/\"}]}<\/script>\n<!-- \/ Yoast SEO plugin. -->","yoast_head_json":{"title":"Il y a 60 ans naissait Mohamed Brahmi, le martyr de la nation - Kapitalis","robots":{"index":"index","follow":"follow","max-snippet":"max-snippet:-1","max-image-preview":"max-image-preview:large","max-video-preview":"max-video-preview:-1"},"canonical":"https:\/\/kapitalis.com\/tunisie\/2015\/05\/15\/il-y-a-60-ans-naissait-mohamed-brahmi-le-martyr-de-la-nation\/","og_locale":"fr_FR","og_type":"article","og_title":"Il y a 60 ans naissait Mohamed Brahmi, le martyr de la nation - Kapitalis","og_description":"Mohamed Brahmi aurait f\u00eat\u00e9 ses 60 ans, aujourd&rsquo;hui, s&rsquo;il n&rsquo;avait pas \u00e9t\u00e9 l\u00e2chement assassin\u00e9 par des extr\u00e9mistes religieux, le 25 juillet 2013. Par Y\u00fcsra N. M&rsquo;hiri N\u00e9 le 15 mai 1955, \u00e0 Sidi Bouzid (centre), Mohamed Brahmi a d\u00e9croch\u00e9 son baccalaur\u00e9at au lyc\u00e9e technique de Bizerte avant d&rsquo;obtenir une ma\u00eetrise en comptabilit\u00e9 \u00e0 l&rsquo;Institut sup\u00e9rieur...","og_url":"https:\/\/kapitalis.com\/tunisie\/2015\/05\/15\/il-y-a-60-ans-naissait-mohamed-brahmi-le-martyr-de-la-nation\/","og_site_name":"Kapitalis","article_publisher":"https:\/\/www.facebook.com\/KapitalisInfo\/","article_published_time":"2015-05-15T12:52:06+00:00","og_image":[{"url":"http:\/\/kapitalis.net\/wordpress\/wp-content\/uploads\/2015\/05\/Brahmi.jpg","type":"","width":"","height":""}],"author":"mounir","twitter_card":"summary_large_image","twitter_creator":"@KapitalisInfo","twitter_site":"@KapitalisInfo","twitter_misc":{"\u00c9crit par":"mounir","Dur\u00e9e de lecture estim\u00e9e":"2 minutes"},"schema":{"@context":"https:\/\/schema.org","@graph":[{"@type":"Article","@id":"https:\/\/kapitalis.com\/tunisie\/2015\/05\/15\/il-y-a-60-ans-naissait-mohamed-brahmi-le-martyr-de-la-nation\/#article","isPartOf":{"@id":"https:\/\/kapitalis.com\/tunisie\/2015\/05\/15\/il-y-a-60-ans-naissait-mohamed-brahmi-le-martyr-de-la-nation\/"},"author":{"name":"mounir","@id":"https:\/\/kapitalis.com\/tunisie\/#\/schema\/person\/aa55121cdc1c0fa4794a24cff31f746f"},"headline":"Il y a 60 ans naissait Mohamed Brahmi, le martyr de la nation","datePublished":"2015-05-15T12:52:06+00:00","mainEntityOfPage":{"@id":"https:\/\/kapitalis.com\/tunisie\/2015\/05\/15\/il-y-a-60-ans-naissait-mohamed-brahmi-le-martyr-de-la-nation\/"},"wordCount":502,"commentCount":0,"publisher":{"@id":"https:\/\/kapitalis.com\/tunisie\/#organization"},"image":{"@id":"https:\/\/kapitalis.com\/tunisie\/2015\/05\/15\/il-y-a-60-ans-naissait-mohamed-brahmi-le-martyr-de-la-nation\/#primaryimage"},"thumbnailUrl":"http:\/\/kapitalis.net\/wordpress\/wp-content\/uploads\/2015\/05\/Brahmi.jpg","keywords":["ANC","Brahmi","Chokri Belaid"],"articleSection":["POLITIQUE"],"inLanguage":"fr-FR","potentialAction":[{"@type":"CommentAction","name":"Comment","target":["https:\/\/kapitalis.com\/tunisie\/2015\/05\/15\/il-y-a-60-ans-naissait-mohamed-brahmi-le-martyr-de-la-nation\/#respond"]}]},{"@type":"WebPage","@id":"https:\/\/kapitalis.com\/tunisie\/2015\/05\/15\/il-y-a-60-ans-naissait-mohamed-brahmi-le-martyr-de-la-nation\/","url":"https:\/\/kapitalis.com\/tunisie\/2015\/05\/15\/il-y-a-60-ans-naissait-mohamed-brahmi-le-martyr-de-la-nation\/","name":"Il y a 60 ans naissait Mohamed Brahmi, le martyr de la nation - Kapitalis","isPartOf":{"@id":"https:\/\/kapitalis.com\/tunisie\/#website"},"primaryImageOfPage":{"@id":"https:\/\/kapitalis.com\/tunisie\/2015\/05\/15\/il-y-a-60-ans-naissait-mohamed-brahmi-le-martyr-de-la-nation\/#primaryimage"},"image":{"@id":"https:\/\/kapitalis.com\/tunisie\/2015\/05\/15\/il-y-a-60-ans-naissait-mohamed-brahmi-le-martyr-de-la-nation\/#primaryimage"},"thumbnailUrl":"http:\/\/kapitalis.net\/wordpress\/wp-content\/uploads\/2015\/05\/Brahmi.jpg","datePublished":"2015-05-15T12:52:06+00:00","breadcrumb":{"@id":"https:\/\/kapitalis.com\/tunisie\/2015\/05\/15\/il-y-a-60-ans-naissait-mohamed-brahmi-le-martyr-de-la-nation\/#breadcrumb"},"inLanguage":"fr-FR","potentialAction":[{"@type":"ReadAction","target":["https:\/\/kapitalis.com\/tunisie\/2015\/05\/15\/il-y-a-60-ans-naissait-mohamed-brahmi-le-martyr-de-la-nation\/"]}]},{"@type":"ImageObject","inLanguage":"fr-FR","@id":"https:\/\/kapitalis.com\/tunisie\/2015\/05\/15\/il-y-a-60-ans-naissait-mohamed-brahmi-le-martyr-de-la-nation\/#primaryimage","url":"http:\/\/kapitalis.net\/wordpress\/wp-content\/uploads\/2015\/05\/Brahmi.jpg","contentUrl":"http:\/\/kapitalis.net\/wordpress\/wp-content\/uploads\/2015\/05\/Brahmi.jpg"},{"@type":"BreadcrumbList","@id":"https:\/\/kapitalis.com\/tunisie\/2015\/05\/15\/il-y-a-60-ans-naissait-mohamed-brahmi-le-martyr-de-la-nation\/#breadcrumb","itemListElement":[{"@type":"ListItem","position":1,"name":"Accueil","item":"https:\/\/kapitalis.com\/tunisie\/"},{"@type":"ListItem","position":2,"name":"Il y a 60 ans naissait Mohamed Brahmi, le martyr de la nation"}]},{"@type":"WebSite","@id":"https:\/\/kapitalis.com\/tunisie\/#website","url":"https:\/\/kapitalis.com\/tunisie\/","name":"Kapitalis","description":"L&#039;actualit\u00e9 en Tunisie et dans le monde","publisher":{"@id":"https:\/\/kapitalis.com\/tunisie\/#organization"},"potentialAction":[{"@type":"SearchAction","target":{"@type":"EntryPoint","urlTemplate":"https:\/\/kapitalis.com\/tunisie\/?s={search_term_string}"},"query-input":{"@type":"PropertyValueSpecification","valueRequired":true,"valueName":"search_term_string"}}],"inLanguage":"fr-FR"},{"@type":"Organization","@id":"https:\/\/kapitalis.com\/tunisie\/#organization","name":"Kapitalis","url":"https:\/\/kapitalis.com\/tunisie\/","logo":{"@type":"ImageObject","inLanguage":"fr-FR","@id":"https:\/\/kapitalis.com\/tunisie\/#\/schema\/logo\/image\/","url":"https:\/\/kapitalis.com\/tunisie\/wp-content\/uploads\/2022\/05\/Kapitalis-big-size.png","contentUrl":"https:\/\/kapitalis.com\/tunisie\/wp-content\/uploads\/2022\/05\/Kapitalis-big-size.png","width":5000,"height":1500,"caption":"Kapitalis"},"image":{"@id":"https:\/\/kapitalis.com\/tunisie\/#\/schema\/logo\/image\/"},"sameAs":["https:\/\/www.facebook.com\/KapitalisInfo\/","https:\/\/x.com\/KapitalisInfo","https:\/\/www.youtube.com\/channel\/UC-yDYrHyfFBWWZaOw3FPg9Q"]},{"@type":"Person","@id":"https:\/\/kapitalis.com\/tunisie\/#\/schema\/person\/aa55121cdc1c0fa4794a24cff31f746f","name":"mounir","sameAs":["https:\/\/kapitalis.com\/tunisie"],"url":"https:\/\/kapitalis.com\/tunisie\/author\/mounir\/"}]}},"_links":{"self":[{"href":"https:\/\/kapitalis.com\/tunisie\/wp-json\/wp\/v2\/posts\/388","targetHints":{"allow":["GET"]}}],"collection":[{"href":"https:\/\/kapitalis.com\/tunisie\/wp-json\/wp\/v2\/posts"}],"about":[{"href":"https:\/\/kapitalis.com\/tunisie\/wp-json\/wp\/v2\/types\/post"}],"author":[{"embeddable":true,"href":"https:\/\/kapitalis.com\/tunisie\/wp-json\/wp\/v2\/users\/1"}],"replies":[{"embeddable":true,"href":"https:\/\/kapitalis.com\/tunisie\/wp-json\/wp\/v2\/comments?post=388"}],"version-history":[{"count":0,"href":"https:\/\/kapitalis.com\/tunisie\/wp-json\/wp\/v2\/posts\/388\/revisions"}],"wp:attachment":[{"href":"https:\/\/kapitalis.com\/tunisie\/wp-json\/wp\/v2\/media?parent=388"}],"wp:term":[{"taxonomy":"category","embeddable":true,"href":"https:\/\/kapitalis.com\/tunisie\/wp-json\/wp\/v2\/categories?post=388"},{"taxonomy":"post_tag","embeddable":true,"href":"https:\/\/kapitalis.com\/tunisie\/wp-json\/wp\/v2\/tags?post=388"}],"curies":[{"name":"wp","href":"https:\/\/api.w.org\/{rel}","templated":true}]}}