{"id":388064,"date":"2022-04-18T11:19:14","date_gmt":"2022-04-18T10:19:14","guid":{"rendered":"http:\/\/kapitalis.com\/tunisie\/?p=388064"},"modified":"2022-04-18T11:22:20","modified_gmt":"2022-04-18T10:22:20","slug":"saied-a-propos-de-ses-opposants-ils-se-plaignent-de-la-dictature-alors-quils-sont-proteges-par-la-securite","status":"publish","type":"post","link":"https:\/\/kapitalis.com\/tunisie\/2022\/04\/18\/saied-a-propos-de-ses-opposants-ils-se-plaignent-de-la-dictature-alors-quils-sont-proteges-par-la-securite\/","title":{"rendered":"Sa\u00efed \u00e0 propos de ses opposants : \u00abIls se plaignent de la dictature alors qu&rsquo;ils sont prot\u00e9g\u00e9s par la s\u00e9curit\u00e9\u00bb"},"content":{"rendered":"\n<div class=\"wp-block-image\"><figure class=\"aligncenter size-full\"><img decoding=\"async\" src=\"http:\/\/kapitalis.com\/tunisie\/wp-content\/uploads\/2022\/04\/Kais-Saied-Forces-de-securite.jpg\" alt=\"\" class=\"wp-image-388067\"\/><\/figure><\/div>\n\n\n\n<p><strong><em>Le pr\u00e9sident de la r\u00e9publique Ka\u00efs Sa\u00efed a d\u00e9nonc\u00e9 aujourd&rsquo;hui, lundi 18 avril 2022, les partis \u00abqui n&rsquo;h\u00e9sitent pas \u00e0 tomber dans les bras de n&rsquo;importe qui, que ce soit chez eux ou \u00e0 l&rsquo;\u00e9tranger, car ils consid\u00e8rent le pouvoir comme un butin.\u00bb<\/em><\/strong> <strong><em><a href=\"https:\/\/www.facebook.com\/Presidence.tn\/videos\/1184997778985212\" target=\"_blank\" rel=\"noreferrer noopener\">Vid\u00e9o.<\/a><\/em><\/strong><\/p>\n\n\n\n<!--more-->\n\n\n\n<p>Le chef de l&rsquo;Etat, qui pr\u00e9sidait la c\u00e9r\u00e9monie de c\u00e9l\u00e9bration du 66e anniversaire de la cr\u00e9ation des Forces de s\u00e9curit\u00e9 int\u00e9rieure, au palais de Carthage, fait ici allusion au mouvement islamiste Ennahdha et \u00e0 son pr\u00e9sident Rached Ghannouchi, pr\u00e9sident de l&rsquo;Assembl\u00e9e dissoute par d\u00e9cret pr\u00e9sidentiel, qui multiplient les interventions aupr\u00e8s des responsables \u00e9trangers pour d\u00e9noncer ce qu&rsquo;ils consid\u00e8rent comme un <em>\u00abcoup d&rsquo;Etat\u00bb<\/em> de la part du pr\u00e9sident Sa\u00efed.<\/p>\n\n\n\n<p>Le locataire du palais de Carthage a aussi soulign\u00e9 dans son discours prononc\u00e9 \u00e0 cette occasion que <em>\u00abla Tunisie et sa souverainet\u00e9 ne sont pas une marchandise \u00e0 vendre ou \u00e0 acheter\u00bb.<\/em><\/p>\n\n\n\n<p><em>\u00abNous sommes toujours fid\u00e8les \u00e0 nos engagements, et les obstacles, les mensonges et les illusions qu&rsquo;ils propagent ne nous dissuaderont pas\u00bb<\/em>, a lanc\u00e9 le pr\u00e9sident en s&rsquo;adressant toujours \u00e0 ses opposants, dont il d\u00e9nonce la duplicit\u00e9 et les contradictions\u00a0: <em>\u00abIls se plaignent mensong\u00e8rement des restrictions aux libert\u00e9s et parlent de dictature alors qu&rsquo;ils sont prot\u00e9g\u00e9s par la s\u00e9curit\u00e9\u00bb<\/em>, a-t-il dit.<\/p>\n\n\n\n<p class=\"has-text-align-right\"><strong>I. B.<\/strong><\/p>\n","protected":false},"excerpt":{"rendered":"<p>Le pr\u00e9sident de la r\u00e9publique Ka\u00efs Sa\u00efed a d\u00e9nonc\u00e9 aujourd&rsquo;hui, lundi 18 avril 2022, les partis \u00abqui n&rsquo;h\u00e9sitent pas \u00e0 tomber dans les bras de n&rsquo;importe qui, que ce soit chez eux ou \u00e0 l&rsquo;\u00e9tranger, car ils consid\u00e8rent le pouvoir comme un butin.\u00bb Vid\u00e9o.<\/p>\n","protected":false},"author":8,"featured_media":388067,"comment_status":"open","ping_status":"open","sticky":false,"template":"","format":"standard","meta":{"footnotes":""},"categories":[997,2433],"tags":[49543,99017,76012,16762],"class_list":["post-388064","post","type-post","status-publish","format-standard","has-post-thumbnail","hentry","category-politique","category-tunisie","tag-ennahdha","tag-forces-de-securite-interieures","tag-kais-saied-2","tag-rached-ghanouchi"],"yoast_head":"<!-- This site is optimized with the Yoast SEO plugin v26.6 - https:\/\/yoast.com\/wordpress\/plugins\/seo\/ -->\n<title>Sa\u00efed \u00e0 propos de ses opposants : \u00abIls se plaignent de la dictature alors qu&#039;ils sont prot\u00e9g\u00e9s par la s\u00e9curit\u00e9\u00bb - Kapitalis<\/title>\n<meta name=\"robots\" content=\"index, follow, max-snippet:-1, max-image-preview:large, max-video-preview:-1\" \/>\n<link rel=\"canonical\" href=\"https:\/\/kapitalis.com\/tunisie\/2022\/04\/18\/saied-a-propos-de-ses-opposants-ils-se-plaignent-de-la-dictature-alors-quils-sont-proteges-par-la-securite\/\" \/>\n<meta property=\"og:locale\" content=\"fr_FR\" \/>\n<meta property=\"og:type\" content=\"article\" \/>\n<meta property=\"og:title\" content=\"Sa\u00efed \u00e0 propos de ses opposants : \u00abIls se plaignent de la dictature alors qu&#039;ils sont prot\u00e9g\u00e9s par la s\u00e9curit\u00e9\u00bb - Kapitalis\" \/>\n<meta property=\"og:description\" content=\"Le pr\u00e9sident de la r\u00e9publique Ka\u00efs Sa\u00efed a d\u00e9nonc\u00e9 aujourd&rsquo;hui, lundi 18 avril 2022, les partis \u00abqui n&rsquo;h\u00e9sitent pas \u00e0 tomber dans les bras de n&rsquo;importe qui, que ce soit chez eux ou \u00e0 l&rsquo;\u00e9tranger, car ils consid\u00e8rent le pouvoir comme un butin.\u00bb Vid\u00e9o.\" \/>\n<meta property=\"og:url\" content=\"https:\/\/kapitalis.com\/tunisie\/2022\/04\/18\/saied-a-propos-de-ses-opposants-ils-se-plaignent-de-la-dictature-alors-quils-sont-proteges-par-la-securite\/\" \/>\n<meta property=\"og:site_name\" content=\"Kapitalis\" \/>\n<meta property=\"article:publisher\" content=\"https:\/\/www.facebook.com\/KapitalisInfo\/\" \/>\n<meta property=\"article:published_time\" content=\"2022-04-18T10:19:14+00:00\" \/>\n<meta property=\"article:modified_time\" content=\"2022-04-18T10:22:20+00:00\" \/>\n<meta property=\"og:image\" content=\"https:\/\/kapitalis.com\/tunisie\/wp-content\/uploads\/2022\/05\/kapitalis-logo-fb.png\" \/>\n\t<meta property=\"og:image:width\" content=\"1200\" \/>\n\t<meta property=\"og:image:height\" content=\"630\" \/>\n\t<meta property=\"og:image:type\" content=\"image\/png\" \/>\n<meta name=\"author\" content=\"webmaster kapitalis\" \/>\n<meta name=\"twitter:card\" content=\"summary_large_image\" \/>\n<meta name=\"twitter:creator\" content=\"@KapitalisInfo\" \/>\n<meta name=\"twitter:site\" content=\"@KapitalisInfo\" \/>\n<meta name=\"twitter:label1\" content=\"\u00c9crit par\" \/>\n\t<meta name=\"twitter:data1\" content=\"webmaster kapitalis\" \/>\n\t<meta name=\"twitter:label2\" content=\"Dur\u00e9e de lecture estim\u00e9e\" \/>\n\t<meta name=\"twitter:data2\" content=\"1 minute\" \/>\n<script type=\"application\/ld+json\" class=\"yoast-schema-graph\">{\"@context\":\"https:\/\/schema.org\",\"@graph\":[{\"@type\":\"Article\",\"@id\":\"https:\/\/kapitalis.com\/tunisie\/2022\/04\/18\/saied-a-propos-de-ses-opposants-ils-se-plaignent-de-la-dictature-alors-quils-sont-proteges-par-la-securite\/#article\",\"isPartOf\":{\"@id\":\"https:\/\/kapitalis.com\/tunisie\/2022\/04\/18\/saied-a-propos-de-ses-opposants-ils-se-plaignent-de-la-dictature-alors-quils-sont-proteges-par-la-securite\/\"},\"author\":{\"name\":\"webmaster kapitalis\",\"@id\":\"https:\/\/kapitalis.com\/tunisie\/#\/schema\/person\/d71f33a9ca44f7bad4698210b480c8e9\"},\"headline\":\"Sa\u00efed \u00e0 propos de ses opposants : \u00abIls se plaignent de la dictature alors qu&rsquo;ils sont prot\u00e9g\u00e9s par la s\u00e9curit\u00e9\u00bb\",\"datePublished\":\"2022-04-18T10:19:14+00:00\",\"dateModified\":\"2022-04-18T10:22:20+00:00\",\"mainEntityOfPage\":{\"@id\":\"https:\/\/kapitalis.com\/tunisie\/2022\/04\/18\/saied-a-propos-de-ses-opposants-ils-se-plaignent-de-la-dictature-alors-quils-sont-proteges-par-la-securite\/\"},\"wordCount\":253,\"commentCount\":3,\"publisher\":{\"@id\":\"https:\/\/kapitalis.com\/tunisie\/#organization\"},\"image\":{\"@id\":\"https:\/\/kapitalis.com\/tunisie\/2022\/04\/18\/saied-a-propos-de-ses-opposants-ils-se-plaignent-de-la-dictature-alors-quils-sont-proteges-par-la-securite\/#primaryimage\"},\"thumbnailUrl\":\"\",\"keywords\":[\"Ennahdha\",\"forces de s\u00e9curit\u00e9 int\u00e9rieures\",\"Ka\u00efs Sa\u00efed\",\"Rached Ghanouchi\"],\"articleSection\":[\"POLITIQUE\",\"Tunisie\"],\"inLanguage\":\"fr-FR\",\"potentialAction\":[{\"@type\":\"CommentAction\",\"name\":\"Comment\",\"target\":[\"https:\/\/kapitalis.com\/tunisie\/2022\/04\/18\/saied-a-propos-de-ses-opposants-ils-se-plaignent-de-la-dictature-alors-quils-sont-proteges-par-la-securite\/#respond\"]}]},{\"@type\":\"WebPage\",\"@id\":\"https:\/\/kapitalis.com\/tunisie\/2022\/04\/18\/saied-a-propos-de-ses-opposants-ils-se-plaignent-de-la-dictature-alors-quils-sont-proteges-par-la-securite\/\",\"url\":\"https:\/\/kapitalis.com\/tunisie\/2022\/04\/18\/saied-a-propos-de-ses-opposants-ils-se-plaignent-de-la-dictature-alors-quils-sont-proteges-par-la-securite\/\",\"name\":\"Sa\u00efed \u00e0 propos de ses opposants : \u00abIls se plaignent de la dictature alors qu'ils sont prot\u00e9g\u00e9s par la s\u00e9curit\u00e9\u00bb - Kapitalis\",\"isPartOf\":{\"@id\":\"https:\/\/kapitalis.com\/tunisie\/#website\"},\"primaryImageOfPage\":{\"@id\":\"https:\/\/kapitalis.com\/tunisie\/2022\/04\/18\/saied-a-propos-de-ses-opposants-ils-se-plaignent-de-la-dictature-alors-quils-sont-proteges-par-la-securite\/#primaryimage\"},\"image\":{\"@id\":\"https:\/\/kapitalis.com\/tunisie\/2022\/04\/18\/saied-a-propos-de-ses-opposants-ils-se-plaignent-de-la-dictature-alors-quils-sont-proteges-par-la-securite\/#primaryimage\"},\"thumbnailUrl\":\"\",\"datePublished\":\"2022-04-18T10:19:14+00:00\",\"dateModified\":\"2022-04-18T10:22:20+00:00\",\"breadcrumb\":{\"@id\":\"https:\/\/kapitalis.com\/tunisie\/2022\/04\/18\/saied-a-propos-de-ses-opposants-ils-se-plaignent-de-la-dictature-alors-quils-sont-proteges-par-la-securite\/#breadcrumb\"},\"inLanguage\":\"fr-FR\",\"potentialAction\":[{\"@type\":\"ReadAction\",\"target\":[\"https:\/\/kapitalis.com\/tunisie\/2022\/04\/18\/saied-a-propos-de-ses-opposants-ils-se-plaignent-de-la-dictature-alors-quils-sont-proteges-par-la-securite\/\"]}]},{\"@type\":\"ImageObject\",\"inLanguage\":\"fr-FR\",\"@id\":\"https:\/\/kapitalis.com\/tunisie\/2022\/04\/18\/saied-a-propos-de-ses-opposants-ils-se-plaignent-de-la-dictature-alors-quils-sont-proteges-par-la-securite\/#primaryimage\",\"url\":\"\",\"contentUrl\":\"\"},{\"@type\":\"BreadcrumbList\",\"@id\":\"https:\/\/kapitalis.com\/tunisie\/2022\/04\/18\/saied-a-propos-de-ses-opposants-ils-se-plaignent-de-la-dictature-alors-quils-sont-proteges-par-la-securite\/#breadcrumb\",\"itemListElement\":[{\"@type\":\"ListItem\",\"position\":1,\"name\":\"Accueil\",\"item\":\"https:\/\/kapitalis.com\/tunisie\/\"},{\"@type\":\"ListItem\",\"position\":2,\"name\":\"Sa\u00efed \u00e0 propos de ses opposants : \u00abIls se plaignent de la dictature alors qu&rsquo;ils sont prot\u00e9g\u00e9s par la s\u00e9curit\u00e9\u00bb\"}]},{\"@type\":\"WebSite\",\"@id\":\"https:\/\/kapitalis.com\/tunisie\/#website\",\"url\":\"https:\/\/kapitalis.com\/tunisie\/\",\"name\":\"Kapitalis\",\"description\":\"L&#039;actualit\u00e9 en Tunisie et dans le monde\",\"publisher\":{\"@id\":\"https:\/\/kapitalis.com\/tunisie\/#organization\"},\"potentialAction\":[{\"@type\":\"SearchAction\",\"target\":{\"@type\":\"EntryPoint\",\"urlTemplate\":\"https:\/\/kapitalis.com\/tunisie\/?s={search_term_string}\"},\"query-input\":{\"@type\":\"PropertyValueSpecification\",\"valueRequired\":true,\"valueName\":\"search_term_string\"}}],\"inLanguage\":\"fr-FR\"},{\"@type\":\"Organization\",\"@id\":\"https:\/\/kapitalis.com\/tunisie\/#organization\",\"name\":\"Kapitalis\",\"url\":\"https:\/\/kapitalis.com\/tunisie\/\",\"logo\":{\"@type\":\"ImageObject\",\"inLanguage\":\"fr-FR\",\"@id\":\"https:\/\/kapitalis.com\/tunisie\/#\/schema\/logo\/image\/\",\"url\":\"https:\/\/kapitalis.com\/tunisie\/wp-content\/uploads\/2022\/05\/Kapitalis-big-size.png\",\"contentUrl\":\"https:\/\/kapitalis.com\/tunisie\/wp-content\/uploads\/2022\/05\/Kapitalis-big-size.png\",\"width\":5000,\"height\":1500,\"caption\":\"Kapitalis\"},\"image\":{\"@id\":\"https:\/\/kapitalis.com\/tunisie\/#\/schema\/logo\/image\/\"},\"sameAs\":[\"https:\/\/www.facebook.com\/KapitalisInfo\/\",\"https:\/\/x.com\/KapitalisInfo\",\"https:\/\/www.youtube.com\/channel\/UC-yDYrHyfFBWWZaOw3FPg9Q\"]},{\"@type\":\"Person\",\"@id\":\"https:\/\/kapitalis.com\/tunisie\/#\/schema\/person\/d71f33a9ca44f7bad4698210b480c8e9\",\"name\":\"webmaster kapitalis\",\"url\":\"https:\/\/kapitalis.com\/tunisie\/author\/webmaster-kapitalis\/\"}]}<\/script>\n<!-- \/ Yoast SEO plugin. -->","yoast_head_json":{"title":"Sa\u00efed \u00e0 propos de ses opposants : \u00abIls se plaignent de la dictature alors qu'ils sont prot\u00e9g\u00e9s par la s\u00e9curit\u00e9\u00bb - Kapitalis","robots":{"index":"index","follow":"follow","max-snippet":"max-snippet:-1","max-image-preview":"max-image-preview:large","max-video-preview":"max-video-preview:-1"},"canonical":"https:\/\/kapitalis.com\/tunisie\/2022\/04\/18\/saied-a-propos-de-ses-opposants-ils-se-plaignent-de-la-dictature-alors-quils-sont-proteges-par-la-securite\/","og_locale":"fr_FR","og_type":"article","og_title":"Sa\u00efed \u00e0 propos de ses opposants : \u00abIls se plaignent de la dictature alors qu'ils sont prot\u00e9g\u00e9s par la s\u00e9curit\u00e9\u00bb - Kapitalis","og_description":"Le pr\u00e9sident de la r\u00e9publique Ka\u00efs Sa\u00efed a d\u00e9nonc\u00e9 aujourd&rsquo;hui, lundi 18 avril 2022, les partis \u00abqui n&rsquo;h\u00e9sitent pas \u00e0 tomber dans les bras de n&rsquo;importe qui, que ce soit chez eux ou \u00e0 l&rsquo;\u00e9tranger, car ils consid\u00e8rent le pouvoir comme un butin.\u00bb Vid\u00e9o.","og_url":"https:\/\/kapitalis.com\/tunisie\/2022\/04\/18\/saied-a-propos-de-ses-opposants-ils-se-plaignent-de-la-dictature-alors-quils-sont-proteges-par-la-securite\/","og_site_name":"Kapitalis","article_publisher":"https:\/\/www.facebook.com\/KapitalisInfo\/","article_published_time":"2022-04-18T10:19:14+00:00","article_modified_time":"2022-04-18T10:22:20+00:00","og_image":[{"width":1200,"height":630,"url":"https:\/\/kapitalis.com\/tunisie\/wp-content\/uploads\/2022\/05\/kapitalis-logo-fb.png","type":"image\/png"}],"author":"webmaster kapitalis","twitter_card":"summary_large_image","twitter_creator":"@KapitalisInfo","twitter_site":"@KapitalisInfo","twitter_misc":{"\u00c9crit par":"webmaster kapitalis","Dur\u00e9e de lecture estim\u00e9e":"1 minute"},"schema":{"@context":"https:\/\/schema.org","@graph":[{"@type":"Article","@id":"https:\/\/kapitalis.com\/tunisie\/2022\/04\/18\/saied-a-propos-de-ses-opposants-ils-se-plaignent-de-la-dictature-alors-quils-sont-proteges-par-la-securite\/#article","isPartOf":{"@id":"https:\/\/kapitalis.com\/tunisie\/2022\/04\/18\/saied-a-propos-de-ses-opposants-ils-se-plaignent-de-la-dictature-alors-quils-sont-proteges-par-la-securite\/"},"author":{"name":"webmaster kapitalis","@id":"https:\/\/kapitalis.com\/tunisie\/#\/schema\/person\/d71f33a9ca44f7bad4698210b480c8e9"},"headline":"Sa\u00efed \u00e0 propos de ses opposants : \u00abIls se plaignent de la dictature alors qu&rsquo;ils sont prot\u00e9g\u00e9s par la s\u00e9curit\u00e9\u00bb","datePublished":"2022-04-18T10:19:14+00:00","dateModified":"2022-04-18T10:22:20+00:00","mainEntityOfPage":{"@id":"https:\/\/kapitalis.com\/tunisie\/2022\/04\/18\/saied-a-propos-de-ses-opposants-ils-se-plaignent-de-la-dictature-alors-quils-sont-proteges-par-la-securite\/"},"wordCount":253,"commentCount":3,"publisher":{"@id":"https:\/\/kapitalis.com\/tunisie\/#organization"},"image":{"@id":"https:\/\/kapitalis.com\/tunisie\/2022\/04\/18\/saied-a-propos-de-ses-opposants-ils-se-plaignent-de-la-dictature-alors-quils-sont-proteges-par-la-securite\/#primaryimage"},"thumbnailUrl":"","keywords":["Ennahdha","forces de s\u00e9curit\u00e9 int\u00e9rieures","Ka\u00efs Sa\u00efed","Rached Ghanouchi"],"articleSection":["POLITIQUE","Tunisie"],"inLanguage":"fr-FR","potentialAction":[{"@type":"CommentAction","name":"Comment","target":["https:\/\/kapitalis.com\/tunisie\/2022\/04\/18\/saied-a-propos-de-ses-opposants-ils-se-plaignent-de-la-dictature-alors-quils-sont-proteges-par-la-securite\/#respond"]}]},{"@type":"WebPage","@id":"https:\/\/kapitalis.com\/tunisie\/2022\/04\/18\/saied-a-propos-de-ses-opposants-ils-se-plaignent-de-la-dictature-alors-quils-sont-proteges-par-la-securite\/","url":"https:\/\/kapitalis.com\/tunisie\/2022\/04\/18\/saied-a-propos-de-ses-opposants-ils-se-plaignent-de-la-dictature-alors-quils-sont-proteges-par-la-securite\/","name":"Sa\u00efed \u00e0 propos de ses opposants : \u00abIls se plaignent de la dictature alors qu'ils sont prot\u00e9g\u00e9s par la s\u00e9curit\u00e9\u00bb - Kapitalis","isPartOf":{"@id":"https:\/\/kapitalis.com\/tunisie\/#website"},"primaryImageOfPage":{"@id":"https:\/\/kapitalis.com\/tunisie\/2022\/04\/18\/saied-a-propos-de-ses-opposants-ils-se-plaignent-de-la-dictature-alors-quils-sont-proteges-par-la-securite\/#primaryimage"},"image":{"@id":"https:\/\/kapitalis.com\/tunisie\/2022\/04\/18\/saied-a-propos-de-ses-opposants-ils-se-plaignent-de-la-dictature-alors-quils-sont-proteges-par-la-securite\/#primaryimage"},"thumbnailUrl":"","datePublished":"2022-04-18T10:19:14+00:00","dateModified":"2022-04-18T10:22:20+00:00","breadcrumb":{"@id":"https:\/\/kapitalis.com\/tunisie\/2022\/04\/18\/saied-a-propos-de-ses-opposants-ils-se-plaignent-de-la-dictature-alors-quils-sont-proteges-par-la-securite\/#breadcrumb"},"inLanguage":"fr-FR","potentialAction":[{"@type":"ReadAction","target":["https:\/\/kapitalis.com\/tunisie\/2022\/04\/18\/saied-a-propos-de-ses-opposants-ils-se-plaignent-de-la-dictature-alors-quils-sont-proteges-par-la-securite\/"]}]},{"@type":"ImageObject","inLanguage":"fr-FR","@id":"https:\/\/kapitalis.com\/tunisie\/2022\/04\/18\/saied-a-propos-de-ses-opposants-ils-se-plaignent-de-la-dictature-alors-quils-sont-proteges-par-la-securite\/#primaryimage","url":"","contentUrl":""},{"@type":"BreadcrumbList","@id":"https:\/\/kapitalis.com\/tunisie\/2022\/04\/18\/saied-a-propos-de-ses-opposants-ils-se-plaignent-de-la-dictature-alors-quils-sont-proteges-par-la-securite\/#breadcrumb","itemListElement":[{"@type":"ListItem","position":1,"name":"Accueil","item":"https:\/\/kapitalis.com\/tunisie\/"},{"@type":"ListItem","position":2,"name":"Sa\u00efed \u00e0 propos de ses opposants : \u00abIls se plaignent de la dictature alors qu&rsquo;ils sont prot\u00e9g\u00e9s par la s\u00e9curit\u00e9\u00bb"}]},{"@type":"WebSite","@id":"https:\/\/kapitalis.com\/tunisie\/#website","url":"https:\/\/kapitalis.com\/tunisie\/","name":"Kapitalis","description":"L&#039;actualit\u00e9 en Tunisie et dans le monde","publisher":{"@id":"https:\/\/kapitalis.com\/tunisie\/#organization"},"potentialAction":[{"@type":"SearchAction","target":{"@type":"EntryPoint","urlTemplate":"https:\/\/kapitalis.com\/tunisie\/?s={search_term_string}"},"query-input":{"@type":"PropertyValueSpecification","valueRequired":true,"valueName":"search_term_string"}}],"inLanguage":"fr-FR"},{"@type":"Organization","@id":"https:\/\/kapitalis.com\/tunisie\/#organization","name":"Kapitalis","url":"https:\/\/kapitalis.com\/tunisie\/","logo":{"@type":"ImageObject","inLanguage":"fr-FR","@id":"https:\/\/kapitalis.com\/tunisie\/#\/schema\/logo\/image\/","url":"https:\/\/kapitalis.com\/tunisie\/wp-content\/uploads\/2022\/05\/Kapitalis-big-size.png","contentUrl":"https:\/\/kapitalis.com\/tunisie\/wp-content\/uploads\/2022\/05\/Kapitalis-big-size.png","width":5000,"height":1500,"caption":"Kapitalis"},"image":{"@id":"https:\/\/kapitalis.com\/tunisie\/#\/schema\/logo\/image\/"},"sameAs":["https:\/\/www.facebook.com\/KapitalisInfo\/","https:\/\/x.com\/KapitalisInfo","https:\/\/www.youtube.com\/channel\/UC-yDYrHyfFBWWZaOw3FPg9Q"]},{"@type":"Person","@id":"https:\/\/kapitalis.com\/tunisie\/#\/schema\/person\/d71f33a9ca44f7bad4698210b480c8e9","name":"webmaster kapitalis","url":"https:\/\/kapitalis.com\/tunisie\/author\/webmaster-kapitalis\/"}]}},"_links":{"self":[{"href":"https:\/\/kapitalis.com\/tunisie\/wp-json\/wp\/v2\/posts\/388064","targetHints":{"allow":["GET"]}}],"collection":[{"href":"https:\/\/kapitalis.com\/tunisie\/wp-json\/wp\/v2\/posts"}],"about":[{"href":"https:\/\/kapitalis.com\/tunisie\/wp-json\/wp\/v2\/types\/post"}],"author":[{"embeddable":true,"href":"https:\/\/kapitalis.com\/tunisie\/wp-json\/wp\/v2\/users\/8"}],"replies":[{"embeddable":true,"href":"https:\/\/kapitalis.com\/tunisie\/wp-json\/wp\/v2\/comments?post=388064"}],"version-history":[{"count":0,"href":"https:\/\/kapitalis.com\/tunisie\/wp-json\/wp\/v2\/posts\/388064\/revisions"}],"wp:featuredmedia":[{"embeddable":true,"href":"https:\/\/kapitalis.com\/tunisie\/wp-json\/wp\/v2\/media\/388067"}],"wp:attachment":[{"href":"https:\/\/kapitalis.com\/tunisie\/wp-json\/wp\/v2\/media?parent=388064"}],"wp:term":[{"taxonomy":"category","embeddable":true,"href":"https:\/\/kapitalis.com\/tunisie\/wp-json\/wp\/v2\/categories?post=388064"},{"taxonomy":"post_tag","embeddable":true,"href":"https:\/\/kapitalis.com\/tunisie\/wp-json\/wp\/v2\/tags?post=388064"}],"curies":[{"name":"wp","href":"https:\/\/api.w.org\/{rel}","templated":true}]}}