{"id":388153,"date":"2022-04-19T02:13:22","date_gmt":"2022-04-19T01:13:22","guid":{"rendered":"http:\/\/kapitalis.com\/tunisie\/?p=388153"},"modified":"2022-04-19T02:18:14","modified_gmt":"2022-04-19T01:18:14","slug":"velorution-organise-la-premiere-foire-aux-velos-en-tunisie-en-partenariat-avec-la-commune-de-lariana","status":"publish","type":"post","link":"https:\/\/kapitalis.com\/tunisie\/2022\/04\/19\/velorution-organise-la-premiere-foire-aux-velos-en-tunisie-en-partenariat-avec-la-commune-de-lariana\/","title":{"rendered":"V\u00e9lorution organise la premi\u00e8re foire aux v\u00e9los en Tunisie, en partenariat avec la commune de l&rsquo;Ariana"},"content":{"rendered":"\n<div class=\"wp-block-image\"><figure class=\"aligncenter size-full\"><img decoding=\"async\" src=\"http:\/\/kapitalis.com\/tunisie\/wp-content\/uploads\/2022\/04\/Velorution-Tunisie-Ariana.jpg\" alt=\"\" class=\"wp-image-388160\"\/><figcaption><em>Ph. d&rsquo;archives.<\/em><\/figcaption><\/figure><\/div>\n\n\n\n<p><strong><em>L&rsquo;Association V\u00e9lorution organise en partenariat avec la commune de l&rsquo;Ariana, la premi\u00e8re foire aux v\u00e9los et accessoires d&rsquo;occasion en Tunisie, le 24 avril 2022, au Parc Bir Belhassan situ\u00e9 dans cette ville du nord de Tunis.<\/em><\/strong><\/p>\n\n\n\n<!--more-->\n\n\n\n<p><em>\u00abSouk El Bisklette\u00bb<\/em> vise \u00e0 faciliter l&rsquo;acquisition de v\u00e9lo pour tous afin de g\u00e9n\u00e9raliser sa pratique : <em>\u00abvendeurs et acheteurs se rencontrent pour donner seconde vie aux v\u00e9los et accessoires\u00bb<\/em>, indique l&rsquo;association en ajoutant qu&rsquo;une vente aux ench\u00e8res, qui ciblera les articles rares, sera \u00e9galement organis\u00e9e \u00e0 l&rsquo;occasion.<\/p>\n\n\n\n<div class=\"wp-block-image\"><figure class=\"aligncenter size-full is-resized\"><img decoding=\"async\" src=\"http:\/\/kapitalis.com\/tunisie\/wp-content\/uploads\/2022\/04\/v.jpg\" alt=\"\" class=\"wp-image-388154\" width=\"500\"\/><\/figure><\/div>\n\n\n\n<p>La foire aux v\u00e9los se d\u00e9roulera de 9h \u00e0 13h, et les vendeurs sont appel\u00e9s \u00e0 se pr\u00e9senter d\u00e8s 8h, et devront afficher les prix de leurs articles : \u00ab<em>Ceux qui ont plus de 3 v\u00e9los \u00e0 mettre en vente et\/ou qui souhaitent faire des ventes aux ench\u00e8res, sont pri\u00e9s de contacter l&rsquo;association pour s&rsquo;inscrire et ce, avant le 20 avril\u00bb<\/em>.<\/p>\n\n\n\n<p>V\u00e9lorution se chargera avec la municipalit\u00e9 d&rsquo;am\u00e9nager l&rsquo;espace et d&rsquo;organiser l&rsquo;\u00e9v\u00e8nement et conseillera les acheteur : Aucun des organisateurs ne tire profit financier, ni de l&rsquo;acheteur, ni du vendeur , pr\u00e9cise encore la m\u00eame source.<\/p>\n\n\n\n<p>Rappelons que l&rsquo;association V\u00e9lorution d\u00e9veloppe depuis 2017, la culture du v\u00e9lo et fait la promotion de ce mode de transport alternatif en ville:  un alli\u00e9 contre le r\u00e9chauffement climatique qui permet de pr\u00e9server l&rsquo;\u00e9cologie et l&rsquo;environnement, et qui s&rsquo;inscrit aussi dans une logique de maintien de la sant\u00e9, puisqu\u2019il permet la pratique d&rsquo;un sport r\u00e9gulier.<\/p>\n\n\n\n<p class=\"has-text-align-right\"><strong>Y. N.<\/strong><\/p>\n\n\n\n<figure class=\"wp-block-embed is-type-wp-embed is-provider-kapitalis wp-block-embed-kapitalis\"><div class=\"wp-block-embed__wrapper\">\n<blockquote class=\"wp-embedded-content\" data-secret=\"o9bBVvgOD7\"><a href=\"https:\/\/kapitalis.com\/tunisie\/2019\/02\/05\/velorution-tunisie-inauguration-de-dar-el-bisklette-le-samedi-9-fevrier\/\">V\u00e9lorution Tunisie : Inauguration de Dar El Bisklette le samedi 9 f\u00e9vrier<\/a><\/blockquote><iframe loading=\"lazy\" class=\"wp-embedded-content\" sandbox=\"allow-scripts\" security=\"restricted\" style=\"position: absolute; clip: rect(1px, 1px, 1px, 1px);\" title=\"\u00ab\u00a0V\u00e9lorution Tunisie : Inauguration de Dar El Bisklette le samedi 9 f\u00e9vrier\u00a0\u00bb &#8212; Kapitalis\" src=\"https:\/\/kapitalis.com\/tunisie\/2019\/02\/05\/velorution-tunisie-inauguration-de-dar-el-bisklette-le-samedi-9-fevrier\/embed\/#?secret=w8xQozdBQY#?secret=o9bBVvgOD7\" data-secret=\"o9bBVvgOD7\" width=\"600\" height=\"338\" frameborder=\"0\" marginwidth=\"0\" marginheight=\"0\" scrolling=\"no\"><\/iframe>\n<\/div><\/figure>\n\n\n\n<figure class=\"wp-block-embed is-type-wp-embed is-provider-kapitalis wp-block-embed-kapitalis\"><div class=\"wp-block-embed__wrapper\">\n<blockquote class=\"wp-embedded-content\" data-secret=\"j0EqjBlqvu\"><a href=\"https:\/\/kapitalis.com\/tunisie\/2019\/02\/27\/les-premieres-pistes-cyclables-en-tunisie-verront-le-jour-a-lariana\/\">Les premi\u00e8res pistes cyclables en Tunisie verront le jour \u00e0 l\u2019Ariana<\/a><\/blockquote><iframe loading=\"lazy\" class=\"wp-embedded-content\" sandbox=\"allow-scripts\" security=\"restricted\" style=\"position: absolute; clip: rect(1px, 1px, 1px, 1px);\" title=\"\u00ab\u00a0Les premi\u00e8res pistes cyclables en Tunisie verront le jour \u00e0 l\u2019Ariana\u00a0\u00bb &#8212; Kapitalis\" src=\"https:\/\/kapitalis.com\/tunisie\/2019\/02\/27\/les-premieres-pistes-cyclables-en-tunisie-verront-le-jour-a-lariana\/embed\/#?secret=aYNCTLEL31#?secret=j0EqjBlqvu\" data-secret=\"j0EqjBlqvu\" width=\"600\" height=\"338\" frameborder=\"0\" marginwidth=\"0\" marginheight=\"0\" scrolling=\"no\"><\/iframe>\n<\/div><\/figure>\n","protected":false},"excerpt":{"rendered":"<p>L&rsquo;Association V\u00e9lorution organise en partenariat avec la commune de l&rsquo;Ariana, la premi\u00e8re foire aux v\u00e9los et accessoires d&rsquo;occasion en Tunisie, le 24 avril 2022, au Parc Bir Belhassan situ\u00e9 dans cette ville du nord de Tunis.<\/p>\n","protected":false},"author":6,"featured_media":388154,"comment_status":"open","ping_status":"open","sticky":false,"template":"","format":"standard","meta":{"footnotes":""},"categories":[998,2433],"tags":[99038,94503,99036,62643,99035,944],"class_list":["post-388153","post","type-post","status-publish","format-standard","has-post-thumbnail","hentry","category-societe","category-tunisie","tag-accessoires","tag-commune-ariana","tag-foire-aux-velos","tag-tunisie","tag-velorution","tag-vente-aux-encheres"],"yoast_head":"<!-- This site is optimized with the Yoast SEO plugin v26.6 - https:\/\/yoast.com\/wordpress\/plugins\/seo\/ -->\n<title>V\u00e9lorution organise la premi\u00e8re foire aux v\u00e9los en Tunisie, en partenariat avec la commune de l&#039;Ariana - Kapitalis<\/title>\n<meta name=\"robots\" content=\"index, follow, max-snippet:-1, max-image-preview:large, max-video-preview:-1\" \/>\n<link rel=\"canonical\" href=\"https:\/\/kapitalis.com\/tunisie\/2022\/04\/19\/velorution-organise-la-premiere-foire-aux-velos-en-tunisie-en-partenariat-avec-la-commune-de-lariana\/\" \/>\n<meta property=\"og:locale\" content=\"fr_FR\" \/>\n<meta property=\"og:type\" content=\"article\" \/>\n<meta property=\"og:title\" content=\"V\u00e9lorution organise la premi\u00e8re foire aux v\u00e9los en Tunisie, en partenariat avec la commune de l&#039;Ariana - Kapitalis\" \/>\n<meta property=\"og:description\" content=\"L&rsquo;Association V\u00e9lorution organise en partenariat avec la commune de l&rsquo;Ariana, la premi\u00e8re foire aux v\u00e9los et accessoires d&rsquo;occasion en Tunisie, le 24 avril 2022, au Parc Bir Belhassan situ\u00e9 dans cette ville du nord de Tunis.\" \/>\n<meta property=\"og:url\" content=\"https:\/\/kapitalis.com\/tunisie\/2022\/04\/19\/velorution-organise-la-premiere-foire-aux-velos-en-tunisie-en-partenariat-avec-la-commune-de-lariana\/\" \/>\n<meta property=\"og:site_name\" content=\"Kapitalis\" \/>\n<meta property=\"article:publisher\" content=\"https:\/\/www.facebook.com\/KapitalisInfo\/\" \/>\n<meta property=\"article:published_time\" content=\"2022-04-19T01:13:22+00:00\" \/>\n<meta property=\"article:modified_time\" content=\"2022-04-19T01:18:14+00:00\" \/>\n<meta property=\"og:image\" content=\"https:\/\/kapitalis.com\/tunisie\/wp-content\/uploads\/2022\/05\/kapitalis-logo-fb.png\" \/>\n\t<meta property=\"og:image:width\" content=\"1200\" \/>\n\t<meta property=\"og:image:height\" content=\"630\" \/>\n\t<meta property=\"og:image:type\" content=\"image\/png\" \/>\n<meta name=\"author\" content=\"Yusra NY\" \/>\n<meta name=\"twitter:card\" content=\"summary_large_image\" \/>\n<meta name=\"twitter:creator\" content=\"@KapitalisInfo\" \/>\n<meta name=\"twitter:site\" content=\"@KapitalisInfo\" \/>\n<meta name=\"twitter:label1\" content=\"\u00c9crit par\" \/>\n\t<meta name=\"twitter:data1\" content=\"Yusra NY\" \/>\n\t<meta name=\"twitter:label2\" content=\"Dur\u00e9e de lecture estim\u00e9e\" \/>\n\t<meta name=\"twitter:data2\" content=\"1 minute\" \/>\n<script type=\"application\/ld+json\" class=\"yoast-schema-graph\">{\"@context\":\"https:\/\/schema.org\",\"@graph\":[{\"@type\":\"Article\",\"@id\":\"https:\/\/kapitalis.com\/tunisie\/2022\/04\/19\/velorution-organise-la-premiere-foire-aux-velos-en-tunisie-en-partenariat-avec-la-commune-de-lariana\/#article\",\"isPartOf\":{\"@id\":\"https:\/\/kapitalis.com\/tunisie\/2022\/04\/19\/velorution-organise-la-premiere-foire-aux-velos-en-tunisie-en-partenariat-avec-la-commune-de-lariana\/\"},\"author\":{\"name\":\"Yusra NY\",\"@id\":\"https:\/\/kapitalis.com\/tunisie\/#\/schema\/person\/74bbde0154d49d790a92aaeac5bc01d5\"},\"headline\":\"V\u00e9lorution organise la premi\u00e8re foire aux v\u00e9los en Tunisie, en partenariat avec la commune de l&rsquo;Ariana\",\"datePublished\":\"2022-04-19T01:13:22+00:00\",\"dateModified\":\"2022-04-19T01:18:14+00:00\",\"mainEntityOfPage\":{\"@id\":\"https:\/\/kapitalis.com\/tunisie\/2022\/04\/19\/velorution-organise-la-premiere-foire-aux-velos-en-tunisie-en-partenariat-avec-la-commune-de-lariana\/\"},\"wordCount\":287,\"commentCount\":2,\"publisher\":{\"@id\":\"https:\/\/kapitalis.com\/tunisie\/#organization\"},\"image\":{\"@id\":\"https:\/\/kapitalis.com\/tunisie\/2022\/04\/19\/velorution-organise-la-premiere-foire-aux-velos-en-tunisie-en-partenariat-avec-la-commune-de-lariana\/#primaryimage\"},\"thumbnailUrl\":\"\",\"keywords\":[\"accessoires\",\"commune Ariana\",\"foire aux v\u00e9los\",\"Tunisie\",\"V\u00e9lorution\",\"vente aux ench\u00e8res\"],\"articleSection\":[\"SOCIETE\",\"Tunisie\"],\"inLanguage\":\"fr-FR\",\"potentialAction\":[{\"@type\":\"CommentAction\",\"name\":\"Comment\",\"target\":[\"https:\/\/kapitalis.com\/tunisie\/2022\/04\/19\/velorution-organise-la-premiere-foire-aux-velos-en-tunisie-en-partenariat-avec-la-commune-de-lariana\/#respond\"]}]},{\"@type\":\"WebPage\",\"@id\":\"https:\/\/kapitalis.com\/tunisie\/2022\/04\/19\/velorution-organise-la-premiere-foire-aux-velos-en-tunisie-en-partenariat-avec-la-commune-de-lariana\/\",\"url\":\"https:\/\/kapitalis.com\/tunisie\/2022\/04\/19\/velorution-organise-la-premiere-foire-aux-velos-en-tunisie-en-partenariat-avec-la-commune-de-lariana\/\",\"name\":\"V\u00e9lorution organise la premi\u00e8re foire aux v\u00e9los en Tunisie, en partenariat avec la commune de l'Ariana - Kapitalis\",\"isPartOf\":{\"@id\":\"https:\/\/kapitalis.com\/tunisie\/#website\"},\"primaryImageOfPage\":{\"@id\":\"https:\/\/kapitalis.com\/tunisie\/2022\/04\/19\/velorution-organise-la-premiere-foire-aux-velos-en-tunisie-en-partenariat-avec-la-commune-de-lariana\/#primaryimage\"},\"image\":{\"@id\":\"https:\/\/kapitalis.com\/tunisie\/2022\/04\/19\/velorution-organise-la-premiere-foire-aux-velos-en-tunisie-en-partenariat-avec-la-commune-de-lariana\/#primaryimage\"},\"thumbnailUrl\":\"\",\"datePublished\":\"2022-04-19T01:13:22+00:00\",\"dateModified\":\"2022-04-19T01:18:14+00:00\",\"breadcrumb\":{\"@id\":\"https:\/\/kapitalis.com\/tunisie\/2022\/04\/19\/velorution-organise-la-premiere-foire-aux-velos-en-tunisie-en-partenariat-avec-la-commune-de-lariana\/#breadcrumb\"},\"inLanguage\":\"fr-FR\",\"potentialAction\":[{\"@type\":\"ReadAction\",\"target\":[\"https:\/\/kapitalis.com\/tunisie\/2022\/04\/19\/velorution-organise-la-premiere-foire-aux-velos-en-tunisie-en-partenariat-avec-la-commune-de-lariana\/\"]}]},{\"@type\":\"ImageObject\",\"inLanguage\":\"fr-FR\",\"@id\":\"https:\/\/kapitalis.com\/tunisie\/2022\/04\/19\/velorution-organise-la-premiere-foire-aux-velos-en-tunisie-en-partenariat-avec-la-commune-de-lariana\/#primaryimage\",\"url\":\"\",\"contentUrl\":\"\"},{\"@type\":\"BreadcrumbList\",\"@id\":\"https:\/\/kapitalis.com\/tunisie\/2022\/04\/19\/velorution-organise-la-premiere-foire-aux-velos-en-tunisie-en-partenariat-avec-la-commune-de-lariana\/#breadcrumb\",\"itemListElement\":[{\"@type\":\"ListItem\",\"position\":1,\"name\":\"Accueil\",\"item\":\"https:\/\/kapitalis.com\/tunisie\/\"},{\"@type\":\"ListItem\",\"position\":2,\"name\":\"V\u00e9lorution organise la premi\u00e8re foire aux v\u00e9los en Tunisie, en partenariat avec la commune de l&rsquo;Ariana\"}]},{\"@type\":\"WebSite\",\"@id\":\"https:\/\/kapitalis.com\/tunisie\/#website\",\"url\":\"https:\/\/kapitalis.com\/tunisie\/\",\"name\":\"Kapitalis\",\"description\":\"L&#039;actualit\u00e9 en Tunisie et dans le monde\",\"publisher\":{\"@id\":\"https:\/\/kapitalis.com\/tunisie\/#organization\"},\"potentialAction\":[{\"@type\":\"SearchAction\",\"target\":{\"@type\":\"EntryPoint\",\"urlTemplate\":\"https:\/\/kapitalis.com\/tunisie\/?s={search_term_string}\"},\"query-input\":{\"@type\":\"PropertyValueSpecification\",\"valueRequired\":true,\"valueName\":\"search_term_string\"}}],\"inLanguage\":\"fr-FR\"},{\"@type\":\"Organization\",\"@id\":\"https:\/\/kapitalis.com\/tunisie\/#organization\",\"name\":\"Kapitalis\",\"url\":\"https:\/\/kapitalis.com\/tunisie\/\",\"logo\":{\"@type\":\"ImageObject\",\"inLanguage\":\"fr-FR\",\"@id\":\"https:\/\/kapitalis.com\/tunisie\/#\/schema\/logo\/image\/\",\"url\":\"https:\/\/kapitalis.com\/tunisie\/wp-content\/uploads\/2022\/05\/Kapitalis-big-size.png\",\"contentUrl\":\"https:\/\/kapitalis.com\/tunisie\/wp-content\/uploads\/2022\/05\/Kapitalis-big-size.png\",\"width\":5000,\"height\":1500,\"caption\":\"Kapitalis\"},\"image\":{\"@id\":\"https:\/\/kapitalis.com\/tunisie\/#\/schema\/logo\/image\/\"},\"sameAs\":[\"https:\/\/www.facebook.com\/KapitalisInfo\/\",\"https:\/\/x.com\/KapitalisInfo\",\"https:\/\/www.youtube.com\/channel\/UC-yDYrHyfFBWWZaOw3FPg9Q\"]},{\"@type\":\"Person\",\"@id\":\"https:\/\/kapitalis.com\/tunisie\/#\/schema\/person\/74bbde0154d49d790a92aaeac5bc01d5\",\"name\":\"Yusra NY\",\"url\":\"https:\/\/kapitalis.com\/tunisie\/author\/yuza_adam\/\"}]}<\/script>\n<!-- \/ Yoast SEO plugin. -->","yoast_head_json":{"title":"V\u00e9lorution organise la premi\u00e8re foire aux v\u00e9los en Tunisie, en partenariat avec la commune de l'Ariana - Kapitalis","robots":{"index":"index","follow":"follow","max-snippet":"max-snippet:-1","max-image-preview":"max-image-preview:large","max-video-preview":"max-video-preview:-1"},"canonical":"https:\/\/kapitalis.com\/tunisie\/2022\/04\/19\/velorution-organise-la-premiere-foire-aux-velos-en-tunisie-en-partenariat-avec-la-commune-de-lariana\/","og_locale":"fr_FR","og_type":"article","og_title":"V\u00e9lorution organise la premi\u00e8re foire aux v\u00e9los en Tunisie, en partenariat avec la commune de l'Ariana - Kapitalis","og_description":"L&rsquo;Association V\u00e9lorution organise en partenariat avec la commune de l&rsquo;Ariana, la premi\u00e8re foire aux v\u00e9los et accessoires d&rsquo;occasion en Tunisie, le 24 avril 2022, au Parc Bir Belhassan situ\u00e9 dans cette ville du nord de Tunis.","og_url":"https:\/\/kapitalis.com\/tunisie\/2022\/04\/19\/velorution-organise-la-premiere-foire-aux-velos-en-tunisie-en-partenariat-avec-la-commune-de-lariana\/","og_site_name":"Kapitalis","article_publisher":"https:\/\/www.facebook.com\/KapitalisInfo\/","article_published_time":"2022-04-19T01:13:22+00:00","article_modified_time":"2022-04-19T01:18:14+00:00","og_image":[{"width":1200,"height":630,"url":"https:\/\/kapitalis.com\/tunisie\/wp-content\/uploads\/2022\/05\/kapitalis-logo-fb.png","type":"image\/png"}],"author":"Yusra NY","twitter_card":"summary_large_image","twitter_creator":"@KapitalisInfo","twitter_site":"@KapitalisInfo","twitter_misc":{"\u00c9crit par":"Yusra NY","Dur\u00e9e de lecture estim\u00e9e":"1 minute"},"schema":{"@context":"https:\/\/schema.org","@graph":[{"@type":"Article","@id":"https:\/\/kapitalis.com\/tunisie\/2022\/04\/19\/velorution-organise-la-premiere-foire-aux-velos-en-tunisie-en-partenariat-avec-la-commune-de-lariana\/#article","isPartOf":{"@id":"https:\/\/kapitalis.com\/tunisie\/2022\/04\/19\/velorution-organise-la-premiere-foire-aux-velos-en-tunisie-en-partenariat-avec-la-commune-de-lariana\/"},"author":{"name":"Yusra NY","@id":"https:\/\/kapitalis.com\/tunisie\/#\/schema\/person\/74bbde0154d49d790a92aaeac5bc01d5"},"headline":"V\u00e9lorution organise la premi\u00e8re foire aux v\u00e9los en Tunisie, en partenariat avec la commune de l&rsquo;Ariana","datePublished":"2022-04-19T01:13:22+00:00","dateModified":"2022-04-19T01:18:14+00:00","mainEntityOfPage":{"@id":"https:\/\/kapitalis.com\/tunisie\/2022\/04\/19\/velorution-organise-la-premiere-foire-aux-velos-en-tunisie-en-partenariat-avec-la-commune-de-lariana\/"},"wordCount":287,"commentCount":2,"publisher":{"@id":"https:\/\/kapitalis.com\/tunisie\/#organization"},"image":{"@id":"https:\/\/kapitalis.com\/tunisie\/2022\/04\/19\/velorution-organise-la-premiere-foire-aux-velos-en-tunisie-en-partenariat-avec-la-commune-de-lariana\/#primaryimage"},"thumbnailUrl":"","keywords":["accessoires","commune Ariana","foire aux v\u00e9los","Tunisie","V\u00e9lorution","vente aux ench\u00e8res"],"articleSection":["SOCIETE","Tunisie"],"inLanguage":"fr-FR","potentialAction":[{"@type":"CommentAction","name":"Comment","target":["https:\/\/kapitalis.com\/tunisie\/2022\/04\/19\/velorution-organise-la-premiere-foire-aux-velos-en-tunisie-en-partenariat-avec-la-commune-de-lariana\/#respond"]}]},{"@type":"WebPage","@id":"https:\/\/kapitalis.com\/tunisie\/2022\/04\/19\/velorution-organise-la-premiere-foire-aux-velos-en-tunisie-en-partenariat-avec-la-commune-de-lariana\/","url":"https:\/\/kapitalis.com\/tunisie\/2022\/04\/19\/velorution-organise-la-premiere-foire-aux-velos-en-tunisie-en-partenariat-avec-la-commune-de-lariana\/","name":"V\u00e9lorution organise la premi\u00e8re foire aux v\u00e9los en Tunisie, en partenariat avec la commune de l'Ariana - Kapitalis","isPartOf":{"@id":"https:\/\/kapitalis.com\/tunisie\/#website"},"primaryImageOfPage":{"@id":"https:\/\/kapitalis.com\/tunisie\/2022\/04\/19\/velorution-organise-la-premiere-foire-aux-velos-en-tunisie-en-partenariat-avec-la-commune-de-lariana\/#primaryimage"},"image":{"@id":"https:\/\/kapitalis.com\/tunisie\/2022\/04\/19\/velorution-organise-la-premiere-foire-aux-velos-en-tunisie-en-partenariat-avec-la-commune-de-lariana\/#primaryimage"},"thumbnailUrl":"","datePublished":"2022-04-19T01:13:22+00:00","dateModified":"2022-04-19T01:18:14+00:00","breadcrumb":{"@id":"https:\/\/kapitalis.com\/tunisie\/2022\/04\/19\/velorution-organise-la-premiere-foire-aux-velos-en-tunisie-en-partenariat-avec-la-commune-de-lariana\/#breadcrumb"},"inLanguage":"fr-FR","potentialAction":[{"@type":"ReadAction","target":["https:\/\/kapitalis.com\/tunisie\/2022\/04\/19\/velorution-organise-la-premiere-foire-aux-velos-en-tunisie-en-partenariat-avec-la-commune-de-lariana\/"]}]},{"@type":"ImageObject","inLanguage":"fr-FR","@id":"https:\/\/kapitalis.com\/tunisie\/2022\/04\/19\/velorution-organise-la-premiere-foire-aux-velos-en-tunisie-en-partenariat-avec-la-commune-de-lariana\/#primaryimage","url":"","contentUrl":""},{"@type":"BreadcrumbList","@id":"https:\/\/kapitalis.com\/tunisie\/2022\/04\/19\/velorution-organise-la-premiere-foire-aux-velos-en-tunisie-en-partenariat-avec-la-commune-de-lariana\/#breadcrumb","itemListElement":[{"@type":"ListItem","position":1,"name":"Accueil","item":"https:\/\/kapitalis.com\/tunisie\/"},{"@type":"ListItem","position":2,"name":"V\u00e9lorution organise la premi\u00e8re foire aux v\u00e9los en Tunisie, en partenariat avec la commune de l&rsquo;Ariana"}]},{"@type":"WebSite","@id":"https:\/\/kapitalis.com\/tunisie\/#website","url":"https:\/\/kapitalis.com\/tunisie\/","name":"Kapitalis","description":"L&#039;actualit\u00e9 en Tunisie et dans le monde","publisher":{"@id":"https:\/\/kapitalis.com\/tunisie\/#organization"},"potentialAction":[{"@type":"SearchAction","target":{"@type":"EntryPoint","urlTemplate":"https:\/\/kapitalis.com\/tunisie\/?s={search_term_string}"},"query-input":{"@type":"PropertyValueSpecification","valueRequired":true,"valueName":"search_term_string"}}],"inLanguage":"fr-FR"},{"@type":"Organization","@id":"https:\/\/kapitalis.com\/tunisie\/#organization","name":"Kapitalis","url":"https:\/\/kapitalis.com\/tunisie\/","logo":{"@type":"ImageObject","inLanguage":"fr-FR","@id":"https:\/\/kapitalis.com\/tunisie\/#\/schema\/logo\/image\/","url":"https:\/\/kapitalis.com\/tunisie\/wp-content\/uploads\/2022\/05\/Kapitalis-big-size.png","contentUrl":"https:\/\/kapitalis.com\/tunisie\/wp-content\/uploads\/2022\/05\/Kapitalis-big-size.png","width":5000,"height":1500,"caption":"Kapitalis"},"image":{"@id":"https:\/\/kapitalis.com\/tunisie\/#\/schema\/logo\/image\/"},"sameAs":["https:\/\/www.facebook.com\/KapitalisInfo\/","https:\/\/x.com\/KapitalisInfo","https:\/\/www.youtube.com\/channel\/UC-yDYrHyfFBWWZaOw3FPg9Q"]},{"@type":"Person","@id":"https:\/\/kapitalis.com\/tunisie\/#\/schema\/person\/74bbde0154d49d790a92aaeac5bc01d5","name":"Yusra NY","url":"https:\/\/kapitalis.com\/tunisie\/author\/yuza_adam\/"}]}},"_links":{"self":[{"href":"https:\/\/kapitalis.com\/tunisie\/wp-json\/wp\/v2\/posts\/388153","targetHints":{"allow":["GET"]}}],"collection":[{"href":"https:\/\/kapitalis.com\/tunisie\/wp-json\/wp\/v2\/posts"}],"about":[{"href":"https:\/\/kapitalis.com\/tunisie\/wp-json\/wp\/v2\/types\/post"}],"author":[{"embeddable":true,"href":"https:\/\/kapitalis.com\/tunisie\/wp-json\/wp\/v2\/users\/6"}],"replies":[{"embeddable":true,"href":"https:\/\/kapitalis.com\/tunisie\/wp-json\/wp\/v2\/comments?post=388153"}],"version-history":[{"count":0,"href":"https:\/\/kapitalis.com\/tunisie\/wp-json\/wp\/v2\/posts\/388153\/revisions"}],"wp:featuredmedia":[{"embeddable":true,"href":"https:\/\/kapitalis.com\/tunisie\/wp-json\/wp\/v2\/media\/388154"}],"wp:attachment":[{"href":"https:\/\/kapitalis.com\/tunisie\/wp-json\/wp\/v2\/media?parent=388153"}],"wp:term":[{"taxonomy":"category","embeddable":true,"href":"https:\/\/kapitalis.com\/tunisie\/wp-json\/wp\/v2\/categories?post=388153"},{"taxonomy":"post_tag","embeddable":true,"href":"https:\/\/kapitalis.com\/tunisie\/wp-json\/wp\/v2\/tags?post=388153"}],"curies":[{"name":"wp","href":"https:\/\/api.w.org\/{rel}","templated":true}]}}