{"id":388301,"date":"2022-04-20T09:03:20","date_gmt":"2022-04-20T08:03:20","guid":{"rendered":"http:\/\/kapitalis.com\/tunisie\/?p=388301"},"modified":"2022-04-20T09:14:30","modified_gmt":"2022-04-20T08:14:30","slug":"tunisie-les-dessous-politiques-de-la-polemique-autour-de-la-salat-tahajjud","status":"publish","type":"post","link":"https:\/\/kapitalis.com\/tunisie\/2022\/04\/20\/tunisie-les-dessous-politiques-de-la-polemique-autour-de-la-salat-tahajjud\/","title":{"rendered":"Tunisie : les dessous politiques de la pol\u00e9mique autour de la \u00abSalat Tahajjud\u00bb"},"content":{"rendered":"\n<div class=\"wp-block-image\"><figure class=\"aligncenter size-full\"><img decoding=\"async\" src=\"http:\/\/kapitalis.com\/tunisie\/wp-content\/uploads\/2022\/01\/Kais-Saied-Priere.jpg\" alt=\"\" class=\"wp-image-378938\"\/><figcaption><em>Ka\u00efs Sa\u00efed, un salafiste qui avance masqu\u00e9 ? <\/em><\/figcaption><\/figure><\/div>\n\n\n\n<p><strong><em>L&rsquo;autorisation par le minist\u00e8re des Affaires religieuses de la&nbsp;\u00abSalat Tahajjud\u00bb au cours des dix derni\u00e8res nuits de ramadan dans toutes les mosqu\u00e9es de la r\u00e9publique soul\u00e8ve une grande pol\u00e9mique en Tunisie, dont les port\u00e9es religieuse et organisationnelle ne doivent pas masquer \u00e0 nos yeux les dessous pernicieusement politiques. N&rsquo;est-ce pas M. Sa\u00efed?  <\/em><\/strong><\/p>\n\n\n\n<p>Par <strong>Imed Bahri<\/strong><\/p>\n\n\n\n<!--more-->\n\n\n\n<p>La <em>Salat Tajahhud<\/em> est une&nbsp;pri\u00e8re&nbsp;islamique sp\u00e9ciale qui est recommand\u00e9e (mais pas obligatoire) pour tous les musulmans. Elle est effectu\u00e9e apr\u00e8s la&nbsp;pri\u00e8re&nbsp;obligatoire de la nuit (<em>\u00abIcha\u00bb<\/em>) et avant la&nbsp;pri\u00e8re&nbsp;obligatoire du matin (<em>\u00abFajr\u00bb<\/em>). Elle dure donc plusieurs heures, et autant dire toute la nuit.  <\/p>\n\n\n\n<p>La premi\u00e8re r\u00e9action \u00e0 cette d\u00e9cision inattendue et pour le moins parachut\u00e9e (une v\u00e9ritable <em>\u00abinnovation\u00bb<\/em> en Tunisie o\u00f9 les fid\u00e8les n&rsquo;y sont pas habitu\u00e9s) est venue de la F\u00e9d\u00e9ration des affaires religieuses relevant de l&rsquo;Union g\u00e9n\u00e9rale tunisiennes du travail (UGTT), qui a interpell\u00e9 le ministre des Affaires religieuses et lui a demand\u00e9 des \u00e9claircissements sur les tenants et les aboutissants de cette d\u00e9cision que les cadres religieux estiment quelque peu cavali\u00e8re et insuffisamment \u00e9tudi\u00e9e. <\/p>\n\n\n\n<h2 class=\"wp-block-heading\">Le ministre Cha\u00efbi attise la pol\u00e9mique  <\/h2>\n\n\n\n<p>Ces derniers \u00e9voquent plusieurs probl\u00e8mes d&rsquo;ordres religieux (le mal\u00e9kisme dominant en Tunisie a une position mitig\u00e9e \u00e0 l&rsquo;\u00e9gard de la <em>Salat Tahajjud<\/em>) et organisationnel, mais aussi politique. Car ces pri\u00e8res, qui se tiennent tard le soir dans les mosqu\u00e9es, au moment o\u00f9 l&rsquo;\u00e9crasante majorit\u00e9 des fid\u00e8les dorment chez eux, ont souvent \u00e9t\u00e9 utilis\u00e9es par les courants salafistes voire par les groupes terroristes comme pr\u00e9texte pour des r\u00e9unions d&#8217;embrigadement, de recrutement et d&rsquo;organisation d&rsquo;actions insurrectionnelles, et pas seulement en Tunisie.<\/p>\n\n\n\n<p>Plus que cette d\u00e9cision, qui semble avoir \u00e9t\u00e9 dict\u00e9e par le pr\u00e9sident de la r\u00e9publique Ka\u00efs Sa\u00efed, un int\u00e9griste religieux qui avance masqu\u00e9 et qui lorgne avec ce genre de d\u00e9cision l&rsquo;\u00e9lectorat islamiste, lequel le lui rend d&rsquo;ailleurs tr\u00e8s bien (mais c&rsquo;est l\u00e0 un autre sujet auquel nous reviendrons), c&rsquo;est la r\u00e9action du Dr Ibrahim Chaibi, ministre des Affaires religieuses, qui laisse pantois : <em>\u00abJe dis aux syndicalistes qui veulent \u00eatre pay\u00e9s pour l&rsquo;accomplissement de la pri\u00e8re du tahajjud : \u00ab\u00a0Allez dormir, la Tunisie poss\u00e8de ses hommes\u00a0\u00bb.\u00bb<\/em><\/p>\n\n\n\n<p>Que veut dire le ministre&nbsp;? Qu&rsquo;il refuse de discuter de cette d\u00e9cision et que, en d&rsquo;autres termes, il est d\u00e9termin\u00e9 \u00e0 l&rsquo;imposer par tous les moyens sans discuter de ses implications&nbsp;? Veut-il dire aussi que ses services vont se passer des employ\u00e9s des mosqu\u00e9es et les remplacer par d&rsquo;autres&nbsp;? Et dans ce cas, qui seraient ces <em>\u00abautres\u00bb <\/em>personnes qui seront  r\u00e9quisitionn\u00e9es pour veiller \u00e0 la bonne tenue des pri\u00e8res et auxquelles seraient confi\u00e9e la gestion des mosqu\u00e9es&nbsp;pendant plusieurs heures en dehors de tout autre contr\u00f4le ? Qui va les choisir et sur quels crit\u00e8res ?<\/p>\n\n\n\n<h2 class=\"wp-block-heading\">Un passage en force qui inqui\u00e8te <\/h2>\n\n\n\n<p>Ces questions suscitent d&rsquo;autant plus d&rsquo;inqui\u00e9tudes que la d\u00e9termination du ministre des Affaires religieuses \u00e0 faire un passage en force pose des questions sur les v\u00e9ritables intentions qui l&rsquo;animent, lui et son pr\u00e9sident auquel il cherche sans doute \u00e0 plaire. Et parmi ces intentions, dont l&rsquo;\u00e9vidence n&rsquo;\u00e9chappe qu&rsquo;au idiots utiles, on citera la volont\u00e9 de se rallier l&rsquo;\u00e9lectorat du parti islamiste Ennahdha, qui a vot\u00e9 \u00e0 Ka\u00efs Sa\u00efed lors du second tour de la pr\u00e9sidentielle de 2019, lui permettant d&rsquo;acc\u00e9der au palais de Carthage, et qui s&rsquo;est d&rsquo;ailleurs mobilis\u00e9 depuis hier soir pour d\u00e9fendre cette d\u00e9cision que le parti Ennahdha, durant les dix derni\u00e8res ann\u00e9es o\u00f9 il a domin\u00e9 la vie politique et contr\u00f4l\u00e9 tous les rouages de l&rsquo;Etat, n&rsquo;a m\u00eame pas os\u00e9 prendre, de crainte de provoquer un toll\u00e9 g\u00e9n\u00e9ral.<\/p>\n\n\n\n<p>Bref, ce qu&rsquo;Ennahdha n&rsquo;a jamais os\u00e9 faire dans son projet d&rsquo;islamisation rampante de la soci\u00e9t\u00e9, Ka\u00efs Sa\u00efed le fera ! <em>Wait and see&#8230; <\/em>  <\/p>\n","protected":false},"excerpt":{"rendered":"<p>L&rsquo;autorisation par le minist\u00e8re des Affaires religieuses de la&nbsp;\u00abSalat Tahajjud\u00bb au cours des dix derni\u00e8res nuits de ramadan dans toutes les mosqu\u00e9es de la r\u00e9publique soul\u00e8ve une grande pol\u00e9mique en Tunisie, dont les port\u00e9es religieuse et organisationnelle ne doivent pas masquer \u00e0 nos yeux les dessous pernicieusement politiques. N&rsquo;est-ce pas M. Sa\u00efed? Par Imed Bahri<\/p>\n","protected":false},"author":8,"featured_media":0,"comment_status":"open","ping_status":"open","sticky":false,"template":"","format":"standard","meta":{"footnotes":""},"categories":[992,997,998,2433],"tags":[49543,99084,76012,1928,761,99083,62643,936],"class_list":["post-388301","post","type-post","status-publish","format-standard","hentry","category-a-la-une","category-politique","category-societe","category-tunisie","tag-ennahdha","tag-ibrahim-chaibi","tag-kais-saied-2","tag-mosquees","tag-ramadan","tag-salat-thajjud","tag-tunisie","tag-ugtt"],"yoast_head":"<!-- This site is optimized with the Yoast SEO plugin v26.6 - https:\/\/yoast.com\/wordpress\/plugins\/seo\/ -->\n<title>Tunisie : les dessous politiques de la pol\u00e9mique autour de la \u00abSalat Tahajjud\u00bb - Kapitalis<\/title>\n<meta name=\"robots\" content=\"index, follow, max-snippet:-1, max-image-preview:large, max-video-preview:-1\" \/>\n<link rel=\"canonical\" href=\"https:\/\/kapitalis.com\/tunisie\/2022\/04\/20\/tunisie-les-dessous-politiques-de-la-polemique-autour-de-la-salat-tahajjud\/\" \/>\n<meta property=\"og:locale\" content=\"fr_FR\" \/>\n<meta property=\"og:type\" content=\"article\" \/>\n<meta property=\"og:title\" content=\"Tunisie : les dessous politiques de la pol\u00e9mique autour de la \u00abSalat Tahajjud\u00bb - Kapitalis\" \/>\n<meta property=\"og:description\" content=\"L&rsquo;autorisation par le minist\u00e8re des Affaires religieuses de la&nbsp;\u00abSalat Tahajjud\u00bb au cours des dix derni\u00e8res nuits de ramadan dans toutes les mosqu\u00e9es de la r\u00e9publique soul\u00e8ve une grande pol\u00e9mique en Tunisie, dont les port\u00e9es religieuse et organisationnelle ne doivent pas masquer \u00e0 nos yeux les dessous pernicieusement politiques. N&rsquo;est-ce pas M. Sa\u00efed? Par Imed Bahri\" \/>\n<meta property=\"og:url\" content=\"https:\/\/kapitalis.com\/tunisie\/2022\/04\/20\/tunisie-les-dessous-politiques-de-la-polemique-autour-de-la-salat-tahajjud\/\" \/>\n<meta property=\"og:site_name\" content=\"Kapitalis\" \/>\n<meta property=\"article:publisher\" content=\"https:\/\/www.facebook.com\/KapitalisInfo\/\" \/>\n<meta property=\"article:published_time\" content=\"2022-04-20T08:03:20+00:00\" \/>\n<meta property=\"article:modified_time\" content=\"2022-04-20T08:14:30+00:00\" \/>\n<meta property=\"og:image\" content=\"http:\/\/kapitalis.com\/tunisie\/wp-content\/uploads\/2022\/01\/Kais-Saied-Priere.jpg\" \/>\n<meta name=\"author\" content=\"webmaster kapitalis\" \/>\n<meta name=\"twitter:card\" content=\"summary_large_image\" \/>\n<meta name=\"twitter:creator\" content=\"@KapitalisInfo\" \/>\n<meta name=\"twitter:site\" content=\"@KapitalisInfo\" \/>\n<meta name=\"twitter:label1\" content=\"\u00c9crit par\" \/>\n\t<meta name=\"twitter:data1\" content=\"webmaster kapitalis\" \/>\n\t<meta name=\"twitter:label2\" content=\"Dur\u00e9e de lecture estim\u00e9e\" \/>\n\t<meta name=\"twitter:data2\" content=\"4 minutes\" \/>\n<script type=\"application\/ld+json\" class=\"yoast-schema-graph\">{\"@context\":\"https:\/\/schema.org\",\"@graph\":[{\"@type\":\"Article\",\"@id\":\"https:\/\/kapitalis.com\/tunisie\/2022\/04\/20\/tunisie-les-dessous-politiques-de-la-polemique-autour-de-la-salat-tahajjud\/#article\",\"isPartOf\":{\"@id\":\"https:\/\/kapitalis.com\/tunisie\/2022\/04\/20\/tunisie-les-dessous-politiques-de-la-polemique-autour-de-la-salat-tahajjud\/\"},\"author\":{\"name\":\"webmaster kapitalis\",\"@id\":\"https:\/\/kapitalis.com\/tunisie\/#\/schema\/person\/d71f33a9ca44f7bad4698210b480c8e9\"},\"headline\":\"Tunisie : les dessous politiques de la pol\u00e9mique autour de la \u00abSalat Tahajjud\u00bb\",\"datePublished\":\"2022-04-20T08:03:20+00:00\",\"dateModified\":\"2022-04-20T08:14:30+00:00\",\"mainEntityOfPage\":{\"@id\":\"https:\/\/kapitalis.com\/tunisie\/2022\/04\/20\/tunisie-les-dessous-politiques-de-la-polemique-autour-de-la-salat-tahajjud\/\"},\"wordCount\":715,\"commentCount\":12,\"publisher\":{\"@id\":\"https:\/\/kapitalis.com\/tunisie\/#organization\"},\"image\":{\"@id\":\"https:\/\/kapitalis.com\/tunisie\/2022\/04\/20\/tunisie-les-dessous-politiques-de-la-polemique-autour-de-la-salat-tahajjud\/#primaryimage\"},\"thumbnailUrl\":\"http:\/\/kapitalis.com\/tunisie\/wp-content\/uploads\/2022\/01\/Kais-Saied-Priere.jpg\",\"keywords\":[\"Ennahdha\",\"Ibrahim Cha\u00efbi\",\"Ka\u00efs Sa\u00efed\",\"mosqu\u00e9es\",\"Ramadan\",\"Salat Thajjud\",\"Tunisie\",\"UGTT\"],\"articleSection\":[\"A LA UNE\",\"POLITIQUE\",\"SOCIETE\",\"Tunisie\"],\"inLanguage\":\"fr-FR\",\"potentialAction\":[{\"@type\":\"CommentAction\",\"name\":\"Comment\",\"target\":[\"https:\/\/kapitalis.com\/tunisie\/2022\/04\/20\/tunisie-les-dessous-politiques-de-la-polemique-autour-de-la-salat-tahajjud\/#respond\"]}]},{\"@type\":\"WebPage\",\"@id\":\"https:\/\/kapitalis.com\/tunisie\/2022\/04\/20\/tunisie-les-dessous-politiques-de-la-polemique-autour-de-la-salat-tahajjud\/\",\"url\":\"https:\/\/kapitalis.com\/tunisie\/2022\/04\/20\/tunisie-les-dessous-politiques-de-la-polemique-autour-de-la-salat-tahajjud\/\",\"name\":\"Tunisie : les dessous politiques de la pol\u00e9mique autour de la \u00abSalat Tahajjud\u00bb - Kapitalis\",\"isPartOf\":{\"@id\":\"https:\/\/kapitalis.com\/tunisie\/#website\"},\"primaryImageOfPage\":{\"@id\":\"https:\/\/kapitalis.com\/tunisie\/2022\/04\/20\/tunisie-les-dessous-politiques-de-la-polemique-autour-de-la-salat-tahajjud\/#primaryimage\"},\"image\":{\"@id\":\"https:\/\/kapitalis.com\/tunisie\/2022\/04\/20\/tunisie-les-dessous-politiques-de-la-polemique-autour-de-la-salat-tahajjud\/#primaryimage\"},\"thumbnailUrl\":\"http:\/\/kapitalis.com\/tunisie\/wp-content\/uploads\/2022\/01\/Kais-Saied-Priere.jpg\",\"datePublished\":\"2022-04-20T08:03:20+00:00\",\"dateModified\":\"2022-04-20T08:14:30+00:00\",\"breadcrumb\":{\"@id\":\"https:\/\/kapitalis.com\/tunisie\/2022\/04\/20\/tunisie-les-dessous-politiques-de-la-polemique-autour-de-la-salat-tahajjud\/#breadcrumb\"},\"inLanguage\":\"fr-FR\",\"potentialAction\":[{\"@type\":\"ReadAction\",\"target\":[\"https:\/\/kapitalis.com\/tunisie\/2022\/04\/20\/tunisie-les-dessous-politiques-de-la-polemique-autour-de-la-salat-tahajjud\/\"]}]},{\"@type\":\"ImageObject\",\"inLanguage\":\"fr-FR\",\"@id\":\"https:\/\/kapitalis.com\/tunisie\/2022\/04\/20\/tunisie-les-dessous-politiques-de-la-polemique-autour-de-la-salat-tahajjud\/#primaryimage\",\"url\":\"\",\"contentUrl\":\"\"},{\"@type\":\"BreadcrumbList\",\"@id\":\"https:\/\/kapitalis.com\/tunisie\/2022\/04\/20\/tunisie-les-dessous-politiques-de-la-polemique-autour-de-la-salat-tahajjud\/#breadcrumb\",\"itemListElement\":[{\"@type\":\"ListItem\",\"position\":1,\"name\":\"Accueil\",\"item\":\"https:\/\/kapitalis.com\/tunisie\/\"},{\"@type\":\"ListItem\",\"position\":2,\"name\":\"Tunisie : les dessous politiques de la pol\u00e9mique autour de la \u00abSalat Tahajjud\u00bb\"}]},{\"@type\":\"WebSite\",\"@id\":\"https:\/\/kapitalis.com\/tunisie\/#website\",\"url\":\"https:\/\/kapitalis.com\/tunisie\/\",\"name\":\"Kapitalis\",\"description\":\"L&#039;actualit\u00e9 en Tunisie et dans le monde\",\"publisher\":{\"@id\":\"https:\/\/kapitalis.com\/tunisie\/#organization\"},\"potentialAction\":[{\"@type\":\"SearchAction\",\"target\":{\"@type\":\"EntryPoint\",\"urlTemplate\":\"https:\/\/kapitalis.com\/tunisie\/?s={search_term_string}\"},\"query-input\":{\"@type\":\"PropertyValueSpecification\",\"valueRequired\":true,\"valueName\":\"search_term_string\"}}],\"inLanguage\":\"fr-FR\"},{\"@type\":\"Organization\",\"@id\":\"https:\/\/kapitalis.com\/tunisie\/#organization\",\"name\":\"Kapitalis\",\"url\":\"https:\/\/kapitalis.com\/tunisie\/\",\"logo\":{\"@type\":\"ImageObject\",\"inLanguage\":\"fr-FR\",\"@id\":\"https:\/\/kapitalis.com\/tunisie\/#\/schema\/logo\/image\/\",\"url\":\"https:\/\/kapitalis.com\/tunisie\/wp-content\/uploads\/2022\/05\/Kapitalis-big-size.png\",\"contentUrl\":\"https:\/\/kapitalis.com\/tunisie\/wp-content\/uploads\/2022\/05\/Kapitalis-big-size.png\",\"width\":5000,\"height\":1500,\"caption\":\"Kapitalis\"},\"image\":{\"@id\":\"https:\/\/kapitalis.com\/tunisie\/#\/schema\/logo\/image\/\"},\"sameAs\":[\"https:\/\/www.facebook.com\/KapitalisInfo\/\",\"https:\/\/x.com\/KapitalisInfo\",\"https:\/\/www.youtube.com\/channel\/UC-yDYrHyfFBWWZaOw3FPg9Q\"]},{\"@type\":\"Person\",\"@id\":\"https:\/\/kapitalis.com\/tunisie\/#\/schema\/person\/d71f33a9ca44f7bad4698210b480c8e9\",\"name\":\"webmaster kapitalis\",\"url\":\"https:\/\/kapitalis.com\/tunisie\/author\/webmaster-kapitalis\/\"}]}<\/script>\n<!-- \/ Yoast SEO plugin. -->","yoast_head_json":{"title":"Tunisie : les dessous politiques de la pol\u00e9mique autour de la \u00abSalat Tahajjud\u00bb - Kapitalis","robots":{"index":"index","follow":"follow","max-snippet":"max-snippet:-1","max-image-preview":"max-image-preview:large","max-video-preview":"max-video-preview:-1"},"canonical":"https:\/\/kapitalis.com\/tunisie\/2022\/04\/20\/tunisie-les-dessous-politiques-de-la-polemique-autour-de-la-salat-tahajjud\/","og_locale":"fr_FR","og_type":"article","og_title":"Tunisie : les dessous politiques de la pol\u00e9mique autour de la \u00abSalat Tahajjud\u00bb - Kapitalis","og_description":"L&rsquo;autorisation par le minist\u00e8re des Affaires religieuses de la&nbsp;\u00abSalat Tahajjud\u00bb au cours des dix derni\u00e8res nuits de ramadan dans toutes les mosqu\u00e9es de la r\u00e9publique soul\u00e8ve une grande pol\u00e9mique en Tunisie, dont les port\u00e9es religieuse et organisationnelle ne doivent pas masquer \u00e0 nos yeux les dessous pernicieusement politiques. N&rsquo;est-ce pas M. Sa\u00efed? Par Imed Bahri","og_url":"https:\/\/kapitalis.com\/tunisie\/2022\/04\/20\/tunisie-les-dessous-politiques-de-la-polemique-autour-de-la-salat-tahajjud\/","og_site_name":"Kapitalis","article_publisher":"https:\/\/www.facebook.com\/KapitalisInfo\/","article_published_time":"2022-04-20T08:03:20+00:00","article_modified_time":"2022-04-20T08:14:30+00:00","og_image":[{"url":"http:\/\/kapitalis.com\/tunisie\/wp-content\/uploads\/2022\/01\/Kais-Saied-Priere.jpg","type":"","width":"","height":""}],"author":"webmaster kapitalis","twitter_card":"summary_large_image","twitter_creator":"@KapitalisInfo","twitter_site":"@KapitalisInfo","twitter_misc":{"\u00c9crit par":"webmaster kapitalis","Dur\u00e9e de lecture estim\u00e9e":"4 minutes"},"schema":{"@context":"https:\/\/schema.org","@graph":[{"@type":"Article","@id":"https:\/\/kapitalis.com\/tunisie\/2022\/04\/20\/tunisie-les-dessous-politiques-de-la-polemique-autour-de-la-salat-tahajjud\/#article","isPartOf":{"@id":"https:\/\/kapitalis.com\/tunisie\/2022\/04\/20\/tunisie-les-dessous-politiques-de-la-polemique-autour-de-la-salat-tahajjud\/"},"author":{"name":"webmaster kapitalis","@id":"https:\/\/kapitalis.com\/tunisie\/#\/schema\/person\/d71f33a9ca44f7bad4698210b480c8e9"},"headline":"Tunisie : les dessous politiques de la pol\u00e9mique autour de la \u00abSalat Tahajjud\u00bb","datePublished":"2022-04-20T08:03:20+00:00","dateModified":"2022-04-20T08:14:30+00:00","mainEntityOfPage":{"@id":"https:\/\/kapitalis.com\/tunisie\/2022\/04\/20\/tunisie-les-dessous-politiques-de-la-polemique-autour-de-la-salat-tahajjud\/"},"wordCount":715,"commentCount":12,"publisher":{"@id":"https:\/\/kapitalis.com\/tunisie\/#organization"},"image":{"@id":"https:\/\/kapitalis.com\/tunisie\/2022\/04\/20\/tunisie-les-dessous-politiques-de-la-polemique-autour-de-la-salat-tahajjud\/#primaryimage"},"thumbnailUrl":"http:\/\/kapitalis.com\/tunisie\/wp-content\/uploads\/2022\/01\/Kais-Saied-Priere.jpg","keywords":["Ennahdha","Ibrahim Cha\u00efbi","Ka\u00efs Sa\u00efed","mosqu\u00e9es","Ramadan","Salat Thajjud","Tunisie","UGTT"],"articleSection":["A LA UNE","POLITIQUE","SOCIETE","Tunisie"],"inLanguage":"fr-FR","potentialAction":[{"@type":"CommentAction","name":"Comment","target":["https:\/\/kapitalis.com\/tunisie\/2022\/04\/20\/tunisie-les-dessous-politiques-de-la-polemique-autour-de-la-salat-tahajjud\/#respond"]}]},{"@type":"WebPage","@id":"https:\/\/kapitalis.com\/tunisie\/2022\/04\/20\/tunisie-les-dessous-politiques-de-la-polemique-autour-de-la-salat-tahajjud\/","url":"https:\/\/kapitalis.com\/tunisie\/2022\/04\/20\/tunisie-les-dessous-politiques-de-la-polemique-autour-de-la-salat-tahajjud\/","name":"Tunisie : les dessous politiques de la pol\u00e9mique autour de la \u00abSalat Tahajjud\u00bb - Kapitalis","isPartOf":{"@id":"https:\/\/kapitalis.com\/tunisie\/#website"},"primaryImageOfPage":{"@id":"https:\/\/kapitalis.com\/tunisie\/2022\/04\/20\/tunisie-les-dessous-politiques-de-la-polemique-autour-de-la-salat-tahajjud\/#primaryimage"},"image":{"@id":"https:\/\/kapitalis.com\/tunisie\/2022\/04\/20\/tunisie-les-dessous-politiques-de-la-polemique-autour-de-la-salat-tahajjud\/#primaryimage"},"thumbnailUrl":"http:\/\/kapitalis.com\/tunisie\/wp-content\/uploads\/2022\/01\/Kais-Saied-Priere.jpg","datePublished":"2022-04-20T08:03:20+00:00","dateModified":"2022-04-20T08:14:30+00:00","breadcrumb":{"@id":"https:\/\/kapitalis.com\/tunisie\/2022\/04\/20\/tunisie-les-dessous-politiques-de-la-polemique-autour-de-la-salat-tahajjud\/#breadcrumb"},"inLanguage":"fr-FR","potentialAction":[{"@type":"ReadAction","target":["https:\/\/kapitalis.com\/tunisie\/2022\/04\/20\/tunisie-les-dessous-politiques-de-la-polemique-autour-de-la-salat-tahajjud\/"]}]},{"@type":"ImageObject","inLanguage":"fr-FR","@id":"https:\/\/kapitalis.com\/tunisie\/2022\/04\/20\/tunisie-les-dessous-politiques-de-la-polemique-autour-de-la-salat-tahajjud\/#primaryimage","url":"","contentUrl":""},{"@type":"BreadcrumbList","@id":"https:\/\/kapitalis.com\/tunisie\/2022\/04\/20\/tunisie-les-dessous-politiques-de-la-polemique-autour-de-la-salat-tahajjud\/#breadcrumb","itemListElement":[{"@type":"ListItem","position":1,"name":"Accueil","item":"https:\/\/kapitalis.com\/tunisie\/"},{"@type":"ListItem","position":2,"name":"Tunisie : les dessous politiques de la pol\u00e9mique autour de la \u00abSalat Tahajjud\u00bb"}]},{"@type":"WebSite","@id":"https:\/\/kapitalis.com\/tunisie\/#website","url":"https:\/\/kapitalis.com\/tunisie\/","name":"Kapitalis","description":"L&#039;actualit\u00e9 en Tunisie et dans le monde","publisher":{"@id":"https:\/\/kapitalis.com\/tunisie\/#organization"},"potentialAction":[{"@type":"SearchAction","target":{"@type":"EntryPoint","urlTemplate":"https:\/\/kapitalis.com\/tunisie\/?s={search_term_string}"},"query-input":{"@type":"PropertyValueSpecification","valueRequired":true,"valueName":"search_term_string"}}],"inLanguage":"fr-FR"},{"@type":"Organization","@id":"https:\/\/kapitalis.com\/tunisie\/#organization","name":"Kapitalis","url":"https:\/\/kapitalis.com\/tunisie\/","logo":{"@type":"ImageObject","inLanguage":"fr-FR","@id":"https:\/\/kapitalis.com\/tunisie\/#\/schema\/logo\/image\/","url":"https:\/\/kapitalis.com\/tunisie\/wp-content\/uploads\/2022\/05\/Kapitalis-big-size.png","contentUrl":"https:\/\/kapitalis.com\/tunisie\/wp-content\/uploads\/2022\/05\/Kapitalis-big-size.png","width":5000,"height":1500,"caption":"Kapitalis"},"image":{"@id":"https:\/\/kapitalis.com\/tunisie\/#\/schema\/logo\/image\/"},"sameAs":["https:\/\/www.facebook.com\/KapitalisInfo\/","https:\/\/x.com\/KapitalisInfo","https:\/\/www.youtube.com\/channel\/UC-yDYrHyfFBWWZaOw3FPg9Q"]},{"@type":"Person","@id":"https:\/\/kapitalis.com\/tunisie\/#\/schema\/person\/d71f33a9ca44f7bad4698210b480c8e9","name":"webmaster kapitalis","url":"https:\/\/kapitalis.com\/tunisie\/author\/webmaster-kapitalis\/"}]}},"_links":{"self":[{"href":"https:\/\/kapitalis.com\/tunisie\/wp-json\/wp\/v2\/posts\/388301","targetHints":{"allow":["GET"]}}],"collection":[{"href":"https:\/\/kapitalis.com\/tunisie\/wp-json\/wp\/v2\/posts"}],"about":[{"href":"https:\/\/kapitalis.com\/tunisie\/wp-json\/wp\/v2\/types\/post"}],"author":[{"embeddable":true,"href":"https:\/\/kapitalis.com\/tunisie\/wp-json\/wp\/v2\/users\/8"}],"replies":[{"embeddable":true,"href":"https:\/\/kapitalis.com\/tunisie\/wp-json\/wp\/v2\/comments?post=388301"}],"version-history":[{"count":0,"href":"https:\/\/kapitalis.com\/tunisie\/wp-json\/wp\/v2\/posts\/388301\/revisions"}],"wp:attachment":[{"href":"https:\/\/kapitalis.com\/tunisie\/wp-json\/wp\/v2\/media?parent=388301"}],"wp:term":[{"taxonomy":"category","embeddable":true,"href":"https:\/\/kapitalis.com\/tunisie\/wp-json\/wp\/v2\/categories?post=388301"},{"taxonomy":"post_tag","embeddable":true,"href":"https:\/\/kapitalis.com\/tunisie\/wp-json\/wp\/v2\/tags?post=388301"}],"curies":[{"name":"wp","href":"https:\/\/api.w.org\/{rel}","templated":true}]}}