{"id":388504,"date":"2022-04-21T21:00:38","date_gmt":"2022-04-21T20:00:38","guid":{"rendered":"http:\/\/kapitalis.com\/tunisie\/?p=388504"},"modified":"2022-04-21T21:04:05","modified_gmt":"2022-04-21T20:04:05","slug":"manouba-non-lieu-pour-quatre-non-jeuneurs-arretes-pour-avoir-mange-publiquement","status":"publish","type":"post","link":"https:\/\/kapitalis.com\/tunisie\/2022\/04\/21\/manouba-non-lieu-pour-quatre-non-jeuneurs-arretes-pour-avoir-mange-publiquement\/","title":{"rendered":"Manouba : Non-lieu pour quatre non-je\u00fbneurs arr\u00eat\u00e9s pour avoir&#8230; mang\u00e9 publiquement"},"content":{"rendered":"\n<div class=\"wp-block-image\"><figure class=\"aligncenter size-full\"><img decoding=\"async\" src=\"http:\/\/kapitalis.com\/tunisie\/wp-content\/uploads\/2022\/04\/Manouba-tribunal.jpg\" alt=\"\" class=\"wp-image-388506\"\/><\/figure><\/div>\n\n\n\n<p><strong><em>Les quatre non-je\u00fbneurs arr\u00eat\u00e9s pour avoir mang\u00e9 publiquement et ayant comparu ce jeudi 21 avril 2022, devant le Tribunal de premi\u00e8re instance de la Manouba, ont b\u00e9n\u00e9fici\u00e9 d&rsquo;un non-lieu.<\/em><\/strong><\/p>\n\n\n\n<!--more-->\n\n\n\n<p>C&rsquo;est ce qu&rsquo;a annonc\u00e9 la porte-parole du Tribunal de premi\u00e8re instance de la Manouba Sondes Nouioui, dans une d\u00e9claration \u00e0 l&rsquo;agence Tap, en pr\u00e9cisa,t que l&rsquo;on compte un propri\u00e9taire d&rsquo;un caf\u00e9 \u00e0 la Manouba parmis les 4 personnes acquitt\u00e9es.<\/p>\n\n\n\n<p>Rappelons que suite \u00e0 cette affaire, plusieurs activistes de la soci\u00e9t\u00e9 civile ont manifest\u00e9 devant le tribunal pour d\u00e9noncer ce scandale et rappeler qu&rsquo;il s&rsquo;agit d&rsquo;une atteinte \u00e0 la libert\u00e9 individuelle.<\/p>\n\n\n\n<p>Des membres de l\u2019Association des libres penseurs, qui \u00e9taient pr\u00e9sents lors de ce rassemblement, ont pour leur part annonc\u00e9 qu&rsquo;une manifestation sera organis\u00e9e sous le slogan \u00abMouch bessif\u00bb (\u00abPas de force)\u00bb, pour r\u00e9clamer le respect des droits humains et des libert\u00e9s individuelles par les autorit\u00e9s tunisiennes, appel\u00e9es de ce fait \u00e0 mettre fin d\u00e9finitivement chasse au \u00abfattaras\u00bb.<\/p>\n\n\n\n<p class=\"has-text-align-right\"><strong>Y. N.<\/strong><\/p>\n","protected":false},"excerpt":{"rendered":"<p>Les quatre non-je\u00fbneurs arr\u00eat\u00e9s pour avoir mang\u00e9 publiquement et ayant comparu ce jeudi 21 avril 2022, devant le Tribunal de premi\u00e8re instance de la Manouba, ont b\u00e9n\u00e9fici\u00e9 d&rsquo;un non-lieu.<\/p>\n","protected":false},"author":6,"featured_media":388506,"comment_status":"open","ping_status":"open","sticky":false,"template":"","format":"standard","meta":{"footnotes":""},"categories":[998,2433],"tags":[2210,571,7212,921,62643],"class_list":["post-388504","post","type-post","status-publish","format-standard","has-post-thumbnail","hentry","category-societe","category-tunisie","tag-fattaras","tag-manouba","tag-non-lieu","tag-tribunal","tag-tunisie"],"yoast_head":"<!-- This site is optimized with the Yoast SEO plugin v26.6 - https:\/\/yoast.com\/wordpress\/plugins\/seo\/ -->\n<title>Manouba : Non-lieu pour quatre non-je\u00fbneurs arr\u00eat\u00e9s pour avoir... mang\u00e9 publiquement - Kapitalis<\/title>\n<meta name=\"robots\" content=\"index, follow, max-snippet:-1, max-image-preview:large, max-video-preview:-1\" \/>\n<link rel=\"canonical\" href=\"https:\/\/kapitalis.com\/tunisie\/2022\/04\/21\/manouba-non-lieu-pour-quatre-non-jeuneurs-arretes-pour-avoir-mange-publiquement\/\" \/>\n<meta property=\"og:locale\" content=\"fr_FR\" \/>\n<meta property=\"og:type\" content=\"article\" \/>\n<meta property=\"og:title\" content=\"Manouba : Non-lieu pour quatre non-je\u00fbneurs arr\u00eat\u00e9s pour avoir... mang\u00e9 publiquement - Kapitalis\" \/>\n<meta property=\"og:description\" content=\"Les quatre non-je\u00fbneurs arr\u00eat\u00e9s pour avoir mang\u00e9 publiquement et ayant comparu ce jeudi 21 avril 2022, devant le Tribunal de premi\u00e8re instance de la Manouba, ont b\u00e9n\u00e9fici\u00e9 d&rsquo;un non-lieu.\" \/>\n<meta property=\"og:url\" content=\"https:\/\/kapitalis.com\/tunisie\/2022\/04\/21\/manouba-non-lieu-pour-quatre-non-jeuneurs-arretes-pour-avoir-mange-publiquement\/\" \/>\n<meta property=\"og:site_name\" content=\"Kapitalis\" \/>\n<meta property=\"article:publisher\" content=\"https:\/\/www.facebook.com\/KapitalisInfo\/\" \/>\n<meta property=\"article:published_time\" content=\"2022-04-21T20:00:38+00:00\" \/>\n<meta property=\"article:modified_time\" content=\"2022-04-21T20:04:05+00:00\" \/>\n<meta property=\"og:image\" content=\"https:\/\/kapitalis.com\/tunisie\/wp-content\/uploads\/2022\/05\/kapitalis-logo-fb.png\" \/>\n\t<meta property=\"og:image:width\" content=\"1200\" \/>\n\t<meta property=\"og:image:height\" content=\"630\" \/>\n\t<meta property=\"og:image:type\" content=\"image\/png\" \/>\n<meta name=\"author\" content=\"Yusra NY\" \/>\n<meta name=\"twitter:card\" content=\"summary_large_image\" \/>\n<meta name=\"twitter:creator\" content=\"@KapitalisInfo\" \/>\n<meta name=\"twitter:site\" content=\"@KapitalisInfo\" \/>\n<meta name=\"twitter:label1\" content=\"\u00c9crit par\" \/>\n\t<meta name=\"twitter:data1\" content=\"Yusra NY\" \/>\n\t<meta name=\"twitter:label2\" content=\"Dur\u00e9e de lecture estim\u00e9e\" \/>\n\t<meta name=\"twitter:data2\" content=\"1 minute\" \/>\n<script type=\"application\/ld+json\" class=\"yoast-schema-graph\">{\"@context\":\"https:\/\/schema.org\",\"@graph\":[{\"@type\":\"Article\",\"@id\":\"https:\/\/kapitalis.com\/tunisie\/2022\/04\/21\/manouba-non-lieu-pour-quatre-non-jeuneurs-arretes-pour-avoir-mange-publiquement\/#article\",\"isPartOf\":{\"@id\":\"https:\/\/kapitalis.com\/tunisie\/2022\/04\/21\/manouba-non-lieu-pour-quatre-non-jeuneurs-arretes-pour-avoir-mange-publiquement\/\"},\"author\":{\"name\":\"Yusra NY\",\"@id\":\"https:\/\/kapitalis.com\/tunisie\/#\/schema\/person\/74bbde0154d49d790a92aaeac5bc01d5\"},\"headline\":\"Manouba : Non-lieu pour quatre non-je\u00fbneurs arr\u00eat\u00e9s pour avoir&#8230; mang\u00e9 publiquement\",\"datePublished\":\"2022-04-21T20:00:38+00:00\",\"dateModified\":\"2022-04-21T20:04:05+00:00\",\"mainEntityOfPage\":{\"@id\":\"https:\/\/kapitalis.com\/tunisie\/2022\/04\/21\/manouba-non-lieu-pour-quatre-non-jeuneurs-arretes-pour-avoir-mange-publiquement\/\"},\"wordCount\":185,\"commentCount\":14,\"publisher\":{\"@id\":\"https:\/\/kapitalis.com\/tunisie\/#organization\"},\"image\":{\"@id\":\"https:\/\/kapitalis.com\/tunisie\/2022\/04\/21\/manouba-non-lieu-pour-quatre-non-jeuneurs-arretes-pour-avoir-mange-publiquement\/#primaryimage\"},\"thumbnailUrl\":\"\",\"keywords\":[\"fattaras\",\"Manouba\",\"non-lieu\",\"tribunal\",\"Tunisie\"],\"articleSection\":[\"SOCIETE\",\"Tunisie\"],\"inLanguage\":\"fr-FR\",\"potentialAction\":[{\"@type\":\"CommentAction\",\"name\":\"Comment\",\"target\":[\"https:\/\/kapitalis.com\/tunisie\/2022\/04\/21\/manouba-non-lieu-pour-quatre-non-jeuneurs-arretes-pour-avoir-mange-publiquement\/#respond\"]}]},{\"@type\":\"WebPage\",\"@id\":\"https:\/\/kapitalis.com\/tunisie\/2022\/04\/21\/manouba-non-lieu-pour-quatre-non-jeuneurs-arretes-pour-avoir-mange-publiquement\/\",\"url\":\"https:\/\/kapitalis.com\/tunisie\/2022\/04\/21\/manouba-non-lieu-pour-quatre-non-jeuneurs-arretes-pour-avoir-mange-publiquement\/\",\"name\":\"Manouba : Non-lieu pour quatre non-je\u00fbneurs arr\u00eat\u00e9s pour avoir... mang\u00e9 publiquement - Kapitalis\",\"isPartOf\":{\"@id\":\"https:\/\/kapitalis.com\/tunisie\/#website\"},\"primaryImageOfPage\":{\"@id\":\"https:\/\/kapitalis.com\/tunisie\/2022\/04\/21\/manouba-non-lieu-pour-quatre-non-jeuneurs-arretes-pour-avoir-mange-publiquement\/#primaryimage\"},\"image\":{\"@id\":\"https:\/\/kapitalis.com\/tunisie\/2022\/04\/21\/manouba-non-lieu-pour-quatre-non-jeuneurs-arretes-pour-avoir-mange-publiquement\/#primaryimage\"},\"thumbnailUrl\":\"\",\"datePublished\":\"2022-04-21T20:00:38+00:00\",\"dateModified\":\"2022-04-21T20:04:05+00:00\",\"breadcrumb\":{\"@id\":\"https:\/\/kapitalis.com\/tunisie\/2022\/04\/21\/manouba-non-lieu-pour-quatre-non-jeuneurs-arretes-pour-avoir-mange-publiquement\/#breadcrumb\"},\"inLanguage\":\"fr-FR\",\"potentialAction\":[{\"@type\":\"ReadAction\",\"target\":[\"https:\/\/kapitalis.com\/tunisie\/2022\/04\/21\/manouba-non-lieu-pour-quatre-non-jeuneurs-arretes-pour-avoir-mange-publiquement\/\"]}]},{\"@type\":\"ImageObject\",\"inLanguage\":\"fr-FR\",\"@id\":\"https:\/\/kapitalis.com\/tunisie\/2022\/04\/21\/manouba-non-lieu-pour-quatre-non-jeuneurs-arretes-pour-avoir-mange-publiquement\/#primaryimage\",\"url\":\"\",\"contentUrl\":\"\"},{\"@type\":\"BreadcrumbList\",\"@id\":\"https:\/\/kapitalis.com\/tunisie\/2022\/04\/21\/manouba-non-lieu-pour-quatre-non-jeuneurs-arretes-pour-avoir-mange-publiquement\/#breadcrumb\",\"itemListElement\":[{\"@type\":\"ListItem\",\"position\":1,\"name\":\"Accueil\",\"item\":\"https:\/\/kapitalis.com\/tunisie\/\"},{\"@type\":\"ListItem\",\"position\":2,\"name\":\"Manouba : Non-lieu pour quatre non-je\u00fbneurs arr\u00eat\u00e9s pour avoir&#8230; mang\u00e9 publiquement\"}]},{\"@type\":\"WebSite\",\"@id\":\"https:\/\/kapitalis.com\/tunisie\/#website\",\"url\":\"https:\/\/kapitalis.com\/tunisie\/\",\"name\":\"Kapitalis\",\"description\":\"L&#039;actualit\u00e9 en Tunisie et dans le monde\",\"publisher\":{\"@id\":\"https:\/\/kapitalis.com\/tunisie\/#organization\"},\"potentialAction\":[{\"@type\":\"SearchAction\",\"target\":{\"@type\":\"EntryPoint\",\"urlTemplate\":\"https:\/\/kapitalis.com\/tunisie\/?s={search_term_string}\"},\"query-input\":{\"@type\":\"PropertyValueSpecification\",\"valueRequired\":true,\"valueName\":\"search_term_string\"}}],\"inLanguage\":\"fr-FR\"},{\"@type\":\"Organization\",\"@id\":\"https:\/\/kapitalis.com\/tunisie\/#organization\",\"name\":\"Kapitalis\",\"url\":\"https:\/\/kapitalis.com\/tunisie\/\",\"logo\":{\"@type\":\"ImageObject\",\"inLanguage\":\"fr-FR\",\"@id\":\"https:\/\/kapitalis.com\/tunisie\/#\/schema\/logo\/image\/\",\"url\":\"https:\/\/kapitalis.com\/tunisie\/wp-content\/uploads\/2022\/05\/Kapitalis-big-size.png\",\"contentUrl\":\"https:\/\/kapitalis.com\/tunisie\/wp-content\/uploads\/2022\/05\/Kapitalis-big-size.png\",\"width\":5000,\"height\":1500,\"caption\":\"Kapitalis\"},\"image\":{\"@id\":\"https:\/\/kapitalis.com\/tunisie\/#\/schema\/logo\/image\/\"},\"sameAs\":[\"https:\/\/www.facebook.com\/KapitalisInfo\/\",\"https:\/\/x.com\/KapitalisInfo\",\"https:\/\/www.youtube.com\/channel\/UC-yDYrHyfFBWWZaOw3FPg9Q\"]},{\"@type\":\"Person\",\"@id\":\"https:\/\/kapitalis.com\/tunisie\/#\/schema\/person\/74bbde0154d49d790a92aaeac5bc01d5\",\"name\":\"Yusra NY\",\"url\":\"https:\/\/kapitalis.com\/tunisie\/author\/yuza_adam\/\"}]}<\/script>\n<!-- \/ Yoast SEO plugin. -->","yoast_head_json":{"title":"Manouba : Non-lieu pour quatre non-je\u00fbneurs arr\u00eat\u00e9s pour avoir... mang\u00e9 publiquement - Kapitalis","robots":{"index":"index","follow":"follow","max-snippet":"max-snippet:-1","max-image-preview":"max-image-preview:large","max-video-preview":"max-video-preview:-1"},"canonical":"https:\/\/kapitalis.com\/tunisie\/2022\/04\/21\/manouba-non-lieu-pour-quatre-non-jeuneurs-arretes-pour-avoir-mange-publiquement\/","og_locale":"fr_FR","og_type":"article","og_title":"Manouba : Non-lieu pour quatre non-je\u00fbneurs arr\u00eat\u00e9s pour avoir... mang\u00e9 publiquement - Kapitalis","og_description":"Les quatre non-je\u00fbneurs arr\u00eat\u00e9s pour avoir mang\u00e9 publiquement et ayant comparu ce jeudi 21 avril 2022, devant le Tribunal de premi\u00e8re instance de la Manouba, ont b\u00e9n\u00e9fici\u00e9 d&rsquo;un non-lieu.","og_url":"https:\/\/kapitalis.com\/tunisie\/2022\/04\/21\/manouba-non-lieu-pour-quatre-non-jeuneurs-arretes-pour-avoir-mange-publiquement\/","og_site_name":"Kapitalis","article_publisher":"https:\/\/www.facebook.com\/KapitalisInfo\/","article_published_time":"2022-04-21T20:00:38+00:00","article_modified_time":"2022-04-21T20:04:05+00:00","og_image":[{"width":1200,"height":630,"url":"https:\/\/kapitalis.com\/tunisie\/wp-content\/uploads\/2022\/05\/kapitalis-logo-fb.png","type":"image\/png"}],"author":"Yusra NY","twitter_card":"summary_large_image","twitter_creator":"@KapitalisInfo","twitter_site":"@KapitalisInfo","twitter_misc":{"\u00c9crit par":"Yusra NY","Dur\u00e9e de lecture estim\u00e9e":"1 minute"},"schema":{"@context":"https:\/\/schema.org","@graph":[{"@type":"Article","@id":"https:\/\/kapitalis.com\/tunisie\/2022\/04\/21\/manouba-non-lieu-pour-quatre-non-jeuneurs-arretes-pour-avoir-mange-publiquement\/#article","isPartOf":{"@id":"https:\/\/kapitalis.com\/tunisie\/2022\/04\/21\/manouba-non-lieu-pour-quatre-non-jeuneurs-arretes-pour-avoir-mange-publiquement\/"},"author":{"name":"Yusra NY","@id":"https:\/\/kapitalis.com\/tunisie\/#\/schema\/person\/74bbde0154d49d790a92aaeac5bc01d5"},"headline":"Manouba : Non-lieu pour quatre non-je\u00fbneurs arr\u00eat\u00e9s pour avoir&#8230; mang\u00e9 publiquement","datePublished":"2022-04-21T20:00:38+00:00","dateModified":"2022-04-21T20:04:05+00:00","mainEntityOfPage":{"@id":"https:\/\/kapitalis.com\/tunisie\/2022\/04\/21\/manouba-non-lieu-pour-quatre-non-jeuneurs-arretes-pour-avoir-mange-publiquement\/"},"wordCount":185,"commentCount":14,"publisher":{"@id":"https:\/\/kapitalis.com\/tunisie\/#organization"},"image":{"@id":"https:\/\/kapitalis.com\/tunisie\/2022\/04\/21\/manouba-non-lieu-pour-quatre-non-jeuneurs-arretes-pour-avoir-mange-publiquement\/#primaryimage"},"thumbnailUrl":"","keywords":["fattaras","Manouba","non-lieu","tribunal","Tunisie"],"articleSection":["SOCIETE","Tunisie"],"inLanguage":"fr-FR","potentialAction":[{"@type":"CommentAction","name":"Comment","target":["https:\/\/kapitalis.com\/tunisie\/2022\/04\/21\/manouba-non-lieu-pour-quatre-non-jeuneurs-arretes-pour-avoir-mange-publiquement\/#respond"]}]},{"@type":"WebPage","@id":"https:\/\/kapitalis.com\/tunisie\/2022\/04\/21\/manouba-non-lieu-pour-quatre-non-jeuneurs-arretes-pour-avoir-mange-publiquement\/","url":"https:\/\/kapitalis.com\/tunisie\/2022\/04\/21\/manouba-non-lieu-pour-quatre-non-jeuneurs-arretes-pour-avoir-mange-publiquement\/","name":"Manouba : Non-lieu pour quatre non-je\u00fbneurs arr\u00eat\u00e9s pour avoir... mang\u00e9 publiquement - Kapitalis","isPartOf":{"@id":"https:\/\/kapitalis.com\/tunisie\/#website"},"primaryImageOfPage":{"@id":"https:\/\/kapitalis.com\/tunisie\/2022\/04\/21\/manouba-non-lieu-pour-quatre-non-jeuneurs-arretes-pour-avoir-mange-publiquement\/#primaryimage"},"image":{"@id":"https:\/\/kapitalis.com\/tunisie\/2022\/04\/21\/manouba-non-lieu-pour-quatre-non-jeuneurs-arretes-pour-avoir-mange-publiquement\/#primaryimage"},"thumbnailUrl":"","datePublished":"2022-04-21T20:00:38+00:00","dateModified":"2022-04-21T20:04:05+00:00","breadcrumb":{"@id":"https:\/\/kapitalis.com\/tunisie\/2022\/04\/21\/manouba-non-lieu-pour-quatre-non-jeuneurs-arretes-pour-avoir-mange-publiquement\/#breadcrumb"},"inLanguage":"fr-FR","potentialAction":[{"@type":"ReadAction","target":["https:\/\/kapitalis.com\/tunisie\/2022\/04\/21\/manouba-non-lieu-pour-quatre-non-jeuneurs-arretes-pour-avoir-mange-publiquement\/"]}]},{"@type":"ImageObject","inLanguage":"fr-FR","@id":"https:\/\/kapitalis.com\/tunisie\/2022\/04\/21\/manouba-non-lieu-pour-quatre-non-jeuneurs-arretes-pour-avoir-mange-publiquement\/#primaryimage","url":"","contentUrl":""},{"@type":"BreadcrumbList","@id":"https:\/\/kapitalis.com\/tunisie\/2022\/04\/21\/manouba-non-lieu-pour-quatre-non-jeuneurs-arretes-pour-avoir-mange-publiquement\/#breadcrumb","itemListElement":[{"@type":"ListItem","position":1,"name":"Accueil","item":"https:\/\/kapitalis.com\/tunisie\/"},{"@type":"ListItem","position":2,"name":"Manouba : Non-lieu pour quatre non-je\u00fbneurs arr\u00eat\u00e9s pour avoir&#8230; mang\u00e9 publiquement"}]},{"@type":"WebSite","@id":"https:\/\/kapitalis.com\/tunisie\/#website","url":"https:\/\/kapitalis.com\/tunisie\/","name":"Kapitalis","description":"L&#039;actualit\u00e9 en Tunisie et dans le monde","publisher":{"@id":"https:\/\/kapitalis.com\/tunisie\/#organization"},"potentialAction":[{"@type":"SearchAction","target":{"@type":"EntryPoint","urlTemplate":"https:\/\/kapitalis.com\/tunisie\/?s={search_term_string}"},"query-input":{"@type":"PropertyValueSpecification","valueRequired":true,"valueName":"search_term_string"}}],"inLanguage":"fr-FR"},{"@type":"Organization","@id":"https:\/\/kapitalis.com\/tunisie\/#organization","name":"Kapitalis","url":"https:\/\/kapitalis.com\/tunisie\/","logo":{"@type":"ImageObject","inLanguage":"fr-FR","@id":"https:\/\/kapitalis.com\/tunisie\/#\/schema\/logo\/image\/","url":"https:\/\/kapitalis.com\/tunisie\/wp-content\/uploads\/2022\/05\/Kapitalis-big-size.png","contentUrl":"https:\/\/kapitalis.com\/tunisie\/wp-content\/uploads\/2022\/05\/Kapitalis-big-size.png","width":5000,"height":1500,"caption":"Kapitalis"},"image":{"@id":"https:\/\/kapitalis.com\/tunisie\/#\/schema\/logo\/image\/"},"sameAs":["https:\/\/www.facebook.com\/KapitalisInfo\/","https:\/\/x.com\/KapitalisInfo","https:\/\/www.youtube.com\/channel\/UC-yDYrHyfFBWWZaOw3FPg9Q"]},{"@type":"Person","@id":"https:\/\/kapitalis.com\/tunisie\/#\/schema\/person\/74bbde0154d49d790a92aaeac5bc01d5","name":"Yusra NY","url":"https:\/\/kapitalis.com\/tunisie\/author\/yuza_adam\/"}]}},"_links":{"self":[{"href":"https:\/\/kapitalis.com\/tunisie\/wp-json\/wp\/v2\/posts\/388504","targetHints":{"allow":["GET"]}}],"collection":[{"href":"https:\/\/kapitalis.com\/tunisie\/wp-json\/wp\/v2\/posts"}],"about":[{"href":"https:\/\/kapitalis.com\/tunisie\/wp-json\/wp\/v2\/types\/post"}],"author":[{"embeddable":true,"href":"https:\/\/kapitalis.com\/tunisie\/wp-json\/wp\/v2\/users\/6"}],"replies":[{"embeddable":true,"href":"https:\/\/kapitalis.com\/tunisie\/wp-json\/wp\/v2\/comments?post=388504"}],"version-history":[{"count":0,"href":"https:\/\/kapitalis.com\/tunisie\/wp-json\/wp\/v2\/posts\/388504\/revisions"}],"wp:featuredmedia":[{"embeddable":true,"href":"https:\/\/kapitalis.com\/tunisie\/wp-json\/wp\/v2\/media\/388506"}],"wp:attachment":[{"href":"https:\/\/kapitalis.com\/tunisie\/wp-json\/wp\/v2\/media?parent=388504"}],"wp:term":[{"taxonomy":"category","embeddable":true,"href":"https:\/\/kapitalis.com\/tunisie\/wp-json\/wp\/v2\/categories?post=388504"},{"taxonomy":"post_tag","embeddable":true,"href":"https:\/\/kapitalis.com\/tunisie\/wp-json\/wp\/v2\/tags?post=388504"}],"curies":[{"name":"wp","href":"https:\/\/api.w.org\/{rel}","templated":true}]}}