{"id":388557,"date":"2022-04-22T11:01:45","date_gmt":"2022-04-22T10:01:45","guid":{"rendered":"http:\/\/kapitalis.com\/tunisie\/?p=388557"},"modified":"2022-04-22T11:05:07","modified_gmt":"2022-04-22T10:05:07","slug":"tunisie-libye-fathi-bachagha-prie-de-quitter-tunis","status":"publish","type":"post","link":"https:\/\/kapitalis.com\/tunisie\/2022\/04\/22\/tunisie-libye-fathi-bachagha-prie-de-quitter-tunis\/","title":{"rendered":"Tunisie-Libye : Fathi Bachagha pri\u00e9 de quitter Tunis"},"content":{"rendered":"\n<div class=\"wp-block-image\"><figure class=\"aligncenter size-full\"><img decoding=\"async\" src=\"http:\/\/kapitalis.com\/tunisie\/wp-content\/uploads\/2022\/04\/Fathi-Bachagha.jpg\" alt=\"\" class=\"wp-image-388558\"\/><figcaption> <em>Fathi Bachagha<\/em>.<\/figcaption><\/figure><\/div>\n\n\n\n<p><strong><em>Selon <a href=\"https:\/\/www.africaintelligence.fr\/afrique-du-nord_diplomatie\/2022\/04\/22\/kais-saied-prie-fathi-bachagha-de-quitter-tunis,109779617-gra\" target=\"_blank\" rel=\"noreferrer noopener\">Africa Intelligence<\/a>, Fathi Bachagha, le premier ministre d\u00e9sign\u00e9 par le Parlement de Tobrouk, dans l&rsquo;Est libyen, a d\u00fb quitter la Tunisie apr\u00e8s avoir \u00e9t\u00e9 averti qu&rsquo;il ne pouvait y mener ses activit\u00e9s politiques.<\/em><\/strong><\/p>\n\n\n\n<!--more-->\n\n\n\n<p>Ce dernier avait fait, en effet, de la capitale tunisienne sa base arri\u00e8re, et son rival, le Premier ministre du gouvernement d&rsquo;unit\u00e9 nationale, Abdelhamid Al-Dbaiba, bas\u00e9 \u00e0 Tripoli, dans l&rsquo;ouest libyen, a r\u00e9cemment re\u00e7u l&rsquo;ambassadeur de Tunisie en Libye et lui a fait part de son m\u00e9contentement. Selon certaines sources, il a consid\u00e9r\u00e9 l&rsquo;h\u00e9bergement de Bachaga \u00e0 Tunis comme une marque d&rsquo;hostilit\u00e9 \u00e0 son \u00e9gard, alors que les autorit\u00e9s tunisiennes ont toujours observ\u00e9 une neutralit\u00e9 totale vis-\u00e0-vis des parties en conflit en Libye et \u00e9vit\u00e9 de s&rsquo;immiscer dans les affaires internes de son voisin du sud-est. <\/p>\n\n\n\n<p>Cette position est d&rsquo;autant plus difficile \u00e0 tenir qu&rsquo;elle n&rsquo;est pas toujours comprise, aussi bien en Libye qu&rsquo;en Tunisie, o\u00f9 l&rsquo;opinion publique est \u00e9galement divis\u00e9e au sujet de la question libyenne, les islamistes soutenant le pouvoir de l&rsquo;ouest et les modernistes celui de l&rsquo;est.<\/p>\n\n\n\n<p class=\"has-text-align-right\"><strong>I. B. <\/strong><\/p>\n","protected":false},"excerpt":{"rendered":"<p>Selon Africa Intelligence, Fathi Bachagha, le premier ministre d\u00e9sign\u00e9 par le Parlement de Tobrouk, dans l&rsquo;Est libyen, a d\u00fb quitter la Tunisie apr\u00e8s avoir \u00e9t\u00e9 averti qu&rsquo;il ne pouvait y mener ses activit\u00e9s politiques.<\/p>\n","protected":false},"author":8,"featured_media":388558,"comment_status":"open","ping_status":"open","sticky":false,"template":"","format":"standard","meta":{"footnotes":""},"categories":[997,2433],"tags":[99147,81152,544,3084,1119,62643],"class_list":["post-388557","post","type-post","status-publish","format-standard","has-post-thumbnail","hentry","category-politique","category-tunisie","tag-abdelhamid-al-dbaiba","tag-fathi-bachagha","tag-libye","tag-tobrouk","tag-tripoli","tag-tunisie"],"yoast_head":"<!-- This site is optimized with the Yoast SEO plugin v26.6 - https:\/\/yoast.com\/wordpress\/plugins\/seo\/ -->\n<title>Tunisie-Libye : Fathi Bachagha pri\u00e9 de quitter Tunis - Kapitalis<\/title>\n<meta name=\"robots\" content=\"index, follow, max-snippet:-1, max-image-preview:large, max-video-preview:-1\" \/>\n<link rel=\"canonical\" href=\"https:\/\/kapitalis.com\/tunisie\/2022\/04\/22\/tunisie-libye-fathi-bachagha-prie-de-quitter-tunis\/\" \/>\n<meta property=\"og:locale\" content=\"fr_FR\" \/>\n<meta property=\"og:type\" content=\"article\" \/>\n<meta property=\"og:title\" content=\"Tunisie-Libye : Fathi Bachagha pri\u00e9 de quitter Tunis - Kapitalis\" \/>\n<meta property=\"og:description\" content=\"Selon Africa Intelligence, Fathi Bachagha, le premier ministre d\u00e9sign\u00e9 par le Parlement de Tobrouk, dans l&rsquo;Est libyen, a d\u00fb quitter la Tunisie apr\u00e8s avoir \u00e9t\u00e9 averti qu&rsquo;il ne pouvait y mener ses activit\u00e9s politiques.\" \/>\n<meta property=\"og:url\" content=\"https:\/\/kapitalis.com\/tunisie\/2022\/04\/22\/tunisie-libye-fathi-bachagha-prie-de-quitter-tunis\/\" \/>\n<meta property=\"og:site_name\" content=\"Kapitalis\" \/>\n<meta property=\"article:publisher\" content=\"https:\/\/www.facebook.com\/KapitalisInfo\/\" \/>\n<meta property=\"article:published_time\" content=\"2022-04-22T10:01:45+00:00\" \/>\n<meta property=\"article:modified_time\" content=\"2022-04-22T10:05:07+00:00\" \/>\n<meta property=\"og:image\" content=\"https:\/\/kapitalis.com\/tunisie\/wp-content\/uploads\/2022\/05\/kapitalis-logo-fb.png\" \/>\n\t<meta property=\"og:image:width\" content=\"1200\" \/>\n\t<meta property=\"og:image:height\" content=\"630\" \/>\n\t<meta property=\"og:image:type\" content=\"image\/png\" \/>\n<meta name=\"author\" content=\"webmaster kapitalis\" \/>\n<meta name=\"twitter:card\" content=\"summary_large_image\" \/>\n<meta name=\"twitter:creator\" content=\"@KapitalisInfo\" \/>\n<meta name=\"twitter:site\" content=\"@KapitalisInfo\" \/>\n<meta name=\"twitter:label1\" content=\"\u00c9crit par\" \/>\n\t<meta name=\"twitter:data1\" content=\"webmaster kapitalis\" \/>\n\t<meta name=\"twitter:label2\" content=\"Dur\u00e9e de lecture estim\u00e9e\" \/>\n\t<meta name=\"twitter:data2\" content=\"1 minute\" \/>\n<script type=\"application\/ld+json\" class=\"yoast-schema-graph\">{\"@context\":\"https:\/\/schema.org\",\"@graph\":[{\"@type\":\"Article\",\"@id\":\"https:\/\/kapitalis.com\/tunisie\/2022\/04\/22\/tunisie-libye-fathi-bachagha-prie-de-quitter-tunis\/#article\",\"isPartOf\":{\"@id\":\"https:\/\/kapitalis.com\/tunisie\/2022\/04\/22\/tunisie-libye-fathi-bachagha-prie-de-quitter-tunis\/\"},\"author\":{\"name\":\"webmaster kapitalis\",\"@id\":\"https:\/\/kapitalis.com\/tunisie\/#\/schema\/person\/d71f33a9ca44f7bad4698210b480c8e9\"},\"headline\":\"Tunisie-Libye : Fathi Bachagha pri\u00e9 de quitter Tunis\",\"datePublished\":\"2022-04-22T10:01:45+00:00\",\"dateModified\":\"2022-04-22T10:05:07+00:00\",\"mainEntityOfPage\":{\"@id\":\"https:\/\/kapitalis.com\/tunisie\/2022\/04\/22\/tunisie-libye-fathi-bachagha-prie-de-quitter-tunis\/\"},\"wordCount\":193,\"commentCount\":2,\"publisher\":{\"@id\":\"https:\/\/kapitalis.com\/tunisie\/#organization\"},\"image\":{\"@id\":\"https:\/\/kapitalis.com\/tunisie\/2022\/04\/22\/tunisie-libye-fathi-bachagha-prie-de-quitter-tunis\/#primaryimage\"},\"thumbnailUrl\":\"\",\"keywords\":[\"Abdelhamid Al-Dbaiba\",\"Fathi Bachagha\",\"Libye\",\"Tobrouk\",\"Tripoli\",\"Tunisie\"],\"articleSection\":[\"POLITIQUE\",\"Tunisie\"],\"inLanguage\":\"fr-FR\",\"potentialAction\":[{\"@type\":\"CommentAction\",\"name\":\"Comment\",\"target\":[\"https:\/\/kapitalis.com\/tunisie\/2022\/04\/22\/tunisie-libye-fathi-bachagha-prie-de-quitter-tunis\/#respond\"]}]},{\"@type\":\"WebPage\",\"@id\":\"https:\/\/kapitalis.com\/tunisie\/2022\/04\/22\/tunisie-libye-fathi-bachagha-prie-de-quitter-tunis\/\",\"url\":\"https:\/\/kapitalis.com\/tunisie\/2022\/04\/22\/tunisie-libye-fathi-bachagha-prie-de-quitter-tunis\/\",\"name\":\"Tunisie-Libye : Fathi Bachagha pri\u00e9 de quitter Tunis - Kapitalis\",\"isPartOf\":{\"@id\":\"https:\/\/kapitalis.com\/tunisie\/#website\"},\"primaryImageOfPage\":{\"@id\":\"https:\/\/kapitalis.com\/tunisie\/2022\/04\/22\/tunisie-libye-fathi-bachagha-prie-de-quitter-tunis\/#primaryimage\"},\"image\":{\"@id\":\"https:\/\/kapitalis.com\/tunisie\/2022\/04\/22\/tunisie-libye-fathi-bachagha-prie-de-quitter-tunis\/#primaryimage\"},\"thumbnailUrl\":\"\",\"datePublished\":\"2022-04-22T10:01:45+00:00\",\"dateModified\":\"2022-04-22T10:05:07+00:00\",\"breadcrumb\":{\"@id\":\"https:\/\/kapitalis.com\/tunisie\/2022\/04\/22\/tunisie-libye-fathi-bachagha-prie-de-quitter-tunis\/#breadcrumb\"},\"inLanguage\":\"fr-FR\",\"potentialAction\":[{\"@type\":\"ReadAction\",\"target\":[\"https:\/\/kapitalis.com\/tunisie\/2022\/04\/22\/tunisie-libye-fathi-bachagha-prie-de-quitter-tunis\/\"]}]},{\"@type\":\"ImageObject\",\"inLanguage\":\"fr-FR\",\"@id\":\"https:\/\/kapitalis.com\/tunisie\/2022\/04\/22\/tunisie-libye-fathi-bachagha-prie-de-quitter-tunis\/#primaryimage\",\"url\":\"\",\"contentUrl\":\"\"},{\"@type\":\"BreadcrumbList\",\"@id\":\"https:\/\/kapitalis.com\/tunisie\/2022\/04\/22\/tunisie-libye-fathi-bachagha-prie-de-quitter-tunis\/#breadcrumb\",\"itemListElement\":[{\"@type\":\"ListItem\",\"position\":1,\"name\":\"Accueil\",\"item\":\"https:\/\/kapitalis.com\/tunisie\/\"},{\"@type\":\"ListItem\",\"position\":2,\"name\":\"Tunisie-Libye : Fathi Bachagha pri\u00e9 de quitter Tunis\"}]},{\"@type\":\"WebSite\",\"@id\":\"https:\/\/kapitalis.com\/tunisie\/#website\",\"url\":\"https:\/\/kapitalis.com\/tunisie\/\",\"name\":\"Kapitalis\",\"description\":\"L&#039;actualit\u00e9 en Tunisie et dans le monde\",\"publisher\":{\"@id\":\"https:\/\/kapitalis.com\/tunisie\/#organization\"},\"potentialAction\":[{\"@type\":\"SearchAction\",\"target\":{\"@type\":\"EntryPoint\",\"urlTemplate\":\"https:\/\/kapitalis.com\/tunisie\/?s={search_term_string}\"},\"query-input\":{\"@type\":\"PropertyValueSpecification\",\"valueRequired\":true,\"valueName\":\"search_term_string\"}}],\"inLanguage\":\"fr-FR\"},{\"@type\":\"Organization\",\"@id\":\"https:\/\/kapitalis.com\/tunisie\/#organization\",\"name\":\"Kapitalis\",\"url\":\"https:\/\/kapitalis.com\/tunisie\/\",\"logo\":{\"@type\":\"ImageObject\",\"inLanguage\":\"fr-FR\",\"@id\":\"https:\/\/kapitalis.com\/tunisie\/#\/schema\/logo\/image\/\",\"url\":\"https:\/\/kapitalis.com\/tunisie\/wp-content\/uploads\/2022\/05\/Kapitalis-big-size.png\",\"contentUrl\":\"https:\/\/kapitalis.com\/tunisie\/wp-content\/uploads\/2022\/05\/Kapitalis-big-size.png\",\"width\":5000,\"height\":1500,\"caption\":\"Kapitalis\"},\"image\":{\"@id\":\"https:\/\/kapitalis.com\/tunisie\/#\/schema\/logo\/image\/\"},\"sameAs\":[\"https:\/\/www.facebook.com\/KapitalisInfo\/\",\"https:\/\/x.com\/KapitalisInfo\",\"https:\/\/www.youtube.com\/channel\/UC-yDYrHyfFBWWZaOw3FPg9Q\"]},{\"@type\":\"Person\",\"@id\":\"https:\/\/kapitalis.com\/tunisie\/#\/schema\/person\/d71f33a9ca44f7bad4698210b480c8e9\",\"name\":\"webmaster kapitalis\",\"url\":\"https:\/\/kapitalis.com\/tunisie\/author\/webmaster-kapitalis\/\"}]}<\/script>\n<!-- \/ Yoast SEO plugin. -->","yoast_head_json":{"title":"Tunisie-Libye : Fathi Bachagha pri\u00e9 de quitter Tunis - Kapitalis","robots":{"index":"index","follow":"follow","max-snippet":"max-snippet:-1","max-image-preview":"max-image-preview:large","max-video-preview":"max-video-preview:-1"},"canonical":"https:\/\/kapitalis.com\/tunisie\/2022\/04\/22\/tunisie-libye-fathi-bachagha-prie-de-quitter-tunis\/","og_locale":"fr_FR","og_type":"article","og_title":"Tunisie-Libye : Fathi Bachagha pri\u00e9 de quitter Tunis - Kapitalis","og_description":"Selon Africa Intelligence, Fathi Bachagha, le premier ministre d\u00e9sign\u00e9 par le Parlement de Tobrouk, dans l&rsquo;Est libyen, a d\u00fb quitter la Tunisie apr\u00e8s avoir \u00e9t\u00e9 averti qu&rsquo;il ne pouvait y mener ses activit\u00e9s politiques.","og_url":"https:\/\/kapitalis.com\/tunisie\/2022\/04\/22\/tunisie-libye-fathi-bachagha-prie-de-quitter-tunis\/","og_site_name":"Kapitalis","article_publisher":"https:\/\/www.facebook.com\/KapitalisInfo\/","article_published_time":"2022-04-22T10:01:45+00:00","article_modified_time":"2022-04-22T10:05:07+00:00","og_image":[{"width":1200,"height":630,"url":"https:\/\/kapitalis.com\/tunisie\/wp-content\/uploads\/2022\/05\/kapitalis-logo-fb.png","type":"image\/png"}],"author":"webmaster kapitalis","twitter_card":"summary_large_image","twitter_creator":"@KapitalisInfo","twitter_site":"@KapitalisInfo","twitter_misc":{"\u00c9crit par":"webmaster kapitalis","Dur\u00e9e de lecture estim\u00e9e":"1 minute"},"schema":{"@context":"https:\/\/schema.org","@graph":[{"@type":"Article","@id":"https:\/\/kapitalis.com\/tunisie\/2022\/04\/22\/tunisie-libye-fathi-bachagha-prie-de-quitter-tunis\/#article","isPartOf":{"@id":"https:\/\/kapitalis.com\/tunisie\/2022\/04\/22\/tunisie-libye-fathi-bachagha-prie-de-quitter-tunis\/"},"author":{"name":"webmaster kapitalis","@id":"https:\/\/kapitalis.com\/tunisie\/#\/schema\/person\/d71f33a9ca44f7bad4698210b480c8e9"},"headline":"Tunisie-Libye : Fathi Bachagha pri\u00e9 de quitter Tunis","datePublished":"2022-04-22T10:01:45+00:00","dateModified":"2022-04-22T10:05:07+00:00","mainEntityOfPage":{"@id":"https:\/\/kapitalis.com\/tunisie\/2022\/04\/22\/tunisie-libye-fathi-bachagha-prie-de-quitter-tunis\/"},"wordCount":193,"commentCount":2,"publisher":{"@id":"https:\/\/kapitalis.com\/tunisie\/#organization"},"image":{"@id":"https:\/\/kapitalis.com\/tunisie\/2022\/04\/22\/tunisie-libye-fathi-bachagha-prie-de-quitter-tunis\/#primaryimage"},"thumbnailUrl":"","keywords":["Abdelhamid Al-Dbaiba","Fathi Bachagha","Libye","Tobrouk","Tripoli","Tunisie"],"articleSection":["POLITIQUE","Tunisie"],"inLanguage":"fr-FR","potentialAction":[{"@type":"CommentAction","name":"Comment","target":["https:\/\/kapitalis.com\/tunisie\/2022\/04\/22\/tunisie-libye-fathi-bachagha-prie-de-quitter-tunis\/#respond"]}]},{"@type":"WebPage","@id":"https:\/\/kapitalis.com\/tunisie\/2022\/04\/22\/tunisie-libye-fathi-bachagha-prie-de-quitter-tunis\/","url":"https:\/\/kapitalis.com\/tunisie\/2022\/04\/22\/tunisie-libye-fathi-bachagha-prie-de-quitter-tunis\/","name":"Tunisie-Libye : Fathi Bachagha pri\u00e9 de quitter Tunis - Kapitalis","isPartOf":{"@id":"https:\/\/kapitalis.com\/tunisie\/#website"},"primaryImageOfPage":{"@id":"https:\/\/kapitalis.com\/tunisie\/2022\/04\/22\/tunisie-libye-fathi-bachagha-prie-de-quitter-tunis\/#primaryimage"},"image":{"@id":"https:\/\/kapitalis.com\/tunisie\/2022\/04\/22\/tunisie-libye-fathi-bachagha-prie-de-quitter-tunis\/#primaryimage"},"thumbnailUrl":"","datePublished":"2022-04-22T10:01:45+00:00","dateModified":"2022-04-22T10:05:07+00:00","breadcrumb":{"@id":"https:\/\/kapitalis.com\/tunisie\/2022\/04\/22\/tunisie-libye-fathi-bachagha-prie-de-quitter-tunis\/#breadcrumb"},"inLanguage":"fr-FR","potentialAction":[{"@type":"ReadAction","target":["https:\/\/kapitalis.com\/tunisie\/2022\/04\/22\/tunisie-libye-fathi-bachagha-prie-de-quitter-tunis\/"]}]},{"@type":"ImageObject","inLanguage":"fr-FR","@id":"https:\/\/kapitalis.com\/tunisie\/2022\/04\/22\/tunisie-libye-fathi-bachagha-prie-de-quitter-tunis\/#primaryimage","url":"","contentUrl":""},{"@type":"BreadcrumbList","@id":"https:\/\/kapitalis.com\/tunisie\/2022\/04\/22\/tunisie-libye-fathi-bachagha-prie-de-quitter-tunis\/#breadcrumb","itemListElement":[{"@type":"ListItem","position":1,"name":"Accueil","item":"https:\/\/kapitalis.com\/tunisie\/"},{"@type":"ListItem","position":2,"name":"Tunisie-Libye : Fathi Bachagha pri\u00e9 de quitter Tunis"}]},{"@type":"WebSite","@id":"https:\/\/kapitalis.com\/tunisie\/#website","url":"https:\/\/kapitalis.com\/tunisie\/","name":"Kapitalis","description":"L&#039;actualit\u00e9 en Tunisie et dans le monde","publisher":{"@id":"https:\/\/kapitalis.com\/tunisie\/#organization"},"potentialAction":[{"@type":"SearchAction","target":{"@type":"EntryPoint","urlTemplate":"https:\/\/kapitalis.com\/tunisie\/?s={search_term_string}"},"query-input":{"@type":"PropertyValueSpecification","valueRequired":true,"valueName":"search_term_string"}}],"inLanguage":"fr-FR"},{"@type":"Organization","@id":"https:\/\/kapitalis.com\/tunisie\/#organization","name":"Kapitalis","url":"https:\/\/kapitalis.com\/tunisie\/","logo":{"@type":"ImageObject","inLanguage":"fr-FR","@id":"https:\/\/kapitalis.com\/tunisie\/#\/schema\/logo\/image\/","url":"https:\/\/kapitalis.com\/tunisie\/wp-content\/uploads\/2022\/05\/Kapitalis-big-size.png","contentUrl":"https:\/\/kapitalis.com\/tunisie\/wp-content\/uploads\/2022\/05\/Kapitalis-big-size.png","width":5000,"height":1500,"caption":"Kapitalis"},"image":{"@id":"https:\/\/kapitalis.com\/tunisie\/#\/schema\/logo\/image\/"},"sameAs":["https:\/\/www.facebook.com\/KapitalisInfo\/","https:\/\/x.com\/KapitalisInfo","https:\/\/www.youtube.com\/channel\/UC-yDYrHyfFBWWZaOw3FPg9Q"]},{"@type":"Person","@id":"https:\/\/kapitalis.com\/tunisie\/#\/schema\/person\/d71f33a9ca44f7bad4698210b480c8e9","name":"webmaster kapitalis","url":"https:\/\/kapitalis.com\/tunisie\/author\/webmaster-kapitalis\/"}]}},"_links":{"self":[{"href":"https:\/\/kapitalis.com\/tunisie\/wp-json\/wp\/v2\/posts\/388557","targetHints":{"allow":["GET"]}}],"collection":[{"href":"https:\/\/kapitalis.com\/tunisie\/wp-json\/wp\/v2\/posts"}],"about":[{"href":"https:\/\/kapitalis.com\/tunisie\/wp-json\/wp\/v2\/types\/post"}],"author":[{"embeddable":true,"href":"https:\/\/kapitalis.com\/tunisie\/wp-json\/wp\/v2\/users\/8"}],"replies":[{"embeddable":true,"href":"https:\/\/kapitalis.com\/tunisie\/wp-json\/wp\/v2\/comments?post=388557"}],"version-history":[{"count":0,"href":"https:\/\/kapitalis.com\/tunisie\/wp-json\/wp\/v2\/posts\/388557\/revisions"}],"wp:featuredmedia":[{"embeddable":true,"href":"https:\/\/kapitalis.com\/tunisie\/wp-json\/wp\/v2\/media\/388558"}],"wp:attachment":[{"href":"https:\/\/kapitalis.com\/tunisie\/wp-json\/wp\/v2\/media?parent=388557"}],"wp:term":[{"taxonomy":"category","embeddable":true,"href":"https:\/\/kapitalis.com\/tunisie\/wp-json\/wp\/v2\/categories?post=388557"},{"taxonomy":"post_tag","embeddable":true,"href":"https:\/\/kapitalis.com\/tunisie\/wp-json\/wp\/v2\/tags?post=388557"}],"curies":[{"name":"wp","href":"https:\/\/api.w.org\/{rel}","templated":true}]}}