{"id":388639,"date":"2022-04-22T23:20:40","date_gmt":"2022-04-22T22:20:40","guid":{"rendered":"http:\/\/kapitalis.com\/tunisie\/?p=388639"},"modified":"2022-04-22T23:24:39","modified_gmt":"2022-04-22T22:24:39","slug":"en-images-reouverture-de-la-piste-de-laeroport-international-de-tozeur-nefta","status":"publish","type":"post","link":"https:\/\/kapitalis.com\/tunisie\/2022\/04\/22\/en-images-reouverture-de-la-piste-de-laeroport-international-de-tozeur-nefta\/","title":{"rendered":"En images : R\u00e9ouverture de la piste de l&rsquo;a\u00e9roport international de Tozeur-Nefta"},"content":{"rendered":"\n<div class=\"wp-block-image\"><figure class=\"aligncenter size-full\"><img decoding=\"async\" src=\"http:\/\/kapitalis.com\/tunisie\/wp-content\/uploads\/2022\/04\/aeroport-Tozeur-Nefta.jpg\" alt=\"\" class=\"wp-image-388655\"\/><\/figure><\/div>\n\n\n\n<p><strong><em>Le minist\u00e8re du Transport a annonc\u00e9, ce e vendredi 22 avril 2022, la fin des travaux et la r\u00e9ouverture de la piste de l&rsquo;a\u00e9roport international de Tozeur-Nefta pour le transport public a\u00e9rien.<\/em><\/strong><\/p>\n\n\n\n<!--more-->\n\n\n\n<p><em>\u00abL&rsquo;a\u00e9roport r\u00e9pond d\u00e9sormais aux normes internationales et permet une \u00e9conomie d\u2019\u00e9nergie\u00bb<\/em>, indique le minist\u00e8re en affirmant que l&rsquo;a\u00e9roport peut d\u00e9sormais recevoir tous types d&rsquo;avions, notamment les gros cargos, qui ne pouvaient utiliser l&rsquo;a\u00e9roport qu&rsquo;apr\u00e8s l&rsquo;obtention d&rsquo;une autorisation exceptionnelle.<\/p>\n\n\n\n<figure class=\"wp-block-gallery columns-3 is-cropped wp-block-gallery-1 is-layout-flex wp-block-gallery-is-layout-flex\"><ul class=\"blocks-gallery-grid\"><li class=\"blocks-gallery-item\"><figure><img decoding=\"async\" src=\"http:\/\/kapitalis.com\/tunisie\/wp-content\/uploads\/2022\/04\/t15.jpg\" alt=\"\" data-id=\"388640\" data-full-url=\"http:\/\/kapitalis.com\/tunisie\/wp-content\/uploads\/2022\/04\/t15.jpg\" data-link=\"http:\/\/kapitalis.com\/tunisie\/?attachment_id=388640\" class=\"wp-image-388640\"\/><\/figure><\/li><li class=\"blocks-gallery-item\"><figure><img decoding=\"async\" src=\"http:\/\/kapitalis.com\/tunisie\/wp-content\/uploads\/2022\/04\/t14.jpg\" alt=\"\" data-id=\"388641\" data-full-url=\"http:\/\/kapitalis.com\/tunisie\/wp-content\/uploads\/2022\/04\/t14.jpg\" data-link=\"http:\/\/kapitalis.com\/tunisie\/?attachment_id=388641\" class=\"wp-image-388641\"\/><\/figure><\/li><li class=\"blocks-gallery-item\"><figure><img decoding=\"async\" src=\"http:\/\/kapitalis.com\/tunisie\/wp-content\/uploads\/2022\/04\/t13.jpg\" alt=\"\" data-id=\"388642\" data-full-url=\"http:\/\/kapitalis.com\/tunisie\/wp-content\/uploads\/2022\/04\/t13.jpg\" data-link=\"http:\/\/kapitalis.com\/tunisie\/?attachment_id=388642\" class=\"wp-image-388642\"\/><\/figure><\/li><li class=\"blocks-gallery-item\"><figure><img decoding=\"async\" src=\"http:\/\/kapitalis.com\/tunisie\/wp-content\/uploads\/2022\/04\/t12.jpg\" alt=\"\" data-id=\"388643\" data-full-url=\"http:\/\/kapitalis.com\/tunisie\/wp-content\/uploads\/2022\/04\/t12.jpg\" data-link=\"http:\/\/kapitalis.com\/tunisie\/?attachment_id=388643\" class=\"wp-image-388643\"\/><\/figure><\/li><li class=\"blocks-gallery-item\"><figure><img decoding=\"async\" src=\"http:\/\/kapitalis.com\/tunisie\/wp-content\/uploads\/2022\/04\/t11.jpg\" alt=\"\" data-id=\"388644\" data-full-url=\"http:\/\/kapitalis.com\/tunisie\/wp-content\/uploads\/2022\/04\/t11.jpg\" data-link=\"http:\/\/kapitalis.com\/tunisie\/?attachment_id=388644\" class=\"wp-image-388644\"\/><\/figure><\/li><li class=\"blocks-gallery-item\"><figure><img decoding=\"async\" src=\"http:\/\/kapitalis.com\/tunisie\/wp-content\/uploads\/2022\/04\/t10.jpg\" alt=\"\" data-id=\"388645\" data-full-url=\"http:\/\/kapitalis.com\/tunisie\/wp-content\/uploads\/2022\/04\/t10.jpg\" data-link=\"http:\/\/kapitalis.com\/tunisie\/?attachment_id=388645\" class=\"wp-image-388645\"\/><\/figure><\/li><li class=\"blocks-gallery-item\"><figure><img decoding=\"async\" src=\"http:\/\/kapitalis.com\/tunisie\/wp-content\/uploads\/2022\/04\/t9.jpg\" alt=\"\" data-id=\"388646\" data-full-url=\"http:\/\/kapitalis.com\/tunisie\/wp-content\/uploads\/2022\/04\/t9.jpg\" data-link=\"http:\/\/kapitalis.com\/tunisie\/?attachment_id=388646\" class=\"wp-image-388646\"\/><\/figure><\/li><li class=\"blocks-gallery-item\"><figure><img decoding=\"async\" src=\"http:\/\/kapitalis.com\/tunisie\/wp-content\/uploads\/2022\/04\/t8-1024x479.jpg\" alt=\"\" data-id=\"388647\" data-full-url=\"http:\/\/kapitalis.com\/tunisie\/wp-content\/uploads\/2022\/04\/t8.jpg\" data-link=\"http:\/\/kapitalis.com\/tunisie\/?attachment_id=388647\" class=\"wp-image-388647\"\/><\/figure><\/li><li class=\"blocks-gallery-item\"><figure><img decoding=\"async\" src=\"http:\/\/kapitalis.com\/tunisie\/wp-content\/uploads\/2022\/04\/t7.jpg\" alt=\"\" data-id=\"388648\" data-full-url=\"http:\/\/kapitalis.com\/tunisie\/wp-content\/uploads\/2022\/04\/t7.jpg\" data-link=\"http:\/\/kapitalis.com\/tunisie\/?attachment_id=388648\" class=\"wp-image-388648\"\/><\/figure><\/li><li class=\"blocks-gallery-item\"><figure><img decoding=\"async\" src=\"http:\/\/kapitalis.com\/tunisie\/wp-content\/uploads\/2022\/04\/t6-1024x461.jpg\" alt=\"\" data-id=\"388649\" data-full-url=\"http:\/\/kapitalis.com\/tunisie\/wp-content\/uploads\/2022\/04\/t6.jpg\" data-link=\"http:\/\/kapitalis.com\/tunisie\/?attachment_id=388649\" class=\"wp-image-388649\"\/><\/figure><\/li><li class=\"blocks-gallery-item\"><figure><img decoding=\"async\" src=\"http:\/\/kapitalis.com\/tunisie\/wp-content\/uploads\/2022\/04\/t5-461x1024.jpg\" alt=\"\" data-id=\"388650\" data-full-url=\"http:\/\/kapitalis.com\/tunisie\/wp-content\/uploads\/2022\/04\/t5.jpg\" data-link=\"http:\/\/kapitalis.com\/tunisie\/?attachment_id=388650\" class=\"wp-image-388650\"\/><\/figure><\/li><li class=\"blocks-gallery-item\"><figure><img decoding=\"async\" src=\"http:\/\/kapitalis.com\/tunisie\/wp-content\/uploads\/2022\/04\/t4-1.jpg\" alt=\"\" data-id=\"388651\" data-full-url=\"http:\/\/kapitalis.com\/tunisie\/wp-content\/uploads\/2022\/04\/t4-1.jpg\" data-link=\"http:\/\/kapitalis.com\/tunisie\/?attachment_id=388651\" class=\"wp-image-388651\"\/><\/figure><\/li><li class=\"blocks-gallery-item\"><figure><img decoding=\"async\" src=\"http:\/\/kapitalis.com\/tunisie\/wp-content\/uploads\/2022\/04\/t3-1.jpg\" alt=\"\" data-id=\"388652\" data-full-url=\"http:\/\/kapitalis.com\/tunisie\/wp-content\/uploads\/2022\/04\/t3-1.jpg\" data-link=\"http:\/\/kapitalis.com\/tunisie\/?attachment_id=388652\" class=\"wp-image-388652\"\/><\/figure><\/li><li class=\"blocks-gallery-item\"><figure><img decoding=\"async\" src=\"http:\/\/kapitalis.com\/tunisie\/wp-content\/uploads\/2022\/04\/t2-1.jpg\" alt=\"\" data-id=\"388653\" data-full-url=\"http:\/\/kapitalis.com\/tunisie\/wp-content\/uploads\/2022\/04\/t2-1.jpg\" data-link=\"http:\/\/kapitalis.com\/tunisie\/?attachment_id=388653\" class=\"wp-image-388653\"\/><\/figure><\/li><li class=\"blocks-gallery-item\"><figure><img decoding=\"async\" src=\"http:\/\/kapitalis.com\/tunisie\/wp-content\/uploads\/2022\/04\/t1-1024x461.jpg\" alt=\"\" data-id=\"388654\" data-full-url=\"http:\/\/kapitalis.com\/tunisie\/wp-content\/uploads\/2022\/04\/t1.jpg\" data-link=\"http:\/\/kapitalis.com\/tunisie\/?attachment_id=388654\" class=\"wp-image-388654\"\/><\/figure><\/li><\/ul><\/figure>\n\n\n\n<p>Le minist\u00e8re a ajout\u00e9, dans son communiqu\u00e9, que le projet final sera pr\u00eat, dans deux mois, apr\u00e8s l\u2019ach\u00e8vement de tous les travaux, y compris ceux de l\u2019a\u00e9rogare des avions.<\/p>\n\n\n\n<p class=\"has-text-align-right\"><strong>Y. N.<\/strong><\/p>\n","protected":false},"excerpt":{"rendered":"<p>Le minist\u00e8re du Transport a annonc\u00e9, ce e vendredi 22 avril 2022, la fin des travaux et la r\u00e9ouverture de la piste de l&rsquo;a\u00e9roport international de Tozeur-Nefta pour le transport public a\u00e9rien.<\/p>\n","protected":false},"author":6,"featured_media":388640,"comment_status":"open","ping_status":"open","sticky":false,"template":"","format":"standard","meta":{"footnotes":""},"categories":[998,2433],"tags":[34,99167,99166,1466,94189,2120,62643],"class_list":["post-388639","post","type-post","status-publish","format-standard","has-post-thumbnail","hentry","category-societe","category-tunisie","tag-aeroport","tag-economie-energie","tag-normes-internationales","tag-projet","tag-tozeur-nefta","tag-travaux","tag-tunisie"],"yoast_head":"<!-- This site is optimized with the Yoast SEO plugin v26.6 - https:\/\/yoast.com\/wordpress\/plugins\/seo\/ -->\n<title>En images : R\u00e9ouverture de la piste de l&#039;a\u00e9roport international de Tozeur-Nefta - Kapitalis<\/title>\n<meta name=\"robots\" content=\"index, follow, max-snippet:-1, max-image-preview:large, max-video-preview:-1\" \/>\n<link rel=\"canonical\" href=\"https:\/\/kapitalis.com\/tunisie\/2022\/04\/22\/en-images-reouverture-de-la-piste-de-laeroport-international-de-tozeur-nefta\/\" \/>\n<meta property=\"og:locale\" content=\"fr_FR\" \/>\n<meta property=\"og:type\" content=\"article\" \/>\n<meta property=\"og:title\" content=\"En images : R\u00e9ouverture de la piste de l&#039;a\u00e9roport international de Tozeur-Nefta - Kapitalis\" \/>\n<meta property=\"og:description\" content=\"Le minist\u00e8re du Transport a annonc\u00e9, ce e vendredi 22 avril 2022, la fin des travaux et la r\u00e9ouverture de la piste de l&rsquo;a\u00e9roport international de Tozeur-Nefta pour le transport public a\u00e9rien.\" \/>\n<meta property=\"og:url\" content=\"https:\/\/kapitalis.com\/tunisie\/2022\/04\/22\/en-images-reouverture-de-la-piste-de-laeroport-international-de-tozeur-nefta\/\" \/>\n<meta property=\"og:site_name\" content=\"Kapitalis\" \/>\n<meta property=\"article:publisher\" content=\"https:\/\/www.facebook.com\/KapitalisInfo\/\" \/>\n<meta property=\"article:published_time\" content=\"2022-04-22T22:20:40+00:00\" \/>\n<meta property=\"article:modified_time\" content=\"2022-04-22T22:24:39+00:00\" \/>\n<meta property=\"og:image\" content=\"https:\/\/kapitalis.com\/tunisie\/wp-content\/uploads\/2022\/05\/kapitalis-logo-fb.png\" \/>\n\t<meta property=\"og:image:width\" content=\"1200\" \/>\n\t<meta property=\"og:image:height\" content=\"630\" \/>\n\t<meta property=\"og:image:type\" content=\"image\/png\" \/>\n<meta name=\"author\" content=\"Yusra NY\" \/>\n<meta name=\"twitter:card\" content=\"summary_large_image\" \/>\n<meta name=\"twitter:creator\" content=\"@KapitalisInfo\" \/>\n<meta name=\"twitter:site\" content=\"@KapitalisInfo\" \/>\n<meta name=\"twitter:label1\" content=\"\u00c9crit par\" \/>\n\t<meta name=\"twitter:data1\" content=\"Yusra NY\" \/>\n\t<meta name=\"twitter:label2\" content=\"Dur\u00e9e de lecture estim\u00e9e\" \/>\n\t<meta name=\"twitter:data2\" content=\"1 minute\" \/>\n<script type=\"application\/ld+json\" class=\"yoast-schema-graph\">{\"@context\":\"https:\/\/schema.org\",\"@graph\":[{\"@type\":\"Article\",\"@id\":\"https:\/\/kapitalis.com\/tunisie\/2022\/04\/22\/en-images-reouverture-de-la-piste-de-laeroport-international-de-tozeur-nefta\/#article\",\"isPartOf\":{\"@id\":\"https:\/\/kapitalis.com\/tunisie\/2022\/04\/22\/en-images-reouverture-de-la-piste-de-laeroport-international-de-tozeur-nefta\/\"},\"author\":{\"name\":\"Yusra NY\",\"@id\":\"https:\/\/kapitalis.com\/tunisie\/#\/schema\/person\/74bbde0154d49d790a92aaeac5bc01d5\"},\"headline\":\"En images : R\u00e9ouverture de la piste de l&rsquo;a\u00e9roport international de Tozeur-Nefta\",\"datePublished\":\"2022-04-22T22:20:40+00:00\",\"dateModified\":\"2022-04-22T22:24:39+00:00\",\"mainEntityOfPage\":{\"@id\":\"https:\/\/kapitalis.com\/tunisie\/2022\/04\/22\/en-images-reouverture-de-la-piste-de-laeroport-international-de-tozeur-nefta\/\"},\"wordCount\":132,\"commentCount\":0,\"publisher\":{\"@id\":\"https:\/\/kapitalis.com\/tunisie\/#organization\"},\"image\":{\"@id\":\"https:\/\/kapitalis.com\/tunisie\/2022\/04\/22\/en-images-reouverture-de-la-piste-de-laeroport-international-de-tozeur-nefta\/#primaryimage\"},\"thumbnailUrl\":\"\",\"keywords\":[\"a\u00e9roport\",\"\u00e9conomie \u00e9nergie\",\"normes internationales\",\"projet\",\"Tozeur-Nefta\",\"travaux\",\"Tunisie\"],\"articleSection\":[\"SOCIETE\",\"Tunisie\"],\"inLanguage\":\"fr-FR\",\"potentialAction\":[{\"@type\":\"CommentAction\",\"name\":\"Comment\",\"target\":[\"https:\/\/kapitalis.com\/tunisie\/2022\/04\/22\/en-images-reouverture-de-la-piste-de-laeroport-international-de-tozeur-nefta\/#respond\"]}]},{\"@type\":\"WebPage\",\"@id\":\"https:\/\/kapitalis.com\/tunisie\/2022\/04\/22\/en-images-reouverture-de-la-piste-de-laeroport-international-de-tozeur-nefta\/\",\"url\":\"https:\/\/kapitalis.com\/tunisie\/2022\/04\/22\/en-images-reouverture-de-la-piste-de-laeroport-international-de-tozeur-nefta\/\",\"name\":\"En images : R\u00e9ouverture de la piste de l'a\u00e9roport international de Tozeur-Nefta - Kapitalis\",\"isPartOf\":{\"@id\":\"https:\/\/kapitalis.com\/tunisie\/#website\"},\"primaryImageOfPage\":{\"@id\":\"https:\/\/kapitalis.com\/tunisie\/2022\/04\/22\/en-images-reouverture-de-la-piste-de-laeroport-international-de-tozeur-nefta\/#primaryimage\"},\"image\":{\"@id\":\"https:\/\/kapitalis.com\/tunisie\/2022\/04\/22\/en-images-reouverture-de-la-piste-de-laeroport-international-de-tozeur-nefta\/#primaryimage\"},\"thumbnailUrl\":\"\",\"datePublished\":\"2022-04-22T22:20:40+00:00\",\"dateModified\":\"2022-04-22T22:24:39+00:00\",\"breadcrumb\":{\"@id\":\"https:\/\/kapitalis.com\/tunisie\/2022\/04\/22\/en-images-reouverture-de-la-piste-de-laeroport-international-de-tozeur-nefta\/#breadcrumb\"},\"inLanguage\":\"fr-FR\",\"potentialAction\":[{\"@type\":\"ReadAction\",\"target\":[\"https:\/\/kapitalis.com\/tunisie\/2022\/04\/22\/en-images-reouverture-de-la-piste-de-laeroport-international-de-tozeur-nefta\/\"]}]},{\"@type\":\"ImageObject\",\"inLanguage\":\"fr-FR\",\"@id\":\"https:\/\/kapitalis.com\/tunisie\/2022\/04\/22\/en-images-reouverture-de-la-piste-de-laeroport-international-de-tozeur-nefta\/#primaryimage\",\"url\":\"\",\"contentUrl\":\"\"},{\"@type\":\"BreadcrumbList\",\"@id\":\"https:\/\/kapitalis.com\/tunisie\/2022\/04\/22\/en-images-reouverture-de-la-piste-de-laeroport-international-de-tozeur-nefta\/#breadcrumb\",\"itemListElement\":[{\"@type\":\"ListItem\",\"position\":1,\"name\":\"Accueil\",\"item\":\"https:\/\/kapitalis.com\/tunisie\/\"},{\"@type\":\"ListItem\",\"position\":2,\"name\":\"En images : R\u00e9ouverture de la piste de l&rsquo;a\u00e9roport international de Tozeur-Nefta\"}]},{\"@type\":\"WebSite\",\"@id\":\"https:\/\/kapitalis.com\/tunisie\/#website\",\"url\":\"https:\/\/kapitalis.com\/tunisie\/\",\"name\":\"Kapitalis\",\"description\":\"L&#039;actualit\u00e9 en Tunisie et dans le monde\",\"publisher\":{\"@id\":\"https:\/\/kapitalis.com\/tunisie\/#organization\"},\"potentialAction\":[{\"@type\":\"SearchAction\",\"target\":{\"@type\":\"EntryPoint\",\"urlTemplate\":\"https:\/\/kapitalis.com\/tunisie\/?s={search_term_string}\"},\"query-input\":{\"@type\":\"PropertyValueSpecification\",\"valueRequired\":true,\"valueName\":\"search_term_string\"}}],\"inLanguage\":\"fr-FR\"},{\"@type\":\"Organization\",\"@id\":\"https:\/\/kapitalis.com\/tunisie\/#organization\",\"name\":\"Kapitalis\",\"url\":\"https:\/\/kapitalis.com\/tunisie\/\",\"logo\":{\"@type\":\"ImageObject\",\"inLanguage\":\"fr-FR\",\"@id\":\"https:\/\/kapitalis.com\/tunisie\/#\/schema\/logo\/image\/\",\"url\":\"https:\/\/kapitalis.com\/tunisie\/wp-content\/uploads\/2022\/05\/Kapitalis-big-size.png\",\"contentUrl\":\"https:\/\/kapitalis.com\/tunisie\/wp-content\/uploads\/2022\/05\/Kapitalis-big-size.png\",\"width\":5000,\"height\":1500,\"caption\":\"Kapitalis\"},\"image\":{\"@id\":\"https:\/\/kapitalis.com\/tunisie\/#\/schema\/logo\/image\/\"},\"sameAs\":[\"https:\/\/www.facebook.com\/KapitalisInfo\/\",\"https:\/\/x.com\/KapitalisInfo\",\"https:\/\/www.youtube.com\/channel\/UC-yDYrHyfFBWWZaOw3FPg9Q\"]},{\"@type\":\"Person\",\"@id\":\"https:\/\/kapitalis.com\/tunisie\/#\/schema\/person\/74bbde0154d49d790a92aaeac5bc01d5\",\"name\":\"Yusra NY\",\"url\":\"https:\/\/kapitalis.com\/tunisie\/author\/yuza_adam\/\"}]}<\/script>\n<!-- \/ Yoast SEO plugin. -->","yoast_head_json":{"title":"En images : R\u00e9ouverture de la piste de l'a\u00e9roport international de Tozeur-Nefta - Kapitalis","robots":{"index":"index","follow":"follow","max-snippet":"max-snippet:-1","max-image-preview":"max-image-preview:large","max-video-preview":"max-video-preview:-1"},"canonical":"https:\/\/kapitalis.com\/tunisie\/2022\/04\/22\/en-images-reouverture-de-la-piste-de-laeroport-international-de-tozeur-nefta\/","og_locale":"fr_FR","og_type":"article","og_title":"En images : R\u00e9ouverture de la piste de l'a\u00e9roport international de Tozeur-Nefta - Kapitalis","og_description":"Le minist\u00e8re du Transport a annonc\u00e9, ce e vendredi 22 avril 2022, la fin des travaux et la r\u00e9ouverture de la piste de l&rsquo;a\u00e9roport international de Tozeur-Nefta pour le transport public a\u00e9rien.","og_url":"https:\/\/kapitalis.com\/tunisie\/2022\/04\/22\/en-images-reouverture-de-la-piste-de-laeroport-international-de-tozeur-nefta\/","og_site_name":"Kapitalis","article_publisher":"https:\/\/www.facebook.com\/KapitalisInfo\/","article_published_time":"2022-04-22T22:20:40+00:00","article_modified_time":"2022-04-22T22:24:39+00:00","og_image":[{"width":1200,"height":630,"url":"https:\/\/kapitalis.com\/tunisie\/wp-content\/uploads\/2022\/05\/kapitalis-logo-fb.png","type":"image\/png"}],"author":"Yusra NY","twitter_card":"summary_large_image","twitter_creator":"@KapitalisInfo","twitter_site":"@KapitalisInfo","twitter_misc":{"\u00c9crit par":"Yusra NY","Dur\u00e9e de lecture estim\u00e9e":"1 minute"},"schema":{"@context":"https:\/\/schema.org","@graph":[{"@type":"Article","@id":"https:\/\/kapitalis.com\/tunisie\/2022\/04\/22\/en-images-reouverture-de-la-piste-de-laeroport-international-de-tozeur-nefta\/#article","isPartOf":{"@id":"https:\/\/kapitalis.com\/tunisie\/2022\/04\/22\/en-images-reouverture-de-la-piste-de-laeroport-international-de-tozeur-nefta\/"},"author":{"name":"Yusra NY","@id":"https:\/\/kapitalis.com\/tunisie\/#\/schema\/person\/74bbde0154d49d790a92aaeac5bc01d5"},"headline":"En images : R\u00e9ouverture de la piste de l&rsquo;a\u00e9roport international de Tozeur-Nefta","datePublished":"2022-04-22T22:20:40+00:00","dateModified":"2022-04-22T22:24:39+00:00","mainEntityOfPage":{"@id":"https:\/\/kapitalis.com\/tunisie\/2022\/04\/22\/en-images-reouverture-de-la-piste-de-laeroport-international-de-tozeur-nefta\/"},"wordCount":132,"commentCount":0,"publisher":{"@id":"https:\/\/kapitalis.com\/tunisie\/#organization"},"image":{"@id":"https:\/\/kapitalis.com\/tunisie\/2022\/04\/22\/en-images-reouverture-de-la-piste-de-laeroport-international-de-tozeur-nefta\/#primaryimage"},"thumbnailUrl":"","keywords":["a\u00e9roport","\u00e9conomie \u00e9nergie","normes internationales","projet","Tozeur-Nefta","travaux","Tunisie"],"articleSection":["SOCIETE","Tunisie"],"inLanguage":"fr-FR","potentialAction":[{"@type":"CommentAction","name":"Comment","target":["https:\/\/kapitalis.com\/tunisie\/2022\/04\/22\/en-images-reouverture-de-la-piste-de-laeroport-international-de-tozeur-nefta\/#respond"]}]},{"@type":"WebPage","@id":"https:\/\/kapitalis.com\/tunisie\/2022\/04\/22\/en-images-reouverture-de-la-piste-de-laeroport-international-de-tozeur-nefta\/","url":"https:\/\/kapitalis.com\/tunisie\/2022\/04\/22\/en-images-reouverture-de-la-piste-de-laeroport-international-de-tozeur-nefta\/","name":"En images : R\u00e9ouverture de la piste de l'a\u00e9roport international de Tozeur-Nefta - Kapitalis","isPartOf":{"@id":"https:\/\/kapitalis.com\/tunisie\/#website"},"primaryImageOfPage":{"@id":"https:\/\/kapitalis.com\/tunisie\/2022\/04\/22\/en-images-reouverture-de-la-piste-de-laeroport-international-de-tozeur-nefta\/#primaryimage"},"image":{"@id":"https:\/\/kapitalis.com\/tunisie\/2022\/04\/22\/en-images-reouverture-de-la-piste-de-laeroport-international-de-tozeur-nefta\/#primaryimage"},"thumbnailUrl":"","datePublished":"2022-04-22T22:20:40+00:00","dateModified":"2022-04-22T22:24:39+00:00","breadcrumb":{"@id":"https:\/\/kapitalis.com\/tunisie\/2022\/04\/22\/en-images-reouverture-de-la-piste-de-laeroport-international-de-tozeur-nefta\/#breadcrumb"},"inLanguage":"fr-FR","potentialAction":[{"@type":"ReadAction","target":["https:\/\/kapitalis.com\/tunisie\/2022\/04\/22\/en-images-reouverture-de-la-piste-de-laeroport-international-de-tozeur-nefta\/"]}]},{"@type":"ImageObject","inLanguage":"fr-FR","@id":"https:\/\/kapitalis.com\/tunisie\/2022\/04\/22\/en-images-reouverture-de-la-piste-de-laeroport-international-de-tozeur-nefta\/#primaryimage","url":"","contentUrl":""},{"@type":"BreadcrumbList","@id":"https:\/\/kapitalis.com\/tunisie\/2022\/04\/22\/en-images-reouverture-de-la-piste-de-laeroport-international-de-tozeur-nefta\/#breadcrumb","itemListElement":[{"@type":"ListItem","position":1,"name":"Accueil","item":"https:\/\/kapitalis.com\/tunisie\/"},{"@type":"ListItem","position":2,"name":"En images : R\u00e9ouverture de la piste de l&rsquo;a\u00e9roport international de Tozeur-Nefta"}]},{"@type":"WebSite","@id":"https:\/\/kapitalis.com\/tunisie\/#website","url":"https:\/\/kapitalis.com\/tunisie\/","name":"Kapitalis","description":"L&#039;actualit\u00e9 en Tunisie et dans le monde","publisher":{"@id":"https:\/\/kapitalis.com\/tunisie\/#organization"},"potentialAction":[{"@type":"SearchAction","target":{"@type":"EntryPoint","urlTemplate":"https:\/\/kapitalis.com\/tunisie\/?s={search_term_string}"},"query-input":{"@type":"PropertyValueSpecification","valueRequired":true,"valueName":"search_term_string"}}],"inLanguage":"fr-FR"},{"@type":"Organization","@id":"https:\/\/kapitalis.com\/tunisie\/#organization","name":"Kapitalis","url":"https:\/\/kapitalis.com\/tunisie\/","logo":{"@type":"ImageObject","inLanguage":"fr-FR","@id":"https:\/\/kapitalis.com\/tunisie\/#\/schema\/logo\/image\/","url":"https:\/\/kapitalis.com\/tunisie\/wp-content\/uploads\/2022\/05\/Kapitalis-big-size.png","contentUrl":"https:\/\/kapitalis.com\/tunisie\/wp-content\/uploads\/2022\/05\/Kapitalis-big-size.png","width":5000,"height":1500,"caption":"Kapitalis"},"image":{"@id":"https:\/\/kapitalis.com\/tunisie\/#\/schema\/logo\/image\/"},"sameAs":["https:\/\/www.facebook.com\/KapitalisInfo\/","https:\/\/x.com\/KapitalisInfo","https:\/\/www.youtube.com\/channel\/UC-yDYrHyfFBWWZaOw3FPg9Q"]},{"@type":"Person","@id":"https:\/\/kapitalis.com\/tunisie\/#\/schema\/person\/74bbde0154d49d790a92aaeac5bc01d5","name":"Yusra NY","url":"https:\/\/kapitalis.com\/tunisie\/author\/yuza_adam\/"}]}},"_links":{"self":[{"href":"https:\/\/kapitalis.com\/tunisie\/wp-json\/wp\/v2\/posts\/388639","targetHints":{"allow":["GET"]}}],"collection":[{"href":"https:\/\/kapitalis.com\/tunisie\/wp-json\/wp\/v2\/posts"}],"about":[{"href":"https:\/\/kapitalis.com\/tunisie\/wp-json\/wp\/v2\/types\/post"}],"author":[{"embeddable":true,"href":"https:\/\/kapitalis.com\/tunisie\/wp-json\/wp\/v2\/users\/6"}],"replies":[{"embeddable":true,"href":"https:\/\/kapitalis.com\/tunisie\/wp-json\/wp\/v2\/comments?post=388639"}],"version-history":[{"count":0,"href":"https:\/\/kapitalis.com\/tunisie\/wp-json\/wp\/v2\/posts\/388639\/revisions"}],"wp:featuredmedia":[{"embeddable":true,"href":"https:\/\/kapitalis.com\/tunisie\/wp-json\/wp\/v2\/media\/388640"}],"wp:attachment":[{"href":"https:\/\/kapitalis.com\/tunisie\/wp-json\/wp\/v2\/media?parent=388639"}],"wp:term":[{"taxonomy":"category","embeddable":true,"href":"https:\/\/kapitalis.com\/tunisie\/wp-json\/wp\/v2\/categories?post=388639"},{"taxonomy":"post_tag","embeddable":true,"href":"https:\/\/kapitalis.com\/tunisie\/wp-json\/wp\/v2\/tags?post=388639"}],"curies":[{"name":"wp","href":"https:\/\/api.w.org\/{rel}","templated":true}]}}