{"id":388756,"date":"2022-04-24T00:48:52","date_gmt":"2022-04-23T23:48:52","guid":{"rendered":"http:\/\/kapitalis.com\/tunisie\/?p=388756"},"modified":"2022-04-24T00:52:04","modified_gmt":"2022-04-23T23:52:04","slug":"migration-arretes-a-sfax-deux-passeurs-places-en-detention","status":"publish","type":"post","link":"https:\/\/kapitalis.com\/tunisie\/2022\/04\/24\/migration-arretes-a-sfax-deux-passeurs-places-en-detention\/","title":{"rendered":"Migration : Arr\u00eat\u00e9s \u00e0 Sfax, deux passeurs plac\u00e9s en d\u00e9tention"},"content":{"rendered":"\n<div class=\"wp-block-image\"><figure class=\"aligncenter size-full\"><img decoding=\"async\" src=\"http:\/\/kapitalis.com\/tunisie\/wp-content\/uploads\/2022\/04\/Passeurs-migration.jpg\" alt=\"\" class=\"wp-image-388757\"\/><\/figure><\/div>\n\n\n\n<p><strong><em>Une vaste op\u00e9ration men\u00e9e par la police et la garde nationale a permis l&rsquo;arrestation de deux passeurs, dont un recherch\u00e9 dans une affaire de traite de personnes, indique le Syndicat de la police judiciaire ce samedi 23 avril 2022.<\/em><\/strong><\/p>\n\n\n\n<!--more-->\n\n\n\n<p>Les agents ont effectu\u00e9 plusieurs descentes au cours desquelles 400 Subsahariens, qui s&rsquo;appr\u00eataient \u00e0 quitter le territoire tunisien pour une travers\u00e9e clandestine vers les c\u00f4tes europ\u00e9ennes, ont \u00e9t\u00e9 intercept\u00e9s.<\/p>\n\n\n\n<p>L&rsquo;enqu\u00eate a ,permis d&rsquo;identifier les deux passeurs tunisiens (H.M. et Gh. S.), qui ont \u00e9t\u00e9 arr\u00eat\u00e9s le soir m\u00eame ajoute encore la m\u00eame source, en affirmant que ces dernier \u00e9taient en possession de 23.000 dinars tunisiens et de 300 euros, que les candidats \u00e0 la migration avaient pay\u00e9 \u00e0 l&rsquo;avance.<\/p>\n\n\n\n<p>Les passeurs ont \u00e9t\u00e9 plac\u00e9s en d\u00e9tention sur ordre du minist\u00e8re public et l&rsquo;enqu\u00eate se poursuit.<\/p>\n\n\n\n<p>Rappelons que la Direction g\u00e9n\u00e9rale de la garde nationale (DGGN) a annonc\u00e9 qu&rsquo;une embarcation a fait naufrage hier et que trois corps ont \u00e9t\u00e9 rep\u00each\u00e9s et 16 personnes secourues, alors que les recherches se poursuivent pour retrouver les disparus.. le bilan de ce drame risque de s\u2019alourdir&#8230; Cependant rien n&rsquo;indique que les deux affaires sont li\u00e9es.<\/p>\n\n\n\n<p class=\"has-text-align-right\"><strong>Y. N.<\/strong><\/p>\n\n\n\n<figure class=\"wp-block-embed is-type-wp-embed is-provider-kapitalis wp-block-embed-kapitalis\"><div class=\"wp-block-embed__wrapper\">\n<blockquote class=\"wp-embedded-content\" data-secret=\"ooSWzPF5yn\"><a href=\"https:\/\/kapitalis.com\/tunisie\/2022\/04\/23\/migration-trois-corps-repeches-au-large-de-sfax\/\">Migration : Trois corps rep\u00each\u00e9s au large de Sfax<\/a><\/blockquote><iframe loading=\"lazy\" class=\"wp-embedded-content\" sandbox=\"allow-scripts\" security=\"restricted\" style=\"position: absolute; clip: rect(1px, 1px, 1px, 1px);\" title=\"\u00ab\u00a0Migration : Trois corps rep\u00each\u00e9s au large de Sfax\u00a0\u00bb &#8212; Kapitalis\" src=\"https:\/\/kapitalis.com\/tunisie\/2022\/04\/23\/migration-trois-corps-repeches-au-large-de-sfax\/embed\/#?secret=n1PpjI7En8#?secret=ooSWzPF5yn\" data-secret=\"ooSWzPF5yn\" width=\"600\" height=\"338\" frameborder=\"0\" marginwidth=\"0\" marginheight=\"0\" scrolling=\"no\"><\/iframe>\n<\/div><\/figure>\n","protected":false},"excerpt":{"rendered":"<p>Une vaste op\u00e9ration men\u00e9e par la police et la garde nationale a permis l&rsquo;arrestation de deux passeurs, dont un recherch\u00e9 dans une affaire de traite de personnes, indique le Syndicat de la police judiciaire ce samedi 23 avril 2022.<\/p>\n","protected":false},"author":6,"featured_media":388757,"comment_status":"open","ping_status":"open","sticky":false,"template":"","format":"standard","meta":{"footnotes":""},"categories":[998,2433],"tags":[64263,505,696,823,3146,62643,1117],"class_list":["post-388756","post","type-post","status-publish","format-standard","has-post-thumbnail","hentry","category-societe","category-tunisie","tag-deces","tag-italie","tag-passeurs","tag-sfax","tag-subsahariens","tag-tunisie","tag-tunisiens"],"yoast_head":"<!-- This site is optimized with the Yoast SEO plugin v26.6 - https:\/\/yoast.com\/wordpress\/plugins\/seo\/ -->\n<title>Migration : Arr\u00eat\u00e9s \u00e0 Sfax, deux passeurs plac\u00e9s en d\u00e9tention - Kapitalis<\/title>\n<meta name=\"robots\" content=\"index, follow, max-snippet:-1, max-image-preview:large, max-video-preview:-1\" \/>\n<link rel=\"canonical\" href=\"https:\/\/kapitalis.com\/tunisie\/2022\/04\/24\/migration-arretes-a-sfax-deux-passeurs-places-en-detention\/\" \/>\n<meta property=\"og:locale\" content=\"fr_FR\" \/>\n<meta property=\"og:type\" content=\"article\" \/>\n<meta property=\"og:title\" content=\"Migration : Arr\u00eat\u00e9s \u00e0 Sfax, deux passeurs plac\u00e9s en d\u00e9tention - Kapitalis\" \/>\n<meta property=\"og:description\" content=\"Une vaste op\u00e9ration men\u00e9e par la police et la garde nationale a permis l&rsquo;arrestation de deux passeurs, dont un recherch\u00e9 dans une affaire de traite de personnes, indique le Syndicat de la police judiciaire ce samedi 23 avril 2022.\" \/>\n<meta property=\"og:url\" content=\"https:\/\/kapitalis.com\/tunisie\/2022\/04\/24\/migration-arretes-a-sfax-deux-passeurs-places-en-detention\/\" \/>\n<meta property=\"og:site_name\" content=\"Kapitalis\" \/>\n<meta property=\"article:publisher\" content=\"https:\/\/www.facebook.com\/KapitalisInfo\/\" \/>\n<meta property=\"article:published_time\" content=\"2022-04-23T23:48:52+00:00\" \/>\n<meta property=\"article:modified_time\" content=\"2022-04-23T23:52:04+00:00\" \/>\n<meta property=\"og:image\" content=\"https:\/\/kapitalis.com\/tunisie\/wp-content\/uploads\/2022\/05\/kapitalis-logo-fb.png\" \/>\n\t<meta property=\"og:image:width\" content=\"1200\" \/>\n\t<meta property=\"og:image:height\" content=\"630\" \/>\n\t<meta property=\"og:image:type\" content=\"image\/png\" \/>\n<meta name=\"author\" content=\"Yusra NY\" \/>\n<meta name=\"twitter:card\" content=\"summary_large_image\" \/>\n<meta name=\"twitter:creator\" content=\"@KapitalisInfo\" \/>\n<meta name=\"twitter:site\" content=\"@KapitalisInfo\" \/>\n<meta name=\"twitter:label1\" content=\"\u00c9crit par\" \/>\n\t<meta name=\"twitter:data1\" content=\"Yusra NY\" \/>\n\t<meta name=\"twitter:label2\" content=\"Dur\u00e9e de lecture estim\u00e9e\" \/>\n\t<meta name=\"twitter:data2\" content=\"1 minute\" \/>\n<script type=\"application\/ld+json\" class=\"yoast-schema-graph\">{\"@context\":\"https:\/\/schema.org\",\"@graph\":[{\"@type\":\"Article\",\"@id\":\"https:\/\/kapitalis.com\/tunisie\/2022\/04\/24\/migration-arretes-a-sfax-deux-passeurs-places-en-detention\/#article\",\"isPartOf\":{\"@id\":\"https:\/\/kapitalis.com\/tunisie\/2022\/04\/24\/migration-arretes-a-sfax-deux-passeurs-places-en-detention\/\"},\"author\":{\"name\":\"Yusra NY\",\"@id\":\"https:\/\/kapitalis.com\/tunisie\/#\/schema\/person\/74bbde0154d49d790a92aaeac5bc01d5\"},\"headline\":\"Migration : Arr\u00eat\u00e9s \u00e0 Sfax, deux passeurs plac\u00e9s en d\u00e9tention\",\"datePublished\":\"2022-04-23T23:48:52+00:00\",\"dateModified\":\"2022-04-23T23:52:04+00:00\",\"mainEntityOfPage\":{\"@id\":\"https:\/\/kapitalis.com\/tunisie\/2022\/04\/24\/migration-arretes-a-sfax-deux-passeurs-places-en-detention\/\"},\"wordCount\":223,\"commentCount\":0,\"publisher\":{\"@id\":\"https:\/\/kapitalis.com\/tunisie\/#organization\"},\"image\":{\"@id\":\"https:\/\/kapitalis.com\/tunisie\/2022\/04\/24\/migration-arretes-a-sfax-deux-passeurs-places-en-detention\/#primaryimage\"},\"thumbnailUrl\":\"\",\"keywords\":[\"d\u00e9c\u00e8s\",\"Italie\",\"passeurs\",\"Sfax\",\"subsahariens\",\"Tunisie\",\"tunisiens\"],\"articleSection\":[\"SOCIETE\",\"Tunisie\"],\"inLanguage\":\"fr-FR\",\"potentialAction\":[{\"@type\":\"CommentAction\",\"name\":\"Comment\",\"target\":[\"https:\/\/kapitalis.com\/tunisie\/2022\/04\/24\/migration-arretes-a-sfax-deux-passeurs-places-en-detention\/#respond\"]}]},{\"@type\":\"WebPage\",\"@id\":\"https:\/\/kapitalis.com\/tunisie\/2022\/04\/24\/migration-arretes-a-sfax-deux-passeurs-places-en-detention\/\",\"url\":\"https:\/\/kapitalis.com\/tunisie\/2022\/04\/24\/migration-arretes-a-sfax-deux-passeurs-places-en-detention\/\",\"name\":\"Migration : Arr\u00eat\u00e9s \u00e0 Sfax, deux passeurs plac\u00e9s en d\u00e9tention - Kapitalis\",\"isPartOf\":{\"@id\":\"https:\/\/kapitalis.com\/tunisie\/#website\"},\"primaryImageOfPage\":{\"@id\":\"https:\/\/kapitalis.com\/tunisie\/2022\/04\/24\/migration-arretes-a-sfax-deux-passeurs-places-en-detention\/#primaryimage\"},\"image\":{\"@id\":\"https:\/\/kapitalis.com\/tunisie\/2022\/04\/24\/migration-arretes-a-sfax-deux-passeurs-places-en-detention\/#primaryimage\"},\"thumbnailUrl\":\"\",\"datePublished\":\"2022-04-23T23:48:52+00:00\",\"dateModified\":\"2022-04-23T23:52:04+00:00\",\"breadcrumb\":{\"@id\":\"https:\/\/kapitalis.com\/tunisie\/2022\/04\/24\/migration-arretes-a-sfax-deux-passeurs-places-en-detention\/#breadcrumb\"},\"inLanguage\":\"fr-FR\",\"potentialAction\":[{\"@type\":\"ReadAction\",\"target\":[\"https:\/\/kapitalis.com\/tunisie\/2022\/04\/24\/migration-arretes-a-sfax-deux-passeurs-places-en-detention\/\"]}]},{\"@type\":\"ImageObject\",\"inLanguage\":\"fr-FR\",\"@id\":\"https:\/\/kapitalis.com\/tunisie\/2022\/04\/24\/migration-arretes-a-sfax-deux-passeurs-places-en-detention\/#primaryimage\",\"url\":\"\",\"contentUrl\":\"\"},{\"@type\":\"BreadcrumbList\",\"@id\":\"https:\/\/kapitalis.com\/tunisie\/2022\/04\/24\/migration-arretes-a-sfax-deux-passeurs-places-en-detention\/#breadcrumb\",\"itemListElement\":[{\"@type\":\"ListItem\",\"position\":1,\"name\":\"Accueil\",\"item\":\"https:\/\/kapitalis.com\/tunisie\/\"},{\"@type\":\"ListItem\",\"position\":2,\"name\":\"Migration : Arr\u00eat\u00e9s \u00e0 Sfax, deux passeurs plac\u00e9s en d\u00e9tention\"}]},{\"@type\":\"WebSite\",\"@id\":\"https:\/\/kapitalis.com\/tunisie\/#website\",\"url\":\"https:\/\/kapitalis.com\/tunisie\/\",\"name\":\"Kapitalis\",\"description\":\"L&#039;actualit\u00e9 en Tunisie et dans le monde\",\"publisher\":{\"@id\":\"https:\/\/kapitalis.com\/tunisie\/#organization\"},\"potentialAction\":[{\"@type\":\"SearchAction\",\"target\":{\"@type\":\"EntryPoint\",\"urlTemplate\":\"https:\/\/kapitalis.com\/tunisie\/?s={search_term_string}\"},\"query-input\":{\"@type\":\"PropertyValueSpecification\",\"valueRequired\":true,\"valueName\":\"search_term_string\"}}],\"inLanguage\":\"fr-FR\"},{\"@type\":\"Organization\",\"@id\":\"https:\/\/kapitalis.com\/tunisie\/#organization\",\"name\":\"Kapitalis\",\"url\":\"https:\/\/kapitalis.com\/tunisie\/\",\"logo\":{\"@type\":\"ImageObject\",\"inLanguage\":\"fr-FR\",\"@id\":\"https:\/\/kapitalis.com\/tunisie\/#\/schema\/logo\/image\/\",\"url\":\"https:\/\/kapitalis.com\/tunisie\/wp-content\/uploads\/2022\/05\/Kapitalis-big-size.png\",\"contentUrl\":\"https:\/\/kapitalis.com\/tunisie\/wp-content\/uploads\/2022\/05\/Kapitalis-big-size.png\",\"width\":5000,\"height\":1500,\"caption\":\"Kapitalis\"},\"image\":{\"@id\":\"https:\/\/kapitalis.com\/tunisie\/#\/schema\/logo\/image\/\"},\"sameAs\":[\"https:\/\/www.facebook.com\/KapitalisInfo\/\",\"https:\/\/x.com\/KapitalisInfo\",\"https:\/\/www.youtube.com\/channel\/UC-yDYrHyfFBWWZaOw3FPg9Q\"]},{\"@type\":\"Person\",\"@id\":\"https:\/\/kapitalis.com\/tunisie\/#\/schema\/person\/74bbde0154d49d790a92aaeac5bc01d5\",\"name\":\"Yusra NY\",\"url\":\"https:\/\/kapitalis.com\/tunisie\/author\/yuza_adam\/\"}]}<\/script>\n<!-- \/ Yoast SEO plugin. -->","yoast_head_json":{"title":"Migration : Arr\u00eat\u00e9s \u00e0 Sfax, deux passeurs plac\u00e9s en d\u00e9tention - Kapitalis","robots":{"index":"index","follow":"follow","max-snippet":"max-snippet:-1","max-image-preview":"max-image-preview:large","max-video-preview":"max-video-preview:-1"},"canonical":"https:\/\/kapitalis.com\/tunisie\/2022\/04\/24\/migration-arretes-a-sfax-deux-passeurs-places-en-detention\/","og_locale":"fr_FR","og_type":"article","og_title":"Migration : Arr\u00eat\u00e9s \u00e0 Sfax, deux passeurs plac\u00e9s en d\u00e9tention - Kapitalis","og_description":"Une vaste op\u00e9ration men\u00e9e par la police et la garde nationale a permis l&rsquo;arrestation de deux passeurs, dont un recherch\u00e9 dans une affaire de traite de personnes, indique le Syndicat de la police judiciaire ce samedi 23 avril 2022.","og_url":"https:\/\/kapitalis.com\/tunisie\/2022\/04\/24\/migration-arretes-a-sfax-deux-passeurs-places-en-detention\/","og_site_name":"Kapitalis","article_publisher":"https:\/\/www.facebook.com\/KapitalisInfo\/","article_published_time":"2022-04-23T23:48:52+00:00","article_modified_time":"2022-04-23T23:52:04+00:00","og_image":[{"width":1200,"height":630,"url":"https:\/\/kapitalis.com\/tunisie\/wp-content\/uploads\/2022\/05\/kapitalis-logo-fb.png","type":"image\/png"}],"author":"Yusra NY","twitter_card":"summary_large_image","twitter_creator":"@KapitalisInfo","twitter_site":"@KapitalisInfo","twitter_misc":{"\u00c9crit par":"Yusra NY","Dur\u00e9e de lecture estim\u00e9e":"1 minute"},"schema":{"@context":"https:\/\/schema.org","@graph":[{"@type":"Article","@id":"https:\/\/kapitalis.com\/tunisie\/2022\/04\/24\/migration-arretes-a-sfax-deux-passeurs-places-en-detention\/#article","isPartOf":{"@id":"https:\/\/kapitalis.com\/tunisie\/2022\/04\/24\/migration-arretes-a-sfax-deux-passeurs-places-en-detention\/"},"author":{"name":"Yusra NY","@id":"https:\/\/kapitalis.com\/tunisie\/#\/schema\/person\/74bbde0154d49d790a92aaeac5bc01d5"},"headline":"Migration : Arr\u00eat\u00e9s \u00e0 Sfax, deux passeurs plac\u00e9s en d\u00e9tention","datePublished":"2022-04-23T23:48:52+00:00","dateModified":"2022-04-23T23:52:04+00:00","mainEntityOfPage":{"@id":"https:\/\/kapitalis.com\/tunisie\/2022\/04\/24\/migration-arretes-a-sfax-deux-passeurs-places-en-detention\/"},"wordCount":223,"commentCount":0,"publisher":{"@id":"https:\/\/kapitalis.com\/tunisie\/#organization"},"image":{"@id":"https:\/\/kapitalis.com\/tunisie\/2022\/04\/24\/migration-arretes-a-sfax-deux-passeurs-places-en-detention\/#primaryimage"},"thumbnailUrl":"","keywords":["d\u00e9c\u00e8s","Italie","passeurs","Sfax","subsahariens","Tunisie","tunisiens"],"articleSection":["SOCIETE","Tunisie"],"inLanguage":"fr-FR","potentialAction":[{"@type":"CommentAction","name":"Comment","target":["https:\/\/kapitalis.com\/tunisie\/2022\/04\/24\/migration-arretes-a-sfax-deux-passeurs-places-en-detention\/#respond"]}]},{"@type":"WebPage","@id":"https:\/\/kapitalis.com\/tunisie\/2022\/04\/24\/migration-arretes-a-sfax-deux-passeurs-places-en-detention\/","url":"https:\/\/kapitalis.com\/tunisie\/2022\/04\/24\/migration-arretes-a-sfax-deux-passeurs-places-en-detention\/","name":"Migration : Arr\u00eat\u00e9s \u00e0 Sfax, deux passeurs plac\u00e9s en d\u00e9tention - Kapitalis","isPartOf":{"@id":"https:\/\/kapitalis.com\/tunisie\/#website"},"primaryImageOfPage":{"@id":"https:\/\/kapitalis.com\/tunisie\/2022\/04\/24\/migration-arretes-a-sfax-deux-passeurs-places-en-detention\/#primaryimage"},"image":{"@id":"https:\/\/kapitalis.com\/tunisie\/2022\/04\/24\/migration-arretes-a-sfax-deux-passeurs-places-en-detention\/#primaryimage"},"thumbnailUrl":"","datePublished":"2022-04-23T23:48:52+00:00","dateModified":"2022-04-23T23:52:04+00:00","breadcrumb":{"@id":"https:\/\/kapitalis.com\/tunisie\/2022\/04\/24\/migration-arretes-a-sfax-deux-passeurs-places-en-detention\/#breadcrumb"},"inLanguage":"fr-FR","potentialAction":[{"@type":"ReadAction","target":["https:\/\/kapitalis.com\/tunisie\/2022\/04\/24\/migration-arretes-a-sfax-deux-passeurs-places-en-detention\/"]}]},{"@type":"ImageObject","inLanguage":"fr-FR","@id":"https:\/\/kapitalis.com\/tunisie\/2022\/04\/24\/migration-arretes-a-sfax-deux-passeurs-places-en-detention\/#primaryimage","url":"","contentUrl":""},{"@type":"BreadcrumbList","@id":"https:\/\/kapitalis.com\/tunisie\/2022\/04\/24\/migration-arretes-a-sfax-deux-passeurs-places-en-detention\/#breadcrumb","itemListElement":[{"@type":"ListItem","position":1,"name":"Accueil","item":"https:\/\/kapitalis.com\/tunisie\/"},{"@type":"ListItem","position":2,"name":"Migration : Arr\u00eat\u00e9s \u00e0 Sfax, deux passeurs plac\u00e9s en d\u00e9tention"}]},{"@type":"WebSite","@id":"https:\/\/kapitalis.com\/tunisie\/#website","url":"https:\/\/kapitalis.com\/tunisie\/","name":"Kapitalis","description":"L&#039;actualit\u00e9 en Tunisie et dans le monde","publisher":{"@id":"https:\/\/kapitalis.com\/tunisie\/#organization"},"potentialAction":[{"@type":"SearchAction","target":{"@type":"EntryPoint","urlTemplate":"https:\/\/kapitalis.com\/tunisie\/?s={search_term_string}"},"query-input":{"@type":"PropertyValueSpecification","valueRequired":true,"valueName":"search_term_string"}}],"inLanguage":"fr-FR"},{"@type":"Organization","@id":"https:\/\/kapitalis.com\/tunisie\/#organization","name":"Kapitalis","url":"https:\/\/kapitalis.com\/tunisie\/","logo":{"@type":"ImageObject","inLanguage":"fr-FR","@id":"https:\/\/kapitalis.com\/tunisie\/#\/schema\/logo\/image\/","url":"https:\/\/kapitalis.com\/tunisie\/wp-content\/uploads\/2022\/05\/Kapitalis-big-size.png","contentUrl":"https:\/\/kapitalis.com\/tunisie\/wp-content\/uploads\/2022\/05\/Kapitalis-big-size.png","width":5000,"height":1500,"caption":"Kapitalis"},"image":{"@id":"https:\/\/kapitalis.com\/tunisie\/#\/schema\/logo\/image\/"},"sameAs":["https:\/\/www.facebook.com\/KapitalisInfo\/","https:\/\/x.com\/KapitalisInfo","https:\/\/www.youtube.com\/channel\/UC-yDYrHyfFBWWZaOw3FPg9Q"]},{"@type":"Person","@id":"https:\/\/kapitalis.com\/tunisie\/#\/schema\/person\/74bbde0154d49d790a92aaeac5bc01d5","name":"Yusra NY","url":"https:\/\/kapitalis.com\/tunisie\/author\/yuza_adam\/"}]}},"_links":{"self":[{"href":"https:\/\/kapitalis.com\/tunisie\/wp-json\/wp\/v2\/posts\/388756","targetHints":{"allow":["GET"]}}],"collection":[{"href":"https:\/\/kapitalis.com\/tunisie\/wp-json\/wp\/v2\/posts"}],"about":[{"href":"https:\/\/kapitalis.com\/tunisie\/wp-json\/wp\/v2\/types\/post"}],"author":[{"embeddable":true,"href":"https:\/\/kapitalis.com\/tunisie\/wp-json\/wp\/v2\/users\/6"}],"replies":[{"embeddable":true,"href":"https:\/\/kapitalis.com\/tunisie\/wp-json\/wp\/v2\/comments?post=388756"}],"version-history":[{"count":0,"href":"https:\/\/kapitalis.com\/tunisie\/wp-json\/wp\/v2\/posts\/388756\/revisions"}],"wp:featuredmedia":[{"embeddable":true,"href":"https:\/\/kapitalis.com\/tunisie\/wp-json\/wp\/v2\/media\/388757"}],"wp:attachment":[{"href":"https:\/\/kapitalis.com\/tunisie\/wp-json\/wp\/v2\/media?parent=388756"}],"wp:term":[{"taxonomy":"category","embeddable":true,"href":"https:\/\/kapitalis.com\/tunisie\/wp-json\/wp\/v2\/categories?post=388756"},{"taxonomy":"post_tag","embeddable":true,"href":"https:\/\/kapitalis.com\/tunisie\/wp-json\/wp\/v2\/tags?post=388756"}],"curies":[{"name":"wp","href":"https:\/\/api.w.org\/{rel}","templated":true}]}}