{"id":388910,"date":"2022-04-26T06:26:20","date_gmt":"2022-04-26T05:26:20","guid":{"rendered":"http:\/\/kapitalis.com\/tunisie\/?p=388910"},"modified":"2022-04-26T06:29:49","modified_gmt":"2022-04-26T05:29:49","slug":"tunisie-soiree-ramadanesque-pour-le-climat-a-el-menzah-vi","status":"publish","type":"post","link":"https:\/\/kapitalis.com\/tunisie\/2022\/04\/26\/tunisie-soiree-ramadanesque-pour-le-climat-a-el-menzah-vi\/","title":{"rendered":"Tunisie\u00a0: soir\u00e9e ramadanesque pour le climat \u00e0 El Menzah VI"},"content":{"rendered":"\n<div class=\"wp-block-image\"><figure class=\"aligncenter size-full\"><img decoding=\"async\" src=\"http:\/\/kapitalis.com\/tunisie\/wp-content\/uploads\/2022\/04\/Urgence-Climat.jpg\" alt=\"\" class=\"wp-image-388911\"\/><\/figure><\/div>\n\n\n\n<p><strong><em>Comme \u00e0 son accoutum\u00e9, l\u2019association tunisienne des Changements climatiques et du d\u00e9veloppement\u00a0durable (<a href=\"http:\/\/www.association2C2D.org\" target=\"_blank\" rel=\"noreferrer noopener\">2C2D<\/a>) organise une soir\u00e9e ramadanesque sur le th\u00e8me \u00abLes jeunes\u00a0pour l\u2019action\u00a0climatique\u00bb, ce le mardi 26 avril 2022, \u00e0 partir de 21h30, au complexe sportif et culturel d\u2019El Menzah VI, \u00e0 Tunis.<\/em><\/strong><\/p>\n\n\n\n<!--more-->\n\n\n\n<p>Le monde compte aujourd\u2019hui 1,8&nbsp;milliard de jeunes \u00e2g\u00e9s de 10 \u00e0 24&nbsp;ans, la plus importante g\u00e9n\u00e9ration&nbsp;de jeunes de l\u2019histoire. Loin d\u2019\u00eatre des victimes passives des abus environnementaux commis par leurs a\u00een\u00e9s, ces jeunes ont commenc\u00e9 \u00e0 se mobiliser comme jamais auparavant. Ils sont de plus en plus conscients des risques que pr\u00e9sente le changement climatique (CC) et des d\u00e9fis \u00e0 relever.&nbsp;<\/p>\n\n\n\n<h2 class=\"wp-block-heading\">Ne\u00a0trahissons pas l\u2019avenir de l\u2019humanit\u00e9 !<\/h2>\n\n\n\n<p>Ils sont \u00e9galement convaincus qu\u2019il est possible de parvenir \u00e0 un d\u00e9veloppement durable au moyen de solutions\u00a0adapt\u00e9es. Le t\u00e9moignage le plus poignant \u00e0 ce propos \u00e9mane, \u00e0 juste titre, d&rsquo;Ant\u00f3nio Guterres, secr\u00e9taire g\u00e9n\u00e9ral\u00a0de l\u2019Onu\u00a0qui a d\u00e9clar\u00e9\u00a0: <em>\u00abIl faut que votre g\u00e9n\u00e9ration nous tienne responsables de cette situation de fa\u00e7on \u00e0 ce que\u00a0nous ne\u00a0trahissions pas l\u2019avenir de l\u2019humanit\u00e9\u00bb.<\/em><\/p>\n\n\n\n<p>L\u2019objectif cette soir\u00e9e ramadanesque est de&nbsp;faire prendre conscience de l\u2019importance de la mobilisation des jeunes pour la lutte contre le CC; passer en revue la mobilisation des jeunes tunisiens face au CC et leur donner l\u2019opportunit\u00e9 de s\u2019exprimer \u00e0 travers des t\u00e9moignages&nbsp;sur des initiatives concr\u00e8tes; et formuler des recommandations en vue d\u2019appuyer cette mobilisation de la jeunesse tunisienne.<\/p>\n\n\n\n<p>Le format propos\u00e9 par l\u2019association 2C2D sera innovant dans la mesure o\u00f9, \u00e9vitant les pr\u00e9sentations ppt classiques,&nbsp;cette soir\u00e9e ramadanesque s\u2019articulera autour de pr\u00e9sentations orales, de t\u00e9moignages de jeunes, de projections vid\u00e9o&nbsp;et de discussion.<\/p>\n","protected":false},"excerpt":{"rendered":"<p>Comme \u00e0 son accoutum\u00e9, l\u2019association tunisienne des Changements climatiques et du d\u00e9veloppement\u00a0durable (2C2D) organise une soir\u00e9e ramadanesque sur le th\u00e8me \u00abLes jeunes\u00a0pour l\u2019action\u00a0climatique\u00bb, ce le mardi 26 avril 2022, \u00e0 partir de 21h30, au complexe sportif et culturel d\u2019El Menzah VI, \u00e0 Tunis.<\/p>\n","protected":false},"author":8,"featured_media":388911,"comment_status":"open","ping_status":"open","sticky":false,"template":"","format":"standard","meta":{"footnotes":""},"categories":[995,998,2433],"tags":[99214,99215,93933,88124,99213,83829,335,62643],"class_list":["post-388910","post","type-post","status-publish","format-standard","has-post-thumbnail","hentry","category-economie","category-societe","category-tunisie","tag-2c2d","tag-action-climatique","tag-antonio-guterres-2","tag-changements-climatiques","tag-developpement-durable-2","tag-el-menzah-vi","tag-environnement","tag-tunisie"],"yoast_head":"<!-- This site is optimized with the Yoast SEO plugin v26.6 - https:\/\/yoast.com\/wordpress\/plugins\/seo\/ -->\n<title>Tunisie\u00a0: soir\u00e9e ramadanesque pour le climat \u00e0 El Menzah VI - Kapitalis<\/title>\n<meta name=\"robots\" content=\"index, follow, max-snippet:-1, max-image-preview:large, max-video-preview:-1\" \/>\n<link rel=\"canonical\" href=\"https:\/\/kapitalis.com\/tunisie\/2022\/04\/26\/tunisie-soiree-ramadanesque-pour-le-climat-a-el-menzah-vi\/\" \/>\n<meta property=\"og:locale\" content=\"fr_FR\" \/>\n<meta property=\"og:type\" content=\"article\" \/>\n<meta property=\"og:title\" content=\"Tunisie\u00a0: soir\u00e9e ramadanesque pour le climat \u00e0 El Menzah VI - Kapitalis\" \/>\n<meta property=\"og:description\" content=\"Comme \u00e0 son accoutum\u00e9, l\u2019association tunisienne des Changements climatiques et du d\u00e9veloppement\u00a0durable (2C2D) organise une soir\u00e9e ramadanesque sur le th\u00e8me \u00abLes jeunes\u00a0pour l\u2019action\u00a0climatique\u00bb, ce le mardi 26 avril 2022, \u00e0 partir de 21h30, au complexe sportif et culturel d\u2019El Menzah VI, \u00e0 Tunis.\" \/>\n<meta property=\"og:url\" content=\"https:\/\/kapitalis.com\/tunisie\/2022\/04\/26\/tunisie-soiree-ramadanesque-pour-le-climat-a-el-menzah-vi\/\" \/>\n<meta property=\"og:site_name\" content=\"Kapitalis\" \/>\n<meta property=\"article:publisher\" content=\"https:\/\/www.facebook.com\/KapitalisInfo\/\" \/>\n<meta property=\"article:published_time\" content=\"2022-04-26T05:26:20+00:00\" \/>\n<meta property=\"article:modified_time\" content=\"2022-04-26T05:29:49+00:00\" \/>\n<meta property=\"og:image\" content=\"https:\/\/kapitalis.com\/tunisie\/wp-content\/uploads\/2022\/05\/kapitalis-logo-fb.png\" \/>\n\t<meta property=\"og:image:width\" content=\"1200\" \/>\n\t<meta property=\"og:image:height\" content=\"630\" \/>\n\t<meta property=\"og:image:type\" content=\"image\/png\" \/>\n<meta name=\"author\" content=\"webmaster kapitalis\" \/>\n<meta name=\"twitter:card\" content=\"summary_large_image\" \/>\n<meta name=\"twitter:creator\" content=\"@KapitalisInfo\" \/>\n<meta name=\"twitter:site\" content=\"@KapitalisInfo\" \/>\n<meta name=\"twitter:label1\" content=\"\u00c9crit par\" \/>\n\t<meta name=\"twitter:data1\" content=\"webmaster kapitalis\" \/>\n\t<meta name=\"twitter:label2\" content=\"Dur\u00e9e de lecture estim\u00e9e\" \/>\n\t<meta name=\"twitter:data2\" content=\"2 minutes\" \/>\n<script type=\"application\/ld+json\" class=\"yoast-schema-graph\">{\"@context\":\"https:\/\/schema.org\",\"@graph\":[{\"@type\":\"Article\",\"@id\":\"https:\/\/kapitalis.com\/tunisie\/2022\/04\/26\/tunisie-soiree-ramadanesque-pour-le-climat-a-el-menzah-vi\/#article\",\"isPartOf\":{\"@id\":\"https:\/\/kapitalis.com\/tunisie\/2022\/04\/26\/tunisie-soiree-ramadanesque-pour-le-climat-a-el-menzah-vi\/\"},\"author\":{\"name\":\"webmaster kapitalis\",\"@id\":\"https:\/\/kapitalis.com\/tunisie\/#\/schema\/person\/d71f33a9ca44f7bad4698210b480c8e9\"},\"headline\":\"Tunisie\u00a0: soir\u00e9e ramadanesque pour le climat \u00e0 El Menzah VI\",\"datePublished\":\"2022-04-26T05:26:20+00:00\",\"dateModified\":\"2022-04-26T05:29:49+00:00\",\"mainEntityOfPage\":{\"@id\":\"https:\/\/kapitalis.com\/tunisie\/2022\/04\/26\/tunisie-soiree-ramadanesque-pour-le-climat-a-el-menzah-vi\/\"},\"wordCount\":325,\"commentCount\":0,\"publisher\":{\"@id\":\"https:\/\/kapitalis.com\/tunisie\/#organization\"},\"image\":{\"@id\":\"https:\/\/kapitalis.com\/tunisie\/2022\/04\/26\/tunisie-soiree-ramadanesque-pour-le-climat-a-el-menzah-vi\/#primaryimage\"},\"thumbnailUrl\":\"\",\"keywords\":[\"2C2D\",\"action\u00a0climatique\",\"Ant\u00f3nio Guterres\",\"changements climatiques\",\"d\u00e9veloppement\u00a0durable\",\"El Menzah VI\",\"environnement\",\"Tunisie\"],\"articleSection\":[\"ECONOMIE\",\"SOCIETE\",\"Tunisie\"],\"inLanguage\":\"fr-FR\",\"potentialAction\":[{\"@type\":\"CommentAction\",\"name\":\"Comment\",\"target\":[\"https:\/\/kapitalis.com\/tunisie\/2022\/04\/26\/tunisie-soiree-ramadanesque-pour-le-climat-a-el-menzah-vi\/#respond\"]}]},{\"@type\":\"WebPage\",\"@id\":\"https:\/\/kapitalis.com\/tunisie\/2022\/04\/26\/tunisie-soiree-ramadanesque-pour-le-climat-a-el-menzah-vi\/\",\"url\":\"https:\/\/kapitalis.com\/tunisie\/2022\/04\/26\/tunisie-soiree-ramadanesque-pour-le-climat-a-el-menzah-vi\/\",\"name\":\"Tunisie\u00a0: soir\u00e9e ramadanesque pour le climat \u00e0 El Menzah VI - Kapitalis\",\"isPartOf\":{\"@id\":\"https:\/\/kapitalis.com\/tunisie\/#website\"},\"primaryImageOfPage\":{\"@id\":\"https:\/\/kapitalis.com\/tunisie\/2022\/04\/26\/tunisie-soiree-ramadanesque-pour-le-climat-a-el-menzah-vi\/#primaryimage\"},\"image\":{\"@id\":\"https:\/\/kapitalis.com\/tunisie\/2022\/04\/26\/tunisie-soiree-ramadanesque-pour-le-climat-a-el-menzah-vi\/#primaryimage\"},\"thumbnailUrl\":\"\",\"datePublished\":\"2022-04-26T05:26:20+00:00\",\"dateModified\":\"2022-04-26T05:29:49+00:00\",\"breadcrumb\":{\"@id\":\"https:\/\/kapitalis.com\/tunisie\/2022\/04\/26\/tunisie-soiree-ramadanesque-pour-le-climat-a-el-menzah-vi\/#breadcrumb\"},\"inLanguage\":\"fr-FR\",\"potentialAction\":[{\"@type\":\"ReadAction\",\"target\":[\"https:\/\/kapitalis.com\/tunisie\/2022\/04\/26\/tunisie-soiree-ramadanesque-pour-le-climat-a-el-menzah-vi\/\"]}]},{\"@type\":\"ImageObject\",\"inLanguage\":\"fr-FR\",\"@id\":\"https:\/\/kapitalis.com\/tunisie\/2022\/04\/26\/tunisie-soiree-ramadanesque-pour-le-climat-a-el-menzah-vi\/#primaryimage\",\"url\":\"\",\"contentUrl\":\"\"},{\"@type\":\"BreadcrumbList\",\"@id\":\"https:\/\/kapitalis.com\/tunisie\/2022\/04\/26\/tunisie-soiree-ramadanesque-pour-le-climat-a-el-menzah-vi\/#breadcrumb\",\"itemListElement\":[{\"@type\":\"ListItem\",\"position\":1,\"name\":\"Accueil\",\"item\":\"https:\/\/kapitalis.com\/tunisie\/\"},{\"@type\":\"ListItem\",\"position\":2,\"name\":\"Tunisie\u00a0: soir\u00e9e ramadanesque pour le climat \u00e0 El Menzah VI\"}]},{\"@type\":\"WebSite\",\"@id\":\"https:\/\/kapitalis.com\/tunisie\/#website\",\"url\":\"https:\/\/kapitalis.com\/tunisie\/\",\"name\":\"Kapitalis\",\"description\":\"L&#039;actualit\u00e9 en Tunisie et dans le monde\",\"publisher\":{\"@id\":\"https:\/\/kapitalis.com\/tunisie\/#organization\"},\"potentialAction\":[{\"@type\":\"SearchAction\",\"target\":{\"@type\":\"EntryPoint\",\"urlTemplate\":\"https:\/\/kapitalis.com\/tunisie\/?s={search_term_string}\"},\"query-input\":{\"@type\":\"PropertyValueSpecification\",\"valueRequired\":true,\"valueName\":\"search_term_string\"}}],\"inLanguage\":\"fr-FR\"},{\"@type\":\"Organization\",\"@id\":\"https:\/\/kapitalis.com\/tunisie\/#organization\",\"name\":\"Kapitalis\",\"url\":\"https:\/\/kapitalis.com\/tunisie\/\",\"logo\":{\"@type\":\"ImageObject\",\"inLanguage\":\"fr-FR\",\"@id\":\"https:\/\/kapitalis.com\/tunisie\/#\/schema\/logo\/image\/\",\"url\":\"https:\/\/kapitalis.com\/tunisie\/wp-content\/uploads\/2022\/05\/Kapitalis-big-size.png\",\"contentUrl\":\"https:\/\/kapitalis.com\/tunisie\/wp-content\/uploads\/2022\/05\/Kapitalis-big-size.png\",\"width\":5000,\"height\":1500,\"caption\":\"Kapitalis\"},\"image\":{\"@id\":\"https:\/\/kapitalis.com\/tunisie\/#\/schema\/logo\/image\/\"},\"sameAs\":[\"https:\/\/www.facebook.com\/KapitalisInfo\/\",\"https:\/\/x.com\/KapitalisInfo\",\"https:\/\/www.youtube.com\/channel\/UC-yDYrHyfFBWWZaOw3FPg9Q\"]},{\"@type\":\"Person\",\"@id\":\"https:\/\/kapitalis.com\/tunisie\/#\/schema\/person\/d71f33a9ca44f7bad4698210b480c8e9\",\"name\":\"webmaster kapitalis\",\"url\":\"https:\/\/kapitalis.com\/tunisie\/author\/webmaster-kapitalis\/\"}]}<\/script>\n<!-- \/ Yoast SEO plugin. -->","yoast_head_json":{"title":"Tunisie\u00a0: soir\u00e9e ramadanesque pour le climat \u00e0 El Menzah VI - Kapitalis","robots":{"index":"index","follow":"follow","max-snippet":"max-snippet:-1","max-image-preview":"max-image-preview:large","max-video-preview":"max-video-preview:-1"},"canonical":"https:\/\/kapitalis.com\/tunisie\/2022\/04\/26\/tunisie-soiree-ramadanesque-pour-le-climat-a-el-menzah-vi\/","og_locale":"fr_FR","og_type":"article","og_title":"Tunisie\u00a0: soir\u00e9e ramadanesque pour le climat \u00e0 El Menzah VI - Kapitalis","og_description":"Comme \u00e0 son accoutum\u00e9, l\u2019association tunisienne des Changements climatiques et du d\u00e9veloppement\u00a0durable (2C2D) organise une soir\u00e9e ramadanesque sur le th\u00e8me \u00abLes jeunes\u00a0pour l\u2019action\u00a0climatique\u00bb, ce le mardi 26 avril 2022, \u00e0 partir de 21h30, au complexe sportif et culturel d\u2019El Menzah VI, \u00e0 Tunis.","og_url":"https:\/\/kapitalis.com\/tunisie\/2022\/04\/26\/tunisie-soiree-ramadanesque-pour-le-climat-a-el-menzah-vi\/","og_site_name":"Kapitalis","article_publisher":"https:\/\/www.facebook.com\/KapitalisInfo\/","article_published_time":"2022-04-26T05:26:20+00:00","article_modified_time":"2022-04-26T05:29:49+00:00","og_image":[{"width":1200,"height":630,"url":"https:\/\/kapitalis.com\/tunisie\/wp-content\/uploads\/2022\/05\/kapitalis-logo-fb.png","type":"image\/png"}],"author":"webmaster kapitalis","twitter_card":"summary_large_image","twitter_creator":"@KapitalisInfo","twitter_site":"@KapitalisInfo","twitter_misc":{"\u00c9crit par":"webmaster kapitalis","Dur\u00e9e de lecture estim\u00e9e":"2 minutes"},"schema":{"@context":"https:\/\/schema.org","@graph":[{"@type":"Article","@id":"https:\/\/kapitalis.com\/tunisie\/2022\/04\/26\/tunisie-soiree-ramadanesque-pour-le-climat-a-el-menzah-vi\/#article","isPartOf":{"@id":"https:\/\/kapitalis.com\/tunisie\/2022\/04\/26\/tunisie-soiree-ramadanesque-pour-le-climat-a-el-menzah-vi\/"},"author":{"name":"webmaster kapitalis","@id":"https:\/\/kapitalis.com\/tunisie\/#\/schema\/person\/d71f33a9ca44f7bad4698210b480c8e9"},"headline":"Tunisie\u00a0: soir\u00e9e ramadanesque pour le climat \u00e0 El Menzah VI","datePublished":"2022-04-26T05:26:20+00:00","dateModified":"2022-04-26T05:29:49+00:00","mainEntityOfPage":{"@id":"https:\/\/kapitalis.com\/tunisie\/2022\/04\/26\/tunisie-soiree-ramadanesque-pour-le-climat-a-el-menzah-vi\/"},"wordCount":325,"commentCount":0,"publisher":{"@id":"https:\/\/kapitalis.com\/tunisie\/#organization"},"image":{"@id":"https:\/\/kapitalis.com\/tunisie\/2022\/04\/26\/tunisie-soiree-ramadanesque-pour-le-climat-a-el-menzah-vi\/#primaryimage"},"thumbnailUrl":"","keywords":["2C2D","action\u00a0climatique","Ant\u00f3nio Guterres","changements climatiques","d\u00e9veloppement\u00a0durable","El Menzah VI","environnement","Tunisie"],"articleSection":["ECONOMIE","SOCIETE","Tunisie"],"inLanguage":"fr-FR","potentialAction":[{"@type":"CommentAction","name":"Comment","target":["https:\/\/kapitalis.com\/tunisie\/2022\/04\/26\/tunisie-soiree-ramadanesque-pour-le-climat-a-el-menzah-vi\/#respond"]}]},{"@type":"WebPage","@id":"https:\/\/kapitalis.com\/tunisie\/2022\/04\/26\/tunisie-soiree-ramadanesque-pour-le-climat-a-el-menzah-vi\/","url":"https:\/\/kapitalis.com\/tunisie\/2022\/04\/26\/tunisie-soiree-ramadanesque-pour-le-climat-a-el-menzah-vi\/","name":"Tunisie\u00a0: soir\u00e9e ramadanesque pour le climat \u00e0 El Menzah VI - Kapitalis","isPartOf":{"@id":"https:\/\/kapitalis.com\/tunisie\/#website"},"primaryImageOfPage":{"@id":"https:\/\/kapitalis.com\/tunisie\/2022\/04\/26\/tunisie-soiree-ramadanesque-pour-le-climat-a-el-menzah-vi\/#primaryimage"},"image":{"@id":"https:\/\/kapitalis.com\/tunisie\/2022\/04\/26\/tunisie-soiree-ramadanesque-pour-le-climat-a-el-menzah-vi\/#primaryimage"},"thumbnailUrl":"","datePublished":"2022-04-26T05:26:20+00:00","dateModified":"2022-04-26T05:29:49+00:00","breadcrumb":{"@id":"https:\/\/kapitalis.com\/tunisie\/2022\/04\/26\/tunisie-soiree-ramadanesque-pour-le-climat-a-el-menzah-vi\/#breadcrumb"},"inLanguage":"fr-FR","potentialAction":[{"@type":"ReadAction","target":["https:\/\/kapitalis.com\/tunisie\/2022\/04\/26\/tunisie-soiree-ramadanesque-pour-le-climat-a-el-menzah-vi\/"]}]},{"@type":"ImageObject","inLanguage":"fr-FR","@id":"https:\/\/kapitalis.com\/tunisie\/2022\/04\/26\/tunisie-soiree-ramadanesque-pour-le-climat-a-el-menzah-vi\/#primaryimage","url":"","contentUrl":""},{"@type":"BreadcrumbList","@id":"https:\/\/kapitalis.com\/tunisie\/2022\/04\/26\/tunisie-soiree-ramadanesque-pour-le-climat-a-el-menzah-vi\/#breadcrumb","itemListElement":[{"@type":"ListItem","position":1,"name":"Accueil","item":"https:\/\/kapitalis.com\/tunisie\/"},{"@type":"ListItem","position":2,"name":"Tunisie\u00a0: soir\u00e9e ramadanesque pour le climat \u00e0 El Menzah VI"}]},{"@type":"WebSite","@id":"https:\/\/kapitalis.com\/tunisie\/#website","url":"https:\/\/kapitalis.com\/tunisie\/","name":"Kapitalis","description":"L&#039;actualit\u00e9 en Tunisie et dans le monde","publisher":{"@id":"https:\/\/kapitalis.com\/tunisie\/#organization"},"potentialAction":[{"@type":"SearchAction","target":{"@type":"EntryPoint","urlTemplate":"https:\/\/kapitalis.com\/tunisie\/?s={search_term_string}"},"query-input":{"@type":"PropertyValueSpecification","valueRequired":true,"valueName":"search_term_string"}}],"inLanguage":"fr-FR"},{"@type":"Organization","@id":"https:\/\/kapitalis.com\/tunisie\/#organization","name":"Kapitalis","url":"https:\/\/kapitalis.com\/tunisie\/","logo":{"@type":"ImageObject","inLanguage":"fr-FR","@id":"https:\/\/kapitalis.com\/tunisie\/#\/schema\/logo\/image\/","url":"https:\/\/kapitalis.com\/tunisie\/wp-content\/uploads\/2022\/05\/Kapitalis-big-size.png","contentUrl":"https:\/\/kapitalis.com\/tunisie\/wp-content\/uploads\/2022\/05\/Kapitalis-big-size.png","width":5000,"height":1500,"caption":"Kapitalis"},"image":{"@id":"https:\/\/kapitalis.com\/tunisie\/#\/schema\/logo\/image\/"},"sameAs":["https:\/\/www.facebook.com\/KapitalisInfo\/","https:\/\/x.com\/KapitalisInfo","https:\/\/www.youtube.com\/channel\/UC-yDYrHyfFBWWZaOw3FPg9Q"]},{"@type":"Person","@id":"https:\/\/kapitalis.com\/tunisie\/#\/schema\/person\/d71f33a9ca44f7bad4698210b480c8e9","name":"webmaster kapitalis","url":"https:\/\/kapitalis.com\/tunisie\/author\/webmaster-kapitalis\/"}]}},"_links":{"self":[{"href":"https:\/\/kapitalis.com\/tunisie\/wp-json\/wp\/v2\/posts\/388910","targetHints":{"allow":["GET"]}}],"collection":[{"href":"https:\/\/kapitalis.com\/tunisie\/wp-json\/wp\/v2\/posts"}],"about":[{"href":"https:\/\/kapitalis.com\/tunisie\/wp-json\/wp\/v2\/types\/post"}],"author":[{"embeddable":true,"href":"https:\/\/kapitalis.com\/tunisie\/wp-json\/wp\/v2\/users\/8"}],"replies":[{"embeddable":true,"href":"https:\/\/kapitalis.com\/tunisie\/wp-json\/wp\/v2\/comments?post=388910"}],"version-history":[{"count":0,"href":"https:\/\/kapitalis.com\/tunisie\/wp-json\/wp\/v2\/posts\/388910\/revisions"}],"wp:featuredmedia":[{"embeddable":true,"href":"https:\/\/kapitalis.com\/tunisie\/wp-json\/wp\/v2\/media\/388911"}],"wp:attachment":[{"href":"https:\/\/kapitalis.com\/tunisie\/wp-json\/wp\/v2\/media?parent=388910"}],"wp:term":[{"taxonomy":"category","embeddable":true,"href":"https:\/\/kapitalis.com\/tunisie\/wp-json\/wp\/v2\/categories?post=388910"},{"taxonomy":"post_tag","embeddable":true,"href":"https:\/\/kapitalis.com\/tunisie\/wp-json\/wp\/v2\/tags?post=388910"}],"curies":[{"name":"wp","href":"https:\/\/api.w.org\/{rel}","templated":true}]}}