{"id":388950,"date":"2022-04-26T13:12:59","date_gmt":"2022-04-26T12:12:59","guid":{"rendered":"http:\/\/kapitalis.com\/tunisie\/?p=388950"},"modified":"2022-04-26T13:13:06","modified_gmt":"2022-04-26T12:13:06","slug":"ahmed-chaftar-nadia-akacha-voulait-peut-etre-lemprisonnement-de-tous-les-politiciens-actifs-avant-le-25-juillet","status":"publish","type":"post","link":"https:\/\/kapitalis.com\/tunisie\/2022\/04\/26\/ahmed-chaftar-nadia-akacha-voulait-peut-etre-lemprisonnement-de-tous-les-politiciens-actifs-avant-le-25-juillet\/","title":{"rendered":"Ahmed Chaftar : \u00abNadia Akacha voulait peut-\u00eatre l&#8217;emprisonnement de tous les politiciens actifs avant le 25 juillet\u00bb"},"content":{"rendered":"\n<div class=\"wp-block-image\"><figure class=\"aligncenter size-full\"><img decoding=\"async\" src=\"http:\/\/kapitalis.com\/tunisie\/wp-content\/uploads\/2022\/04\/Ahmed-chaftar.jpg\" alt=\"\" class=\"wp-image-388953\"\/><\/figure><\/div>\n\n\n\n<p><em><strong>Selon Ahmed Chaftar, membre de la campagne \u00e9lectorale du pr\u00e9sident de la r\u00e9publique Ka\u00efs Sa\u00efed, \u00abNadia Akacha a montr\u00e9, \u00e0 travers la publication qu&rsquo;elle a partag\u00e9e hier qu&rsquo;elle ne m\u00e9ritait pas son poste de cheffe du cabinet pr\u00e9sidentiel\u00bb.<\/strong><\/em><\/p>\n\n\n\n<!--more-->\n\n\n\n<p>Intervenu, ce mardi 26 avril 2022, sur les ondes d&rsquo;Express FM, Chaftar a estim\u00e9 que le 25 juillet 2021 a \u00e9t\u00e9 la continuit\u00e9 du processus r\u00e9volutionnaire entam\u00e9 en 2011, l&rsquo;\u0153uvre des habitants des localit\u00e9s et des r\u00e9gions marginalis\u00e9es, et un accomplissement populaire, ajoutant que la lecture de ce moment par Nadia Akacha a \u00e9t\u00e9 \u00ab<em>hors sujet<\/em>\u00bb.<\/p>\n\n\n\n<p>\u00ab<em>Elle esp\u00e9rait peut-\u00eatre l&#8217;emprisonnement de tous ceux qui \u00e9taient actifs dans l&rsquo;ar\u00e8ne politique avant le 25 juillet, mais cette perception et cette position manquent beaucoup de connaissance et de compr\u00e9hension du moment politique<\/em>\u00bb, a-t-il encore d\u00e9clar\u00e9.<\/p>\n\n\n\n<p>Chaftar a ajout\u00e9 que Nadia Akacha \u00ab<em>n\u2019\u00e9tait qu\u2019une simple fonctionnaire \u00e0 la pr\u00e9sidence de la r\u00e9publique et qu&rsquo;elle n\u2019avait aucun pouvoir d\u2019influence, ni de r\u00f4le dans la construction d\u2019un projet social<\/em>\u00bb.&nbsp;<\/p>\n\n\n\n<p>Rappelons que l&rsquo;ancienne cheffe du cabinet pr\u00e9sidentiel a <a href=\"http:\/\/kapitalis.com\/tunisie\/2022\/04\/25\/nadia-akacha-le-25-juillet-a-ete-vole-par-ceux-qui-nont-ni-foi-ni-loi\/\"><strong>v\u00e9h\u00e9mentement critiqu\u00e9 le ministre de l&rsquo;Int\u00e9rieur, Taoufik Charfeddine<\/strong><\/a>, hier, via un post Facebook, sans le nommer mais en usant d&rsquo;un jeu de mot r\u00e9f\u00e9rant \u00e0 son nom de famille.<\/p>\n\n\n\n<p class=\"has-text-align-right\"><strong>C. B. Y.<\/strong><\/p>\n\n\n\n<p><blockquote class=\"wp-embedded-content\" data-secret=\"4dA94dpGQy\"><a href=\"https:\/\/kapitalis.com\/tunisie\/2022\/04\/25\/nadia-akacha-le-25-juillet-a-ete-vole-par-ceux-qui-nont-ni-foi-ni-loi\/\">Nadia Akacha : \u00abLe 25 juillet a \u00e9t\u00e9 vol\u00e9 par ceux qui n&rsquo;ont ni honneur ni religion\u00bb<\/a><\/blockquote><iframe loading=\"lazy\" class=\"wp-embedded-content\" sandbox=\"allow-scripts\" security=\"restricted\" style=\"position: absolute; clip: rect(1px, 1px, 1px, 1px);\" title=\"\u00ab\u00a0Nadia Akacha : \u00abLe 25 juillet a \u00e9t\u00e9 vol\u00e9 par ceux qui n&rsquo;ont ni honneur ni religion\u00bb\u00a0\u00bb &#8212; Kapitalis\" src=\"https:\/\/kapitalis.com\/tunisie\/2022\/04\/25\/nadia-akacha-le-25-juillet-a-ete-vole-par-ceux-qui-nont-ni-foi-ni-loi\/embed\/#?secret=1jOjNEdRD5#?secret=4dA94dpGQy\" data-secret=\"4dA94dpGQy\" width=\"600\" height=\"338\" frameborder=\"0\" marginwidth=\"0\" marginheight=\"0\" scrolling=\"no\"><\/iframe><\/p>\n\n\n\n<p class=\"has-text-align-right\"><strong> <\/strong><\/p>\n","protected":false},"excerpt":{"rendered":"<p>Selon Ahmed Chaftar, membre de la campagne \u00e9lectorale du pr\u00e9sident de la r\u00e9publique Ka\u00efs Sa\u00efed, \u00abNadia Akacha a montr\u00e9, \u00e0 travers la publication qu&rsquo;elle a partag\u00e9e hier qu&rsquo;elle ne m\u00e9ritait pas son poste de cheffe du cabinet pr\u00e9sidentiel\u00bb.<\/p>\n","protected":false},"author":24,"featured_media":388953,"comment_status":"open","ping_status":"open","sticky":false,"template":"","format":"standard","meta":{"footnotes":""},"categories":[997,2433],"tags":[76920,98320,76012,81124,82067],"class_list":["post-388950","post","type-post","status-publish","format-standard","has-post-thumbnail","hentry","category-politique","category-tunisie","tag-25-juillet","tag-ahmed-chaftar","tag-kais-saied-2","tag-nadia-akacha","tag-taoufik-charfeddine"],"yoast_head":"<!-- This site is optimized with the Yoast SEO plugin v26.6 - https:\/\/yoast.com\/wordpress\/plugins\/seo\/ -->\n<title>Ahmed Chaftar : \u00abNadia Akacha voulait peut-\u00eatre l&#039;emprisonnement de tous les politiciens actifs avant le 25 juillet\u00bb - Kapitalis<\/title>\n<meta name=\"robots\" content=\"index, follow, max-snippet:-1, max-image-preview:large, max-video-preview:-1\" \/>\n<link rel=\"canonical\" href=\"https:\/\/kapitalis.com\/tunisie\/2022\/04\/26\/ahmed-chaftar-nadia-akacha-voulait-peut-etre-lemprisonnement-de-tous-les-politiciens-actifs-avant-le-25-juillet\/\" \/>\n<meta property=\"og:locale\" content=\"fr_FR\" \/>\n<meta property=\"og:type\" content=\"article\" \/>\n<meta property=\"og:title\" content=\"Ahmed Chaftar : \u00abNadia Akacha voulait peut-\u00eatre l&#039;emprisonnement de tous les politiciens actifs avant le 25 juillet\u00bb - Kapitalis\" \/>\n<meta property=\"og:description\" content=\"Selon Ahmed Chaftar, membre de la campagne \u00e9lectorale du pr\u00e9sident de la r\u00e9publique Ka\u00efs Sa\u00efed, \u00abNadia Akacha a montr\u00e9, \u00e0 travers la publication qu&rsquo;elle a partag\u00e9e hier qu&rsquo;elle ne m\u00e9ritait pas son poste de cheffe du cabinet pr\u00e9sidentiel\u00bb.\" \/>\n<meta property=\"og:url\" content=\"https:\/\/kapitalis.com\/tunisie\/2022\/04\/26\/ahmed-chaftar-nadia-akacha-voulait-peut-etre-lemprisonnement-de-tous-les-politiciens-actifs-avant-le-25-juillet\/\" \/>\n<meta property=\"og:site_name\" content=\"Kapitalis\" \/>\n<meta property=\"article:publisher\" content=\"https:\/\/www.facebook.com\/KapitalisInfo\/\" \/>\n<meta property=\"article:published_time\" content=\"2022-04-26T12:12:59+00:00\" \/>\n<meta property=\"article:modified_time\" content=\"2022-04-26T12:13:06+00:00\" \/>\n<meta property=\"og:image\" content=\"https:\/\/kapitalis.com\/tunisie\/wp-content\/uploads\/2022\/05\/kapitalis-logo-fb.png\" \/>\n\t<meta property=\"og:image:width\" content=\"1200\" \/>\n\t<meta property=\"og:image:height\" content=\"630\" \/>\n\t<meta property=\"og:image:type\" content=\"image\/png\" \/>\n<meta name=\"author\" content=\"Cherif Benyounes\" \/>\n<meta name=\"twitter:card\" content=\"summary_large_image\" \/>\n<meta name=\"twitter:creator\" content=\"@KapitalisInfo\" \/>\n<meta name=\"twitter:site\" content=\"@KapitalisInfo\" \/>\n<meta name=\"twitter:label1\" content=\"\u00c9crit par\" \/>\n\t<meta name=\"twitter:data1\" content=\"Cherif Benyounes\" \/>\n\t<meta name=\"twitter:label2\" content=\"Dur\u00e9e de lecture estim\u00e9e\" \/>\n\t<meta name=\"twitter:data2\" content=\"1 minute\" \/>\n<script type=\"application\/ld+json\" class=\"yoast-schema-graph\">{\"@context\":\"https:\/\/schema.org\",\"@graph\":[{\"@type\":\"Article\",\"@id\":\"https:\/\/kapitalis.com\/tunisie\/2022\/04\/26\/ahmed-chaftar-nadia-akacha-voulait-peut-etre-lemprisonnement-de-tous-les-politiciens-actifs-avant-le-25-juillet\/#article\",\"isPartOf\":{\"@id\":\"https:\/\/kapitalis.com\/tunisie\/2022\/04\/26\/ahmed-chaftar-nadia-akacha-voulait-peut-etre-lemprisonnement-de-tous-les-politiciens-actifs-avant-le-25-juillet\/\"},\"author\":{\"name\":\"Cherif Benyounes\",\"@id\":\"https:\/\/kapitalis.com\/tunisie\/#\/schema\/person\/b35b8d631961131107263178aeb8019e\"},\"headline\":\"Ahmed Chaftar : \u00abNadia Akacha voulait peut-\u00eatre l&#8217;emprisonnement de tous les politiciens actifs avant le 25 juillet\u00bb\",\"datePublished\":\"2022-04-26T12:12:59+00:00\",\"dateModified\":\"2022-04-26T12:13:06+00:00\",\"mainEntityOfPage\":{\"@id\":\"https:\/\/kapitalis.com\/tunisie\/2022\/04\/26\/ahmed-chaftar-nadia-akacha-voulait-peut-etre-lemprisonnement-de-tous-les-politiciens-actifs-avant-le-25-juillet\/\"},\"wordCount\":246,\"commentCount\":4,\"publisher\":{\"@id\":\"https:\/\/kapitalis.com\/tunisie\/#organization\"},\"image\":{\"@id\":\"https:\/\/kapitalis.com\/tunisie\/2022\/04\/26\/ahmed-chaftar-nadia-akacha-voulait-peut-etre-lemprisonnement-de-tous-les-politiciens-actifs-avant-le-25-juillet\/#primaryimage\"},\"thumbnailUrl\":\"\",\"keywords\":[\"25 juillet\",\"Ahmed Chaftar\",\"Ka\u00efs Sa\u00efed\",\"Nadia Akacha\",\"Taoufik Charfeddine\"],\"articleSection\":[\"POLITIQUE\",\"Tunisie\"],\"inLanguage\":\"fr-FR\",\"potentialAction\":[{\"@type\":\"CommentAction\",\"name\":\"Comment\",\"target\":[\"https:\/\/kapitalis.com\/tunisie\/2022\/04\/26\/ahmed-chaftar-nadia-akacha-voulait-peut-etre-lemprisonnement-de-tous-les-politiciens-actifs-avant-le-25-juillet\/#respond\"]}]},{\"@type\":\"WebPage\",\"@id\":\"https:\/\/kapitalis.com\/tunisie\/2022\/04\/26\/ahmed-chaftar-nadia-akacha-voulait-peut-etre-lemprisonnement-de-tous-les-politiciens-actifs-avant-le-25-juillet\/\",\"url\":\"https:\/\/kapitalis.com\/tunisie\/2022\/04\/26\/ahmed-chaftar-nadia-akacha-voulait-peut-etre-lemprisonnement-de-tous-les-politiciens-actifs-avant-le-25-juillet\/\",\"name\":\"Ahmed Chaftar : \u00abNadia Akacha voulait peut-\u00eatre l'emprisonnement de tous les politiciens actifs avant le 25 juillet\u00bb - Kapitalis\",\"isPartOf\":{\"@id\":\"https:\/\/kapitalis.com\/tunisie\/#website\"},\"primaryImageOfPage\":{\"@id\":\"https:\/\/kapitalis.com\/tunisie\/2022\/04\/26\/ahmed-chaftar-nadia-akacha-voulait-peut-etre-lemprisonnement-de-tous-les-politiciens-actifs-avant-le-25-juillet\/#primaryimage\"},\"image\":{\"@id\":\"https:\/\/kapitalis.com\/tunisie\/2022\/04\/26\/ahmed-chaftar-nadia-akacha-voulait-peut-etre-lemprisonnement-de-tous-les-politiciens-actifs-avant-le-25-juillet\/#primaryimage\"},\"thumbnailUrl\":\"\",\"datePublished\":\"2022-04-26T12:12:59+00:00\",\"dateModified\":\"2022-04-26T12:13:06+00:00\",\"breadcrumb\":{\"@id\":\"https:\/\/kapitalis.com\/tunisie\/2022\/04\/26\/ahmed-chaftar-nadia-akacha-voulait-peut-etre-lemprisonnement-de-tous-les-politiciens-actifs-avant-le-25-juillet\/#breadcrumb\"},\"inLanguage\":\"fr-FR\",\"potentialAction\":[{\"@type\":\"ReadAction\",\"target\":[\"https:\/\/kapitalis.com\/tunisie\/2022\/04\/26\/ahmed-chaftar-nadia-akacha-voulait-peut-etre-lemprisonnement-de-tous-les-politiciens-actifs-avant-le-25-juillet\/\"]}]},{\"@type\":\"ImageObject\",\"inLanguage\":\"fr-FR\",\"@id\":\"https:\/\/kapitalis.com\/tunisie\/2022\/04\/26\/ahmed-chaftar-nadia-akacha-voulait-peut-etre-lemprisonnement-de-tous-les-politiciens-actifs-avant-le-25-juillet\/#primaryimage\",\"url\":\"\",\"contentUrl\":\"\"},{\"@type\":\"BreadcrumbList\",\"@id\":\"https:\/\/kapitalis.com\/tunisie\/2022\/04\/26\/ahmed-chaftar-nadia-akacha-voulait-peut-etre-lemprisonnement-de-tous-les-politiciens-actifs-avant-le-25-juillet\/#breadcrumb\",\"itemListElement\":[{\"@type\":\"ListItem\",\"position\":1,\"name\":\"Accueil\",\"item\":\"https:\/\/kapitalis.com\/tunisie\/\"},{\"@type\":\"ListItem\",\"position\":2,\"name\":\"Ahmed Chaftar : \u00abNadia Akacha voulait peut-\u00eatre l&#8217;emprisonnement de tous les politiciens actifs avant le 25 juillet\u00bb\"}]},{\"@type\":\"WebSite\",\"@id\":\"https:\/\/kapitalis.com\/tunisie\/#website\",\"url\":\"https:\/\/kapitalis.com\/tunisie\/\",\"name\":\"Kapitalis\",\"description\":\"L&#039;actualit\u00e9 en Tunisie et dans le monde\",\"publisher\":{\"@id\":\"https:\/\/kapitalis.com\/tunisie\/#organization\"},\"potentialAction\":[{\"@type\":\"SearchAction\",\"target\":{\"@type\":\"EntryPoint\",\"urlTemplate\":\"https:\/\/kapitalis.com\/tunisie\/?s={search_term_string}\"},\"query-input\":{\"@type\":\"PropertyValueSpecification\",\"valueRequired\":true,\"valueName\":\"search_term_string\"}}],\"inLanguage\":\"fr-FR\"},{\"@type\":\"Organization\",\"@id\":\"https:\/\/kapitalis.com\/tunisie\/#organization\",\"name\":\"Kapitalis\",\"url\":\"https:\/\/kapitalis.com\/tunisie\/\",\"logo\":{\"@type\":\"ImageObject\",\"inLanguage\":\"fr-FR\",\"@id\":\"https:\/\/kapitalis.com\/tunisie\/#\/schema\/logo\/image\/\",\"url\":\"https:\/\/kapitalis.com\/tunisie\/wp-content\/uploads\/2022\/05\/Kapitalis-big-size.png\",\"contentUrl\":\"https:\/\/kapitalis.com\/tunisie\/wp-content\/uploads\/2022\/05\/Kapitalis-big-size.png\",\"width\":5000,\"height\":1500,\"caption\":\"Kapitalis\"},\"image\":{\"@id\":\"https:\/\/kapitalis.com\/tunisie\/#\/schema\/logo\/image\/\"},\"sameAs\":[\"https:\/\/www.facebook.com\/KapitalisInfo\/\",\"https:\/\/x.com\/KapitalisInfo\",\"https:\/\/www.youtube.com\/channel\/UC-yDYrHyfFBWWZaOw3FPg9Q\"]},{\"@type\":\"Person\",\"@id\":\"https:\/\/kapitalis.com\/tunisie\/#\/schema\/person\/b35b8d631961131107263178aeb8019e\",\"name\":\"Cherif Benyounes\",\"url\":\"https:\/\/kapitalis.com\/tunisie\/author\/cherif\/\"}]}<\/script>\n<!-- \/ Yoast SEO plugin. -->","yoast_head_json":{"title":"Ahmed Chaftar : \u00abNadia Akacha voulait peut-\u00eatre l'emprisonnement de tous les politiciens actifs avant le 25 juillet\u00bb - Kapitalis","robots":{"index":"index","follow":"follow","max-snippet":"max-snippet:-1","max-image-preview":"max-image-preview:large","max-video-preview":"max-video-preview:-1"},"canonical":"https:\/\/kapitalis.com\/tunisie\/2022\/04\/26\/ahmed-chaftar-nadia-akacha-voulait-peut-etre-lemprisonnement-de-tous-les-politiciens-actifs-avant-le-25-juillet\/","og_locale":"fr_FR","og_type":"article","og_title":"Ahmed Chaftar : \u00abNadia Akacha voulait peut-\u00eatre l'emprisonnement de tous les politiciens actifs avant le 25 juillet\u00bb - Kapitalis","og_description":"Selon Ahmed Chaftar, membre de la campagne \u00e9lectorale du pr\u00e9sident de la r\u00e9publique Ka\u00efs Sa\u00efed, \u00abNadia Akacha a montr\u00e9, \u00e0 travers la publication qu&rsquo;elle a partag\u00e9e hier qu&rsquo;elle ne m\u00e9ritait pas son poste de cheffe du cabinet pr\u00e9sidentiel\u00bb.","og_url":"https:\/\/kapitalis.com\/tunisie\/2022\/04\/26\/ahmed-chaftar-nadia-akacha-voulait-peut-etre-lemprisonnement-de-tous-les-politiciens-actifs-avant-le-25-juillet\/","og_site_name":"Kapitalis","article_publisher":"https:\/\/www.facebook.com\/KapitalisInfo\/","article_published_time":"2022-04-26T12:12:59+00:00","article_modified_time":"2022-04-26T12:13:06+00:00","og_image":[{"width":1200,"height":630,"url":"https:\/\/kapitalis.com\/tunisie\/wp-content\/uploads\/2022\/05\/kapitalis-logo-fb.png","type":"image\/png"}],"author":"Cherif Benyounes","twitter_card":"summary_large_image","twitter_creator":"@KapitalisInfo","twitter_site":"@KapitalisInfo","twitter_misc":{"\u00c9crit par":"Cherif Benyounes","Dur\u00e9e de lecture estim\u00e9e":"1 minute"},"schema":{"@context":"https:\/\/schema.org","@graph":[{"@type":"Article","@id":"https:\/\/kapitalis.com\/tunisie\/2022\/04\/26\/ahmed-chaftar-nadia-akacha-voulait-peut-etre-lemprisonnement-de-tous-les-politiciens-actifs-avant-le-25-juillet\/#article","isPartOf":{"@id":"https:\/\/kapitalis.com\/tunisie\/2022\/04\/26\/ahmed-chaftar-nadia-akacha-voulait-peut-etre-lemprisonnement-de-tous-les-politiciens-actifs-avant-le-25-juillet\/"},"author":{"name":"Cherif Benyounes","@id":"https:\/\/kapitalis.com\/tunisie\/#\/schema\/person\/b35b8d631961131107263178aeb8019e"},"headline":"Ahmed Chaftar : \u00abNadia Akacha voulait peut-\u00eatre l&#8217;emprisonnement de tous les politiciens actifs avant le 25 juillet\u00bb","datePublished":"2022-04-26T12:12:59+00:00","dateModified":"2022-04-26T12:13:06+00:00","mainEntityOfPage":{"@id":"https:\/\/kapitalis.com\/tunisie\/2022\/04\/26\/ahmed-chaftar-nadia-akacha-voulait-peut-etre-lemprisonnement-de-tous-les-politiciens-actifs-avant-le-25-juillet\/"},"wordCount":246,"commentCount":4,"publisher":{"@id":"https:\/\/kapitalis.com\/tunisie\/#organization"},"image":{"@id":"https:\/\/kapitalis.com\/tunisie\/2022\/04\/26\/ahmed-chaftar-nadia-akacha-voulait-peut-etre-lemprisonnement-de-tous-les-politiciens-actifs-avant-le-25-juillet\/#primaryimage"},"thumbnailUrl":"","keywords":["25 juillet","Ahmed Chaftar","Ka\u00efs Sa\u00efed","Nadia Akacha","Taoufik Charfeddine"],"articleSection":["POLITIQUE","Tunisie"],"inLanguage":"fr-FR","potentialAction":[{"@type":"CommentAction","name":"Comment","target":["https:\/\/kapitalis.com\/tunisie\/2022\/04\/26\/ahmed-chaftar-nadia-akacha-voulait-peut-etre-lemprisonnement-de-tous-les-politiciens-actifs-avant-le-25-juillet\/#respond"]}]},{"@type":"WebPage","@id":"https:\/\/kapitalis.com\/tunisie\/2022\/04\/26\/ahmed-chaftar-nadia-akacha-voulait-peut-etre-lemprisonnement-de-tous-les-politiciens-actifs-avant-le-25-juillet\/","url":"https:\/\/kapitalis.com\/tunisie\/2022\/04\/26\/ahmed-chaftar-nadia-akacha-voulait-peut-etre-lemprisonnement-de-tous-les-politiciens-actifs-avant-le-25-juillet\/","name":"Ahmed Chaftar : \u00abNadia Akacha voulait peut-\u00eatre l'emprisonnement de tous les politiciens actifs avant le 25 juillet\u00bb - Kapitalis","isPartOf":{"@id":"https:\/\/kapitalis.com\/tunisie\/#website"},"primaryImageOfPage":{"@id":"https:\/\/kapitalis.com\/tunisie\/2022\/04\/26\/ahmed-chaftar-nadia-akacha-voulait-peut-etre-lemprisonnement-de-tous-les-politiciens-actifs-avant-le-25-juillet\/#primaryimage"},"image":{"@id":"https:\/\/kapitalis.com\/tunisie\/2022\/04\/26\/ahmed-chaftar-nadia-akacha-voulait-peut-etre-lemprisonnement-de-tous-les-politiciens-actifs-avant-le-25-juillet\/#primaryimage"},"thumbnailUrl":"","datePublished":"2022-04-26T12:12:59+00:00","dateModified":"2022-04-26T12:13:06+00:00","breadcrumb":{"@id":"https:\/\/kapitalis.com\/tunisie\/2022\/04\/26\/ahmed-chaftar-nadia-akacha-voulait-peut-etre-lemprisonnement-de-tous-les-politiciens-actifs-avant-le-25-juillet\/#breadcrumb"},"inLanguage":"fr-FR","potentialAction":[{"@type":"ReadAction","target":["https:\/\/kapitalis.com\/tunisie\/2022\/04\/26\/ahmed-chaftar-nadia-akacha-voulait-peut-etre-lemprisonnement-de-tous-les-politiciens-actifs-avant-le-25-juillet\/"]}]},{"@type":"ImageObject","inLanguage":"fr-FR","@id":"https:\/\/kapitalis.com\/tunisie\/2022\/04\/26\/ahmed-chaftar-nadia-akacha-voulait-peut-etre-lemprisonnement-de-tous-les-politiciens-actifs-avant-le-25-juillet\/#primaryimage","url":"","contentUrl":""},{"@type":"BreadcrumbList","@id":"https:\/\/kapitalis.com\/tunisie\/2022\/04\/26\/ahmed-chaftar-nadia-akacha-voulait-peut-etre-lemprisonnement-de-tous-les-politiciens-actifs-avant-le-25-juillet\/#breadcrumb","itemListElement":[{"@type":"ListItem","position":1,"name":"Accueil","item":"https:\/\/kapitalis.com\/tunisie\/"},{"@type":"ListItem","position":2,"name":"Ahmed Chaftar : \u00abNadia Akacha voulait peut-\u00eatre l&#8217;emprisonnement de tous les politiciens actifs avant le 25 juillet\u00bb"}]},{"@type":"WebSite","@id":"https:\/\/kapitalis.com\/tunisie\/#website","url":"https:\/\/kapitalis.com\/tunisie\/","name":"Kapitalis","description":"L&#039;actualit\u00e9 en Tunisie et dans le monde","publisher":{"@id":"https:\/\/kapitalis.com\/tunisie\/#organization"},"potentialAction":[{"@type":"SearchAction","target":{"@type":"EntryPoint","urlTemplate":"https:\/\/kapitalis.com\/tunisie\/?s={search_term_string}"},"query-input":{"@type":"PropertyValueSpecification","valueRequired":true,"valueName":"search_term_string"}}],"inLanguage":"fr-FR"},{"@type":"Organization","@id":"https:\/\/kapitalis.com\/tunisie\/#organization","name":"Kapitalis","url":"https:\/\/kapitalis.com\/tunisie\/","logo":{"@type":"ImageObject","inLanguage":"fr-FR","@id":"https:\/\/kapitalis.com\/tunisie\/#\/schema\/logo\/image\/","url":"https:\/\/kapitalis.com\/tunisie\/wp-content\/uploads\/2022\/05\/Kapitalis-big-size.png","contentUrl":"https:\/\/kapitalis.com\/tunisie\/wp-content\/uploads\/2022\/05\/Kapitalis-big-size.png","width":5000,"height":1500,"caption":"Kapitalis"},"image":{"@id":"https:\/\/kapitalis.com\/tunisie\/#\/schema\/logo\/image\/"},"sameAs":["https:\/\/www.facebook.com\/KapitalisInfo\/","https:\/\/x.com\/KapitalisInfo","https:\/\/www.youtube.com\/channel\/UC-yDYrHyfFBWWZaOw3FPg9Q"]},{"@type":"Person","@id":"https:\/\/kapitalis.com\/tunisie\/#\/schema\/person\/b35b8d631961131107263178aeb8019e","name":"Cherif Benyounes","url":"https:\/\/kapitalis.com\/tunisie\/author\/cherif\/"}]}},"_links":{"self":[{"href":"https:\/\/kapitalis.com\/tunisie\/wp-json\/wp\/v2\/posts\/388950","targetHints":{"allow":["GET"]}}],"collection":[{"href":"https:\/\/kapitalis.com\/tunisie\/wp-json\/wp\/v2\/posts"}],"about":[{"href":"https:\/\/kapitalis.com\/tunisie\/wp-json\/wp\/v2\/types\/post"}],"author":[{"embeddable":true,"href":"https:\/\/kapitalis.com\/tunisie\/wp-json\/wp\/v2\/users\/24"}],"replies":[{"embeddable":true,"href":"https:\/\/kapitalis.com\/tunisie\/wp-json\/wp\/v2\/comments?post=388950"}],"version-history":[{"count":0,"href":"https:\/\/kapitalis.com\/tunisie\/wp-json\/wp\/v2\/posts\/388950\/revisions"}],"wp:featuredmedia":[{"embeddable":true,"href":"https:\/\/kapitalis.com\/tunisie\/wp-json\/wp\/v2\/media\/388953"}],"wp:attachment":[{"href":"https:\/\/kapitalis.com\/tunisie\/wp-json\/wp\/v2\/media?parent=388950"}],"wp:term":[{"taxonomy":"category","embeddable":true,"href":"https:\/\/kapitalis.com\/tunisie\/wp-json\/wp\/v2\/categories?post=388950"},{"taxonomy":"post_tag","embeddable":true,"href":"https:\/\/kapitalis.com\/tunisie\/wp-json\/wp\/v2\/tags?post=388950"}],"curies":[{"name":"wp","href":"https:\/\/api.w.org\/{rel}","templated":true}]}}